{"id":196061,"date":"2025-01-23T17:01:46","date_gmt":"2025-01-23T20:01:46","guid":{"rendered":"https:\/\/aconteceunovale.com.br\/portal\/?p=196061"},"modified":"2025-01-23T17:02:35","modified_gmt":"2025-01-23T20:02:35","slug":"moc-volei-destina-parte-da-renda-de-jogo-contra-o-america-rn-para-apoiar-associacao-de-autismo","status":"publish","type":"post","link":"https:\/\/aconteceunovale.com.br\/portal\/?p=196061","title":{"rendered":"MOC V\u00f4lei destina parte da renda de jogo contra o Am\u00e9rica-RN para apoiar associa\u00e7\u00e3o de autismo"},"content":{"rendered":"\n<p class=\"wp-block-paragraph\">O Montes Claros V\u00f4lei enfrenta o Am\u00e9rica\/SSC-RN no pr\u00f3ximo s\u00e1bado (25), \u00e0s 19h30, no Gin\u00e1sio Tancredo Neves, pela s\u00e9tima rodada da Superliga B. Al\u00e9m de buscar a terceira vit\u00f3ria consecutiva na competi\u00e7\u00e3o, o clube promove uma a\u00e7\u00e3o solid\u00e1ria em prol da Associa\u00e7\u00e3o Norte-mineira de Apoio ao Autista (ANDA).<\/p>\n\n\n\n<p class=\"wp-block-paragraph\">Parte da renda arrecadada com a venda de ingressos ser\u00e1 destinada \u00e0 reforma do espa\u00e7o da ANDA, que oferece terapias e tratamentos para crian\u00e7as e adolescentes com Transtorno do Espectro Autista (TEA), al\u00e9m de promover troca de experi\u00eancias entre profissionais e fam\u00edlias.<\/p>\n\n\n\n<p class=\"wp-block-paragraph\"><strong>Ingressos e entrada gratuita<\/strong><\/p>\n\n\n\n<p class=\"wp-block-paragraph\">Os ingressos custam R$ 10 (inteira) e R$ 5 (meia-entrada) e podem ser adquiridos <a href=\"https:\/\/www.sympla.com.br\/evento\/montes-claros-vOlei-x-amErica---rn---superliga-masculina\/2802765\" target=\"_blank\" rel=\"noreferrer noopener\"><strong>pelo Sympla<\/strong><\/a> ou em pontos de venda f\u00edsicos, como as Lojas Big Boss no Montes Claros Shopping, Ibituruna Shopping e Rua S\u00e3o Francisco, no Centro.<\/p>\n\n\n\n<p class=\"wp-block-paragraph\">Menores de 14 anos acompanhados de pais ou respons\u00e1veis, estudantes de escolas p\u00fablicas uniformizados com seus professores ou pais, e servidores p\u00fablicos municipais que apresentarem o \u00faltimo contracheque ter\u00e3o entrada gratuita no evento.<\/p>\n\n\n\n<p class=\"wp-block-paragraph\"><strong>Prepara\u00e7\u00e3o para o confronto<\/strong><\/p>\n\n\n\n<p class=\"wp-block-paragraph\">Com duas vit\u00f3rias seguidas, o MOC V\u00f4lei busca manter o bom desempenho na competi\u00e7\u00e3o. O t\u00e9cnico Talmo Oliveira destacou a evolu\u00e7\u00e3o da equipe e a necessidade de aten\u00e7\u00e3o contra o Am\u00e9rica-RN.<\/p>\n\n\n\n<p class=\"wp-block-paragraph\">\u201cO Am\u00e9rica tem feito bons jogos, mesmo com derrotas. O time vem crescendo, mostrando for\u00e7a individual e coletiva. Estamos focados em fazer o nosso melhor e neutralizar os pontos fortes do advers\u00e1rio\u201d, afirmou.<\/p>\n","protected":false},"excerpt":{"rendered":"<p>O Montes Claros V\u00f4lei enfrenta o Am\u00e9rica\/SSC-RN no pr\u00f3ximo s\u00e1bado (25), \u00e0s 19h30, no Gin\u00e1sio Tancredo Neves, pela s\u00e9tima rodada da Superliga B. Al\u00e9m de buscar a terceira vit\u00f3ria consecutiva na competi\u00e7\u00e3o, o clube promove uma a\u00e7\u00e3o solid\u00e1ria em prol da Associa\u00e7\u00e3o Norte-mineira de Apoio ao Autista (ANDA). Parte da renda arrecadada com a venda [&hellip;]<\/p>\n","protected":false},"author":4,"featured_media":196062,"comment_status":"open","ping_status":"closed","sticky":false,"template":"","format":"standard","meta":{"amp_status":"","footnotes":""},"categories":[59,125,1236],"tags":[243171,36307,270345,269530,270343,270344,210,269529,132810],"class_list":["post-196061","post","type-post","status-publish","format-standard","has-post-thumbnail","hentry","category-esportes","category-noticias","category-norte_de_minas","tag-america-rn","tag-anda","tag-associacao-norte-mineira-de-apoio-ao-autista","tag-moc-volei","tag-moc-volei-destina-parte-da-renda-de-jogo-contra-o-america-rn-para-apoiar-associacao-de-autismo","tag-moc-volei-x-america-rn","tag-montes-claros","tag-superliga-b","tag-volei-montes-claros"],"yoast_head":"<!-- This site is optimized with the Yoast SEO plugin v28.3 - https:\/\/yoast.com\/product\/yoast-seo-wordpress\/ -->\n<title>MOC V\u00f4lei destina parte da renda de jogo contra o Am\u00e9rica-RN para apoiar associa\u00e7\u00e3o de autismo - Aconteceu no Vale<\/title>\n<meta name=\"robots\" content=\"index, follow, max-snippet:-1, max-image-preview:large, max-video-preview:-1\" \/>\n<link rel=\"canonical\" href=\"https:\/\/aconteceunovale.com.br\/portal\/?p=196061\" \/>\n<meta property=\"og:locale\" content=\"pt_BR\" \/>\n<meta property=\"og:type\" content=\"article\" \/>\n<meta property=\"og:title\" content=\"MOC V\u00f4lei destina parte da renda de jogo contra o Am\u00e9rica-RN para apoiar associa\u00e7\u00e3o de autismo - Aconteceu no Vale\" \/>\n<meta property=\"og:description\" content=\"O Montes Claros V\u00f4lei enfrenta o Am\u00e9rica\/SSC-RN no pr\u00f3ximo s\u00e1bado (25), \u00e0s 19h30, no Gin\u00e1sio Tancredo Neves, pela s\u00e9tima rodada da Superliga B. Al\u00e9m de buscar a terceira vit\u00f3ria consecutiva na competi\u00e7\u00e3o, o clube promove uma a\u00e7\u00e3o solid\u00e1ria em prol da Associa\u00e7\u00e3o Norte-mineira de Apoio ao Autista (ANDA). Parte da renda arrecadada com a venda [&hellip;]\" \/>\n<meta property=\"og:url\" content=\"https:\/\/aconteceunovale.com.br\/portal\/?p=196061\" \/>\n<meta property=\"og:site_name\" content=\"Aconteceu no Vale\" \/>\n<meta property=\"article:publisher\" content=\"https:\/\/www.facebook.com\/aconteceunovale\/\" \/>\n<meta property=\"article:published_time\" content=\"2025-01-23T20:01:46+00:00\" \/>\n<meta property=\"article:modified_time\" content=\"2025-01-23T20:02:35+00:00\" \/>\n<meta property=\"og:image\" content=\"https:\/\/aconteceunovale.com.br\/portal\/wp-content\/uploads\/2025\/01\/moc_volei_anda.png\" \/>\n\t<meta property=\"og:image:width\" content=\"678\" \/>\n\t<meta property=\"og:image:height\" content=\"352\" \/>\n\t<meta property=\"og:image:type\" content=\"image\/png\" \/>\n<meta name=\"author\" content=\"Reda\u00e7\u00e3o Aconteceu no Vale\" \/>\n<meta name=\"twitter:card\" content=\"summary_large_image\" \/>\n<meta name=\"twitter:creator\" content=\"@noticiadosvales\" \/>\n<meta name=\"twitter:site\" content=\"@noticiadosvales\" \/>\n<meta name=\"twitter:label1\" content=\"Escrito por\" \/>\n\t<meta name=\"twitter:data1\" content=\"Reda\u00e7\u00e3o Aconteceu no Vale\" \/>\n\t<meta name=\"twitter:label2\" content=\"Est. tempo de leitura\" \/>\n\t<meta name=\"twitter:data2\" content=\"1 minuto\" \/>\n<script type=\"application\/ld+json\" class=\"yoast-schema-graph\">{\"@context\":\"https:\\\/\\\/schema.org\",\"@graph\":[{\"@type\":\"Article\",\"@id\":\"https:\\\/\\\/aconteceunovale.com.br\\\/portal\\\/?p=196061#article\",\"isPartOf\":{\"@id\":\"https:\\\/\\\/aconteceunovale.com.br\\\/portal\\\/?p=196061\"},\"author\":{\"name\":\"Reda\u00e7\u00e3o Aconteceu no Vale\",\"@id\":\"https:\\\/\\\/aconteceunovale.com.br\\\/portal\\\/#\\\/schema\\\/person\\\/7d2f26d1483f8a63de73da1ee0754d35\"},\"headline\":\"MOC V\u00f4lei destina parte da renda de jogo contra o Am\u00e9rica-RN para apoiar associa\u00e7\u00e3o de autismo\",\"datePublished\":\"2025-01-23T20:01:46+00:00\",\"dateModified\":\"2025-01-23T20:02:35+00:00\",\"mainEntityOfPage\":{\"@id\":\"https:\\\/\\\/aconteceunovale.com.br\\\/portal\\\/?p=196061\"},\"wordCount\":283,\"commentCount\":0,\"image\":{\"@id\":\"https:\\\/\\\/aconteceunovale.com.br\\\/portal\\\/?p=196061#primaryimage\"},\"thumbnailUrl\":\"https:\\\/\\\/aconteceunovale.com.br\\\/portal\\\/wp-content\\\/uploads\\\/2025\\\/01\\\/moc_volei_anda.png\",\"keywords\":[\"Am\u00e9rica-RN\",\"ANDA\",\"Associa\u00e7\u00e3o Norte-mineira de Apoio ao Autista\",\"MOC V\u00f4lei\",\"MOC V\u00f4lei destina parte da renda de jogo contra o Am\u00e9rica-RN para apoiar associa\u00e7\u00e3o de autismo\",\"MOC V\u00f4lei x Am\u00e9rica-RN\",\"Montes Claros\",\"Superliga B\",\"V\u00f4lei Montes Claros\"],\"articleSection\":[\"Esportes\",\"Eventos\",\"Norte de Minas\"],\"inLanguage\":\"pt-BR\",\"potentialAction\":[{\"@type\":\"CommentAction\",\"name\":\"Comment\",\"target\":[\"https:\\\/\\\/aconteceunovale.com.br\\\/portal\\\/?p=196061#respond\"]}]},{\"@type\":\"WebPage\",\"@id\":\"https:\\\/\\\/aconteceunovale.com.br\\\/portal\\\/?p=196061\",\"url\":\"https:\\\/\\\/aconteceunovale.com.br\\\/portal\\\/?p=196061\",\"name\":\"MOC V\u00f4lei destina parte da renda de jogo contra o Am\u00e9rica-RN para apoiar associa\u00e7\u00e3o de autismo - Aconteceu no Vale\",\"isPartOf\":{\"@id\":\"https:\\\/\\\/aconteceunovale.com.br\\\/portal\\\/#website\"},\"primaryImageOfPage\":{\"@id\":\"https:\\\/\\\/aconteceunovale.com.br\\\/portal\\\/?p=196061#primaryimage\"},\"image\":{\"@id\":\"https:\\\/\\\/aconteceunovale.com.br\\\/portal\\\/?p=196061#primaryimage\"},\"thumbnailUrl\":\"https:\\\/\\\/aconteceunovale.com.br\\\/portal\\\/wp-content\\\/uploads\\\/2025\\\/01\\\/moc_volei_anda.png\",\"datePublished\":\"2025-01-23T20:01:46+00:00\",\"dateModified\":\"2025-01-23T20:02:35+00:00\",\"author\":{\"@id\":\"https:\\\/\\\/aconteceunovale.com.br\\\/portal\\\/#\\\/schema\\\/person\\\/7d2f26d1483f8a63de73da1ee0754d35\"},\"breadcrumb\":{\"@id\":\"https:\\\/\\\/aconteceunovale.com.br\\\/portal\\\/?p=196061#breadcrumb\"},\"inLanguage\":\"pt-BR\",\"potentialAction\":[{\"@type\":\"ReadAction\",\"target\":[\"https:\\\/\\\/aconteceunovale.com.br\\\/portal\\\/?p=196061\"]}]},{\"@type\":\"ImageObject\",\"inLanguage\":\"pt-BR\",\"@id\":\"https:\\\/\\\/aconteceunovale.com.br\\\/portal\\\/?p=196061#primaryimage\",\"url\":\"https:\\\/\\\/aconteceunovale.com.br\\\/portal\\\/wp-content\\\/uploads\\\/2025\\\/01\\\/moc_volei_anda.png\",\"contentUrl\":\"https:\\\/\\\/aconteceunovale.com.br\\\/portal\\\/wp-content\\\/uploads\\\/2025\\\/01\\\/moc_volei_anda.png\",\"width\":678,\"height\":352},{\"@type\":\"BreadcrumbList\",\"@id\":\"https:\\\/\\\/aconteceunovale.com.br\\\/portal\\\/?p=196061#breadcrumb\",\"itemListElement\":[{\"@type\":\"ListItem\",\"position\":1,\"name\":\"In\u00edcio\",\"item\":\"https:\\\/\\\/aconteceunovale.com.br\\\/portal\\\/\"},{\"@type\":\"ListItem\",\"position\":2,\"name\":\"MOC V\u00f4lei destina parte da renda de jogo contra o Am\u00e9rica-RN para apoiar associa\u00e7\u00e3o de autismo\"}]},{\"@type\":\"WebSite\",\"@id\":\"https:\\\/\\\/aconteceunovale.com.br\\\/portal\\\/#website\",\"url\":\"https:\\\/\\\/aconteceunovale.com.br\\\/portal\\\/\",\"name\":\"Aconteceu no Vale\",\"description\":\"Portal de Not\u00edcias\",\"potentialAction\":[{\"@type\":\"SearchAction\",\"target\":{\"@type\":\"EntryPoint\",\"urlTemplate\":\"https:\\\/\\\/aconteceunovale.com.br\\\/portal\\\/?s={search_term_string}\"},\"query-input\":{\"@type\":\"PropertyValueSpecification\",\"valueRequired\":true,\"valueName\":\"search_term_string\"}}],\"inLanguage\":\"pt-BR\"},{\"@type\":\"Person\",\"@id\":\"https:\\\/\\\/aconteceunovale.com.br\\\/portal\\\/#\\\/schema\\\/person\\\/7d2f26d1483f8a63de73da1ee0754d35\",\"name\":\"Reda\u00e7\u00e3o Aconteceu no Vale\",\"description\":\"Equipe de reportagem do Aconteceu no Vale, portal de not\u00edcias do Vale do Jequitinhonha, em Minas Gerais. Cobrimos as 51 cidades do Vale desde 2013. Sugest\u00f5es de pauta e pedidos de corre\u00e7\u00e3o: contato@aconteceunovale.com.br\",\"url\":\"https:\\\/\\\/aconteceunovale.com.br\\\/portal\\\/?author=4\"}]}<\/script>\n<!-- \/ Yoast SEO plugin. -->","yoast_head_json":{"title":"MOC V\u00f4lei destina parte da renda de jogo contra o Am\u00e9rica-RN para apoiar associa\u00e7\u00e3o de autismo - Aconteceu no Vale","robots":{"index":"index","follow":"follow","max-snippet":"max-snippet:-1","max-image-preview":"max-image-preview:large","max-video-preview":"max-video-preview:-1"},"canonical":"https:\/\/aconteceunovale.com.br\/portal\/?p=196061","og_locale":"pt_BR","og_type":"article","og_title":"MOC V\u00f4lei destina parte da renda de jogo contra o Am\u00e9rica-RN para apoiar associa\u00e7\u00e3o de autismo - Aconteceu no Vale","og_description":"O Montes Claros V\u00f4lei enfrenta o Am\u00e9rica\/SSC-RN no pr\u00f3ximo s\u00e1bado (25), \u00e0s 19h30, no Gin\u00e1sio Tancredo Neves, pela s\u00e9tima rodada da Superliga B. Al\u00e9m de buscar a terceira vit\u00f3ria consecutiva na competi\u00e7\u00e3o, o clube promove uma a\u00e7\u00e3o solid\u00e1ria em prol da Associa\u00e7\u00e3o Norte-mineira de Apoio ao Autista (ANDA). Parte da renda arrecadada com a venda [&hellip;]","og_url":"https:\/\/aconteceunovale.com.br\/portal\/?p=196061","og_site_name":"Aconteceu no Vale","article_publisher":"https:\/\/www.facebook.com\/aconteceunovale\/","article_published_time":"2025-01-23T20:01:46+00:00","article_modified_time":"2025-01-23T20:02:35+00:00","og_image":[{"width":678,"height":352,"url":"https:\/\/aconteceunovale.com.br\/portal\/wp-content\/uploads\/2025\/01\/moc_volei_anda.png","type":"image\/png"}],"author":"Reda\u00e7\u00e3o Aconteceu no Vale","twitter_card":"summary_large_image","twitter_creator":"@noticiadosvales","twitter_site":"@noticiadosvales","twitter_misc":{"Escrito por":"Reda\u00e7\u00e3o Aconteceu no Vale","Est. tempo de leitura":"1 minuto"},"schema":{"@context":"https:\/\/schema.org","@graph":[{"@type":"Article","@id":"https:\/\/aconteceunovale.com.br\/portal\/?p=196061#article","isPartOf":{"@id":"https:\/\/aconteceunovale.com.br\/portal\/?p=196061"},"author":{"name":"Reda\u00e7\u00e3o Aconteceu no Vale","@id":"https:\/\/aconteceunovale.com.br\/portal\/#\/schema\/person\/7d2f26d1483f8a63de73da1ee0754d35"},"headline":"MOC V\u00f4lei destina parte da renda de jogo contra o Am\u00e9rica-RN para apoiar associa\u00e7\u00e3o de autismo","datePublished":"2025-01-23T20:01:46+00:00","dateModified":"2025-01-23T20:02:35+00:00","mainEntityOfPage":{"@id":"https:\/\/aconteceunovale.com.br\/portal\/?p=196061"},"wordCount":283,"commentCount":0,"image":{"@id":"https:\/\/aconteceunovale.com.br\/portal\/?p=196061#primaryimage"},"thumbnailUrl":"https:\/\/aconteceunovale.com.br\/portal\/wp-content\/uploads\/2025\/01\/moc_volei_anda.png","keywords":["Am\u00e9rica-RN","ANDA","Associa\u00e7\u00e3o Norte-mineira de Apoio ao Autista","MOC V\u00f4lei","MOC V\u00f4lei destina parte da renda de jogo contra o Am\u00e9rica-RN para apoiar associa\u00e7\u00e3o de autismo","MOC V\u00f4lei x Am\u00e9rica-RN","Montes Claros","Superliga B","V\u00f4lei Montes Claros"],"articleSection":["Esportes","Eventos","Norte de Minas"],"inLanguage":"pt-BR","potentialAction":[{"@type":"CommentAction","name":"Comment","target":["https:\/\/aconteceunovale.com.br\/portal\/?p=196061#respond"]}]},{"@type":"WebPage","@id":"https:\/\/aconteceunovale.com.br\/portal\/?p=196061","url":"https:\/\/aconteceunovale.com.br\/portal\/?p=196061","name":"MOC V\u00f4lei destina parte da renda de jogo contra o Am\u00e9rica-RN para apoiar associa\u00e7\u00e3o de autismo - Aconteceu no Vale","isPartOf":{"@id":"https:\/\/aconteceunovale.com.br\/portal\/#website"},"primaryImageOfPage":{"@id":"https:\/\/aconteceunovale.com.br\/portal\/?p=196061#primaryimage"},"image":{"@id":"https:\/\/aconteceunovale.com.br\/portal\/?p=196061#primaryimage"},"thumbnailUrl":"https:\/\/aconteceunovale.com.br\/portal\/wp-content\/uploads\/2025\/01\/moc_volei_anda.png","datePublished":"2025-01-23T20:01:46+00:00","dateModified":"2025-01-23T20:02:35+00:00","author":{"@id":"https:\/\/aconteceunovale.com.br\/portal\/#\/schema\/person\/7d2f26d1483f8a63de73da1ee0754d35"},"breadcrumb":{"@id":"https:\/\/aconteceunovale.com.br\/portal\/?p=196061#breadcrumb"},"inLanguage":"pt-BR","potentialAction":[{"@type":"ReadAction","target":["https:\/\/aconteceunovale.com.br\/portal\/?p=196061"]}]},{"@type":"ImageObject","inLanguage":"pt-BR","@id":"https:\/\/aconteceunovale.com.br\/portal\/?p=196061#primaryimage","url":"https:\/\/aconteceunovale.com.br\/portal\/wp-content\/uploads\/2025\/01\/moc_volei_anda.png","contentUrl":"https:\/\/aconteceunovale.com.br\/portal\/wp-content\/uploads\/2025\/01\/moc_volei_anda.png","width":678,"height":352},{"@type":"BreadcrumbList","@id":"https:\/\/aconteceunovale.com.br\/portal\/?p=196061#breadcrumb","itemListElement":[{"@type":"ListItem","position":1,"name":"In\u00edcio","item":"https:\/\/aconteceunovale.com.br\/portal\/"},{"@type":"ListItem","position":2,"name":"MOC V\u00f4lei destina parte da renda de jogo contra o Am\u00e9rica-RN para apoiar associa\u00e7\u00e3o de autismo"}]},{"@type":"WebSite","@id":"https:\/\/aconteceunovale.com.br\/portal\/#website","url":"https:\/\/aconteceunovale.com.br\/portal\/","name":"Aconteceu no Vale","description":"Portal de Not\u00edcias","potentialAction":[{"@type":"SearchAction","target":{"@type":"EntryPoint","urlTemplate":"https:\/\/aconteceunovale.com.br\/portal\/?s={search_term_string}"},"query-input":{"@type":"PropertyValueSpecification","valueRequired":true,"valueName":"search_term_string"}}],"inLanguage":"pt-BR"},{"@type":"Person","@id":"https:\/\/aconteceunovale.com.br\/portal\/#\/schema\/person\/7d2f26d1483f8a63de73da1ee0754d35","name":"Reda\u00e7\u00e3o Aconteceu no Vale","description":"Equipe de reportagem do Aconteceu no Vale, portal de not\u00edcias do Vale do Jequitinhonha, em Minas Gerais. Cobrimos as 51 cidades do Vale desde 2013. Sugest\u00f5es de pauta e pedidos de corre\u00e7\u00e3o: contato@aconteceunovale.com.br","url":"https:\/\/aconteceunovale.com.br\/portal\/?author=4"}]}},"_links":{"self":[{"href":"https:\/\/aconteceunovale.com.br\/portal\/index.php?rest_route=\/wp\/v2\/posts\/196061","targetHints":{"allow":["GET"]}}],"collection":[{"href":"https:\/\/aconteceunovale.com.br\/portal\/index.php?rest_route=\/wp\/v2\/posts"}],"about":[{"href":"https:\/\/aconteceunovale.com.br\/portal\/index.php?rest_route=\/wp\/v2\/types\/post"}],"author":[{"embeddable":true,"href":"https:\/\/aconteceunovale.com.br\/portal\/index.php?rest_route=\/wp\/v2\/users\/4"}],"replies":[{"embeddable":true,"href":"https:\/\/aconteceunovale.com.br\/portal\/index.php?rest_route=%2Fwp%2Fv2%2Fcomments&post=196061"}],"version-history":[{"count":1,"href":"https:\/\/aconteceunovale.com.br\/portal\/index.php?rest_route=\/wp\/v2\/posts\/196061\/revisions"}],"predecessor-version":[{"id":196063,"href":"https:\/\/aconteceunovale.com.br\/portal\/index.php?rest_route=\/wp\/v2\/posts\/196061\/revisions\/196063"}],"wp:featuredmedia":[{"embeddable":true,"href":"https:\/\/aconteceunovale.com.br\/portal\/index.php?rest_route=\/wp\/v2\/media\/196062"}],"wp:attachment":[{"href":"https:\/\/aconteceunovale.com.br\/portal\/index.php?rest_route=%2Fwp%2Fv2%2Fmedia&parent=196061"}],"wp:term":[{"taxonomy":"category","embeddable":true,"href":"https:\/\/aconteceunovale.com.br\/portal\/index.php?rest_route=%2Fwp%2Fv2%2Fcategories&post=196061"},{"taxonomy":"post_tag","embeddable":true,"href":"https:\/\/aconteceunovale.com.br\/portal\/index.php?rest_route=%2Fwp%2Fv2%2Ftags&post=196061"}],"curies":[{"name":"wp","href":"https:\/\/api.w.org\/{rel}","templated":true}]}}