{"id":196058,"date":"2025-01-23T15:18:57","date_gmt":"2025-01-23T18:18:57","guid":{"rendered":"https:\/\/aconteceunovale.com.br\/portal\/?p=196058"},"modified":"2025-01-23T15:19:23","modified_gmt":"2025-01-23T18:19:23","slug":"tres-pessoas-sao-detidas-por-trafico-de-drogas-e-tortura-em-nova-serrana","status":"publish","type":"post","link":"https:\/\/aconteceunovale.com.br\/portal\/?p=196058","title":{"rendered":"Tr\u00eas pessoas s\u00e3o detidas por tr\u00e1fico de drogas e tortura em Nova Serrana"},"content":{"rendered":"\n<p class=\"wp-block-paragraph\">Na manh\u00e3 desta quarta-feira (22\/1\/2025), a Pol\u00edcia Militar de Minas Gerais (PMMG), por meio do 60\u00ba Batalh\u00e3o, prendeu dois homens, de 19 e 20 anos, e apreendeu um adolescente de 16 anos em Nova Serrana, no Centro-Oeste de Minas Gerais. Os suspeitos foram autuados pelos crimes de tr\u00e1fico de drogas e tortura, ap\u00f3s uma opera\u00e7\u00e3o nos bairros Santo Ant\u00f4nio e Planalto.<\/p>\n\n\n\n<figure class=\"wp-block-gallery has-nested-images columns-default is-cropped wp-block-gallery-1 is-layout-flex wp-block-gallery-is-layout-flex\">\n<figure class=\"wp-block-image size-large\"><img loading=\"lazy\" decoding=\"async\" width=\"646\" height=\"364\" data-id=\"196059\" src=\"https:\/\/aconteceunovale.com.br\/portal\/wp-content\/uploads\/2025\/01\/presos_nova_serrana.png\" alt=\"\" class=\"wp-image-196059\" srcset=\"https:\/\/aconteceunovale.com.br\/portal\/wp-content\/uploads\/2025\/01\/presos_nova_serrana.png 646w, https:\/\/aconteceunovale.com.br\/portal\/wp-content\/uploads\/2025\/01\/presos_nova_serrana-300x169.png 300w\" sizes=\"auto, (max-width: 646px) 100vw, 646px\" \/><figcaption class=\"wp-element-caption\"><em>Foto: Divulga\u00e7\u00e3o \/ PMMG<\/em><\/figcaption><\/figure>\n<\/figure>\n\n\n\n<p class=\"wp-block-paragraph\">A a\u00e7\u00e3o foi desencadeada a partir de uma den\u00fancia de agress\u00e3o. No local indicado, os policiais encontraram a v\u00edtima, um homem de 21 anos, com ferimentos graves. Ele relatou ter sido sequestrado e agredido por traficantes, que o acusavam de repassar informa\u00e7\u00f5es para grupos rivais.<\/p>\n\n\n\n<p class=\"wp-block-paragraph\"><strong>Apreens\u00f5es durante a opera\u00e7\u00e3o<\/strong><\/p>\n\n\n\n<p class=\"wp-block-paragraph\">Durante as buscas, a pol\u00edcia localizou e apreendeu:<\/p>\n\n\n\n<ul class=\"wp-block-list\">\n<li>38 buchas e 8 tabletes de maconha;<\/li>\n\n\n\n<li>16 pinos de coca\u00edna;<\/li>\n\n\n\n<li>56 pedras de crack;<\/li>\n\n\n\n<li>Um rev\u00f3lver calibre .38 com muni\u00e7\u00f5es intactas;<\/li>\n\n\n\n<li>Uma r\u00e9plica de pistola;<\/li>\n\n\n\n<li>Dois r\u00e1dios comunicadores;<\/li>\n\n\n\n<li>Um aparelho de choque el\u00e9trico;<\/li>\n\n\n\n<li>Um par de algemas;<\/li>\n\n\n\n<li>R$ 2.172,50 em dinheiro.<\/li>\n<\/ul>\n\n\n\n<p class=\"wp-block-paragraph\">Os materiais foram encontrados em uma resid\u00eancia no bairro Planalto, apontada como ponto de tr\u00e1fico de drogas.<\/p>\n\n\n\n<p class=\"wp-block-paragraph\"><strong>Investiga\u00e7\u00f5es e desdobramentos<\/strong><\/p>\n\n\n\n<p class=\"wp-block-paragraph\">A opera\u00e7\u00e3o resultou na pris\u00e3o dos dois homens e na apreens\u00e3o do adolescente, que foram encaminhados \u00e0 delegacia, junto aos materiais apreendidos. A v\u00edtima foi socorrida e encaminhada para atendimento m\u00e9dico.<\/p>\n","protected":false},"excerpt":{"rendered":"<p>Na manh\u00e3 desta quarta-feira (22\/1\/2025), a Pol\u00edcia Militar de Minas Gerais (PMMG), por meio do 60\u00ba Batalh\u00e3o, prendeu dois homens, de 19 e 20 anos, e apreendeu um adolescente de 16 anos em Nova Serrana, no Centro-Oeste de Minas Gerais. Os suspeitos foram autuados pelos crimes de tr\u00e1fico de drogas e tortura, ap\u00f3s uma opera\u00e7\u00e3o [&hellip;]<\/p>\n","protected":false},"author":4,"featured_media":196059,"comment_status":"open","ping_status":"closed","sticky":false,"template":"","format":"standard","meta":{"amp_status":"","footnotes":""},"categories":[123],"tags":[1515,270339,270340,270341,270342,270338],"class_list":["post-196058","post","type-post","status-publish","format-standard","has-post-thumbnail","hentry","category-gerais","tag-nova-serrana","tag-operacao-contra-o-trafico-em-nova-serrana","tag-presos-em-nova-serrana","tag-presos-por-tortura-em-nova-serrana","tag-traficantes-presos-em-nova-serrana","tag-tres-pessoas-sao-detidas-por-trafico-de-drogas-e-tortura-em-nova-serrana"],"yoast_head":"<!-- This site is optimized with the Yoast SEO plugin v28.3 - https:\/\/yoast.com\/product\/yoast-seo-wordpress\/ -->\n<title>Tr\u00eas pessoas s\u00e3o detidas por tr\u00e1fico de drogas e tortura em Nova Serrana - Aconteceu no Vale<\/title>\n<meta name=\"robots\" content=\"index, follow, max-snippet:-1, max-image-preview:large, max-video-preview:-1\" \/>\n<link rel=\"canonical\" href=\"https:\/\/aconteceunovale.com.br\/portal\/?p=196058\" \/>\n<meta property=\"og:locale\" content=\"pt_BR\" \/>\n<meta property=\"og:type\" content=\"article\" \/>\n<meta property=\"og:title\" content=\"Tr\u00eas pessoas s\u00e3o detidas por tr\u00e1fico de drogas e tortura em Nova Serrana - Aconteceu no Vale\" \/>\n<meta property=\"og:description\" content=\"Na manh\u00e3 desta quarta-feira (22\/1\/2025), a Pol\u00edcia Militar de Minas Gerais (PMMG), por meio do 60\u00ba Batalh\u00e3o, prendeu dois homens, de 19 e 20 anos, e apreendeu um adolescente de 16 anos em Nova Serrana, no Centro-Oeste de Minas Gerais. Os suspeitos foram autuados pelos crimes de tr\u00e1fico de drogas e tortura, ap\u00f3s uma opera\u00e7\u00e3o [&hellip;]\" \/>\n<meta property=\"og:url\" content=\"https:\/\/aconteceunovale.com.br\/portal\/?p=196058\" \/>\n<meta property=\"og:site_name\" content=\"Aconteceu no Vale\" \/>\n<meta property=\"article:publisher\" content=\"https:\/\/www.facebook.com\/aconteceunovale\/\" \/>\n<meta property=\"article:published_time\" content=\"2025-01-23T18:18:57+00:00\" \/>\n<meta property=\"article:modified_time\" content=\"2025-01-23T18:19:23+00:00\" \/>\n<meta property=\"og:image\" content=\"https:\/\/aconteceunovale.com.br\/portal\/wp-content\/uploads\/2025\/01\/presos_nova_serrana.png\" \/>\n\t<meta property=\"og:image:width\" content=\"646\" \/>\n\t<meta property=\"og:image:height\" content=\"364\" \/>\n\t<meta property=\"og:image:type\" content=\"image\/png\" \/>\n<meta name=\"author\" content=\"Reda\u00e7\u00e3o Aconteceu no Vale\" \/>\n<meta name=\"twitter:card\" content=\"summary_large_image\" \/>\n<meta name=\"twitter:creator\" content=\"@noticiadosvales\" \/>\n<meta name=\"twitter:site\" content=\"@noticiadosvales\" \/>\n<meta name=\"twitter:label1\" content=\"Escrito por\" \/>\n\t<meta name=\"twitter:data1\" content=\"Reda\u00e7\u00e3o Aconteceu no Vale\" \/>\n\t<meta name=\"twitter:label2\" content=\"Est. tempo de leitura\" \/>\n\t<meta name=\"twitter:data2\" content=\"1 minuto\" \/>\n<script type=\"application\/ld+json\" class=\"yoast-schema-graph\">{\"@context\":\"https:\\\/\\\/schema.org\",\"@graph\":[{\"@type\":\"Article\",\"@id\":\"https:\\\/\\\/aconteceunovale.com.br\\\/portal\\\/?p=196058#article\",\"isPartOf\":{\"@id\":\"https:\\\/\\\/aconteceunovale.com.br\\\/portal\\\/?p=196058\"},\"author\":{\"name\":\"Reda\u00e7\u00e3o Aconteceu no Vale\",\"@id\":\"https:\\\/\\\/aconteceunovale.com.br\\\/portal\\\/#\\\/schema\\\/person\\\/7d2f26d1483f8a63de73da1ee0754d35\"},\"headline\":\"Tr\u00eas pessoas s\u00e3o detidas por tr\u00e1fico de drogas e tortura em Nova Serrana\",\"datePublished\":\"2025-01-23T18:18:57+00:00\",\"dateModified\":\"2025-01-23T18:19:23+00:00\",\"mainEntityOfPage\":{\"@id\":\"https:\\\/\\\/aconteceunovale.com.br\\\/portal\\\/?p=196058\"},\"wordCount\":246,\"commentCount\":0,\"image\":{\"@id\":\"https:\\\/\\\/aconteceunovale.com.br\\\/portal\\\/?p=196058#primaryimage\"},\"thumbnailUrl\":\"https:\\\/\\\/aconteceunovale.com.br\\\/portal\\\/wp-content\\\/uploads\\\/2025\\\/01\\\/presos_nova_serrana.png\",\"keywords\":[\"Nova Serrana\",\"Opera\u00e7\u00e3o contra o tr\u00e1fico em Nova Serrana\",\"Presos em Nova Serrana\",\"Presos por tortura em Nova Serrana\",\"Traficantes presos em Nova Serrana\",\"Tr\u00eas pessoas s\u00e3o detidas por tr\u00e1fico de drogas e tortura em Nova Serrana\"],\"articleSection\":[\"Minas Gerais\"],\"inLanguage\":\"pt-BR\",\"potentialAction\":[{\"@type\":\"CommentAction\",\"name\":\"Comment\",\"target\":[\"https:\\\/\\\/aconteceunovale.com.br\\\/portal\\\/?p=196058#respond\"]}]},{\"@type\":\"WebPage\",\"@id\":\"https:\\\/\\\/aconteceunovale.com.br\\\/portal\\\/?p=196058\",\"url\":\"https:\\\/\\\/aconteceunovale.com.br\\\/portal\\\/?p=196058\",\"name\":\"Tr\u00eas pessoas s\u00e3o detidas por tr\u00e1fico de drogas e tortura em Nova Serrana - Aconteceu no Vale\",\"isPartOf\":{\"@id\":\"https:\\\/\\\/aconteceunovale.com.br\\\/portal\\\/#website\"},\"primaryImageOfPage\":{\"@id\":\"https:\\\/\\\/aconteceunovale.com.br\\\/portal\\\/?p=196058#primaryimage\"},\"image\":{\"@id\":\"https:\\\/\\\/aconteceunovale.com.br\\\/portal\\\/?p=196058#primaryimage\"},\"thumbnailUrl\":\"https:\\\/\\\/aconteceunovale.com.br\\\/portal\\\/wp-content\\\/uploads\\\/2025\\\/01\\\/presos_nova_serrana.png\",\"datePublished\":\"2025-01-23T18:18:57+00:00\",\"dateModified\":\"2025-01-23T18:19:23+00:00\",\"author\":{\"@id\":\"https:\\\/\\\/aconteceunovale.com.br\\\/portal\\\/#\\\/schema\\\/person\\\/7d2f26d1483f8a63de73da1ee0754d35\"},\"breadcrumb\":{\"@id\":\"https:\\\/\\\/aconteceunovale.com.br\\\/portal\\\/?p=196058#breadcrumb\"},\"inLanguage\":\"pt-BR\",\"potentialAction\":[{\"@type\":\"ReadAction\",\"target\":[\"https:\\\/\\\/aconteceunovale.com.br\\\/portal\\\/?p=196058\"]}]},{\"@type\":\"ImageObject\",\"inLanguage\":\"pt-BR\",\"@id\":\"https:\\\/\\\/aconteceunovale.com.br\\\/portal\\\/?p=196058#primaryimage\",\"url\":\"https:\\\/\\\/aconteceunovale.com.br\\\/portal\\\/wp-content\\\/uploads\\\/2025\\\/01\\\/presos_nova_serrana.png\",\"contentUrl\":\"https:\\\/\\\/aconteceunovale.com.br\\\/portal\\\/wp-content\\\/uploads\\\/2025\\\/01\\\/presos_nova_serrana.png\",\"width\":646,\"height\":364,\"caption\":\"Foto: Divulga\u00e7\u00e3o \\\/ PMMG\"},{\"@type\":\"BreadcrumbList\",\"@id\":\"https:\\\/\\\/aconteceunovale.com.br\\\/portal\\\/?p=196058#breadcrumb\",\"itemListElement\":[{\"@type\":\"ListItem\",\"position\":1,\"name\":\"In\u00edcio\",\"item\":\"https:\\\/\\\/aconteceunovale.com.br\\\/portal\\\/\"},{\"@type\":\"ListItem\",\"position\":2,\"name\":\"Tr\u00eas pessoas s\u00e3o detidas por tr\u00e1fico de drogas e tortura em Nova Serrana\"}]},{\"@type\":\"WebSite\",\"@id\":\"https:\\\/\\\/aconteceunovale.com.br\\\/portal\\\/#website\",\"url\":\"https:\\\/\\\/aconteceunovale.com.br\\\/portal\\\/\",\"name\":\"Aconteceu no Vale\",\"description\":\"Portal de Not\u00edcias\",\"potentialAction\":[{\"@type\":\"SearchAction\",\"target\":{\"@type\":\"EntryPoint\",\"urlTemplate\":\"https:\\\/\\\/aconteceunovale.com.br\\\/portal\\\/?s={search_term_string}\"},\"query-input\":{\"@type\":\"PropertyValueSpecification\",\"valueRequired\":true,\"valueName\":\"search_term_string\"}}],\"inLanguage\":\"pt-BR\"},{\"@type\":\"Person\",\"@id\":\"https:\\\/\\\/aconteceunovale.com.br\\\/portal\\\/#\\\/schema\\\/person\\\/7d2f26d1483f8a63de73da1ee0754d35\",\"name\":\"Reda\u00e7\u00e3o Aconteceu no Vale\",\"description\":\"Equipe de reportagem do Aconteceu no Vale, portal de not\u00edcias do Vale do Jequitinhonha, em Minas Gerais. Cobrimos as 51 cidades do Vale desde 2013. Sugest\u00f5es de pauta e pedidos de corre\u00e7\u00e3o: contato@aconteceunovale.com.br\",\"url\":\"https:\\\/\\\/aconteceunovale.com.br\\\/portal\\\/?author=4\"}]}<\/script>\n<!-- \/ Yoast SEO plugin. -->","yoast_head_json":{"title":"Tr\u00eas pessoas s\u00e3o detidas por tr\u00e1fico de drogas e tortura em Nova Serrana - Aconteceu no Vale","robots":{"index":"index","follow":"follow","max-snippet":"max-snippet:-1","max-image-preview":"max-image-preview:large","max-video-preview":"max-video-preview:-1"},"canonical":"https:\/\/aconteceunovale.com.br\/portal\/?p=196058","og_locale":"pt_BR","og_type":"article","og_title":"Tr\u00eas pessoas s\u00e3o detidas por tr\u00e1fico de drogas e tortura em Nova Serrana - Aconteceu no Vale","og_description":"Na manh\u00e3 desta quarta-feira (22\/1\/2025), a Pol\u00edcia Militar de Minas Gerais (PMMG), por meio do 60\u00ba Batalh\u00e3o, prendeu dois homens, de 19 e 20 anos, e apreendeu um adolescente de 16 anos em Nova Serrana, no Centro-Oeste de Minas Gerais. Os suspeitos foram autuados pelos crimes de tr\u00e1fico de drogas e tortura, ap\u00f3s uma opera\u00e7\u00e3o [&hellip;]","og_url":"https:\/\/aconteceunovale.com.br\/portal\/?p=196058","og_site_name":"Aconteceu no Vale","article_publisher":"https:\/\/www.facebook.com\/aconteceunovale\/","article_published_time":"2025-01-23T18:18:57+00:00","article_modified_time":"2025-01-23T18:19:23+00:00","og_image":[{"width":646,"height":364,"url":"https:\/\/aconteceunovale.com.br\/portal\/wp-content\/uploads\/2025\/01\/presos_nova_serrana.png","type":"image\/png"}],"author":"Reda\u00e7\u00e3o Aconteceu no Vale","twitter_card":"summary_large_image","twitter_creator":"@noticiadosvales","twitter_site":"@noticiadosvales","twitter_misc":{"Escrito por":"Reda\u00e7\u00e3o Aconteceu no Vale","Est. tempo de leitura":"1 minuto"},"schema":{"@context":"https:\/\/schema.org","@graph":[{"@type":"Article","@id":"https:\/\/aconteceunovale.com.br\/portal\/?p=196058#article","isPartOf":{"@id":"https:\/\/aconteceunovale.com.br\/portal\/?p=196058"},"author":{"name":"Reda\u00e7\u00e3o Aconteceu no Vale","@id":"https:\/\/aconteceunovale.com.br\/portal\/#\/schema\/person\/7d2f26d1483f8a63de73da1ee0754d35"},"headline":"Tr\u00eas pessoas s\u00e3o detidas por tr\u00e1fico de drogas e tortura em Nova Serrana","datePublished":"2025-01-23T18:18:57+00:00","dateModified":"2025-01-23T18:19:23+00:00","mainEntityOfPage":{"@id":"https:\/\/aconteceunovale.com.br\/portal\/?p=196058"},"wordCount":246,"commentCount":0,"image":{"@id":"https:\/\/aconteceunovale.com.br\/portal\/?p=196058#primaryimage"},"thumbnailUrl":"https:\/\/aconteceunovale.com.br\/portal\/wp-content\/uploads\/2025\/01\/presos_nova_serrana.png","keywords":["Nova Serrana","Opera\u00e7\u00e3o contra o tr\u00e1fico em Nova Serrana","Presos em Nova Serrana","Presos por tortura em Nova Serrana","Traficantes presos em Nova Serrana","Tr\u00eas pessoas s\u00e3o detidas por tr\u00e1fico de drogas e tortura em Nova Serrana"],"articleSection":["Minas Gerais"],"inLanguage":"pt-BR","potentialAction":[{"@type":"CommentAction","name":"Comment","target":["https:\/\/aconteceunovale.com.br\/portal\/?p=196058#respond"]}]},{"@type":"WebPage","@id":"https:\/\/aconteceunovale.com.br\/portal\/?p=196058","url":"https:\/\/aconteceunovale.com.br\/portal\/?p=196058","name":"Tr\u00eas pessoas s\u00e3o detidas por tr\u00e1fico de drogas e tortura em Nova Serrana - Aconteceu no Vale","isPartOf":{"@id":"https:\/\/aconteceunovale.com.br\/portal\/#website"},"primaryImageOfPage":{"@id":"https:\/\/aconteceunovale.com.br\/portal\/?p=196058#primaryimage"},"image":{"@id":"https:\/\/aconteceunovale.com.br\/portal\/?p=196058#primaryimage"},"thumbnailUrl":"https:\/\/aconteceunovale.com.br\/portal\/wp-content\/uploads\/2025\/01\/presos_nova_serrana.png","datePublished":"2025-01-23T18:18:57+00:00","dateModified":"2025-01-23T18:19:23+00:00","author":{"@id":"https:\/\/aconteceunovale.com.br\/portal\/#\/schema\/person\/7d2f26d1483f8a63de73da1ee0754d35"},"breadcrumb":{"@id":"https:\/\/aconteceunovale.com.br\/portal\/?p=196058#breadcrumb"},"inLanguage":"pt-BR","potentialAction":[{"@type":"ReadAction","target":["https:\/\/aconteceunovale.com.br\/portal\/?p=196058"]}]},{"@type":"ImageObject","inLanguage":"pt-BR","@id":"https:\/\/aconteceunovale.com.br\/portal\/?p=196058#primaryimage","url":"https:\/\/aconteceunovale.com.br\/portal\/wp-content\/uploads\/2025\/01\/presos_nova_serrana.png","contentUrl":"https:\/\/aconteceunovale.com.br\/portal\/wp-content\/uploads\/2025\/01\/presos_nova_serrana.png","width":646,"height":364,"caption":"Foto: Divulga\u00e7\u00e3o \/ PMMG"},{"@type":"BreadcrumbList","@id":"https:\/\/aconteceunovale.com.br\/portal\/?p=196058#breadcrumb","itemListElement":[{"@type":"ListItem","position":1,"name":"In\u00edcio","item":"https:\/\/aconteceunovale.com.br\/portal\/"},{"@type":"ListItem","position":2,"name":"Tr\u00eas pessoas s\u00e3o detidas por tr\u00e1fico de drogas e tortura em Nova Serrana"}]},{"@type":"WebSite","@id":"https:\/\/aconteceunovale.com.br\/portal\/#website","url":"https:\/\/aconteceunovale.com.br\/portal\/","name":"Aconteceu no Vale","description":"Portal de Not\u00edcias","potentialAction":[{"@type":"SearchAction","target":{"@type":"EntryPoint","urlTemplate":"https:\/\/aconteceunovale.com.br\/portal\/?s={search_term_string}"},"query-input":{"@type":"PropertyValueSpecification","valueRequired":true,"valueName":"search_term_string"}}],"inLanguage":"pt-BR"},{"@type":"Person","@id":"https:\/\/aconteceunovale.com.br\/portal\/#\/schema\/person\/7d2f26d1483f8a63de73da1ee0754d35","name":"Reda\u00e7\u00e3o Aconteceu no Vale","description":"Equipe de reportagem do Aconteceu no Vale, portal de not\u00edcias do Vale do Jequitinhonha, em Minas Gerais. Cobrimos as 51 cidades do Vale desde 2013. Sugest\u00f5es de pauta e pedidos de corre\u00e7\u00e3o: contato@aconteceunovale.com.br","url":"https:\/\/aconteceunovale.com.br\/portal\/?author=4"}]}},"_links":{"self":[{"href":"https:\/\/aconteceunovale.com.br\/portal\/index.php?rest_route=\/wp\/v2\/posts\/196058","targetHints":{"allow":["GET"]}}],"collection":[{"href":"https:\/\/aconteceunovale.com.br\/portal\/index.php?rest_route=\/wp\/v2\/posts"}],"about":[{"href":"https:\/\/aconteceunovale.com.br\/portal\/index.php?rest_route=\/wp\/v2\/types\/post"}],"author":[{"embeddable":true,"href":"https:\/\/aconteceunovale.com.br\/portal\/index.php?rest_route=\/wp\/v2\/users\/4"}],"replies":[{"embeddable":true,"href":"https:\/\/aconteceunovale.com.br\/portal\/index.php?rest_route=%2Fwp%2Fv2%2Fcomments&post=196058"}],"version-history":[{"count":1,"href":"https:\/\/aconteceunovale.com.br\/portal\/index.php?rest_route=\/wp\/v2\/posts\/196058\/revisions"}],"predecessor-version":[{"id":196060,"href":"https:\/\/aconteceunovale.com.br\/portal\/index.php?rest_route=\/wp\/v2\/posts\/196058\/revisions\/196060"}],"wp:featuredmedia":[{"embeddable":true,"href":"https:\/\/aconteceunovale.com.br\/portal\/index.php?rest_route=\/wp\/v2\/media\/196059"}],"wp:attachment":[{"href":"https:\/\/aconteceunovale.com.br\/portal\/index.php?rest_route=%2Fwp%2Fv2%2Fmedia&parent=196058"}],"wp:term":[{"taxonomy":"category","embeddable":true,"href":"https:\/\/aconteceunovale.com.br\/portal\/index.php?rest_route=%2Fwp%2Fv2%2Fcategories&post=196058"},{"taxonomy":"post_tag","embeddable":true,"href":"https:\/\/aconteceunovale.com.br\/portal\/index.php?rest_route=%2Fwp%2Fv2%2Ftags&post=196058"}],"curies":[{"name":"wp","href":"https:\/\/api.w.org\/{rel}","templated":true}]}}