{"id":196054,"date":"2025-01-23T14:45:31","date_gmt":"2025-01-23T17:45:31","guid":{"rendered":"https:\/\/aconteceunovale.com.br\/portal\/?p=196054"},"modified":"2025-01-23T14:51:26","modified_gmt":"2025-01-23T17:51:26","slug":"prefeitura-de-januaria-divulga-programacao-oficial-do-carnaval-de-rua-2025","status":"publish","type":"post","link":"https:\/\/aconteceunovale.com.br\/portal\/?p=196054","title":{"rendered":"Prefeitura de Janu\u00e1ria divulga programa\u00e7\u00e3o oficial do Carnaval de Rua 2025"},"content":{"rendered":"\n<p class=\"wp-block-paragraph\">A Prefeitura Municipal de Janu\u00e1ria, no Norte de Minas, anunciou nesta quarta-feira (22\/1) a programa\u00e7\u00e3o oficial do Carnaval de Rua 2025. O evento acontecer\u00e1 entre os dias 28 de fevereiro e 4 de mar\u00e7o, no Cais da Cidade, com atra\u00e7\u00f5es musicais variadas, blocos carnavalescos e atividades para todas as idades.<\/p>\n\n\n\n<h2 class=\"wp-block-heading\"><strong>Programa\u00e7\u00e3o musical<\/strong><\/h2>\n\n\n\n<p class=\"wp-block-paragraph\">A festa contar\u00e1 com shows di\u00e1rios de artistas e bandas que prometem animar o p\u00fablico:<\/p>\n\n\n\n<ul class=\"wp-block-list\">\n<li><strong>Sexta-feira (28\/2):<\/strong> Banda Rapazuada e Black Massa<\/li>\n\n\n\n<li><strong>S\u00e1bado (1\/3):<\/strong> Vinny Nogueira, Risalva, Fabinho, Carlinhos e Shokito<\/li>\n\n\n\n<li><strong>Domingo (2\/3):<\/strong> Swing do Leva, Roni\u00e9liton e Banda, e Karla Karambola (dedicado ao p\u00fablico infantil)<\/li>\n\n\n\n<li><strong>Segunda-feira (3\/3):<\/strong> Banda Barco a Vela e Bloco Ovelha Negra<\/li>\n\n\n\n<li><strong>Ter\u00e7a-feira (4\/3):<\/strong> Ki Fissura e F\u00e1bio Neblinna e Banda<\/li>\n<\/ul>\n\n\n<div class=\"wp-block-image\">\n<figure class=\"alignleft size-full\"><img loading=\"lazy\" decoding=\"async\" width=\"455\" height=\"450\" src=\"https:\/\/aconteceunovale.com.br\/portal\/wp-content\/uploads\/2025\/01\/carnaval_de_januaria20252.png\" alt=\"\" class=\"wp-image-196055\" srcset=\"https:\/\/aconteceunovale.com.br\/portal\/wp-content\/uploads\/2025\/01\/carnaval_de_januaria20252.png 455w, https:\/\/aconteceunovale.com.br\/portal\/wp-content\/uploads\/2025\/01\/carnaval_de_januaria20252-300x297.png 300w, https:\/\/aconteceunovale.com.br\/portal\/wp-content\/uploads\/2025\/01\/carnaval_de_januaria20252-425x420.png 425w\" sizes=\"auto, (max-width: 455px) 100vw, 455px\" \/><\/figure>\n<\/div>\n\n\n<h2 class=\"wp-block-heading\"><strong>Atividades adicionais<\/strong><\/h2>\n\n\n\n<p class=\"wp-block-paragraph\">Al\u00e9m dos shows, o Carnaval de Rua de Janu\u00e1ria 2025 ter\u00e1 a tradicional <em>Tardezinha no Cais<\/em>, com marchinhas, bloquinhos, pagode e som automotivo. Entre os blocos confirmados est\u00e3o o Bloco Minhoc\u00e3o, Bloco Apae Folia, Bloco da Melhor Idade Agibem e a Caminhada do Carnaval.<\/p>\n\n\n\n<h2 class=\"wp-block-heading\"><strong>Realiza\u00e7\u00e3o<\/strong><\/h2>\n\n\n\n<p class=\"wp-block-paragraph\">O Carnaval de Rua 2025 \u00e9 organizado pela Prefeitura de Janu\u00e1ria em parceria com a Secretaria Municipal de Turismo (SETUR). A expectativa \u00e9 que o evento atraia um grande p\u00fablico ao Cais da Cidade, consolidando Janu\u00e1ria como um dos principais destinos para os foli\u00f5es no Norte de Minas.<\/p>\n","protected":false},"excerpt":{"rendered":"<p>A Prefeitura Municipal de Janu\u00e1ria, no Norte de Minas, anunciou nesta quarta-feira (22\/1) a programa\u00e7\u00e3o oficial do Carnaval de Rua 2025. O evento acontecer\u00e1 entre os dias 28 de fevereiro e 4 de mar\u00e7o, no Cais da Cidade, com atra\u00e7\u00f5es musicais variadas, blocos carnavalescos e atividades para todas as idades. Programa\u00e7\u00e3o musical A festa contar\u00e1 [&hellip;]<\/p>\n","protected":false},"author":4,"featured_media":196056,"comment_status":"open","ping_status":"closed","sticky":false,"template":"","format":"standard","meta":{"amp_status":"","footnotes":""},"categories":[125,1236],"tags":[270332,270333,4054,270337,1018,205,270329,270331,270336,270330,270335,270334],"class_list":["post-196054","post","type-post","status-publish","format-standard","has-post-thumbnail","hentry","category-noticias","category-norte_de_minas","tag-atracoes-do-carnaval-de-januaria","tag-barco-a-vela-do-carnaval-de-januaria","tag-carnaval-de-januaria","tag-carnaval-de-rua-de-januaria-2025","tag-destaque","tag-januaria","tag-prefeitura-de-januaria-divulga-programacao-oficial-do-carnaval-de-rua-2025","tag-programacao-do-carnaval-de-januaria","tag-rapazuada-no-carnaval-de-januaria","tag-shows-do-carnaval-de-januaria","tag-swing-do-leva-no-carnaval-de-januaria","tag-vinny-nogueira-no-carnaval-de-januaria"],"yoast_head":"<!-- This site is optimized with the Yoast SEO plugin v28.3 - https:\/\/yoast.com\/product\/yoast-seo-wordpress\/ -->\n<title>Prefeitura de Janu\u00e1ria divulga programa\u00e7\u00e3o oficial do Carnaval de Rua 2025 - Aconteceu no Vale<\/title>\n<meta name=\"robots\" content=\"index, follow, max-snippet:-1, max-image-preview:large, max-video-preview:-1\" \/>\n<link rel=\"canonical\" href=\"https:\/\/aconteceunovale.com.br\/portal\/?p=196054\" \/>\n<meta property=\"og:locale\" content=\"pt_BR\" \/>\n<meta property=\"og:type\" content=\"article\" \/>\n<meta property=\"og:title\" content=\"Prefeitura de Janu\u00e1ria divulga programa\u00e7\u00e3o oficial do Carnaval de Rua 2025 - Aconteceu no Vale\" \/>\n<meta property=\"og:description\" content=\"A Prefeitura Municipal de Janu\u00e1ria, no Norte de Minas, anunciou nesta quarta-feira (22\/1) a programa\u00e7\u00e3o oficial do Carnaval de Rua 2025. O evento acontecer\u00e1 entre os dias 28 de fevereiro e 4 de mar\u00e7o, no Cais da Cidade, com atra\u00e7\u00f5es musicais variadas, blocos carnavalescos e atividades para todas as idades. Programa\u00e7\u00e3o musical A festa contar\u00e1 [&hellip;]\" \/>\n<meta property=\"og:url\" content=\"https:\/\/aconteceunovale.com.br\/portal\/?p=196054\" \/>\n<meta property=\"og:site_name\" content=\"Aconteceu no Vale\" \/>\n<meta property=\"article:publisher\" content=\"https:\/\/www.facebook.com\/aconteceunovale\/\" \/>\n<meta property=\"article:published_time\" content=\"2025-01-23T17:45:31+00:00\" \/>\n<meta property=\"article:modified_time\" content=\"2025-01-23T17:51:26+00:00\" \/>\n<meta property=\"og:image\" content=\"https:\/\/aconteceunovale.com.br\/portal\/wp-content\/uploads\/2025\/01\/carnaval_de_januaria2025.png\" \/>\n\t<meta property=\"og:image:width\" content=\"678\" \/>\n\t<meta property=\"og:image:height\" content=\"384\" \/>\n\t<meta property=\"og:image:type\" content=\"image\/png\" \/>\n<meta name=\"author\" content=\"Reda\u00e7\u00e3o Aconteceu no Vale\" \/>\n<meta name=\"twitter:card\" content=\"summary_large_image\" \/>\n<meta name=\"twitter:creator\" content=\"@noticiadosvales\" \/>\n<meta name=\"twitter:site\" content=\"@noticiadosvales\" \/>\n<meta name=\"twitter:label1\" content=\"Escrito por\" \/>\n\t<meta name=\"twitter:data1\" content=\"Reda\u00e7\u00e3o Aconteceu no Vale\" \/>\n\t<meta name=\"twitter:label2\" content=\"Est. tempo de leitura\" \/>\n\t<meta name=\"twitter:data2\" content=\"1 minuto\" \/>\n<script type=\"application\/ld+json\" class=\"yoast-schema-graph\">{\"@context\":\"https:\\\/\\\/schema.org\",\"@graph\":[{\"@type\":\"Article\",\"@id\":\"https:\\\/\\\/aconteceunovale.com.br\\\/portal\\\/?p=196054#article\",\"isPartOf\":{\"@id\":\"https:\\\/\\\/aconteceunovale.com.br\\\/portal\\\/?p=196054\"},\"author\":{\"name\":\"Reda\u00e7\u00e3o Aconteceu no Vale\",\"@id\":\"https:\\\/\\\/aconteceunovale.com.br\\\/portal\\\/#\\\/schema\\\/person\\\/7d2f26d1483f8a63de73da1ee0754d35\"},\"headline\":\"Prefeitura de Janu\u00e1ria divulga programa\u00e7\u00e3o oficial do Carnaval de Rua 2025\",\"datePublished\":\"2025-01-23T17:45:31+00:00\",\"dateModified\":\"2025-01-23T17:51:26+00:00\",\"mainEntityOfPage\":{\"@id\":\"https:\\\/\\\/aconteceunovale.com.br\\\/portal\\\/?p=196054\"},\"wordCount\":232,\"commentCount\":0,\"image\":{\"@id\":\"https:\\\/\\\/aconteceunovale.com.br\\\/portal\\\/?p=196054#primaryimage\"},\"thumbnailUrl\":\"https:\\\/\\\/aconteceunovale.com.br\\\/portal\\\/wp-content\\\/uploads\\\/2025\\\/01\\\/carnaval_de_januaria2025.png\",\"keywords\":[\"Atra\u00e7\u00f5es do Carnaval de Janu\u00e1ria\",\"Barco a Vela do Carnaval de Janu\u00e1ria\",\"Carnaval de Janu\u00e1ria\",\"Carnaval de Rua de Janu\u00e1ria 2025\",\"destaque\",\"Janu\u00e1ria\",\"Prefeitura de Janu\u00e1ria divulga programa\u00e7\u00e3o oficial do Carnaval de Rua 2025\",\"Programa\u00e7\u00e3o do Carnaval de Janu\u00e1ria\",\"Rapazuada no Carnaval de Janu\u00e1ria\",\"Shows do Carnaval de Janu\u00e1ria\",\"Swing do Leva no Carnaval de Janu\u00e1ria\",\"Vinny Nogueira no Carnaval de Janu\u00e1ria\"],\"articleSection\":[\"Eventos\",\"Norte de Minas\"],\"inLanguage\":\"pt-BR\",\"potentialAction\":[{\"@type\":\"CommentAction\",\"name\":\"Comment\",\"target\":[\"https:\\\/\\\/aconteceunovale.com.br\\\/portal\\\/?p=196054#respond\"]}]},{\"@type\":\"WebPage\",\"@id\":\"https:\\\/\\\/aconteceunovale.com.br\\\/portal\\\/?p=196054\",\"url\":\"https:\\\/\\\/aconteceunovale.com.br\\\/portal\\\/?p=196054\",\"name\":\"Prefeitura de Janu\u00e1ria divulga programa\u00e7\u00e3o oficial do Carnaval de Rua 2025 - Aconteceu no Vale\",\"isPartOf\":{\"@id\":\"https:\\\/\\\/aconteceunovale.com.br\\\/portal\\\/#website\"},\"primaryImageOfPage\":{\"@id\":\"https:\\\/\\\/aconteceunovale.com.br\\\/portal\\\/?p=196054#primaryimage\"},\"image\":{\"@id\":\"https:\\\/\\\/aconteceunovale.com.br\\\/portal\\\/?p=196054#primaryimage\"},\"thumbnailUrl\":\"https:\\\/\\\/aconteceunovale.com.br\\\/portal\\\/wp-content\\\/uploads\\\/2025\\\/01\\\/carnaval_de_januaria2025.png\",\"datePublished\":\"2025-01-23T17:45:31+00:00\",\"dateModified\":\"2025-01-23T17:51:26+00:00\",\"author\":{\"@id\":\"https:\\\/\\\/aconteceunovale.com.br\\\/portal\\\/#\\\/schema\\\/person\\\/7d2f26d1483f8a63de73da1ee0754d35\"},\"breadcrumb\":{\"@id\":\"https:\\\/\\\/aconteceunovale.com.br\\\/portal\\\/?p=196054#breadcrumb\"},\"inLanguage\":\"pt-BR\",\"potentialAction\":[{\"@type\":\"ReadAction\",\"target\":[\"https:\\\/\\\/aconteceunovale.com.br\\\/portal\\\/?p=196054\"]}]},{\"@type\":\"ImageObject\",\"inLanguage\":\"pt-BR\",\"@id\":\"https:\\\/\\\/aconteceunovale.com.br\\\/portal\\\/?p=196054#primaryimage\",\"url\":\"https:\\\/\\\/aconteceunovale.com.br\\\/portal\\\/wp-content\\\/uploads\\\/2025\\\/01\\\/carnaval_de_januaria2025.png\",\"contentUrl\":\"https:\\\/\\\/aconteceunovale.com.br\\\/portal\\\/wp-content\\\/uploads\\\/2025\\\/01\\\/carnaval_de_januaria2025.png\",\"width\":678,\"height\":384},{\"@type\":\"BreadcrumbList\",\"@id\":\"https:\\\/\\\/aconteceunovale.com.br\\\/portal\\\/?p=196054#breadcrumb\",\"itemListElement\":[{\"@type\":\"ListItem\",\"position\":1,\"name\":\"In\u00edcio\",\"item\":\"https:\\\/\\\/aconteceunovale.com.br\\\/portal\\\/\"},{\"@type\":\"ListItem\",\"position\":2,\"name\":\"Prefeitura de Janu\u00e1ria divulga programa\u00e7\u00e3o oficial do Carnaval de Rua 2025\"}]},{\"@type\":\"WebSite\",\"@id\":\"https:\\\/\\\/aconteceunovale.com.br\\\/portal\\\/#website\",\"url\":\"https:\\\/\\\/aconteceunovale.com.br\\\/portal\\\/\",\"name\":\"Aconteceu no Vale\",\"description\":\"Portal de Not\u00edcias\",\"potentialAction\":[{\"@type\":\"SearchAction\",\"target\":{\"@type\":\"EntryPoint\",\"urlTemplate\":\"https:\\\/\\\/aconteceunovale.com.br\\\/portal\\\/?s={search_term_string}\"},\"query-input\":{\"@type\":\"PropertyValueSpecification\",\"valueRequired\":true,\"valueName\":\"search_term_string\"}}],\"inLanguage\":\"pt-BR\"},{\"@type\":\"Person\",\"@id\":\"https:\\\/\\\/aconteceunovale.com.br\\\/portal\\\/#\\\/schema\\\/person\\\/7d2f26d1483f8a63de73da1ee0754d35\",\"name\":\"Reda\u00e7\u00e3o Aconteceu no Vale\",\"description\":\"Equipe de reportagem do Aconteceu no Vale, portal de not\u00edcias do Vale do Jequitinhonha, em Minas Gerais. Cobrimos as 51 cidades do Vale desde 2013. Sugest\u00f5es de pauta e pedidos de corre\u00e7\u00e3o: contato@aconteceunovale.com.br\",\"url\":\"https:\\\/\\\/aconteceunovale.com.br\\\/portal\\\/?author=4\"}]}<\/script>\n<!-- \/ Yoast SEO plugin. -->","yoast_head_json":{"title":"Prefeitura de Janu\u00e1ria divulga programa\u00e7\u00e3o oficial do Carnaval de Rua 2025 - Aconteceu no Vale","robots":{"index":"index","follow":"follow","max-snippet":"max-snippet:-1","max-image-preview":"max-image-preview:large","max-video-preview":"max-video-preview:-1"},"canonical":"https:\/\/aconteceunovale.com.br\/portal\/?p=196054","og_locale":"pt_BR","og_type":"article","og_title":"Prefeitura de Janu\u00e1ria divulga programa\u00e7\u00e3o oficial do Carnaval de Rua 2025 - Aconteceu no Vale","og_description":"A Prefeitura Municipal de Janu\u00e1ria, no Norte de Minas, anunciou nesta quarta-feira (22\/1) a programa\u00e7\u00e3o oficial do Carnaval de Rua 2025. O evento acontecer\u00e1 entre os dias 28 de fevereiro e 4 de mar\u00e7o, no Cais da Cidade, com atra\u00e7\u00f5es musicais variadas, blocos carnavalescos e atividades para todas as idades. Programa\u00e7\u00e3o musical A festa contar\u00e1 [&hellip;]","og_url":"https:\/\/aconteceunovale.com.br\/portal\/?p=196054","og_site_name":"Aconteceu no Vale","article_publisher":"https:\/\/www.facebook.com\/aconteceunovale\/","article_published_time":"2025-01-23T17:45:31+00:00","article_modified_time":"2025-01-23T17:51:26+00:00","og_image":[{"width":678,"height":384,"url":"https:\/\/aconteceunovale.com.br\/portal\/wp-content\/uploads\/2025\/01\/carnaval_de_januaria2025.png","type":"image\/png"}],"author":"Reda\u00e7\u00e3o Aconteceu no Vale","twitter_card":"summary_large_image","twitter_creator":"@noticiadosvales","twitter_site":"@noticiadosvales","twitter_misc":{"Escrito por":"Reda\u00e7\u00e3o Aconteceu no Vale","Est. tempo de leitura":"1 minuto"},"schema":{"@context":"https:\/\/schema.org","@graph":[{"@type":"Article","@id":"https:\/\/aconteceunovale.com.br\/portal\/?p=196054#article","isPartOf":{"@id":"https:\/\/aconteceunovale.com.br\/portal\/?p=196054"},"author":{"name":"Reda\u00e7\u00e3o Aconteceu no Vale","@id":"https:\/\/aconteceunovale.com.br\/portal\/#\/schema\/person\/7d2f26d1483f8a63de73da1ee0754d35"},"headline":"Prefeitura de Janu\u00e1ria divulga programa\u00e7\u00e3o oficial do Carnaval de Rua 2025","datePublished":"2025-01-23T17:45:31+00:00","dateModified":"2025-01-23T17:51:26+00:00","mainEntityOfPage":{"@id":"https:\/\/aconteceunovale.com.br\/portal\/?p=196054"},"wordCount":232,"commentCount":0,"image":{"@id":"https:\/\/aconteceunovale.com.br\/portal\/?p=196054#primaryimage"},"thumbnailUrl":"https:\/\/aconteceunovale.com.br\/portal\/wp-content\/uploads\/2025\/01\/carnaval_de_januaria2025.png","keywords":["Atra\u00e7\u00f5es do Carnaval de Janu\u00e1ria","Barco a Vela do Carnaval de Janu\u00e1ria","Carnaval de Janu\u00e1ria","Carnaval de Rua de Janu\u00e1ria 2025","destaque","Janu\u00e1ria","Prefeitura de Janu\u00e1ria divulga programa\u00e7\u00e3o oficial do Carnaval de Rua 2025","Programa\u00e7\u00e3o do Carnaval de Janu\u00e1ria","Rapazuada no Carnaval de Janu\u00e1ria","Shows do Carnaval de Janu\u00e1ria","Swing do Leva no Carnaval de Janu\u00e1ria","Vinny Nogueira no Carnaval de Janu\u00e1ria"],"articleSection":["Eventos","Norte de Minas"],"inLanguage":"pt-BR","potentialAction":[{"@type":"CommentAction","name":"Comment","target":["https:\/\/aconteceunovale.com.br\/portal\/?p=196054#respond"]}]},{"@type":"WebPage","@id":"https:\/\/aconteceunovale.com.br\/portal\/?p=196054","url":"https:\/\/aconteceunovale.com.br\/portal\/?p=196054","name":"Prefeitura de Janu\u00e1ria divulga programa\u00e7\u00e3o oficial do Carnaval de Rua 2025 - Aconteceu no Vale","isPartOf":{"@id":"https:\/\/aconteceunovale.com.br\/portal\/#website"},"primaryImageOfPage":{"@id":"https:\/\/aconteceunovale.com.br\/portal\/?p=196054#primaryimage"},"image":{"@id":"https:\/\/aconteceunovale.com.br\/portal\/?p=196054#primaryimage"},"thumbnailUrl":"https:\/\/aconteceunovale.com.br\/portal\/wp-content\/uploads\/2025\/01\/carnaval_de_januaria2025.png","datePublished":"2025-01-23T17:45:31+00:00","dateModified":"2025-01-23T17:51:26+00:00","author":{"@id":"https:\/\/aconteceunovale.com.br\/portal\/#\/schema\/person\/7d2f26d1483f8a63de73da1ee0754d35"},"breadcrumb":{"@id":"https:\/\/aconteceunovale.com.br\/portal\/?p=196054#breadcrumb"},"inLanguage":"pt-BR","potentialAction":[{"@type":"ReadAction","target":["https:\/\/aconteceunovale.com.br\/portal\/?p=196054"]}]},{"@type":"ImageObject","inLanguage":"pt-BR","@id":"https:\/\/aconteceunovale.com.br\/portal\/?p=196054#primaryimage","url":"https:\/\/aconteceunovale.com.br\/portal\/wp-content\/uploads\/2025\/01\/carnaval_de_januaria2025.png","contentUrl":"https:\/\/aconteceunovale.com.br\/portal\/wp-content\/uploads\/2025\/01\/carnaval_de_januaria2025.png","width":678,"height":384},{"@type":"BreadcrumbList","@id":"https:\/\/aconteceunovale.com.br\/portal\/?p=196054#breadcrumb","itemListElement":[{"@type":"ListItem","position":1,"name":"In\u00edcio","item":"https:\/\/aconteceunovale.com.br\/portal\/"},{"@type":"ListItem","position":2,"name":"Prefeitura de Janu\u00e1ria divulga programa\u00e7\u00e3o oficial do Carnaval de Rua 2025"}]},{"@type":"WebSite","@id":"https:\/\/aconteceunovale.com.br\/portal\/#website","url":"https:\/\/aconteceunovale.com.br\/portal\/","name":"Aconteceu no Vale","description":"Portal de Not\u00edcias","potentialAction":[{"@type":"SearchAction","target":{"@type":"EntryPoint","urlTemplate":"https:\/\/aconteceunovale.com.br\/portal\/?s={search_term_string}"},"query-input":{"@type":"PropertyValueSpecification","valueRequired":true,"valueName":"search_term_string"}}],"inLanguage":"pt-BR"},{"@type":"Person","@id":"https:\/\/aconteceunovale.com.br\/portal\/#\/schema\/person\/7d2f26d1483f8a63de73da1ee0754d35","name":"Reda\u00e7\u00e3o Aconteceu no Vale","description":"Equipe de reportagem do Aconteceu no Vale, portal de not\u00edcias do Vale do Jequitinhonha, em Minas Gerais. Cobrimos as 51 cidades do Vale desde 2013. Sugest\u00f5es de pauta e pedidos de corre\u00e7\u00e3o: contato@aconteceunovale.com.br","url":"https:\/\/aconteceunovale.com.br\/portal\/?author=4"}]}},"_links":{"self":[{"href":"https:\/\/aconteceunovale.com.br\/portal\/index.php?rest_route=\/wp\/v2\/posts\/196054","targetHints":{"allow":["GET"]}}],"collection":[{"href":"https:\/\/aconteceunovale.com.br\/portal\/index.php?rest_route=\/wp\/v2\/posts"}],"about":[{"href":"https:\/\/aconteceunovale.com.br\/portal\/index.php?rest_route=\/wp\/v2\/types\/post"}],"author":[{"embeddable":true,"href":"https:\/\/aconteceunovale.com.br\/portal\/index.php?rest_route=\/wp\/v2\/users\/4"}],"replies":[{"embeddable":true,"href":"https:\/\/aconteceunovale.com.br\/portal\/index.php?rest_route=%2Fwp%2Fv2%2Fcomments&post=196054"}],"version-history":[{"count":1,"href":"https:\/\/aconteceunovale.com.br\/portal\/index.php?rest_route=\/wp\/v2\/posts\/196054\/revisions"}],"predecessor-version":[{"id":196057,"href":"https:\/\/aconteceunovale.com.br\/portal\/index.php?rest_route=\/wp\/v2\/posts\/196054\/revisions\/196057"}],"wp:featuredmedia":[{"embeddable":true,"href":"https:\/\/aconteceunovale.com.br\/portal\/index.php?rest_route=\/wp\/v2\/media\/196056"}],"wp:attachment":[{"href":"https:\/\/aconteceunovale.com.br\/portal\/index.php?rest_route=%2Fwp%2Fv2%2Fmedia&parent=196054"}],"wp:term":[{"taxonomy":"category","embeddable":true,"href":"https:\/\/aconteceunovale.com.br\/portal\/index.php?rest_route=%2Fwp%2Fv2%2Fcategories&post=196054"},{"taxonomy":"post_tag","embeddable":true,"href":"https:\/\/aconteceunovale.com.br\/portal\/index.php?rest_route=%2Fwp%2Fv2%2Ftags&post=196054"}],"curies":[{"name":"wp","href":"https:\/\/api.w.org\/{rel}","templated":true}]}}