{"id":196044,"date":"2025-01-22T23:57:33","date_gmt":"2025-01-23T02:57:33","guid":{"rendered":"https:\/\/aconteceunovale.com.br\/portal\/?p=196044"},"modified":"2025-01-22T23:57:59","modified_gmt":"2025-01-23T02:57:59","slug":"tribunal-de-contas-suspende-r-6-bilhoes-do-pe-de-meia-mec-nega-irregularidades","status":"publish","type":"post","link":"https:\/\/aconteceunovale.com.br\/portal\/?p=196044","title":{"rendered":"Tribunal de Contas suspende R$ 6 bilh\u00f5es do P\u00e9 de Meia; MEC nega irregularidades"},"content":{"rendered":"\n<p class=\"wp-block-paragraph\">Em sess\u00e3o plen\u00e1ria nesta quarta-feira (22\/1\/2025), o Tribunal de Contas da Uni\u00e3o (TCU) manteve\u00a0decis\u00e3o cautelar do ministro Augusto Nardes que suspende a execu\u00e7\u00e3o de R$ 6 bilh\u00f5es do programa de apoio educacional\u00a0P\u00e9 de Meia.\u00a0Cerca de 3,9 milh\u00f5es de estudantes de baixa renda matriculados em escolas p\u00fablicas de ensino m\u00e9dio de todo o pa\u00eds recebem o apoio financeiro. A decis\u00e3o foi tomada por unanimidade, mas cabe recurso.<\/p>\n\n\n\n<p class=\"wp-block-paragraph\">Com investimento anual em torno de\u00a0R$ 12,5 bilh\u00f5es, o\u00a0P\u00e9 de Meia\u00a0paga uma mesada de R$ 200 por aluno durante o ano letivo, al\u00e9m de uma poupan\u00e7a anual de R$ 1 mil\u00a0a quem for aprovado, mas que s\u00f3 pode ser sacada ao final da conclus\u00e3o do ensino m\u00e9dio.\u00a0Ao todo, cada aluno pode receber at\u00e9 R$ 9,2 mil ao final dos tr\u00eas anos desta etapa de ensino.\u00a0Institu\u00eddo pela Lei 14.818\/2024, o programa foi criado para estimular a perman\u00eancia de estudantes pobres na escola, j\u00e1 que o\u00a0Brasil enfrenta graves problemas de evas\u00e3o escolar h\u00e1 d\u00e9cadas.\u00a0<\/p>\n\n\n\n<p class=\"wp-block-paragraph\">Na \u00faltima sexta-feira (19), Nardes j\u00e1 havia concedido uma decis\u00e3o provis\u00f3ria para suspender os pagamentos, diante de uma a\u00e7\u00e3o proposta pelo subprocurador-geral Lucas Rocha Furtado, do Minist\u00e9rio P\u00fablico junto ao TCU (MPTCU), que alegou que os valores utilizados para o cr\u00e9dito do programa estavam fora do Or\u00e7amento.&nbsp;O alerta foi mantido pela \u00e1rea t\u00e9cnica do tribunal.<\/p>\n\n\n\n<p class=\"wp-block-paragraph\">Procurado pela reportagem, o Minist\u00e9rio da Educa\u00e7\u00e3o (MEC), respons\u00e1vel pelo programa,&nbsp;informou que vai &#8220;complementar os esclarecimentos tempestivamente&#8221;, assim que a pasta for notificada da decis\u00e3o. O \u00f3rg\u00e3o tamb\u00e9m alegou que &#8220;todos os aportes feitos para o programa P\u00e9 de Meia foram aprovados pelo Congresso Nacional e cumpriram as normas or\u00e7ament\u00e1rias vigentes&#8221;.<\/p>\n\n\n\n<p class=\"wp-block-paragraph\">J\u00e1 a Advocacia Geral da Uni\u00e3o (AGU)&nbsp;informou em nota ter recorrido da decis\u00e3o, alegando&nbsp;n\u00e3o haver &#8220;qualquer ilegalidade&#8221; na transfer\u00eancia de recursos entre fundos e que o bloqueio cautelar e repentino de mais de R$ 6 bilh\u00f5es &#8220;causar\u00e1 transtornos irrepar\u00e1veis ao programa e aos estudantes&#8221;. &nbsp;<\/p>\n\n\n\n<p class=\"wp-block-paragraph\">&#8220;Caso a decis\u00e3o do TCU n\u00e3o seja revertida, a AGU pede que seus efeitos ocorram somente em 2026 e, que, nesse caso, seja concedido um prazo de 120 dias para que o governo federal apresente um plano para cumprimento da decis\u00e3o sem preju\u00edzo da continuidade do programa&#8221;, diz o \u00f3rg\u00e3o.<\/p>\n\n\n\n<h2 class=\"wp-block-heading\">Financiamento<\/h2>\n\n\n\n<p class=\"wp-block-paragraph\">O financiamento do programa P\u00e9 de Meia&nbsp;se d\u00e1 por meio de recursos do Fundo de Incentivo \u00e0 Perman\u00eancia no Ensino M\u00e9dio (Fipem), de natureza privada, mas que \u00e9 integralizado por aplica\u00e7\u00f5es e aportes financeiros da pr\u00f3pria Uni\u00e3o, e administrado pela Caixa Econ\u00f4mica Federal. A lei permite que a governo federal transfira recursos ao fundo para que o programa seja operacionalizado, mas, de acordo com a conclus\u00e3o do ministro, o fluxo de pagamentos n\u00e3o estaria passando pelo Or\u00e7amento Geral da Uni\u00e3o e, por isso, Nardes determinou \u00e0 Caixa o bloqueio de R$ 6 bilh\u00f5es da conta.<\/p>\n\n\n\n<p class=\"wp-block-paragraph\">J\u00e1 o MEC&nbsp;fica proibido de utilizar recursos oriundos do Fundo de Garantia de Opera\u00e7\u00f5es de Cr\u00e9dito Educativo (Fgeduc) e do Fundo Garantidor de Opera\u00e7\u00f5es (FGO) sem que previamente tais recursos sejam recolhidos \u00e0 Conta \u00danica do Tesouro Nacional e inclu\u00eddos na lei or\u00e7ament\u00e1ria do exerc\u00edcio em que se pretenda realizar a integraliza\u00e7\u00e3o de cotas do Fipem.<\/p>\n\n\n\n<p class=\"wp-block-paragraph\">&#8220;Na instru\u00e7\u00e3o inicial, a Unidade de Auditoria Especializada em Or\u00e7amento, Tributa\u00e7\u00e3o e Gest\u00e3o Fiscal (AudFiscal) apontou a utiliza\u00e7\u00e3o de valores do Fgeduc e do FGO para a &nbsp;integraliza\u00e7\u00e3o de cotas do Fipem sem o necess\u00e1rio tr\u00e2nsito pela CUTN [Conta \u00danica do Tesouro Nacional] e pelo OGU [Or\u00e7amento Geral da Uni\u00e3o] e, dessa forma, \u00e0 margem das regras or\u00e7ament\u00e1rias e fiscais vigentes, como, por exemplo, o limite de despesas prim\u00e1rias institu\u00eddo pelo Regime Fiscal Sustent\u00e1vel (ou Novo Arcabou\u00e7o Fiscal) e dispositivos da Lei de &nbsp;Responsabilidade Fiscal (arts. 9\u00ba e 26) e Regra de Ouro (art. 167, inciso III, da Constitui\u00e7\u00e3o Federal)&#8221;, diz um trecho do ac\u00f3rd\u00e3o que manteve o bloqueio do programa. O tribunal ainda analisar\u00e1 o m\u00e9rito do caso, sobre eventuais descumprimentos de regras or\u00e7ament\u00e1rias, e aguarda novas manifesta\u00e7\u00f5es.<\/p>\n","protected":false},"excerpt":{"rendered":"<p>Em sess\u00e3o plen\u00e1ria nesta quarta-feira (22\/1\/2025), o Tribunal de Contas da Uni\u00e3o (TCU) manteve\u00a0decis\u00e3o cautelar do ministro Augusto Nardes que suspende a execu\u00e7\u00e3o de R$ 6 bilh\u00f5es do programa de apoio educacional\u00a0P\u00e9 de Meia.\u00a0Cerca de 3,9 milh\u00f5es de estudantes de baixa renda matriculados em escolas p\u00fablicas de ensino m\u00e9dio de todo o pa\u00eds recebem o [&hellip;]<\/p>\n","protected":false},"author":4,"featured_media":88982,"comment_status":"open","ping_status":"closed","sticky":false,"template":"","format":"standard","meta":{"amp_status":"","footnotes":""},"categories":[6,40238],"tags":[1168,270313,270314,270315,98546,270312],"class_list":["post-196044","post","type-post","status-publish","format-standard","has-post-thumbnail","hentry","category-br","category-educacao-2","tag-mec","tag-pe-de-meia","tag-suspensao-de-recursos-do-pe-de-meia","tag-suspensao-pe-de-meia","tag-tcu","tag-tribunal-de-contas-suspende-r-6-bilhoes-do-pe-de-meia"],"yoast_head":"<!-- This site is optimized with the Yoast SEO plugin v28.3 - https:\/\/yoast.com\/product\/yoast-seo-wordpress\/ -->\n<title>Tribunal de Contas suspende R$ 6 bilh\u00f5es do P\u00e9 de Meia; MEC nega irregularidades - Aconteceu no Vale<\/title>\n<meta name=\"robots\" content=\"index, follow, max-snippet:-1, max-image-preview:large, max-video-preview:-1\" \/>\n<link rel=\"canonical\" href=\"https:\/\/aconteceunovale.com.br\/portal\/?p=196044\" \/>\n<meta property=\"og:locale\" content=\"pt_BR\" \/>\n<meta property=\"og:type\" content=\"article\" \/>\n<meta property=\"og:title\" content=\"Tribunal de Contas suspende R$ 6 bilh\u00f5es do P\u00e9 de Meia; MEC nega irregularidades - Aconteceu no Vale\" \/>\n<meta property=\"og:description\" content=\"Em sess\u00e3o plen\u00e1ria nesta quarta-feira (22\/1\/2025), o Tribunal de Contas da Uni\u00e3o (TCU) manteve\u00a0decis\u00e3o cautelar do ministro Augusto Nardes que suspende a execu\u00e7\u00e3o de R$ 6 bilh\u00f5es do programa de apoio educacional\u00a0P\u00e9 de Meia.\u00a0Cerca de 3,9 milh\u00f5es de estudantes de baixa renda matriculados em escolas p\u00fablicas de ensino m\u00e9dio de todo o pa\u00eds recebem o [&hellip;]\" \/>\n<meta property=\"og:url\" content=\"https:\/\/aconteceunovale.com.br\/portal\/?p=196044\" \/>\n<meta property=\"og:site_name\" content=\"Aconteceu no Vale\" \/>\n<meta property=\"article:publisher\" content=\"https:\/\/www.facebook.com\/aconteceunovale\/\" \/>\n<meta property=\"article:published_time\" content=\"2025-01-23T02:57:33+00:00\" \/>\n<meta property=\"article:modified_time\" content=\"2025-01-23T02:57:59+00:00\" \/>\n<meta property=\"og:image\" content=\"https:\/\/aconteceunovale.com.br\/portal\/wp-content\/uploads\/2016\/06\/tcu_lista.jpg\" \/>\n\t<meta property=\"og:image:width\" content=\"650\" \/>\n\t<meta property=\"og:image:height\" content=\"375\" \/>\n\t<meta property=\"og:image:type\" content=\"image\/jpeg\" \/>\n<meta name=\"author\" content=\"Reda\u00e7\u00e3o Aconteceu no Vale\" \/>\n<meta name=\"twitter:card\" content=\"summary_large_image\" \/>\n<meta name=\"twitter:creator\" content=\"@noticiadosvales\" \/>\n<meta name=\"twitter:site\" content=\"@noticiadosvales\" \/>\n<meta name=\"twitter:label1\" content=\"Escrito por\" \/>\n\t<meta name=\"twitter:data1\" content=\"Reda\u00e7\u00e3o Aconteceu no Vale\" \/>\n\t<meta name=\"twitter:label2\" content=\"Est. tempo de leitura\" \/>\n\t<meta name=\"twitter:data2\" content=\"4 minutos\" \/>\n<script type=\"application\/ld+json\" class=\"yoast-schema-graph\">{\"@context\":\"https:\\\/\\\/schema.org\",\"@graph\":[{\"@type\":\"Article\",\"@id\":\"https:\\\/\\\/aconteceunovale.com.br\\\/portal\\\/?p=196044#article\",\"isPartOf\":{\"@id\":\"https:\\\/\\\/aconteceunovale.com.br\\\/portal\\\/?p=196044\"},\"author\":{\"name\":\"Reda\u00e7\u00e3o Aconteceu no Vale\",\"@id\":\"https:\\\/\\\/aconteceunovale.com.br\\\/portal\\\/#\\\/schema\\\/person\\\/7d2f26d1483f8a63de73da1ee0754d35\"},\"headline\":\"Tribunal de Contas suspende R$ 6 bilh\u00f5es do P\u00e9 de Meia; MEC nega irregularidades\",\"datePublished\":\"2025-01-23T02:57:33+00:00\",\"dateModified\":\"2025-01-23T02:57:59+00:00\",\"mainEntityOfPage\":{\"@id\":\"https:\\\/\\\/aconteceunovale.com.br\\\/portal\\\/?p=196044\"},\"wordCount\":747,\"commentCount\":0,\"image\":{\"@id\":\"https:\\\/\\\/aconteceunovale.com.br\\\/portal\\\/?p=196044#primaryimage\"},\"thumbnailUrl\":\"https:\\\/\\\/aconteceunovale.com.br\\\/portal\\\/wp-content\\\/uploads\\\/2016\\\/06\\\/tcu_lista.jpg\",\"keywords\":[\"mec\",\"P\u00e9 de Meia\",\"Suspens\u00e3o de recursos do P\u00e9 de Meia\",\"Suspens\u00e3o P\u00e9 de Meia\",\"TCU\",\"Tribunal de Contas suspende R$ 6 bilh\u00f5es do P\u00e9 de Meia\"],\"articleSection\":[\"Brasil\",\"Educa\u00e7\u00e3o\"],\"inLanguage\":\"pt-BR\",\"potentialAction\":[{\"@type\":\"CommentAction\",\"name\":\"Comment\",\"target\":[\"https:\\\/\\\/aconteceunovale.com.br\\\/portal\\\/?p=196044#respond\"]}]},{\"@type\":\"WebPage\",\"@id\":\"https:\\\/\\\/aconteceunovale.com.br\\\/portal\\\/?p=196044\",\"url\":\"https:\\\/\\\/aconteceunovale.com.br\\\/portal\\\/?p=196044\",\"name\":\"Tribunal de Contas suspende R$ 6 bilh\u00f5es do P\u00e9 de Meia; MEC nega irregularidades - Aconteceu no Vale\",\"isPartOf\":{\"@id\":\"https:\\\/\\\/aconteceunovale.com.br\\\/portal\\\/#website\"},\"primaryImageOfPage\":{\"@id\":\"https:\\\/\\\/aconteceunovale.com.br\\\/portal\\\/?p=196044#primaryimage\"},\"image\":{\"@id\":\"https:\\\/\\\/aconteceunovale.com.br\\\/portal\\\/?p=196044#primaryimage\"},\"thumbnailUrl\":\"https:\\\/\\\/aconteceunovale.com.br\\\/portal\\\/wp-content\\\/uploads\\\/2016\\\/06\\\/tcu_lista.jpg\",\"datePublished\":\"2025-01-23T02:57:33+00:00\",\"dateModified\":\"2025-01-23T02:57:59+00:00\",\"author\":{\"@id\":\"https:\\\/\\\/aconteceunovale.com.br\\\/portal\\\/#\\\/schema\\\/person\\\/7d2f26d1483f8a63de73da1ee0754d35\"},\"breadcrumb\":{\"@id\":\"https:\\\/\\\/aconteceunovale.com.br\\\/portal\\\/?p=196044#breadcrumb\"},\"inLanguage\":\"pt-BR\",\"potentialAction\":[{\"@type\":\"ReadAction\",\"target\":[\"https:\\\/\\\/aconteceunovale.com.br\\\/portal\\\/?p=196044\"]}]},{\"@type\":\"ImageObject\",\"inLanguage\":\"pt-BR\",\"@id\":\"https:\\\/\\\/aconteceunovale.com.br\\\/portal\\\/?p=196044#primaryimage\",\"url\":\"https:\\\/\\\/aconteceunovale.com.br\\\/portal\\\/wp-content\\\/uploads\\\/2016\\\/06\\\/tcu_lista.jpg\",\"contentUrl\":\"https:\\\/\\\/aconteceunovale.com.br\\\/portal\\\/wp-content\\\/uploads\\\/2016\\\/06\\\/tcu_lista.jpg\",\"width\":650,\"height\":375},{\"@type\":\"BreadcrumbList\",\"@id\":\"https:\\\/\\\/aconteceunovale.com.br\\\/portal\\\/?p=196044#breadcrumb\",\"itemListElement\":[{\"@type\":\"ListItem\",\"position\":1,\"name\":\"In\u00edcio\",\"item\":\"https:\\\/\\\/aconteceunovale.com.br\\\/portal\\\/\"},{\"@type\":\"ListItem\",\"position\":2,\"name\":\"Tribunal de Contas suspende R$ 6 bilh\u00f5es do P\u00e9 de Meia; MEC nega irregularidades\"}]},{\"@type\":\"WebSite\",\"@id\":\"https:\\\/\\\/aconteceunovale.com.br\\\/portal\\\/#website\",\"url\":\"https:\\\/\\\/aconteceunovale.com.br\\\/portal\\\/\",\"name\":\"Aconteceu no Vale\",\"description\":\"Portal de Not\u00edcias\",\"potentialAction\":[{\"@type\":\"SearchAction\",\"target\":{\"@type\":\"EntryPoint\",\"urlTemplate\":\"https:\\\/\\\/aconteceunovale.com.br\\\/portal\\\/?s={search_term_string}\"},\"query-input\":{\"@type\":\"PropertyValueSpecification\",\"valueRequired\":true,\"valueName\":\"search_term_string\"}}],\"inLanguage\":\"pt-BR\"},{\"@type\":\"Person\",\"@id\":\"https:\\\/\\\/aconteceunovale.com.br\\\/portal\\\/#\\\/schema\\\/person\\\/7d2f26d1483f8a63de73da1ee0754d35\",\"name\":\"Reda\u00e7\u00e3o Aconteceu no Vale\",\"description\":\"Equipe de reportagem do Aconteceu no Vale, portal de not\u00edcias do Vale do Jequitinhonha, em Minas Gerais. Cobrimos as 51 cidades do Vale desde 2013. Sugest\u00f5es de pauta e pedidos de corre\u00e7\u00e3o: contato@aconteceunovale.com.br\",\"url\":\"https:\\\/\\\/aconteceunovale.com.br\\\/portal\\\/?author=4\"}]}<\/script>\n<!-- \/ Yoast SEO plugin. -->","yoast_head_json":{"title":"Tribunal de Contas suspende R$ 6 bilh\u00f5es do P\u00e9 de Meia; MEC nega irregularidades - Aconteceu no Vale","robots":{"index":"index","follow":"follow","max-snippet":"max-snippet:-1","max-image-preview":"max-image-preview:large","max-video-preview":"max-video-preview:-1"},"canonical":"https:\/\/aconteceunovale.com.br\/portal\/?p=196044","og_locale":"pt_BR","og_type":"article","og_title":"Tribunal de Contas suspende R$ 6 bilh\u00f5es do P\u00e9 de Meia; MEC nega irregularidades - Aconteceu no Vale","og_description":"Em sess\u00e3o plen\u00e1ria nesta quarta-feira (22\/1\/2025), o Tribunal de Contas da Uni\u00e3o (TCU) manteve\u00a0decis\u00e3o cautelar do ministro Augusto Nardes que suspende a execu\u00e7\u00e3o de R$ 6 bilh\u00f5es do programa de apoio educacional\u00a0P\u00e9 de Meia.\u00a0Cerca de 3,9 milh\u00f5es de estudantes de baixa renda matriculados em escolas p\u00fablicas de ensino m\u00e9dio de todo o pa\u00eds recebem o [&hellip;]","og_url":"https:\/\/aconteceunovale.com.br\/portal\/?p=196044","og_site_name":"Aconteceu no Vale","article_publisher":"https:\/\/www.facebook.com\/aconteceunovale\/","article_published_time":"2025-01-23T02:57:33+00:00","article_modified_time":"2025-01-23T02:57:59+00:00","og_image":[{"width":650,"height":375,"url":"https:\/\/aconteceunovale.com.br\/portal\/wp-content\/uploads\/2016\/06\/tcu_lista.jpg","type":"image\/jpeg"}],"author":"Reda\u00e7\u00e3o Aconteceu no Vale","twitter_card":"summary_large_image","twitter_creator":"@noticiadosvales","twitter_site":"@noticiadosvales","twitter_misc":{"Escrito por":"Reda\u00e7\u00e3o Aconteceu no Vale","Est. tempo de leitura":"4 minutos"},"schema":{"@context":"https:\/\/schema.org","@graph":[{"@type":"Article","@id":"https:\/\/aconteceunovale.com.br\/portal\/?p=196044#article","isPartOf":{"@id":"https:\/\/aconteceunovale.com.br\/portal\/?p=196044"},"author":{"name":"Reda\u00e7\u00e3o Aconteceu no Vale","@id":"https:\/\/aconteceunovale.com.br\/portal\/#\/schema\/person\/7d2f26d1483f8a63de73da1ee0754d35"},"headline":"Tribunal de Contas suspende R$ 6 bilh\u00f5es do P\u00e9 de Meia; MEC nega irregularidades","datePublished":"2025-01-23T02:57:33+00:00","dateModified":"2025-01-23T02:57:59+00:00","mainEntityOfPage":{"@id":"https:\/\/aconteceunovale.com.br\/portal\/?p=196044"},"wordCount":747,"commentCount":0,"image":{"@id":"https:\/\/aconteceunovale.com.br\/portal\/?p=196044#primaryimage"},"thumbnailUrl":"https:\/\/aconteceunovale.com.br\/portal\/wp-content\/uploads\/2016\/06\/tcu_lista.jpg","keywords":["mec","P\u00e9 de Meia","Suspens\u00e3o de recursos do P\u00e9 de Meia","Suspens\u00e3o P\u00e9 de Meia","TCU","Tribunal de Contas suspende R$ 6 bilh\u00f5es do P\u00e9 de Meia"],"articleSection":["Brasil","Educa\u00e7\u00e3o"],"inLanguage":"pt-BR","potentialAction":[{"@type":"CommentAction","name":"Comment","target":["https:\/\/aconteceunovale.com.br\/portal\/?p=196044#respond"]}]},{"@type":"WebPage","@id":"https:\/\/aconteceunovale.com.br\/portal\/?p=196044","url":"https:\/\/aconteceunovale.com.br\/portal\/?p=196044","name":"Tribunal de Contas suspende R$ 6 bilh\u00f5es do P\u00e9 de Meia; MEC nega irregularidades - Aconteceu no Vale","isPartOf":{"@id":"https:\/\/aconteceunovale.com.br\/portal\/#website"},"primaryImageOfPage":{"@id":"https:\/\/aconteceunovale.com.br\/portal\/?p=196044#primaryimage"},"image":{"@id":"https:\/\/aconteceunovale.com.br\/portal\/?p=196044#primaryimage"},"thumbnailUrl":"https:\/\/aconteceunovale.com.br\/portal\/wp-content\/uploads\/2016\/06\/tcu_lista.jpg","datePublished":"2025-01-23T02:57:33+00:00","dateModified":"2025-01-23T02:57:59+00:00","author":{"@id":"https:\/\/aconteceunovale.com.br\/portal\/#\/schema\/person\/7d2f26d1483f8a63de73da1ee0754d35"},"breadcrumb":{"@id":"https:\/\/aconteceunovale.com.br\/portal\/?p=196044#breadcrumb"},"inLanguage":"pt-BR","potentialAction":[{"@type":"ReadAction","target":["https:\/\/aconteceunovale.com.br\/portal\/?p=196044"]}]},{"@type":"ImageObject","inLanguage":"pt-BR","@id":"https:\/\/aconteceunovale.com.br\/portal\/?p=196044#primaryimage","url":"https:\/\/aconteceunovale.com.br\/portal\/wp-content\/uploads\/2016\/06\/tcu_lista.jpg","contentUrl":"https:\/\/aconteceunovale.com.br\/portal\/wp-content\/uploads\/2016\/06\/tcu_lista.jpg","width":650,"height":375},{"@type":"BreadcrumbList","@id":"https:\/\/aconteceunovale.com.br\/portal\/?p=196044#breadcrumb","itemListElement":[{"@type":"ListItem","position":1,"name":"In\u00edcio","item":"https:\/\/aconteceunovale.com.br\/portal\/"},{"@type":"ListItem","position":2,"name":"Tribunal de Contas suspende R$ 6 bilh\u00f5es do P\u00e9 de Meia; MEC nega irregularidades"}]},{"@type":"WebSite","@id":"https:\/\/aconteceunovale.com.br\/portal\/#website","url":"https:\/\/aconteceunovale.com.br\/portal\/","name":"Aconteceu no Vale","description":"Portal de Not\u00edcias","potentialAction":[{"@type":"SearchAction","target":{"@type":"EntryPoint","urlTemplate":"https:\/\/aconteceunovale.com.br\/portal\/?s={search_term_string}"},"query-input":{"@type":"PropertyValueSpecification","valueRequired":true,"valueName":"search_term_string"}}],"inLanguage":"pt-BR"},{"@type":"Person","@id":"https:\/\/aconteceunovale.com.br\/portal\/#\/schema\/person\/7d2f26d1483f8a63de73da1ee0754d35","name":"Reda\u00e7\u00e3o Aconteceu no Vale","description":"Equipe de reportagem do Aconteceu no Vale, portal de not\u00edcias do Vale do Jequitinhonha, em Minas Gerais. Cobrimos as 51 cidades do Vale desde 2013. Sugest\u00f5es de pauta e pedidos de corre\u00e7\u00e3o: contato@aconteceunovale.com.br","url":"https:\/\/aconteceunovale.com.br\/portal\/?author=4"}]}},"_links":{"self":[{"href":"https:\/\/aconteceunovale.com.br\/portal\/index.php?rest_route=\/wp\/v2\/posts\/196044","targetHints":{"allow":["GET"]}}],"collection":[{"href":"https:\/\/aconteceunovale.com.br\/portal\/index.php?rest_route=\/wp\/v2\/posts"}],"about":[{"href":"https:\/\/aconteceunovale.com.br\/portal\/index.php?rest_route=\/wp\/v2\/types\/post"}],"author":[{"embeddable":true,"href":"https:\/\/aconteceunovale.com.br\/portal\/index.php?rest_route=\/wp\/v2\/users\/4"}],"replies":[{"embeddable":true,"href":"https:\/\/aconteceunovale.com.br\/portal\/index.php?rest_route=%2Fwp%2Fv2%2Fcomments&post=196044"}],"version-history":[{"count":1,"href":"https:\/\/aconteceunovale.com.br\/portal\/index.php?rest_route=\/wp\/v2\/posts\/196044\/revisions"}],"predecessor-version":[{"id":196045,"href":"https:\/\/aconteceunovale.com.br\/portal\/index.php?rest_route=\/wp\/v2\/posts\/196044\/revisions\/196045"}],"wp:featuredmedia":[{"embeddable":true,"href":"https:\/\/aconteceunovale.com.br\/portal\/index.php?rest_route=\/wp\/v2\/media\/88982"}],"wp:attachment":[{"href":"https:\/\/aconteceunovale.com.br\/portal\/index.php?rest_route=%2Fwp%2Fv2%2Fmedia&parent=196044"}],"wp:term":[{"taxonomy":"category","embeddable":true,"href":"https:\/\/aconteceunovale.com.br\/portal\/index.php?rest_route=%2Fwp%2Fv2%2Fcategories&post=196044"},{"taxonomy":"post_tag","embeddable":true,"href":"https:\/\/aconteceunovale.com.br\/portal\/index.php?rest_route=%2Fwp%2Fv2%2Ftags&post=196044"}],"curies":[{"name":"wp","href":"https:\/\/api.w.org\/{rel}","templated":true}]}}