{"id":196029,"date":"2025-01-22T22:28:08","date_gmt":"2025-01-23T01:28:08","guid":{"rendered":"https:\/\/aconteceunovale.com.br\/portal\/?p=196029"},"modified":"2025-01-22T22:29:02","modified_gmt":"2025-01-23T01:29:02","slug":"brasileiro-condenado-por-homicidio-e-preso-nos-estados-unidos","status":"publish","type":"post","link":"https:\/\/aconteceunovale.com.br\/portal\/?p=196029","title":{"rendered":"Brasileiro condenado por homic\u00eddio \u00e9 preso nos Estados Unidos"},"content":{"rendered":"\n<p class=\"wp-block-paragraph\">Um brasileiro condenado por homic\u00eddio foi preso no in\u00edcio de janeiro de 2025, em Orlando, nos Estados Unidos. O homem, que havia sido condenado a 17 anos e 6 meses de pris\u00e3o em regime fechado, estava foragido desde 2017, quando foi decretada sua pris\u00e3o preventiva. O crime ocorreu em fevereiro de 2012, em Tarumirim, no Vale do Rio Doce, quando o acusado assassinou um homem ap\u00f3s um desentendimento sobre a venda de terras que faziam divisa com a propriedade dele.<\/p>\n\n\n\n<p class=\"wp-block-paragraph\">Atualmente detido em Miami, o brasileiro aguarda a deporta\u00e7\u00e3o para o Brasil, onde iniciar\u00e1 o cumprimento de sua pena. A pris\u00e3o foi poss\u00edvel gra\u00e7as ao trabalho do Minist\u00e9rio P\u00fablico de Minas Gerais (MPMG), que, ao saber que o condenado havia entrado nos Estados Unidos, solicitou a inclus\u00e3o do mandado de pris\u00e3o no sistema da Interpol, por meio da Difus\u00e3o Vermelha, um alerta internacional.<\/p>\n\n\n\n<p class=\"wp-block-paragraph\">O promotor de Justi\u00e7a Jonas J\u00fanio Linhares Costa Monteiro destacou a import\u00e2ncia da deten\u00e7\u00e3o, afirmando que &#8220;essa pris\u00e3o representa uma importante conquista no combate \u00e0 impunidade e \u00e0 criminalidade na comarca de Tarumirim, pois reafirma o compromisso das autoridades com a Justi\u00e7a e a seguran\u00e7a p\u00fablica&#8221;.<\/p>\n","protected":false},"excerpt":{"rendered":"<p>Um brasileiro condenado por homic\u00eddio foi preso no in\u00edcio de janeiro de 2025, em Orlando, nos Estados Unidos. O homem, que havia sido condenado a 17 anos e 6 meses de pris\u00e3o em regime fechado, estava foragido desde 2017, quando foi decretada sua pris\u00e3o preventiva. O crime ocorreu em fevereiro de 2012, em Tarumirim, no [&hellip;]<\/p>\n","protected":false},"author":4,"featured_media":186688,"comment_status":"open","ping_status":"closed","sticky":false,"template":"","format":"standard","meta":{"amp_status":"","footnotes":""},"categories":[121,28848],"tags":[270297,1018,15469,15468,19675,44106,74287,270298,254839,329],"class_list":["post-196029","post","type-post","status-publish","format-standard","has-post-thumbnail","hentry","category-leste","category-mundo","tag-brasileiro-condenado-por-homicidio-e-preso-nos-estados-unidos","tag-destaque","tag-estados-unidos","tag-miami","tag-mpmg","tag-orlando","tag-preso-nos-estados-unidos","tag-preso-por-homicidio-em-tarumirim","tag-promotor-jonas-junio-linhares-costa-monteiro","tag-tarumirim"],"yoast_head":"<!-- This site is optimized with the Yoast SEO plugin v28.3 - https:\/\/yoast.com\/product\/yoast-seo-wordpress\/ -->\n<title>Brasileiro condenado por homic\u00eddio \u00e9 preso nos Estados Unidos - Aconteceu no Vale<\/title>\n<meta name=\"robots\" content=\"index, follow, max-snippet:-1, max-image-preview:large, max-video-preview:-1\" \/>\n<link rel=\"canonical\" href=\"https:\/\/aconteceunovale.com.br\/portal\/?p=196029\" \/>\n<meta property=\"og:locale\" content=\"pt_BR\" \/>\n<meta property=\"og:type\" content=\"article\" \/>\n<meta property=\"og:title\" content=\"Brasileiro condenado por homic\u00eddio \u00e9 preso nos Estados Unidos - Aconteceu no Vale\" \/>\n<meta property=\"og:description\" content=\"Um brasileiro condenado por homic\u00eddio foi preso no in\u00edcio de janeiro de 2025, em Orlando, nos Estados Unidos. O homem, que havia sido condenado a 17 anos e 6 meses de pris\u00e3o em regime fechado, estava foragido desde 2017, quando foi decretada sua pris\u00e3o preventiva. O crime ocorreu em fevereiro de 2012, em Tarumirim, no [&hellip;]\" \/>\n<meta property=\"og:url\" content=\"https:\/\/aconteceunovale.com.br\/portal\/?p=196029\" \/>\n<meta property=\"og:site_name\" content=\"Aconteceu no Vale\" \/>\n<meta property=\"article:publisher\" content=\"https:\/\/www.facebook.com\/aconteceunovale\/\" \/>\n<meta property=\"article:published_time\" content=\"2025-01-23T01:28:08+00:00\" \/>\n<meta property=\"article:modified_time\" content=\"2025-01-23T01:29:02+00:00\" \/>\n<meta property=\"og:image\" content=\"https:\/\/aconteceunovale.com.br\/portal\/wp-content\/uploads\/2022\/02\/algema_notebook.jpg\" \/>\n\t<meta property=\"og:image:width\" content=\"626\" \/>\n\t<meta property=\"og:image:height\" content=\"352\" \/>\n\t<meta property=\"og:image:type\" content=\"image\/jpeg\" \/>\n<meta name=\"author\" content=\"Reda\u00e7\u00e3o Aconteceu no Vale\" \/>\n<meta name=\"twitter:card\" content=\"summary_large_image\" \/>\n<meta name=\"twitter:creator\" content=\"@noticiadosvales\" \/>\n<meta name=\"twitter:site\" content=\"@noticiadosvales\" \/>\n<meta name=\"twitter:label1\" content=\"Escrito por\" \/>\n\t<meta name=\"twitter:data1\" content=\"Reda\u00e7\u00e3o Aconteceu no Vale\" \/>\n\t<meta name=\"twitter:label2\" content=\"Est. tempo de leitura\" \/>\n\t<meta name=\"twitter:data2\" content=\"1 minuto\" \/>\n<script type=\"application\/ld+json\" class=\"yoast-schema-graph\">{\"@context\":\"https:\\\/\\\/schema.org\",\"@graph\":[{\"@type\":\"Article\",\"@id\":\"https:\\\/\\\/aconteceunovale.com.br\\\/portal\\\/?p=196029#article\",\"isPartOf\":{\"@id\":\"https:\\\/\\\/aconteceunovale.com.br\\\/portal\\\/?p=196029\"},\"author\":{\"name\":\"Reda\u00e7\u00e3o Aconteceu no Vale\",\"@id\":\"https:\\\/\\\/aconteceunovale.com.br\\\/portal\\\/#\\\/schema\\\/person\\\/7d2f26d1483f8a63de73da1ee0754d35\"},\"headline\":\"Brasileiro condenado por homic\u00eddio \u00e9 preso nos Estados Unidos\",\"datePublished\":\"2025-01-23T01:28:08+00:00\",\"dateModified\":\"2025-01-23T01:29:02+00:00\",\"mainEntityOfPage\":{\"@id\":\"https:\\\/\\\/aconteceunovale.com.br\\\/portal\\\/?p=196029\"},\"wordCount\":213,\"commentCount\":0,\"image\":{\"@id\":\"https:\\\/\\\/aconteceunovale.com.br\\\/portal\\\/?p=196029#primaryimage\"},\"thumbnailUrl\":\"https:\\\/\\\/aconteceunovale.com.br\\\/portal\\\/wp-content\\\/uploads\\\/2022\\\/02\\\/algema_notebook.jpg\",\"keywords\":[\"Brasileiro condenado por homic\u00eddio \u00e9 preso nos Estados Unidos\",\"destaque\",\"Estados Unidos\",\"Miami\",\"MPMG\",\"Orlando\",\"preso nos estados unidos\",\"Preso por homic\u00eddio em Tarumirim\",\"Promotor Jonas J\u00fanio Linhares Costa Monteiro\",\"Tarumirim\"],\"articleSection\":[\"Leste de Minas\",\"Mundo\"],\"inLanguage\":\"pt-BR\",\"potentialAction\":[{\"@type\":\"CommentAction\",\"name\":\"Comment\",\"target\":[\"https:\\\/\\\/aconteceunovale.com.br\\\/portal\\\/?p=196029#respond\"]}]},{\"@type\":\"WebPage\",\"@id\":\"https:\\\/\\\/aconteceunovale.com.br\\\/portal\\\/?p=196029\",\"url\":\"https:\\\/\\\/aconteceunovale.com.br\\\/portal\\\/?p=196029\",\"name\":\"Brasileiro condenado por homic\u00eddio \u00e9 preso nos Estados Unidos - Aconteceu no Vale\",\"isPartOf\":{\"@id\":\"https:\\\/\\\/aconteceunovale.com.br\\\/portal\\\/#website\"},\"primaryImageOfPage\":{\"@id\":\"https:\\\/\\\/aconteceunovale.com.br\\\/portal\\\/?p=196029#primaryimage\"},\"image\":{\"@id\":\"https:\\\/\\\/aconteceunovale.com.br\\\/portal\\\/?p=196029#primaryimage\"},\"thumbnailUrl\":\"https:\\\/\\\/aconteceunovale.com.br\\\/portal\\\/wp-content\\\/uploads\\\/2022\\\/02\\\/algema_notebook.jpg\",\"datePublished\":\"2025-01-23T01:28:08+00:00\",\"dateModified\":\"2025-01-23T01:29:02+00:00\",\"author\":{\"@id\":\"https:\\\/\\\/aconteceunovale.com.br\\\/portal\\\/#\\\/schema\\\/person\\\/7d2f26d1483f8a63de73da1ee0754d35\"},\"breadcrumb\":{\"@id\":\"https:\\\/\\\/aconteceunovale.com.br\\\/portal\\\/?p=196029#breadcrumb\"},\"inLanguage\":\"pt-BR\",\"potentialAction\":[{\"@type\":\"ReadAction\",\"target\":[\"https:\\\/\\\/aconteceunovale.com.br\\\/portal\\\/?p=196029\"]}]},{\"@type\":\"ImageObject\",\"inLanguage\":\"pt-BR\",\"@id\":\"https:\\\/\\\/aconteceunovale.com.br\\\/portal\\\/?p=196029#primaryimage\",\"url\":\"https:\\\/\\\/aconteceunovale.com.br\\\/portal\\\/wp-content\\\/uploads\\\/2022\\\/02\\\/algema_notebook.jpg\",\"contentUrl\":\"https:\\\/\\\/aconteceunovale.com.br\\\/portal\\\/wp-content\\\/uploads\\\/2022\\\/02\\\/algema_notebook.jpg\",\"width\":626,\"height\":352},{\"@type\":\"BreadcrumbList\",\"@id\":\"https:\\\/\\\/aconteceunovale.com.br\\\/portal\\\/?p=196029#breadcrumb\",\"itemListElement\":[{\"@type\":\"ListItem\",\"position\":1,\"name\":\"In\u00edcio\",\"item\":\"https:\\\/\\\/aconteceunovale.com.br\\\/portal\\\/\"},{\"@type\":\"ListItem\",\"position\":2,\"name\":\"Brasileiro condenado por homic\u00eddio \u00e9 preso nos Estados Unidos\"}]},{\"@type\":\"WebSite\",\"@id\":\"https:\\\/\\\/aconteceunovale.com.br\\\/portal\\\/#website\",\"url\":\"https:\\\/\\\/aconteceunovale.com.br\\\/portal\\\/\",\"name\":\"Aconteceu no Vale\",\"description\":\"Portal de Not\u00edcias\",\"potentialAction\":[{\"@type\":\"SearchAction\",\"target\":{\"@type\":\"EntryPoint\",\"urlTemplate\":\"https:\\\/\\\/aconteceunovale.com.br\\\/portal\\\/?s={search_term_string}\"},\"query-input\":{\"@type\":\"PropertyValueSpecification\",\"valueRequired\":true,\"valueName\":\"search_term_string\"}}],\"inLanguage\":\"pt-BR\"},{\"@type\":\"Person\",\"@id\":\"https:\\\/\\\/aconteceunovale.com.br\\\/portal\\\/#\\\/schema\\\/person\\\/7d2f26d1483f8a63de73da1ee0754d35\",\"name\":\"Reda\u00e7\u00e3o Aconteceu no Vale\",\"description\":\"Equipe de reportagem do Aconteceu no Vale, portal de not\u00edcias do Vale do Jequitinhonha, em Minas Gerais. Cobrimos as 51 cidades do Vale desde 2013. Sugest\u00f5es de pauta e pedidos de corre\u00e7\u00e3o: contato@aconteceunovale.com.br\",\"url\":\"https:\\\/\\\/aconteceunovale.com.br\\\/portal\\\/?author=4\"}]}<\/script>\n<!-- \/ Yoast SEO plugin. -->","yoast_head_json":{"title":"Brasileiro condenado por homic\u00eddio \u00e9 preso nos Estados Unidos - Aconteceu no Vale","robots":{"index":"index","follow":"follow","max-snippet":"max-snippet:-1","max-image-preview":"max-image-preview:large","max-video-preview":"max-video-preview:-1"},"canonical":"https:\/\/aconteceunovale.com.br\/portal\/?p=196029","og_locale":"pt_BR","og_type":"article","og_title":"Brasileiro condenado por homic\u00eddio \u00e9 preso nos Estados Unidos - Aconteceu no Vale","og_description":"Um brasileiro condenado por homic\u00eddio foi preso no in\u00edcio de janeiro de 2025, em Orlando, nos Estados Unidos. O homem, que havia sido condenado a 17 anos e 6 meses de pris\u00e3o em regime fechado, estava foragido desde 2017, quando foi decretada sua pris\u00e3o preventiva. O crime ocorreu em fevereiro de 2012, em Tarumirim, no [&hellip;]","og_url":"https:\/\/aconteceunovale.com.br\/portal\/?p=196029","og_site_name":"Aconteceu no Vale","article_publisher":"https:\/\/www.facebook.com\/aconteceunovale\/","article_published_time":"2025-01-23T01:28:08+00:00","article_modified_time":"2025-01-23T01:29:02+00:00","og_image":[{"width":626,"height":352,"url":"https:\/\/aconteceunovale.com.br\/portal\/wp-content\/uploads\/2022\/02\/algema_notebook.jpg","type":"image\/jpeg"}],"author":"Reda\u00e7\u00e3o Aconteceu no Vale","twitter_card":"summary_large_image","twitter_creator":"@noticiadosvales","twitter_site":"@noticiadosvales","twitter_misc":{"Escrito por":"Reda\u00e7\u00e3o Aconteceu no Vale","Est. tempo de leitura":"1 minuto"},"schema":{"@context":"https:\/\/schema.org","@graph":[{"@type":"Article","@id":"https:\/\/aconteceunovale.com.br\/portal\/?p=196029#article","isPartOf":{"@id":"https:\/\/aconteceunovale.com.br\/portal\/?p=196029"},"author":{"name":"Reda\u00e7\u00e3o Aconteceu no Vale","@id":"https:\/\/aconteceunovale.com.br\/portal\/#\/schema\/person\/7d2f26d1483f8a63de73da1ee0754d35"},"headline":"Brasileiro condenado por homic\u00eddio \u00e9 preso nos Estados Unidos","datePublished":"2025-01-23T01:28:08+00:00","dateModified":"2025-01-23T01:29:02+00:00","mainEntityOfPage":{"@id":"https:\/\/aconteceunovale.com.br\/portal\/?p=196029"},"wordCount":213,"commentCount":0,"image":{"@id":"https:\/\/aconteceunovale.com.br\/portal\/?p=196029#primaryimage"},"thumbnailUrl":"https:\/\/aconteceunovale.com.br\/portal\/wp-content\/uploads\/2022\/02\/algema_notebook.jpg","keywords":["Brasileiro condenado por homic\u00eddio \u00e9 preso nos Estados Unidos","destaque","Estados Unidos","Miami","MPMG","Orlando","preso nos estados unidos","Preso por homic\u00eddio em Tarumirim","Promotor Jonas J\u00fanio Linhares Costa Monteiro","Tarumirim"],"articleSection":["Leste de Minas","Mundo"],"inLanguage":"pt-BR","potentialAction":[{"@type":"CommentAction","name":"Comment","target":["https:\/\/aconteceunovale.com.br\/portal\/?p=196029#respond"]}]},{"@type":"WebPage","@id":"https:\/\/aconteceunovale.com.br\/portal\/?p=196029","url":"https:\/\/aconteceunovale.com.br\/portal\/?p=196029","name":"Brasileiro condenado por homic\u00eddio \u00e9 preso nos Estados Unidos - Aconteceu no Vale","isPartOf":{"@id":"https:\/\/aconteceunovale.com.br\/portal\/#website"},"primaryImageOfPage":{"@id":"https:\/\/aconteceunovale.com.br\/portal\/?p=196029#primaryimage"},"image":{"@id":"https:\/\/aconteceunovale.com.br\/portal\/?p=196029#primaryimage"},"thumbnailUrl":"https:\/\/aconteceunovale.com.br\/portal\/wp-content\/uploads\/2022\/02\/algema_notebook.jpg","datePublished":"2025-01-23T01:28:08+00:00","dateModified":"2025-01-23T01:29:02+00:00","author":{"@id":"https:\/\/aconteceunovale.com.br\/portal\/#\/schema\/person\/7d2f26d1483f8a63de73da1ee0754d35"},"breadcrumb":{"@id":"https:\/\/aconteceunovale.com.br\/portal\/?p=196029#breadcrumb"},"inLanguage":"pt-BR","potentialAction":[{"@type":"ReadAction","target":["https:\/\/aconteceunovale.com.br\/portal\/?p=196029"]}]},{"@type":"ImageObject","inLanguage":"pt-BR","@id":"https:\/\/aconteceunovale.com.br\/portal\/?p=196029#primaryimage","url":"https:\/\/aconteceunovale.com.br\/portal\/wp-content\/uploads\/2022\/02\/algema_notebook.jpg","contentUrl":"https:\/\/aconteceunovale.com.br\/portal\/wp-content\/uploads\/2022\/02\/algema_notebook.jpg","width":626,"height":352},{"@type":"BreadcrumbList","@id":"https:\/\/aconteceunovale.com.br\/portal\/?p=196029#breadcrumb","itemListElement":[{"@type":"ListItem","position":1,"name":"In\u00edcio","item":"https:\/\/aconteceunovale.com.br\/portal\/"},{"@type":"ListItem","position":2,"name":"Brasileiro condenado por homic\u00eddio \u00e9 preso nos Estados Unidos"}]},{"@type":"WebSite","@id":"https:\/\/aconteceunovale.com.br\/portal\/#website","url":"https:\/\/aconteceunovale.com.br\/portal\/","name":"Aconteceu no Vale","description":"Portal de Not\u00edcias","potentialAction":[{"@type":"SearchAction","target":{"@type":"EntryPoint","urlTemplate":"https:\/\/aconteceunovale.com.br\/portal\/?s={search_term_string}"},"query-input":{"@type":"PropertyValueSpecification","valueRequired":true,"valueName":"search_term_string"}}],"inLanguage":"pt-BR"},{"@type":"Person","@id":"https:\/\/aconteceunovale.com.br\/portal\/#\/schema\/person\/7d2f26d1483f8a63de73da1ee0754d35","name":"Reda\u00e7\u00e3o Aconteceu no Vale","description":"Equipe de reportagem do Aconteceu no Vale, portal de not\u00edcias do Vale do Jequitinhonha, em Minas Gerais. Cobrimos as 51 cidades do Vale desde 2013. Sugest\u00f5es de pauta e pedidos de corre\u00e7\u00e3o: contato@aconteceunovale.com.br","url":"https:\/\/aconteceunovale.com.br\/portal\/?author=4"}]}},"_links":{"self":[{"href":"https:\/\/aconteceunovale.com.br\/portal\/index.php?rest_route=\/wp\/v2\/posts\/196029","targetHints":{"allow":["GET"]}}],"collection":[{"href":"https:\/\/aconteceunovale.com.br\/portal\/index.php?rest_route=\/wp\/v2\/posts"}],"about":[{"href":"https:\/\/aconteceunovale.com.br\/portal\/index.php?rest_route=\/wp\/v2\/types\/post"}],"author":[{"embeddable":true,"href":"https:\/\/aconteceunovale.com.br\/portal\/index.php?rest_route=\/wp\/v2\/users\/4"}],"replies":[{"embeddable":true,"href":"https:\/\/aconteceunovale.com.br\/portal\/index.php?rest_route=%2Fwp%2Fv2%2Fcomments&post=196029"}],"version-history":[{"count":1,"href":"https:\/\/aconteceunovale.com.br\/portal\/index.php?rest_route=\/wp\/v2\/posts\/196029\/revisions"}],"predecessor-version":[{"id":196030,"href":"https:\/\/aconteceunovale.com.br\/portal\/index.php?rest_route=\/wp\/v2\/posts\/196029\/revisions\/196030"}],"wp:featuredmedia":[{"embeddable":true,"href":"https:\/\/aconteceunovale.com.br\/portal\/index.php?rest_route=\/wp\/v2\/media\/186688"}],"wp:attachment":[{"href":"https:\/\/aconteceunovale.com.br\/portal\/index.php?rest_route=%2Fwp%2Fv2%2Fmedia&parent=196029"}],"wp:term":[{"taxonomy":"category","embeddable":true,"href":"https:\/\/aconteceunovale.com.br\/portal\/index.php?rest_route=%2Fwp%2Fv2%2Fcategories&post=196029"},{"taxonomy":"post_tag","embeddable":true,"href":"https:\/\/aconteceunovale.com.br\/portal\/index.php?rest_route=%2Fwp%2Fv2%2Ftags&post=196029"}],"curies":[{"name":"wp","href":"https:\/\/api.w.org\/{rel}","templated":true}]}}