{"id":19601,"date":"2014-01-27T13:50:39","date_gmt":"2014-01-27T15:50:39","guid":{"rendered":"http:\/\/aconteceunovale.com.br\/portal\/?p=19601"},"modified":"2014-01-27T13:50:39","modified_gmt":"2014-01-27T15:50:39","slug":"frigorifico-de-sabinopolis-voltara-a-funcionar-em-breve","status":"publish","type":"post","link":"https:\/\/aconteceunovale.com.br\/portal\/?p=19601","title":{"rendered":"Frigor\u00edfico de Sabin\u00f3polis voltar\u00e1 a funcionar em breve"},"content":{"rendered":"<p>O Conselho de Pol\u00edtica Ambiental (Copam) concedeu, no final do ano passado, a autoriza\u00e7\u00e3o (Licen\u00e7a de Opera\u00e7\u00e3o Corretiva) para que o frigor\u00edfico de Sabin\u00f3polis seja reativado, o que dever\u00e1 ocorrer em breve. O frigor\u00edfico, que existe e est\u00e1 paralisado h\u00e1 muitos anos era controlado pela Prefeitura, a quem pertence inclusive as constru\u00e7\u00f5es e o terreno.<\/p>\n<p><img decoding=\"async\" src=\"http:\/\/aconteceunovale.com.br\/portal\/wp-content\/uploads\/2014\/01\/frigorifico_de_sabinopolis.jpg\" alt=\"\" \/><br \/>\n<em><strong>(Foto: Jornal Conex\u00e3o)<\/strong><\/em><\/p>\n<p>De acordo com a ata do Copam, a Prefeitura decidiu arrendar o empreendimento, em regime de comodato, para \u201cevitar gastos e a quest\u00e3o pol\u00edtica\u201d. O novo empreendimento est\u00e1 registrado como microempresa em nome de D\u00e9bora Barroso Mour\u00e3o, tendo como propriet\u00e1rio tamb\u00e9m o pai dela, Virg\u00edlio Barroso Mour\u00e3o.<\/p>\n<p>O empreendimento encontra-se localizado numa \u00e1rea rural cont\u00edgua \u00e0 \u00e1rea urbana do munic\u00edpio (3 km). Perto dele n\u00e3o existe nenhum n\u00facleo urbano e nenhuma casa habitada, s\u00f3 pastagem pr\u00f3xima e o asfalto. A mais de 30 metros de dist\u00e2ncia passa o c\u00f3rrego Corrente, que vem da cidade de Sabin\u00f3polis j\u00e1 com uma carga de polui\u00e7\u00e3o alta, haja vista a cidade n\u00e3o ter nenhuma estrutura de capta\u00e7\u00e3o e tratamento dos efluentes sanit\u00e1rios. Dentro da \u00e1rea do empreendimento existe uma casa de morador, o qual \u00e9 funcion\u00e1rio do matadouro. O processo produtivo utilizar\u00e1 cerca de dez funcion\u00e1rios.<\/p>\n<p>O Matadouro possui duas c\u00e2maras frigor\u00edficas, sendo uma para bovinos e outra para su\u00ednos. Ser\u00e3o abatidos no m\u00e1ximo 35 animais por dia que ser\u00e3o fornecidos aos a\u00e7ougues do munic\u00edpio. O empreendimento n\u00e3o contar\u00e1 com graxearia mesmo tendo em sua \u00e1rea uma estrutura j\u00e1 abandonada. Segundo o empreendedor, como o n\u00famero de animais abatidos \u00e9 pequeno, n\u00e3o justifica o funcionamento da mesma. <\/p>\n<p>Os animais abatidos t\u00eam duas proced\u00eancias: adquiridos pelo empreendedor (su\u00ednos e bovinos) ou pelos a\u00e7ougues do munic\u00edpio (neste caso o empreendedor cobra uma pequena taxa de abate). \u201cCom isto em pr\u00e1tica, com esta parceria entre a\u00e7ougueiros e matadouro, espera-se reduzir sobremaneira a quantidade de consumo de carne sem proced\u00eancia\u201d, informa o Copam.<\/p>\n<p><em><strong>(Via Jornal Conex\u00e3o)<\/strong><\/em><\/p>\n","protected":false},"excerpt":{"rendered":"<p>O Conselho de Pol\u00edtica Ambiental (Copam) concedeu, no final do ano passado, a autoriza\u00e7\u00e3o (Licen\u00e7a de Opera\u00e7\u00e3o Corretiva) para que o frigor\u00edfico de Sabin\u00f3polis seja reativado, o que dever\u00e1 ocorrer em breve. O frigor\u00edfico, que existe e est\u00e1 paralisado h\u00e1 muitos anos era controlado pela Prefeitura, a quem pertence inclusive as constru\u00e7\u00f5es e o terreno. [&hellip;]<\/p>\n","protected":false},"author":1,"featured_media":19602,"comment_status":"open","ping_status":"closed","sticky":false,"template":"","format":"standard","meta":{"amp_status":"","footnotes":""},"categories":[121],"tags":[3609,310],"class_list":["post-19601","post","type-post","status-publish","format-standard","has-post-thumbnail","hentry","category-leste","tag-frigorifico-de-sabinopolis-voltara-a-funcionar-em-breve","tag-sabinopolis"],"_links":{"self":[{"href":"https:\/\/aconteceunovale.com.br\/portal\/index.php?rest_route=\/wp\/v2\/posts\/19601","targetHints":{"allow":["GET"]}}],"collection":[{"href":"https:\/\/aconteceunovale.com.br\/portal\/index.php?rest_route=\/wp\/v2\/posts"}],"about":[{"href":"https:\/\/aconteceunovale.com.br\/portal\/index.php?rest_route=\/wp\/v2\/types\/post"}],"author":[{"embeddable":true,"href":"https:\/\/aconteceunovale.com.br\/portal\/index.php?rest_route=\/wp\/v2\/users\/1"}],"replies":[{"embeddable":true,"href":"https:\/\/aconteceunovale.com.br\/portal\/index.php?rest_route=%2Fwp%2Fv2%2Fcomments&post=19601"}],"version-history":[{"count":0,"href":"https:\/\/aconteceunovale.com.br\/portal\/index.php?rest_route=\/wp\/v2\/posts\/19601\/revisions"}],"wp:featuredmedia":[{"embeddable":true,"href":"https:\/\/aconteceunovale.com.br\/portal\/index.php?rest_route=\/wp\/v2\/media\/19602"}],"wp:attachment":[{"href":"https:\/\/aconteceunovale.com.br\/portal\/index.php?rest_route=%2Fwp%2Fv2%2Fmedia&parent=19601"}],"wp:term":[{"taxonomy":"category","embeddable":true,"href":"https:\/\/aconteceunovale.com.br\/portal\/index.php?rest_route=%2Fwp%2Fv2%2Fcategories&post=19601"},{"taxonomy":"post_tag","embeddable":true,"href":"https:\/\/aconteceunovale.com.br\/portal\/index.php?rest_route=%2Fwp%2Fv2%2Ftags&post=19601"}],"curies":[{"name":"wp","href":"https:\/\/api.w.org\/{rel}","templated":true}]}}