{"id":19593,"date":"2014-01-27T13:18:21","date_gmt":"2014-01-27T15:18:21","guid":{"rendered":"http:\/\/aconteceunovale.com.br\/portal\/?p=19593"},"modified":"2014-01-27T13:18:21","modified_gmt":"2014-01-27T15:18:21","slug":"projeto-de-mineracao-no-vale-do-jequitinhonha-comeca-a-sair-do-papel","status":"publish","type":"post","link":"https:\/\/aconteceunovale.com.br\/portal\/?p=19593","title":{"rendered":"Projeto de minera\u00e7\u00e3o no Vale do Jequitinhonha come\u00e7a a sair do papel"},"content":{"rendered":"<p>Come\u00e7ou a sair do papel o maior projeto de minera\u00e7\u00e3o no Norte de Minas e Vale do Jequitinhonha, com investimentos previstos em US$ 3 bilh\u00f5es.<\/p>\n<p>O empreendimento tem como s\u00f3cios a Sul Americana de Metais (SAM), empresa do Grupo Votorantim criada em 2006, e a chinesa Honbridge Holding. O di\u00e1rio oficial do Estado publicou decreto do governador Antonio Anastasia declarando de utilidade p\u00fablica \u00e1reas em nove munic\u00edpios a serem desapropriadas por causa do projeto.<\/p>\n<p><img decoding=\"async\" src=\"http:\/\/aconteceunovale.com.br\/portal\/wp-content\/uploads\/2014\/01\/vale_das_cancelas.jpg\" alt=\"\" \/><br \/>\n<em><strong>Vale das Cancelas<\/strong><\/em><\/p>\n<p>Mas n\u00e3o conv\u00e9m comemorar investimentos t\u00e3o grandes numa regi\u00e3o pobre de Minas antes que algumas quest\u00f5es sejam esclarecidas.<\/p>\n<p>Muito j\u00e1 se disse sobre a inconveni\u00eancia do transporte por mineroduto, em vez de ferrovia, numa regi\u00e3o em que a \u00e1gua \u00e9 escassa.<\/p>\n<p>Mas as empresas insistem que, devido ao baixo teor de ferro no min\u00e9rio da regi\u00e3o, s\u00f3 compensaria investir se esse fosse o meio de transporte.<\/p>\n<p>Anuncia-se ent\u00e3o a constru\u00e7\u00e3o de um mineroduto de 482 quil\u00f4metros entre a usina de beneficiamento, em Gr\u00e3o Mogol, no Vale do Jequitinhonha e um porto em Ilh\u00e9us, no Sul da Bahia.<\/p>\n<p>Quando diretores da SAM compareceram, no dia 5 de dezembro de 2012, \u00e0 audi\u00eancia p\u00fablica da Assembleia Legislativa de Minas para defender a constru\u00e7\u00e3o do mineroduto, eles informaram que, como medida compensat\u00f3ria, seriam constru\u00eddas duas barragens.<\/p>\n<p>Uma no c\u00f3rrego do Vale, com investimentos previstos de R$ 6 milh\u00f5es, e outra no rio Vacaria, de R$ 46 milh\u00f5es.<\/p>\n<p>A primeira com o objetivo exclusivo de atender \u00e0 comunidade do Vale das Cancelas. A segunda teria 40% do volume de \u00e1gua destinado \u00e0 popula\u00e7\u00e3o das cidades do entorno. E que 12 milh\u00f5es de metros c\u00fabicos de \u00e1gua seriam consumidos anualmente pelo mineroduto, num prazo m\u00ednimo de 25 anos.<\/p>\n<p>No notici\u00e1rio divulgado agora, essas barragens sumiram. O motivo: a SAM conseguiu junto \u00e0 Ag\u00eancia Nacional de \u00c1guas (Ana) outorga para capta\u00e7\u00e3o de 6.200 metros c\u00fabicos de \u00e1gua por hora na represa de Irap\u00e9, no munic\u00edpio de Berilo.<\/p>\n<p>N\u00e3o \u00e9 a mesma represa constru\u00edda pela Cemig para abastecer a Usina Hidrel\u00e9trica de Irap\u00e9, inaugurada em junho de 2006, com capacidade de gera\u00e7\u00e3o de 360 MW? Imagina-se que a estatal mineira tenha concordado com isso, pois ter\u00e1 o empreendimento da SAM como grande cliente.<\/p>\n<p>Mas e a popula\u00e7\u00e3o local, que esperava a constru\u00e7\u00e3o das duas barragens? No site da SAM, a \u00fanica promessa que persiste, conforme o v\u00eddeo institucional, \u00e9 que com a recupera\u00e7\u00e3o ambiental da mina, quando ela se esgotar, daqui a pelo menos 25 anos, ser\u00e1 formado na sua cava um grande lago \u201cque poder\u00e1 ter uso voltado para a popula\u00e7\u00e3o\u201d.<\/p>\n<p>O projeto, compreendendo a mina, o mineroduto e o porto, est\u00e1 em fase de licenciamento ambiental pelo Instituto Brasileiro do Meio Ambiente e dos Recursos Naturais Renov\u00e1veis (Ibama). H\u00e1 tempo, portanto, para uma resposta aos questionamentos.<\/p>\n<p><em><strong>(Fonte: Jornal Hoje em Dia)<\/strong><\/em><\/p>\n","protected":false},"excerpt":{"rendered":"<p>Come\u00e7ou a sair do papel o maior projeto de minera\u00e7\u00e3o no Norte de Minas e Vale do Jequitinhonha, com investimentos previstos em US$ 3 bilh\u00f5es. O empreendimento tem como s\u00f3cios a Sul Americana de Metais (SAM), empresa do Grupo Votorantim criada em 2006, e a chinesa Honbridge Holding. O di\u00e1rio oficial do Estado publicou decreto [&hellip;]<\/p>\n","protected":false},"author":1,"featured_media":19595,"comment_status":"open","ping_status":"closed","sticky":false,"template":"","format":"standard","meta":{"amp_status":"","footnotes":""},"categories":[120],"tags":[841,1153,3606],"class_list":["post-19593","post","type-post","status-publish","format-standard","has-post-thumbnail","hentry","category-jequi","tag-berilo","tag-grao-mogol","tag-projeto-de-mineracao-no-vale-do-jequitinhonha-comeca-a-sair-do-papel"],"_links":{"self":[{"href":"https:\/\/aconteceunovale.com.br\/portal\/index.php?rest_route=\/wp\/v2\/posts\/19593","targetHints":{"allow":["GET"]}}],"collection":[{"href":"https:\/\/aconteceunovale.com.br\/portal\/index.php?rest_route=\/wp\/v2\/posts"}],"about":[{"href":"https:\/\/aconteceunovale.com.br\/portal\/index.php?rest_route=\/wp\/v2\/types\/post"}],"author":[{"embeddable":true,"href":"https:\/\/aconteceunovale.com.br\/portal\/index.php?rest_route=\/wp\/v2\/users\/1"}],"replies":[{"embeddable":true,"href":"https:\/\/aconteceunovale.com.br\/portal\/index.php?rest_route=%2Fwp%2Fv2%2Fcomments&post=19593"}],"version-history":[{"count":0,"href":"https:\/\/aconteceunovale.com.br\/portal\/index.php?rest_route=\/wp\/v2\/posts\/19593\/revisions"}],"wp:featuredmedia":[{"embeddable":true,"href":"https:\/\/aconteceunovale.com.br\/portal\/index.php?rest_route=\/wp\/v2\/media\/19595"}],"wp:attachment":[{"href":"https:\/\/aconteceunovale.com.br\/portal\/index.php?rest_route=%2Fwp%2Fv2%2Fmedia&parent=19593"}],"wp:term":[{"taxonomy":"category","embeddable":true,"href":"https:\/\/aconteceunovale.com.br\/portal\/index.php?rest_route=%2Fwp%2Fv2%2Fcategories&post=19593"},{"taxonomy":"post_tag","embeddable":true,"href":"https:\/\/aconteceunovale.com.br\/portal\/index.php?rest_route=%2Fwp%2Fv2%2Ftags&post=19593"}],"curies":[{"name":"wp","href":"https:\/\/api.w.org\/{rel}","templated":true}]}}