{"id":195860,"date":"2025-01-21T10:17:58","date_gmt":"2025-01-21T13:17:58","guid":{"rendered":"https:\/\/aconteceunovale.com.br\/portal\/?p=195860"},"modified":"2025-01-21T14:07:20","modified_gmt":"2025-01-21T17:07:20","slug":"acidente-deixa-vereadores-feridos-na-br-367","status":"publish","type":"post","link":"https:\/\/aconteceunovale.com.br\/portal\/?p=195860","title":{"rendered":"Acidente deixa vereadores feridos na BR-367"},"content":{"rendered":"\n<p>Uma colis\u00e3o envolvendo dois ve\u00edculos deixou quatro pessoas feridas na altura do quil\u00f4metro 518 da rodovia BR\/MGC-367, pr\u00f3ximo ao Posto Seabra (regi\u00e3o de Couto de Magalh\u00e3es de Minas), na madrugada desta ter\u00e7a-feira (21\/1\/2025). O acidente ocorreu por volta de 1h40 e envolveu uma caminhonete Volkswagen Amarok, da cidade de Itaobim (MG), e um ve\u00edculo Volkswagen Virtus pertencente \u00e0 C\u00e2mara Municipal de Mata Verde (MG).<\/p>\n\n\n\n<figure class=\"wp-block-gallery has-nested-images columns-default is-cropped wp-block-gallery-1 is-layout-flex wp-block-gallery-is-layout-flex\">\n<figure class=\"wp-block-image size-large\"><img loading=\"lazy\" decoding=\"async\" width=\"678\" height=\"428\" data-id=\"195861\" src=\"https:\/\/aconteceunovale.com.br\/portal\/wp-content\/uploads\/2025\/01\/acidente_367_1.jpg\" alt=\"\" class=\"wp-image-195861\" srcset=\"https:\/\/aconteceunovale.com.br\/portal\/wp-content\/uploads\/2025\/01\/acidente_367_1.jpg 678w, https:\/\/aconteceunovale.com.br\/portal\/wp-content\/uploads\/2025\/01\/acidente_367_1-300x189.jpg 300w, https:\/\/aconteceunovale.com.br\/portal\/wp-content\/uploads\/2025\/01\/acidente_367_1-665x420.jpg 665w\" sizes=\"auto, (max-width: 678px) 100vw, 678px\" \/><figcaption class=\"wp-element-caption\"><em>Foto: Divulga\u00e7\u00e3o \/ Pol\u00edcia Militar Rodovi\u00e1ria<\/em><\/figcaption><\/figure>\n<\/figure>\n\n\n\n<p>De acordo com a Pol\u00edcia Militar Rodovi\u00e1ria, tr\u00eas dos quatro feridos s\u00e3o vereadores do munic\u00edpio localizado no Baixo Jequitinhonha e estavam no Virtus. Os ocupantes da Amarok, por sua vez, n\u00e3o sofreram ferimentos. As v\u00edtimas foram socorridas e encaminhadas para um hospital em Diamantina, onde receberam atendimento m\u00e9dico.<\/p>\n\n\n\n<p>As causas do acidente ainda n\u00e3o foram divulgadas, e as autoridades devem realizar uma investiga\u00e7\u00e3o para esclarecer as circunst\u00e2ncias da colis\u00e3o. <\/p>\n\n\n\n<figure class=\"wp-block-gallery has-nested-images columns-default is-cropped wp-block-gallery-2 is-layout-flex wp-block-gallery-is-layout-flex\">\n<figure class=\"wp-block-image size-large\"><img loading=\"lazy\" decoding=\"async\" width=\"678\" height=\"440\" data-id=\"195862\" src=\"https:\/\/aconteceunovale.com.br\/portal\/wp-content\/uploads\/2025\/01\/acidente_367_3.png\" alt=\"\" class=\"wp-image-195862\" srcset=\"https:\/\/aconteceunovale.com.br\/portal\/wp-content\/uploads\/2025\/01\/acidente_367_3.png 678w, https:\/\/aconteceunovale.com.br\/portal\/wp-content\/uploads\/2025\/01\/acidente_367_3-300x195.png 300w, https:\/\/aconteceunovale.com.br\/portal\/wp-content\/uploads\/2025\/01\/acidente_367_3-647x420.png 647w\" sizes=\"auto, (max-width: 678px) 100vw, 678px\" \/><figcaption class=\"wp-element-caption\"><em>Foto: Divulga\u00e7\u00e3o \/ Pol\u00edcia Militar Rodovi\u00e1ria<\/em><\/figcaption><\/figure>\n<\/figure>\n\n\n\n<h2 class=\"wp-block-heading\"><strong>V\u00edtimas<\/strong><\/h2>\n\n\n\n<p>De acordo com a C\u00e2mara Municipal de Mata Verde, no momento do acidente, o ve\u00edculo era ocupado pelos vereadores Jos\u00e9 Ricardo Gon\u00e7alves da Silva, conhecido como Xax\u00e1 da Sa\u00fade (presidente da Casa Legislativa), Pablo Soares Santos, chamado de Pablo do Sindicato, e Fernando Ferreira Mares Neto, conhecido como Fernandinho da Marmoraria, al\u00e9m do motorista. Todos passam bem. O condutor sofreu um ferimento mais grave, mas sem gravidade significativa.<\/p>\n","protected":false},"excerpt":{"rendered":"<p>Uma colis\u00e3o envolvendo dois ve\u00edculos deixou quatro pessoas feridas na altura do quil\u00f4metro 518 da rodovia BR\/MGC-367, pr\u00f3ximo ao Posto Seabra (regi\u00e3o de Couto de Magalh\u00e3es de Minas), na madrugada desta ter\u00e7a-feira (21\/1\/2025). O acidente ocorreu por volta de 1h40 e envolveu uma caminhonete Volkswagen Amarok, da cidade de Itaobim (MG), e um ve\u00edculo Volkswagen [&hellip;]<\/p>\n","protected":false},"author":4,"featured_media":195861,"comment_status":"open","ping_status":"closed","sticky":false,"template":"","format":"standard","meta":{"amp_status":"","footnotes":""},"categories":[120],"tags":[270145,270146,270144,208665,269907,2016,4115,1018,198,391,355],"class_list":["post-195860","post","type-post","status-publish","format-standard","has-post-thumbnail","hentry","category-jequi","tag-acidente-com-carro-da-camara-de-mata-verde","tag-acidente-com-vereadores-de-mata-verde","tag-acidente-deixa-vereadores-feridos-na-br-367","tag-acidente-na-br-367-2","tag-acidente-perto-do-posto-seabra","tag-br-367","tag-couto-de-magalhaes-de-minas","tag-destaque","tag-diamantina","tag-itaobim","tag-mata-verde"],"_links":{"self":[{"href":"https:\/\/aconteceunovale.com.br\/portal\/index.php?rest_route=\/wp\/v2\/posts\/195860","targetHints":{"allow":["GET"]}}],"collection":[{"href":"https:\/\/aconteceunovale.com.br\/portal\/index.php?rest_route=\/wp\/v2\/posts"}],"about":[{"href":"https:\/\/aconteceunovale.com.br\/portal\/index.php?rest_route=\/wp\/v2\/types\/post"}],"author":[{"embeddable":true,"href":"https:\/\/aconteceunovale.com.br\/portal\/index.php?rest_route=\/wp\/v2\/users\/4"}],"replies":[{"embeddable":true,"href":"https:\/\/aconteceunovale.com.br\/portal\/index.php?rest_route=%2Fwp%2Fv2%2Fcomments&post=195860"}],"version-history":[{"count":2,"href":"https:\/\/aconteceunovale.com.br\/portal\/index.php?rest_route=\/wp\/v2\/posts\/195860\/revisions"}],"predecessor-version":[{"id":195898,"href":"https:\/\/aconteceunovale.com.br\/portal\/index.php?rest_route=\/wp\/v2\/posts\/195860\/revisions\/195898"}],"wp:featuredmedia":[{"embeddable":true,"href":"https:\/\/aconteceunovale.com.br\/portal\/index.php?rest_route=\/wp\/v2\/media\/195861"}],"wp:attachment":[{"href":"https:\/\/aconteceunovale.com.br\/portal\/index.php?rest_route=%2Fwp%2Fv2%2Fmedia&parent=195860"}],"wp:term":[{"taxonomy":"category","embeddable":true,"href":"https:\/\/aconteceunovale.com.br\/portal\/index.php?rest_route=%2Fwp%2Fv2%2Fcategories&post=195860"},{"taxonomy":"post_tag","embeddable":true,"href":"https:\/\/aconteceunovale.com.br\/portal\/index.php?rest_route=%2Fwp%2Fv2%2Ftags&post=195860"}],"curies":[{"name":"wp","href":"https:\/\/api.w.org\/{rel}","templated":true}]}}