{"id":195857,"date":"2025-01-21T09:35:59","date_gmt":"2025-01-21T12:35:59","guid":{"rendered":"https:\/\/aconteceunovale.com.br\/portal\/?p=195857"},"modified":"2025-01-21T09:36:55","modified_gmt":"2025-01-21T12:36:55","slug":"programa-de-estagio-do-sebrae-minas-oferece-vagas-nos-vales-do-aco-e-rio-doce","status":"publish","type":"post","link":"https:\/\/aconteceunovale.com.br\/portal\/?p=195857","title":{"rendered":"Programa de est\u00e1gio do Sebrae Minas oferece vagas nos vales do A\u00e7o e Rio Doce"},"content":{"rendered":"\n<p>Estudantes de Ensino Superior interessados em ingressar no mercado de trabalho podem se inscrever no <strong>Programa de Est\u00e1gio 2025<\/strong> do Sebrae Minas. As vagas est\u00e3o dispon\u00edveis nas regi\u00f5es Rio Doce e Vale do A\u00e7o, abrangendo os munic\u00edpios de Ipatinga, Governador Valadares, Caratinga, Aimor\u00e9s, Guanh\u00e3es, Itabira e Jo\u00e3o Monlevade. As inscri\u00e7\u00f5es est\u00e3o abertas at\u00e9 o dia 31 de janeiro e devem ser realizadas pelo site <strong><a href=\"https:\/\/estagio.sebraemg.com.br\/\" target=\"_blank\" rel=\"noreferrer noopener\">estagio.sebraemg.com.br<\/a><\/strong>.<\/p>\n\n\n\n<p>O est\u00e1gio tem dura\u00e7\u00e3o inicial de um ano, com possibilidade de renova\u00e7\u00e3o por igual per\u00edodo. O programa tem como objetivo promover o desenvolvimento de saberes e compet\u00eancias dos estudantes, preparando-os para o mercado de trabalho.<\/p>\n\n\n\n<h3 class=\"wp-block-heading\">Processo seletivo e benef\u00edcios<\/h3>\n\n\n\n<p>Os candidatos selecionados passam a integrar o banco de talentos do Sebrae Minas e s\u00e3o convocados conforme a abertura de vagas. Para participar, \u00e9 necess\u00e1rio realizar um novo cadastro, mesmo que o estudante tenha se inscrito em edi\u00e7\u00f5es anteriores do programa.<\/p>\n\n\n\n<p>A bolsa-aux\u00edlio oferecida varia de acordo com o tempo de est\u00e1gio: R$ 1.242,51 no primeiro ano e R$ 1.490,09 no segundo ano, para uma jornada di\u00e1ria de seis horas. Al\u00e9m disso, os estagi\u00e1rios contam com benef\u00edcios como:<\/p>\n\n\n\n<ul class=\"wp-block-list\">\n<li><strong>Vale-alimenta\u00e7\u00e3o<\/strong>;<\/li>\n\n\n\n<li><strong>Vale-transporte<\/strong>, conforme necessidade;<\/li>\n\n\n\n<li><strong>Seguro de vida<\/strong>;<\/li>\n\n\n\n<li>Acesso a sess\u00f5es de terapia on-line por meio da plataforma Vittude;<\/li>\n\n\n\n<li>Subs\u00eddio em planos de atividades f\u00edsicas por meio do Gympass.<\/li>\n<\/ul>\n\n\n\n<p>Os estagi\u00e1rios tamb\u00e9m t\u00eam acesso \u00e0 Universidade Corporativa do Sebrae Minas, que oferece cursos, oficinas, eventos e outras atividades de capacita\u00e7\u00e3o, tanto on-line quanto presenciais.<\/p>\n","protected":false},"excerpt":{"rendered":"<p>Estudantes de Ensino Superior interessados em ingressar no mercado de trabalho podem se inscrever no Programa de Est\u00e1gio 2025 do Sebrae Minas. As vagas est\u00e3o dispon\u00edveis nas regi\u00f5es Rio Doce e Vale do A\u00e7o, abrangendo os munic\u00edpios de Ipatinga, Governador Valadares, Caratinga, Aimor\u00e9s, Guanh\u00e3es, Itabira e Jo\u00e3o Monlevade. As inscri\u00e7\u00f5es est\u00e3o abertas at\u00e9 o dia [&hellip;]<\/p>\n","protected":false},"author":4,"featured_media":195858,"comment_status":"open","ping_status":"closed","sticky":false,"template":"","format":"standard","meta":{"amp_status":"","footnotes":""},"categories":[40236,121],"tags":[273,237,247,155,201,202,1102,270143,270142,44759],"class_list":["post-195857","post","type-post","status-publish","format-standard","has-post-thumbnail","hentry","category-empregos-2","category-leste","tag-aimores","tag-caratinga","tag-governador-valadares","tag-guanhaes","tag-ipatinga","tag-itabira","tag-joao-monlevade","tag-programa-de-estagio-do-sebrae-minas","tag-programa-de-estagio-do-sebrae-minas-oferece-vagas-nos-vales-do-aco-e-rio-doce","tag-sebrae-minas"],"_links":{"self":[{"href":"https:\/\/aconteceunovale.com.br\/portal\/index.php?rest_route=\/wp\/v2\/posts\/195857","targetHints":{"allow":["GET"]}}],"collection":[{"href":"https:\/\/aconteceunovale.com.br\/portal\/index.php?rest_route=\/wp\/v2\/posts"}],"about":[{"href":"https:\/\/aconteceunovale.com.br\/portal\/index.php?rest_route=\/wp\/v2\/types\/post"}],"author":[{"embeddable":true,"href":"https:\/\/aconteceunovale.com.br\/portal\/index.php?rest_route=\/wp\/v2\/users\/4"}],"replies":[{"embeddable":true,"href":"https:\/\/aconteceunovale.com.br\/portal\/index.php?rest_route=%2Fwp%2Fv2%2Fcomments&post=195857"}],"version-history":[{"count":1,"href":"https:\/\/aconteceunovale.com.br\/portal\/index.php?rest_route=\/wp\/v2\/posts\/195857\/revisions"}],"predecessor-version":[{"id":195859,"href":"https:\/\/aconteceunovale.com.br\/portal\/index.php?rest_route=\/wp\/v2\/posts\/195857\/revisions\/195859"}],"wp:featuredmedia":[{"embeddable":true,"href":"https:\/\/aconteceunovale.com.br\/portal\/index.php?rest_route=\/wp\/v2\/media\/195858"}],"wp:attachment":[{"href":"https:\/\/aconteceunovale.com.br\/portal\/index.php?rest_route=%2Fwp%2Fv2%2Fmedia&parent=195857"}],"wp:term":[{"taxonomy":"category","embeddable":true,"href":"https:\/\/aconteceunovale.com.br\/portal\/index.php?rest_route=%2Fwp%2Fv2%2Fcategories&post=195857"},{"taxonomy":"post_tag","embeddable":true,"href":"https:\/\/aconteceunovale.com.br\/portal\/index.php?rest_route=%2Fwp%2Fv2%2Ftags&post=195857"}],"curies":[{"name":"wp","href":"https:\/\/api.w.org\/{rel}","templated":true}]}}