{"id":195743,"date":"2025-01-19T20:03:31","date_gmt":"2025-01-19T23:03:31","guid":{"rendered":"https:\/\/aconteceunovale.com.br\/portal\/?p=195743"},"modified":"2025-01-19T20:04:17","modified_gmt":"2025-01-19T23:04:17","slug":"villa-nova-vence-o-democrata-na-estreia-do-campeonato-mineiro-2025","status":"publish","type":"post","link":"https:\/\/aconteceunovale.com.br\/portal\/?p=195743","title":{"rendered":"Villa Nova vence o Democrata na estreia do Campeonato Mineiro 2025"},"content":{"rendered":"\n<p>O Villa Nova come\u00e7ou sua campanha no Campeonato Mineiro 2025 com uma vit\u00f3ria por 1 a 0 sobre o Democrata, na manh\u00e3 deste domingo (19\/1), no est\u00e1dio Mammoud Abbas, em Governador Valadares. O gol da vit\u00f3ria foi marcado por Vin\u00edcius Tanque, aos 43 minutos do primeiro tempo. Com o resultado, o Villa Nova somou os primeiros tr\u00eas pontos no Grupo C da competi\u00e7\u00e3o.<\/p>\n\n\n\n<figure class=\"wp-block-gallery has-nested-images columns-default is-cropped wp-block-gallery-1 is-layout-flex wp-block-gallery-is-layout-flex\">\n<figure class=\"wp-block-image size-large\"><img loading=\"lazy\" decoding=\"async\" width=\"675\" height=\"450\" data-id=\"195744\" src=\"https:\/\/aconteceunovale.com.br\/portal\/wp-content\/uploads\/2025\/01\/villa_nova_gv.png\" alt=\"\" class=\"wp-image-195744\" srcset=\"https:\/\/aconteceunovale.com.br\/portal\/wp-content\/uploads\/2025\/01\/villa_nova_gv.png 675w, https:\/\/aconteceunovale.com.br\/portal\/wp-content\/uploads\/2025\/01\/villa_nova_gv-300x200.png 300w, https:\/\/aconteceunovale.com.br\/portal\/wp-content\/uploads\/2025\/01\/villa_nova_gv-630x420.png 630w\" sizes=\"auto, (max-width: 675px) 100vw, 675px\" \/><figcaption class=\"wp-element-caption\"><em>Foto: Eude Fot\u00f3grafo \/ Villa Nova Atl\u00e9tico Clube \/ Facebook Oficial<\/em><\/figcaption><\/figure>\n<\/figure>\n\n\n\n<h3 class=\"wp-block-heading\"><strong>Primeiro tempo<\/strong><\/h3>\n\n\n\n<p>A partida come\u00e7ou com o Democrata pressionando o Villa Nova, mas a expuls\u00e3o do zagueiro Donato mudou o cen\u00e1rio do jogo, favorecendo a equipe visitante. Com um jogador a mais, o Villa assumiu o controle das a\u00e7\u00f5es ofensivas.<\/p>\n\n\n\n<p>Aos 34 minutos, Wender obrigou o goleiro Geaze a fazer uma grande defesa. Pouco depois, Luann quase abriu o placar para os visitantes. O gol veio aos 43 minutos, quando Vin\u00edcius Tanque recebeu passe em profundidade, driblou o goleiro e finalizou para as redes, garantindo a vantagem do Villa Nova antes do intervalo.<\/p>\n\n\n\n<h3 class=\"wp-block-heading\"><strong>Segundo tempo<\/strong><\/h3>\n\n\n\n<p>Na etapa final, o Democrata voltou mais ofensivo e buscou o empate. Logo aos sete minutos, Vitinho teve uma grande chance de ampliar para o Villa, mas desperdi\u00e7ou. O goleiro Geaze, do Democrata, continuou se destacando, impedindo novas investidas do time de Nova Lima.<\/p>\n\n\n\n<p>Aos 37 minutos, Jorginho teve outra oportunidade de ampliar para o Villa Nova, mas parou no goleiro Thulio. O Democrata quase empatou nos acr\u00e9scimos, com Lula cabeceando para fora. Do outro lado, Lucas Formiga ainda obrigou Thulio a mais uma defesa, mas o placar permaneceu inalterado.<\/p>\n\n\n\n<h3 class=\"wp-block-heading\"><strong>Pr\u00f3ximos jogos<\/strong><\/h3>\n\n\n\n<p>O Democrata volta a campo na quarta-feira (22\/1), \u00e0s 19h, contra o Atl\u00e9tico no Mineir\u00e3o, em Belo Horizonte. No mesmo dia, \u00e0s 20h, o Villa Nova recebe o Uberl\u00e2ndia no Est\u00e1dio Castor Cifuentes, em Nova Lima.<\/p>\n","protected":false},"excerpt":{"rendered":"<p>O Villa Nova come\u00e7ou sua campanha no Campeonato Mineiro 2025 com uma vit\u00f3ria por 1 a 0 sobre o Democrata, na manh\u00e3 deste domingo (19\/1), no est\u00e1dio Mammoud Abbas, em Governador Valadares. O gol da vit\u00f3ria foi marcado por Vin\u00edcius Tanque, aos 43 minutos do primeiro tempo. Com o resultado, o Villa Nova somou os [&hellip;]<\/p>\n","protected":false},"author":4,"featured_media":195744,"comment_status":"open","ping_status":"closed","sticky":false,"template":"","format":"standard","meta":{"amp_status":"","footnotes":""},"categories":[59,121,123],"tags":[4404,270046,4369,77422,1018,247,20295,270045,1496,5324,34535,270048,270047],"class_list":["post-195743","post","type-post","status-publish","format-standard","has-post-thumbnail","hentry","category-sports","category-leste","category-gerais","tag-campeonato-mineiro","tag-campeonato-mineiro-2025","tag-democrata-de-governador-valadares","tag-democrata-gv","tag-destaque","tag-governador-valadares","tag-leao","tag-mineiro-2025","tag-nova-lima","tag-pantera","tag-villa-nova","tag-villa-nova-de-nova-lima","tag-villa-nova-vence-o-democrata-na-estreia-do-campeonato-mineiro-2025"],"_links":{"self":[{"href":"https:\/\/aconteceunovale.com.br\/portal\/index.php?rest_route=\/wp\/v2\/posts\/195743","targetHints":{"allow":["GET"]}}],"collection":[{"href":"https:\/\/aconteceunovale.com.br\/portal\/index.php?rest_route=\/wp\/v2\/posts"}],"about":[{"href":"https:\/\/aconteceunovale.com.br\/portal\/index.php?rest_route=\/wp\/v2\/types\/post"}],"author":[{"embeddable":true,"href":"https:\/\/aconteceunovale.com.br\/portal\/index.php?rest_route=\/wp\/v2\/users\/4"}],"replies":[{"embeddable":true,"href":"https:\/\/aconteceunovale.com.br\/portal\/index.php?rest_route=%2Fwp%2Fv2%2Fcomments&post=195743"}],"version-history":[{"count":1,"href":"https:\/\/aconteceunovale.com.br\/portal\/index.php?rest_route=\/wp\/v2\/posts\/195743\/revisions"}],"predecessor-version":[{"id":195745,"href":"https:\/\/aconteceunovale.com.br\/portal\/index.php?rest_route=\/wp\/v2\/posts\/195743\/revisions\/195745"}],"wp:featuredmedia":[{"embeddable":true,"href":"https:\/\/aconteceunovale.com.br\/portal\/index.php?rest_route=\/wp\/v2\/media\/195744"}],"wp:attachment":[{"href":"https:\/\/aconteceunovale.com.br\/portal\/index.php?rest_route=%2Fwp%2Fv2%2Fmedia&parent=195743"}],"wp:term":[{"taxonomy":"category","embeddable":true,"href":"https:\/\/aconteceunovale.com.br\/portal\/index.php?rest_route=%2Fwp%2Fv2%2Fcategories&post=195743"},{"taxonomy":"post_tag","embeddable":true,"href":"https:\/\/aconteceunovale.com.br\/portal\/index.php?rest_route=%2Fwp%2Fv2%2Ftags&post=195743"}],"curies":[{"name":"wp","href":"https:\/\/api.w.org\/{rel}","templated":true}]}}