{"id":195699,"date":"2025-01-18T18:57:38","date_gmt":"2025-01-18T21:57:38","guid":{"rendered":"https:\/\/aconteceunovale.com.br\/portal\/?p=195699"},"modified":"2025-01-18T18:58:37","modified_gmt":"2025-01-18T21:58:37","slug":"aena-inicia-obras-de-modernizacao-em-tres-aeroportos-de-minas-gerais","status":"publish","type":"post","link":"https:\/\/aconteceunovale.com.br\/portal\/?p=195699","title":{"rendered":"AENA inicia obras de moderniza\u00e7\u00e3o em tr\u00eas aeroportos de Minas Gerais"},"content":{"rendered":"\n<p class=\"wp-block-paragraph\">A AENA deu in\u00edcio \u00e0s obras de amplia\u00e7\u00e3o e moderniza\u00e7\u00e3o dos aeroportos de Uberl\u00e2ndia, Uberaba e Montes Claros, em Minas Gerais. A cerim\u00f4nia de Pedra Fundamental, realizada na ter\u00e7a-feira (14\/1\/2025), marcou o in\u00edcio de mais uma etapa do projeto que integra o Bloco SP\/MG\/MS\/PA, com investimentos totais de R$ 4,5 bilh\u00f5es na rede de aeroportos administrados pela empresa no Brasil.<\/p>\n\n\n\n<figure class=\"wp-block-gallery has-nested-images columns-default is-cropped wp-block-gallery-1 is-layout-flex wp-block-gallery-is-layout-flex\">\n<figure class=\"wp-block-image size-large\"><img loading=\"lazy\" decoding=\"async\" width=\"678\" height=\"339\" data-id=\"195700\" src=\"https:\/\/aconteceunovale.com.br\/portal\/wp-content\/uploads\/2025\/01\/aeroporto_moc.jpg\" alt=\"\" class=\"wp-image-195700\" srcset=\"https:\/\/aconteceunovale.com.br\/portal\/wp-content\/uploads\/2025\/01\/aeroporto_moc.jpg 678w, https:\/\/aconteceunovale.com.br\/portal\/wp-content\/uploads\/2025\/01\/aeroporto_moc-300x150.jpg 300w\" sizes=\"auto, (max-width: 678px) 100vw, 678px\" \/><figcaption class=\"wp-element-caption\"><em><sub>Aeroporto de Montes Claros &#8211; Foto: Divulga\u00e7\u00e3o &#8211; AENA Brasil<\/sub><\/em><\/figcaption><\/figure>\n<\/figure>\n\n\n\n<p class=\"wp-block-paragraph\">As interven\u00e7\u00f5es visam transformar a experi\u00eancia dos passageiros, aumentar a seguran\u00e7a e modernizar as opera\u00e7\u00f5es aeroportu\u00e1rias, alinhando os terminais aos padr\u00f5es internacionais. Em Uberl\u00e2ndia, ser\u00e1 constru\u00eddo um novo terminal de passageiros, enquanto os espa\u00e7os em Uberaba e Montes Claros ser\u00e3o ampliados significativamente.<\/p>\n\n\n\n<h3 class=\"wp-block-heading\"><strong>Impactos e benef\u00edcios das obras<\/strong><\/h3>\n\n\n\n<p class=\"wp-block-paragraph\">As reformas incluem a cria\u00e7\u00e3o de novas \u00e1reas de escape nas pistas, melhorias nas opera\u00e7\u00f5es de pouso e decolagem e amplia\u00e7\u00f5es nos terminais de passageiros. Al\u00e9m de atender \u00e0 crescente demanda, os projetos devem gerar cerca de 1.000 empregos diretos durante o per\u00edodo de execu\u00e7\u00e3o, contribuindo para o desenvolvimento econ\u00f4mico das regi\u00f5es atendidas.<\/p>\n\n\n\n<p class=\"wp-block-paragraph\">Santiago Yus, diretor-presidente da AENA Brasil, destacou o compromisso da empresa com a moderniza\u00e7\u00e3o da infraestrutura aeroportu\u00e1ria: <em>\u201cEstamos orgulhosos em contribuir para o desenvolvimento econ\u00f4mico dessas regi\u00f5es, por meio de infraestruturas aeroportu\u00e1rias modernas e prontas para o futuro. Nosso compromisso \u00e9 com a efici\u00eancia operacional, o conforto dos passageiros e a seguran\u00e7a em todos os nossos terminais.\u201d<\/em><\/p>\n\n\n\n<h3 class=\"wp-block-heading\"><strong>Presen\u00e7a de autoridades<\/strong><\/h3>\n\n\n\n<p class=\"wp-block-paragraph\">A solenidade contou com a presen\u00e7a de diversas autoridades, incluindo o ministro de Portos e Aeroportos, Silvio Costa Filho, o secret\u00e1rio nacional de Avia\u00e7\u00e3o Civil, Tom\u00e9 Franca, a secret\u00e1ria adjunta de Desenvolvimento Econ\u00f4mico de Minas Gerais, Kathleen Garcia Nascimento, al\u00e9m de prefeitos das cidades beneficiadas e representantes do setor a\u00e9reo.<\/p>\n\n\n\n<h3 class=\"wp-block-heading\"><strong>Cronograma e execu\u00e7\u00e3o<\/strong><\/h3>\n\n\n\n<p class=\"wp-block-paragraph\">As obras est\u00e3o sob responsabilidade da construtora Matec, contratada pela AENA para garantir a entrega de projetos de alta qualidade. A previs\u00e3o \u00e9 que todas as reformas sejam conclu\u00eddas at\u00e9 junho de 2026, proporcionando terminais mais modernos e eficientes para atender \u00e0s demandas regionais e fortalecer a avia\u00e7\u00e3o no estado de Minas Gerais.<\/p>\n\n\n\n<h2 class=\"wp-block-heading\">Veja as principais mudan\u00e7as em cada aeroporto da AENA em Minas Gerais<\/h2>\n\n\n\n<p class=\"wp-block-paragraph\"><strong>Uberl\u00e2ndia<\/strong><\/p>\n\n\n\n<p class=\"wp-block-paragraph\">O Aeroporto de Uberl\u00e2ndia vai ganhar um novo terminal de passageiros com 14,6 mil m\u00b2, cerca de 70% maior que o existente atualmente, que n\u00e3o possibilitava o afastamento necess\u00e1rio em rela\u00e7\u00e3o \u00e0 pista de pouso e outras amplia\u00e7\u00f5es futuras. O novo pr\u00e9dio, localizado no outro lado da pista, contar\u00e1 com dois pavimentos. No terminal, ser\u00e3o instaladas duas pontes de embarque (fingers), proporcionando mais conforto e comodidade aos mais de um milh\u00e3o de passageiros que passam pelo aeroporto por ano. A ampla \u00e1rea de check-in, com 21 posi\u00e7\u00f5es em uma \u00e1rea de 215 m\u00b2. A sala de embarque ocupar\u00e1 mais de 1.850 m\u00b2 e contar\u00e1 com seis port\u00f5es. Na \u00e1rea externa, ser\u00e1 criado um novo sistema vi\u00e1rio de acesso ao aeroporto e um novo estacionamento com 497 vagas em 12,4 mil m\u00b2.<\/p>\n\n\n\n<p class=\"wp-block-paragraph\">Principais melhorias:<\/p>\n\n\n\n<ul class=\"wp-block-list\">\n<li>Constru\u00e7\u00e3o de um novo terminal de passageiros com 14,6 mil m\u00b2 (70% maior que o atual)<\/li>\n\n\n\n<li>Aumento da capacidade dos atuais 1,146 milh\u00e3o para 2,15 milh\u00f5es de passageiros por ano<\/li>\n\n\n\n<li>Instala\u00e7\u00e3o de duas pontes de embarque (fingers), com prepara\u00e7\u00e3o para uma terceira futuramente<\/li>\n\n\n\n<li>Check-in com 21 posi\u00e7\u00f5es amplas e acess\u00edveis em 215 m\u00b2<\/li>\n\n\n\n<li>Aumento da capacidade para 2,15 milh\u00f5es de passageiros por ano<\/li>\n\n\n\n<li>Sala de embarque com seis port\u00f5es e 1.850 m\u00b2<\/li>\n\n\n\n<li>Novo sistema vi\u00e1rio de acesso ao aeroporto<\/li>\n\n\n\n<li>Restitui\u00e7\u00e3o de bagagem com tr\u00eas esteiras e \u00e1rea de 710 m\u00b2<\/li>\n\n\n\n<li>Novo estacionamento com 497 vagas e 12,4 mil m\u00b2<\/li>\n\n\n\n<li>Novo p\u00e1tio com sete posi\u00e7\u00f5es para aeronaves<\/li>\n\n\n\n<li>Novas \u00e1rea de escape no final da pista<\/li>\n\n\n\n<li>Nova pista de taxiamento de aeronaves<\/li>\n\n\n\n<li>Reconfigura\u00e7\u00e3o do p\u00e1tio e pistas e pistas de t\u00e1xi para a avia\u00e7\u00e3o geral<\/li>\n\n\n\n<li>Novo p\u00e1tio da avia\u00e7\u00e3o comercial com sete posi\u00e7\u00f5es para aeronaves tipo C<\/li>\n<\/ul>\n\n\n\n<p class=\"wp-block-paragraph\"><strong>Uberaba<\/strong><\/p>\n\n\n\n<p class=\"wp-block-paragraph\">O Aeroporto de Uberaba passar\u00e1 por uma grande transforma\u00e7\u00e3o para atender \u00e0 crescente demanda regional e oferecer mais conforto aos passageiros e melhor efici\u00eancia operacional. O terminal ir\u00e1 quase triplicar de tamanho, passando dos atuais1.500 m\u00b2 para 4.300 mil m\u00b2, sendo que a superf\u00edcie da \u00e1rea p\u00fablica ser\u00e1 duplicada. Toda a \u00e1rea j\u00e1 existente ser\u00e1 requalificada. A sala de embarque contar\u00e1 com dois port\u00f5es e \u00e1rea de 380 m\u00b2 e a \u00e1rea de canal de inspe\u00e7\u00e3o (raio-X) ser\u00e1 ampliada para 170 m\u00b2. A seguran\u00e7a das opera\u00e7\u00f5es tamb\u00e9m ser\u00e1 aprimorada. A pista de pouso e decolagem ter\u00e1 uma amplia\u00e7\u00e3o de 70 metros, com instala\u00e7\u00e3o de \u00e1rea de escape no final da pista e novos aux\u00edlios visuais de aproxima\u00e7\u00e3o das aeronaves. O projeto \u00e9 um marco no desenvolvimento de Uberaba, contribuindo para o crescimento econ\u00f4mico, comercial e tur\u00edstico da regi\u00e3o.<\/p>\n\n\n\n<p class=\"wp-block-paragraph\">Principais melhorias:<\/p>\n\n\n\n<ul class=\"wp-block-list\">\n<li>Amplia\u00e7\u00e3o do terminal de 1.500 m\u00b2 para 4.300 m\u00b2<\/li>\n\n\n\n<li>Aumento da capacidade dos atuais 96 mil para 222 mil passageiros por ano<\/li>\n\n\n\n<li>Sala de embarque com dois port\u00f5es e 380 m\u00b2<\/li>\n\n\n\n<li>Amplia\u00e7\u00e3o da pista de pouso e decolagem em 70 metros<\/li>\n\n\n\n<li>Balc\u00f5es de check-in com oito posi\u00e7\u00f5es e 70 m\u00b2<\/li>\n\n\n\n<li>Controle de seguran\u00e7a (raio-X) em \u00e1rea de 170 m\u00b2<\/li>\n\n\n\n<li>Restitui\u00e7\u00e3o de bagagem com uma esteira em \u00e1rea de 216 m\u00b2<\/li>\n\n\n\n<li>Reconfigura\u00e7\u00e3o do p\u00e1tio de estacionamento de aeronaves<\/li>\n\n\n\n<li>Novas \u00e1reas de escape no final da pista, em ambas as cabeceiras<\/li>\n\n\n\n<li>Recoloca\u00e7\u00e3o de PAPI nas cabeceiras 17 e 35<\/li>\n\n\n\n<li>Novos edif\u00edcios de apoio<\/li>\n<\/ul>\n\n\n\n<p class=\"wp-block-paragraph\"><strong>\u00a0Montes Claros<\/strong><\/p>\n\n\n\n<p class=\"wp-block-paragraph\">O Aeroporto de Montes Claros ser\u00e1 transformado em um espa\u00e7o mais moderno e funcional com a amplia\u00e7\u00e3o de sua infraestrutura. O terminal de passageiros passar\u00e1 de 2.300 m\u00b2 para 4.300 m\u00b2, enquanto a \u00e1rea p\u00fablica total ser\u00e1 ampliada em 2,5 vezes. A sala de embarque contar\u00e1 com tr\u00eas port\u00f5es em 450 m\u00b2, atendendo ao crescimento da demanda de passageiros. Ser\u00e1 constru\u00eddo um novo p\u00e1tio de aeronaves comerciais com quatro posi\u00e7\u00f5es e maior afastamento da pista de pouso, al\u00e9m de uma nova pista de taxiamento e a instala\u00e7\u00e3o de novas \u00e1reas de escape, refor\u00e7ando o compromisso com a seguran\u00e7a e a efici\u00eancia operacional.<\/p>\n\n\n\n<p class=\"wp-block-paragraph\">Principais melhorias:<\/p>\n\n\n\n<ul class=\"wp-block-list\">\n<li>Amplia\u00e7\u00e3o do terminal de 2.300 m\u00b2 para 4.300 m\u00b2<\/li>\n\n\n\n<li>Aumento da capacidade dos atuais 324 mil para 538 mil passageiros por ano<\/li>\n\n\n\n<li>Sala de embarque com tr\u00eas port\u00f5es e 450 m\u00b2<\/li>\n\n\n\n<li>Superf\u00edcie da \u00e1rea p\u00fablica ser\u00e1 2,5 vezes maior que a atual<\/li>\n\n\n\n<li>Balc\u00f5es de check-in com 11 posi\u00e7\u00f5es e 100 m\u00b2<\/li>\n\n\n\n<li>Controles de seguran\u00e7a (raio-X) em \u00e1rea de 135 m\u00b2<\/li>\n\n\n\n<li>Restitui\u00e7\u00e3o de bagagem com uma esteira em \u00e1rea de 200 m\u00b2<\/li>\n\n\n\n<li>Constru\u00e7\u00e3o de novo p\u00e1tio para quatro aeronaves tipo C<\/li>\n\n\n\n<li>Novas \u00e1reas de escape no final da pista, em ambas as cabeceiras<\/li>\n\n\n\n<li>Nova pista de taxiamento de aeronaves<\/li>\n\n\n\n<li>Reconfigura\u00e7\u00e3o do p\u00e1tio existente para avia\u00e7\u00e3o geral<\/li>\n\n\n\n<li>Adequa\u00e7\u00e3o das vias de acesso<\/li>\n\n\n\n<li>Novos edif\u00edcios de apoio<\/li>\n<\/ul>\n","protected":false},"excerpt":{"rendered":"<p>A AENA deu in\u00edcio \u00e0s obras de amplia\u00e7\u00e3o e moderniza\u00e7\u00e3o dos aeroportos de Uberl\u00e2ndia, Uberaba e Montes Claros, em Minas Gerais. A cerim\u00f4nia de Pedra Fundamental, realizada na ter\u00e7a-feira (14\/1\/2025), marcou o in\u00edcio de mais uma etapa do projeto que integra o Bloco SP\/MG\/MS\/PA, com investimentos totais de R$ 4,5 bilh\u00f5es na rede de aeroportos [&hellip;]<\/p>\n","protected":false},"author":4,"featured_media":195700,"comment_status":"open","ping_status":"closed","sticky":false,"template":"","format":"standard","meta":{"amp_status":"","footnotes":""},"categories":[123,1236],"tags":[269995,269994,25099,1018,269996,210,269998,269997,220,221],"class_list":["post-195699","post","type-post","status-publish","format-standard","has-post-thumbnail","hentry","category-gerais","category-norte_de_minas","tag-aena-brasil","tag-aena-inicia-obras-de-modernizacao-em-tres-aeroportos-de-minas-gerais","tag-aeroporto-de-montes-claros","tag-destaque","tag-modernizacao-do-aeroporto-de-montes-claros","tag-montes-claros","tag-mudancas-nos-aeroportos-da-aena-em-minas-gerais","tag-santiago-yus","tag-uberaba","tag-uberlandia"],"yoast_head":"<!-- This site is optimized with the Yoast SEO plugin v28.3 - https:\/\/yoast.com\/product\/yoast-seo-wordpress\/ -->\n<title>AENA inicia obras de moderniza\u00e7\u00e3o em tr\u00eas aeroportos de Minas Gerais - Aconteceu no Vale<\/title>\n<meta name=\"robots\" content=\"index, follow, max-snippet:-1, max-image-preview:large, max-video-preview:-1\" \/>\n<link rel=\"canonical\" href=\"https:\/\/aconteceunovale.com.br\/portal\/?p=195699\" \/>\n<meta property=\"og:locale\" content=\"pt_BR\" \/>\n<meta property=\"og:type\" content=\"article\" \/>\n<meta property=\"og:title\" content=\"AENA inicia obras de moderniza\u00e7\u00e3o em tr\u00eas aeroportos de Minas Gerais - Aconteceu no Vale\" \/>\n<meta property=\"og:description\" content=\"A AENA deu in\u00edcio \u00e0s obras de amplia\u00e7\u00e3o e moderniza\u00e7\u00e3o dos aeroportos de Uberl\u00e2ndia, Uberaba e Montes Claros, em Minas Gerais. A cerim\u00f4nia de Pedra Fundamental, realizada na ter\u00e7a-feira (14\/1\/2025), marcou o in\u00edcio de mais uma etapa do projeto que integra o Bloco SP\/MG\/MS\/PA, com investimentos totais de R$ 4,5 bilh\u00f5es na rede de aeroportos [&hellip;]\" \/>\n<meta property=\"og:url\" content=\"https:\/\/aconteceunovale.com.br\/portal\/?p=195699\" \/>\n<meta property=\"og:site_name\" content=\"Aconteceu no Vale\" \/>\n<meta property=\"article:publisher\" content=\"https:\/\/www.facebook.com\/aconteceunovale\/\" \/>\n<meta property=\"article:published_time\" content=\"2025-01-18T21:57:38+00:00\" \/>\n<meta property=\"article:modified_time\" content=\"2025-01-18T21:58:37+00:00\" \/>\n<meta property=\"og:image\" content=\"https:\/\/aconteceunovale.com.br\/portal\/wp-content\/uploads\/2025\/01\/aeroporto_moc.jpg\" \/>\n\t<meta property=\"og:image:width\" content=\"678\" \/>\n\t<meta property=\"og:image:height\" content=\"339\" \/>\n\t<meta property=\"og:image:type\" content=\"image\/jpeg\" \/>\n<meta name=\"author\" content=\"Reda\u00e7\u00e3o Aconteceu no Vale\" \/>\n<meta name=\"twitter:card\" content=\"summary_large_image\" \/>\n<meta name=\"twitter:creator\" content=\"@noticiadosvales\" \/>\n<meta name=\"twitter:site\" content=\"@noticiadosvales\" \/>\n<meta name=\"twitter:label1\" content=\"Escrito por\" \/>\n\t<meta name=\"twitter:data1\" content=\"Reda\u00e7\u00e3o Aconteceu no Vale\" \/>\n\t<meta name=\"twitter:label2\" content=\"Est. tempo de leitura\" \/>\n\t<meta name=\"twitter:data2\" content=\"6 minutos\" \/>\n<script type=\"application\/ld+json\" class=\"yoast-schema-graph\">{\"@context\":\"https:\\\/\\\/schema.org\",\"@graph\":[{\"@type\":\"Article\",\"@id\":\"https:\\\/\\\/aconteceunovale.com.br\\\/portal\\\/?p=195699#article\",\"isPartOf\":{\"@id\":\"https:\\\/\\\/aconteceunovale.com.br\\\/portal\\\/?p=195699\"},\"author\":{\"name\":\"Reda\u00e7\u00e3o Aconteceu no Vale\",\"@id\":\"https:\\\/\\\/aconteceunovale.com.br\\\/portal\\\/#\\\/schema\\\/person\\\/7d2f26d1483f8a63de73da1ee0754d35\"},\"headline\":\"AENA inicia obras de moderniza\u00e7\u00e3o em tr\u00eas aeroportos de Minas Gerais\",\"datePublished\":\"2025-01-18T21:57:38+00:00\",\"dateModified\":\"2025-01-18T21:58:37+00:00\",\"mainEntityOfPage\":{\"@id\":\"https:\\\/\\\/aconteceunovale.com.br\\\/portal\\\/?p=195699\"},\"wordCount\":1186,\"commentCount\":0,\"image\":{\"@id\":\"https:\\\/\\\/aconteceunovale.com.br\\\/portal\\\/?p=195699#primaryimage\"},\"thumbnailUrl\":\"https:\\\/\\\/aconteceunovale.com.br\\\/portal\\\/wp-content\\\/uploads\\\/2025\\\/01\\\/aeroporto_moc.jpg\",\"keywords\":[\"Aena Brasil\",\"AENA inicia obras de moderniza\u00e7\u00e3o em tr\u00eas aeroportos de Minas Gerais\",\"Aeroporto de Montes Claros\",\"destaque\",\"Moderniza\u00e7\u00e3o do aeroporto de Montes Claros\",\"Montes Claros\",\"Mudan\u00e7as nos aeroportos da Aena em Minas Gerais\",\"Santiago Yus\",\"Uberaba\",\"Uberl\u00e2ndia\"],\"articleSection\":[\"Minas Gerais\",\"Norte de Minas\"],\"inLanguage\":\"pt-BR\",\"potentialAction\":[{\"@type\":\"CommentAction\",\"name\":\"Comment\",\"target\":[\"https:\\\/\\\/aconteceunovale.com.br\\\/portal\\\/?p=195699#respond\"]}]},{\"@type\":\"WebPage\",\"@id\":\"https:\\\/\\\/aconteceunovale.com.br\\\/portal\\\/?p=195699\",\"url\":\"https:\\\/\\\/aconteceunovale.com.br\\\/portal\\\/?p=195699\",\"name\":\"AENA inicia obras de moderniza\u00e7\u00e3o em tr\u00eas aeroportos de Minas Gerais - Aconteceu no Vale\",\"isPartOf\":{\"@id\":\"https:\\\/\\\/aconteceunovale.com.br\\\/portal\\\/#website\"},\"primaryImageOfPage\":{\"@id\":\"https:\\\/\\\/aconteceunovale.com.br\\\/portal\\\/?p=195699#primaryimage\"},\"image\":{\"@id\":\"https:\\\/\\\/aconteceunovale.com.br\\\/portal\\\/?p=195699#primaryimage\"},\"thumbnailUrl\":\"https:\\\/\\\/aconteceunovale.com.br\\\/portal\\\/wp-content\\\/uploads\\\/2025\\\/01\\\/aeroporto_moc.jpg\",\"datePublished\":\"2025-01-18T21:57:38+00:00\",\"dateModified\":\"2025-01-18T21:58:37+00:00\",\"author\":{\"@id\":\"https:\\\/\\\/aconteceunovale.com.br\\\/portal\\\/#\\\/schema\\\/person\\\/7d2f26d1483f8a63de73da1ee0754d35\"},\"breadcrumb\":{\"@id\":\"https:\\\/\\\/aconteceunovale.com.br\\\/portal\\\/?p=195699#breadcrumb\"},\"inLanguage\":\"pt-BR\",\"potentialAction\":[{\"@type\":\"ReadAction\",\"target\":[\"https:\\\/\\\/aconteceunovale.com.br\\\/portal\\\/?p=195699\"]}]},{\"@type\":\"ImageObject\",\"inLanguage\":\"pt-BR\",\"@id\":\"https:\\\/\\\/aconteceunovale.com.br\\\/portal\\\/?p=195699#primaryimage\",\"url\":\"https:\\\/\\\/aconteceunovale.com.br\\\/portal\\\/wp-content\\\/uploads\\\/2025\\\/01\\\/aeroporto_moc.jpg\",\"contentUrl\":\"https:\\\/\\\/aconteceunovale.com.br\\\/portal\\\/wp-content\\\/uploads\\\/2025\\\/01\\\/aeroporto_moc.jpg\",\"width\":678,\"height\":339,\"caption\":\"Aeroporto de Montes Claros - Foto: Divulga\u00e7\u00e3o - AENA Brasil\"},{\"@type\":\"BreadcrumbList\",\"@id\":\"https:\\\/\\\/aconteceunovale.com.br\\\/portal\\\/?p=195699#breadcrumb\",\"itemListElement\":[{\"@type\":\"ListItem\",\"position\":1,\"name\":\"In\u00edcio\",\"item\":\"https:\\\/\\\/aconteceunovale.com.br\\\/portal\\\/\"},{\"@type\":\"ListItem\",\"position\":2,\"name\":\"AENA inicia obras de moderniza\u00e7\u00e3o em tr\u00eas aeroportos de Minas Gerais\"}]},{\"@type\":\"WebSite\",\"@id\":\"https:\\\/\\\/aconteceunovale.com.br\\\/portal\\\/#website\",\"url\":\"https:\\\/\\\/aconteceunovale.com.br\\\/portal\\\/\",\"name\":\"Aconteceu no Vale\",\"description\":\"Portal de Not\u00edcias\",\"potentialAction\":[{\"@type\":\"SearchAction\",\"target\":{\"@type\":\"EntryPoint\",\"urlTemplate\":\"https:\\\/\\\/aconteceunovale.com.br\\\/portal\\\/?s={search_term_string}\"},\"query-input\":{\"@type\":\"PropertyValueSpecification\",\"valueRequired\":true,\"valueName\":\"search_term_string\"}}],\"inLanguage\":\"pt-BR\"},{\"@type\":\"Person\",\"@id\":\"https:\\\/\\\/aconteceunovale.com.br\\\/portal\\\/#\\\/schema\\\/person\\\/7d2f26d1483f8a63de73da1ee0754d35\",\"name\":\"Reda\u00e7\u00e3o Aconteceu no Vale\",\"description\":\"Equipe de reportagem do Aconteceu no Vale, portal de not\u00edcias do Vale do Jequitinhonha, em Minas Gerais. Cobrimos as 51 cidades do Vale desde 2013. Sugest\u00f5es de pauta e pedidos de corre\u00e7\u00e3o: contato@aconteceunovale.com.br\",\"url\":\"https:\\\/\\\/aconteceunovale.com.br\\\/portal\\\/?author=4\"}]}<\/script>\n<!-- \/ Yoast SEO plugin. -->","yoast_head_json":{"title":"AENA inicia obras de moderniza\u00e7\u00e3o em tr\u00eas aeroportos de Minas Gerais - Aconteceu no Vale","robots":{"index":"index","follow":"follow","max-snippet":"max-snippet:-1","max-image-preview":"max-image-preview:large","max-video-preview":"max-video-preview:-1"},"canonical":"https:\/\/aconteceunovale.com.br\/portal\/?p=195699","og_locale":"pt_BR","og_type":"article","og_title":"AENA inicia obras de moderniza\u00e7\u00e3o em tr\u00eas aeroportos de Minas Gerais - Aconteceu no Vale","og_description":"A AENA deu in\u00edcio \u00e0s obras de amplia\u00e7\u00e3o e moderniza\u00e7\u00e3o dos aeroportos de Uberl\u00e2ndia, Uberaba e Montes Claros, em Minas Gerais. A cerim\u00f4nia de Pedra Fundamental, realizada na ter\u00e7a-feira (14\/1\/2025), marcou o in\u00edcio de mais uma etapa do projeto que integra o Bloco SP\/MG\/MS\/PA, com investimentos totais de R$ 4,5 bilh\u00f5es na rede de aeroportos [&hellip;]","og_url":"https:\/\/aconteceunovale.com.br\/portal\/?p=195699","og_site_name":"Aconteceu no Vale","article_publisher":"https:\/\/www.facebook.com\/aconteceunovale\/","article_published_time":"2025-01-18T21:57:38+00:00","article_modified_time":"2025-01-18T21:58:37+00:00","og_image":[{"width":678,"height":339,"url":"https:\/\/aconteceunovale.com.br\/portal\/wp-content\/uploads\/2025\/01\/aeroporto_moc.jpg","type":"image\/jpeg"}],"author":"Reda\u00e7\u00e3o Aconteceu no Vale","twitter_card":"summary_large_image","twitter_creator":"@noticiadosvales","twitter_site":"@noticiadosvales","twitter_misc":{"Escrito por":"Reda\u00e7\u00e3o Aconteceu no Vale","Est. tempo de leitura":"6 minutos"},"schema":{"@context":"https:\/\/schema.org","@graph":[{"@type":"Article","@id":"https:\/\/aconteceunovale.com.br\/portal\/?p=195699#article","isPartOf":{"@id":"https:\/\/aconteceunovale.com.br\/portal\/?p=195699"},"author":{"name":"Reda\u00e7\u00e3o Aconteceu no Vale","@id":"https:\/\/aconteceunovale.com.br\/portal\/#\/schema\/person\/7d2f26d1483f8a63de73da1ee0754d35"},"headline":"AENA inicia obras de moderniza\u00e7\u00e3o em tr\u00eas aeroportos de Minas Gerais","datePublished":"2025-01-18T21:57:38+00:00","dateModified":"2025-01-18T21:58:37+00:00","mainEntityOfPage":{"@id":"https:\/\/aconteceunovale.com.br\/portal\/?p=195699"},"wordCount":1186,"commentCount":0,"image":{"@id":"https:\/\/aconteceunovale.com.br\/portal\/?p=195699#primaryimage"},"thumbnailUrl":"https:\/\/aconteceunovale.com.br\/portal\/wp-content\/uploads\/2025\/01\/aeroporto_moc.jpg","keywords":["Aena Brasil","AENA inicia obras de moderniza\u00e7\u00e3o em tr\u00eas aeroportos de Minas Gerais","Aeroporto de Montes Claros","destaque","Moderniza\u00e7\u00e3o do aeroporto de Montes Claros","Montes Claros","Mudan\u00e7as nos aeroportos da Aena em Minas Gerais","Santiago Yus","Uberaba","Uberl\u00e2ndia"],"articleSection":["Minas Gerais","Norte de Minas"],"inLanguage":"pt-BR","potentialAction":[{"@type":"CommentAction","name":"Comment","target":["https:\/\/aconteceunovale.com.br\/portal\/?p=195699#respond"]}]},{"@type":"WebPage","@id":"https:\/\/aconteceunovale.com.br\/portal\/?p=195699","url":"https:\/\/aconteceunovale.com.br\/portal\/?p=195699","name":"AENA inicia obras de moderniza\u00e7\u00e3o em tr\u00eas aeroportos de Minas Gerais - Aconteceu no Vale","isPartOf":{"@id":"https:\/\/aconteceunovale.com.br\/portal\/#website"},"primaryImageOfPage":{"@id":"https:\/\/aconteceunovale.com.br\/portal\/?p=195699#primaryimage"},"image":{"@id":"https:\/\/aconteceunovale.com.br\/portal\/?p=195699#primaryimage"},"thumbnailUrl":"https:\/\/aconteceunovale.com.br\/portal\/wp-content\/uploads\/2025\/01\/aeroporto_moc.jpg","datePublished":"2025-01-18T21:57:38+00:00","dateModified":"2025-01-18T21:58:37+00:00","author":{"@id":"https:\/\/aconteceunovale.com.br\/portal\/#\/schema\/person\/7d2f26d1483f8a63de73da1ee0754d35"},"breadcrumb":{"@id":"https:\/\/aconteceunovale.com.br\/portal\/?p=195699#breadcrumb"},"inLanguage":"pt-BR","potentialAction":[{"@type":"ReadAction","target":["https:\/\/aconteceunovale.com.br\/portal\/?p=195699"]}]},{"@type":"ImageObject","inLanguage":"pt-BR","@id":"https:\/\/aconteceunovale.com.br\/portal\/?p=195699#primaryimage","url":"https:\/\/aconteceunovale.com.br\/portal\/wp-content\/uploads\/2025\/01\/aeroporto_moc.jpg","contentUrl":"https:\/\/aconteceunovale.com.br\/portal\/wp-content\/uploads\/2025\/01\/aeroporto_moc.jpg","width":678,"height":339,"caption":"Aeroporto de Montes Claros - Foto: Divulga\u00e7\u00e3o - AENA Brasil"},{"@type":"BreadcrumbList","@id":"https:\/\/aconteceunovale.com.br\/portal\/?p=195699#breadcrumb","itemListElement":[{"@type":"ListItem","position":1,"name":"In\u00edcio","item":"https:\/\/aconteceunovale.com.br\/portal\/"},{"@type":"ListItem","position":2,"name":"AENA inicia obras de moderniza\u00e7\u00e3o em tr\u00eas aeroportos de Minas Gerais"}]},{"@type":"WebSite","@id":"https:\/\/aconteceunovale.com.br\/portal\/#website","url":"https:\/\/aconteceunovale.com.br\/portal\/","name":"Aconteceu no Vale","description":"Portal de Not\u00edcias","potentialAction":[{"@type":"SearchAction","target":{"@type":"EntryPoint","urlTemplate":"https:\/\/aconteceunovale.com.br\/portal\/?s={search_term_string}"},"query-input":{"@type":"PropertyValueSpecification","valueRequired":true,"valueName":"search_term_string"}}],"inLanguage":"pt-BR"},{"@type":"Person","@id":"https:\/\/aconteceunovale.com.br\/portal\/#\/schema\/person\/7d2f26d1483f8a63de73da1ee0754d35","name":"Reda\u00e7\u00e3o Aconteceu no Vale","description":"Equipe de reportagem do Aconteceu no Vale, portal de not\u00edcias do Vale do Jequitinhonha, em Minas Gerais. Cobrimos as 51 cidades do Vale desde 2013. Sugest\u00f5es de pauta e pedidos de corre\u00e7\u00e3o: contato@aconteceunovale.com.br","url":"https:\/\/aconteceunovale.com.br\/portal\/?author=4"}]}},"_links":{"self":[{"href":"https:\/\/aconteceunovale.com.br\/portal\/index.php?rest_route=\/wp\/v2\/posts\/195699","targetHints":{"allow":["GET"]}}],"collection":[{"href":"https:\/\/aconteceunovale.com.br\/portal\/index.php?rest_route=\/wp\/v2\/posts"}],"about":[{"href":"https:\/\/aconteceunovale.com.br\/portal\/index.php?rest_route=\/wp\/v2\/types\/post"}],"author":[{"embeddable":true,"href":"https:\/\/aconteceunovale.com.br\/portal\/index.php?rest_route=\/wp\/v2\/users\/4"}],"replies":[{"embeddable":true,"href":"https:\/\/aconteceunovale.com.br\/portal\/index.php?rest_route=%2Fwp%2Fv2%2Fcomments&post=195699"}],"version-history":[{"count":1,"href":"https:\/\/aconteceunovale.com.br\/portal\/index.php?rest_route=\/wp\/v2\/posts\/195699\/revisions"}],"predecessor-version":[{"id":195701,"href":"https:\/\/aconteceunovale.com.br\/portal\/index.php?rest_route=\/wp\/v2\/posts\/195699\/revisions\/195701"}],"wp:featuredmedia":[{"embeddable":true,"href":"https:\/\/aconteceunovale.com.br\/portal\/index.php?rest_route=\/wp\/v2\/media\/195700"}],"wp:attachment":[{"href":"https:\/\/aconteceunovale.com.br\/portal\/index.php?rest_route=%2Fwp%2Fv2%2Fmedia&parent=195699"}],"wp:term":[{"taxonomy":"category","embeddable":true,"href":"https:\/\/aconteceunovale.com.br\/portal\/index.php?rest_route=%2Fwp%2Fv2%2Fcategories&post=195699"},{"taxonomy":"post_tag","embeddable":true,"href":"https:\/\/aconteceunovale.com.br\/portal\/index.php?rest_route=%2Fwp%2Fv2%2Ftags&post=195699"}],"curies":[{"name":"wp","href":"https:\/\/api.w.org\/{rel}","templated":true}]}}