{"id":195696,"date":"2025-01-18T18:19:16","date_gmt":"2025-01-18T21:19:16","guid":{"rendered":"https:\/\/aconteceunovale.com.br\/portal\/?p=195696"},"modified":"2025-01-18T18:20:54","modified_gmt":"2025-01-18T21:20:54","slug":"nova-ambaj-realiza-primeira-assembleia-de-2025-com-eleicao-de-diretoria-e-discussao-de-pautas-regionais","status":"publish","type":"post","link":"https:\/\/aconteceunovale.com.br\/portal\/?p=195696","title":{"rendered":"Nova AMBAJ realiza primeira Assembleia de 2025 com elei\u00e7\u00e3o de diretoria e discuss\u00e3o de pautas regionais"},"content":{"rendered":"\n<p class=\"wp-block-paragraph\">Na \u00faltima quinta-feira (16\/1), foi realizada a primeira Assembleia da Nova Associa\u00e7\u00e3o dos Munic\u00edpios da Microrregi\u00e3o do Baixo Jequitinhonha (Nova AMBAJ) em 2025. O encontro marcou a apresenta\u00e7\u00e3o da associa\u00e7\u00e3o aos novos prefeitos eleitos, al\u00e9m de tratar de quest\u00f5es estrat\u00e9gicas para o desenvolvimento da regi\u00e3o e eleger a nova diretoria.<\/p>\n\n\n\n<p class=\"wp-block-paragraph\">Sidnei Alves, prefeito de Bandeira, foi eleito presidente da mesa diretora, enquanto Eduardo Brasileiro, prefeito de Almenara, assumiu o cargo de vice-presidente. O Conselho Fiscal da associa\u00e7\u00e3o ficou composto por Adimilson Antunes (prefeito de Rio do Prado) como 1\u00ba titular, Ideuvan Avelar (prefeito de Felisburgo) como 2\u00ba titular, e Nilo Souto (prefeito de Jequitinhonha) como 3\u00ba titular.<\/p>\n\n\n\n<p class=\"wp-block-paragraph\">Durante a reuni\u00e3o, foram debatidas demandas priorit\u00e1rias para os munic\u00edpios da microrregi\u00e3o, incluindo sa\u00fade, educa\u00e7\u00e3o e seguran\u00e7a p\u00fablica. Al\u00e9m disso, foram discutidas estrat\u00e9gias voltadas para o fortalecimento econ\u00f4mico e social da regi\u00e3o do Baixo Jequitinhonha.<\/p>\n\n\n\n<figure class=\"wp-block-gallery has-nested-images columns-default is-cropped wp-block-gallery-1 is-layout-flex wp-block-gallery-is-layout-flex\">\n<figure class=\"wp-block-image size-large\"><img loading=\"lazy\" decoding=\"async\" width=\"579\" height=\"450\" data-id=\"195697\" src=\"https:\/\/aconteceunovale.com.br\/portal\/wp-content\/uploads\/2025\/01\/nova_ambaj.webp\" alt=\"\" class=\"wp-image-195697\" srcset=\"https:\/\/aconteceunovale.com.br\/portal\/wp-content\/uploads\/2025\/01\/nova_ambaj.webp 579w, https:\/\/aconteceunovale.com.br\/portal\/wp-content\/uploads\/2025\/01\/nova_ambaj-300x233.webp 300w, https:\/\/aconteceunovale.com.br\/portal\/wp-content\/uploads\/2025\/01\/nova_ambaj-540x420.webp 540w\" sizes=\"auto, (max-width: 579px) 100vw, 579px\" \/><figcaption class=\"wp-element-caption\"><em>Foto: Divulga\u00e7\u00e3o \/ Nova AMBAJ <\/em><\/figcaption><\/figure>\n<\/figure>\n","protected":false},"excerpt":{"rendered":"<p>Na \u00faltima quinta-feira (16\/1), foi realizada a primeira Assembleia da Nova Associa\u00e7\u00e3o dos Munic\u00edpios da Microrregi\u00e3o do Baixo Jequitinhonha (Nova AMBAJ) em 2025. O encontro marcou a apresenta\u00e7\u00e3o da associa\u00e7\u00e3o aos novos prefeitos eleitos, al\u00e9m de tratar de quest\u00f5es estrat\u00e9gicas para o desenvolvimento da regi\u00e3o e eleger a nova diretoria. Sidnei Alves, prefeito de Bandeira, [&hellip;]<\/p>\n","protected":false},"author":4,"featured_media":195697,"comment_status":"open","ping_status":"closed","sticky":false,"template":"","format":"standard","meta":{"amp_status":"","footnotes":""},"categories":[40240,120],"tags":[142,353,269993,136,34252,40938,269992,40939,40944,3928],"class_list":["post-195696","post","type-post","status-publish","format-standard","has-post-thumbnail","hentry","category-politica","category-jequi","tag-almenara","tag-bandeira","tag-diretoria-da-nova-ambaj","tag-felisburgo","tag-jequitinhonha","tag-nova-ambaj","tag-nova-ambaj-realiza-primeira-assembleia-de-2025-com-eleicao-de-diretoria-e-discussao-de-pautas-regionais","tag-nova-associacao-dos-municipios-da-microrregiao-do-baixo-jequitinhonha","tag-presidente-da-nova-ambaj","tag-rio-do-prado"],"yoast_head":"<!-- This site is optimized with the Yoast SEO plugin v28.3 - https:\/\/yoast.com\/product\/yoast-seo-wordpress\/ -->\n<title>Nova AMBAJ realiza primeira Assembleia de 2025 com elei\u00e7\u00e3o de diretoria e discuss\u00e3o de pautas regionais - Aconteceu no Vale<\/title>\n<meta name=\"robots\" content=\"index, follow, max-snippet:-1, max-image-preview:large, max-video-preview:-1\" \/>\n<link rel=\"canonical\" href=\"https:\/\/aconteceunovale.com.br\/portal\/?p=195696\" \/>\n<meta property=\"og:locale\" content=\"pt_BR\" \/>\n<meta property=\"og:type\" content=\"article\" \/>\n<meta property=\"og:title\" content=\"Nova AMBAJ realiza primeira Assembleia de 2025 com elei\u00e7\u00e3o de diretoria e discuss\u00e3o de pautas regionais - Aconteceu no Vale\" \/>\n<meta property=\"og:description\" content=\"Na \u00faltima quinta-feira (16\/1), foi realizada a primeira Assembleia da Nova Associa\u00e7\u00e3o dos Munic\u00edpios da Microrregi\u00e3o do Baixo Jequitinhonha (Nova AMBAJ) em 2025. O encontro marcou a apresenta\u00e7\u00e3o da associa\u00e7\u00e3o aos novos prefeitos eleitos, al\u00e9m de tratar de quest\u00f5es estrat\u00e9gicas para o desenvolvimento da regi\u00e3o e eleger a nova diretoria. Sidnei Alves, prefeito de Bandeira, [&hellip;]\" \/>\n<meta property=\"og:url\" content=\"https:\/\/aconteceunovale.com.br\/portal\/?p=195696\" \/>\n<meta property=\"og:site_name\" content=\"Aconteceu no Vale\" \/>\n<meta property=\"article:publisher\" content=\"https:\/\/www.facebook.com\/aconteceunovale\/\" \/>\n<meta property=\"article:published_time\" content=\"2025-01-18T21:19:16+00:00\" \/>\n<meta property=\"article:modified_time\" content=\"2025-01-18T21:20:54+00:00\" \/>\n<meta property=\"og:image\" content=\"https:\/\/aconteceunovale.com.br\/portal\/wp-content\/uploads\/2025\/01\/nova_ambaj.webp\" \/>\n\t<meta property=\"og:image:width\" content=\"579\" \/>\n\t<meta property=\"og:image:height\" content=\"450\" \/>\n\t<meta property=\"og:image:type\" content=\"image\/webp\" \/>\n<meta name=\"author\" content=\"Reda\u00e7\u00e3o Aconteceu no Vale\" \/>\n<meta name=\"twitter:card\" content=\"summary_large_image\" \/>\n<meta name=\"twitter:creator\" content=\"@noticiadosvales\" \/>\n<meta name=\"twitter:site\" content=\"@noticiadosvales\" \/>\n<meta name=\"twitter:label1\" content=\"Escrito por\" \/>\n\t<meta name=\"twitter:data1\" content=\"Reda\u00e7\u00e3o Aconteceu no Vale\" \/>\n\t<meta name=\"twitter:label2\" content=\"Est. tempo de leitura\" \/>\n\t<meta name=\"twitter:data2\" content=\"1 minuto\" \/>\n<script type=\"application\/ld+json\" class=\"yoast-schema-graph\">{\"@context\":\"https:\\\/\\\/schema.org\",\"@graph\":[{\"@type\":\"Article\",\"@id\":\"https:\\\/\\\/aconteceunovale.com.br\\\/portal\\\/?p=195696#article\",\"isPartOf\":{\"@id\":\"https:\\\/\\\/aconteceunovale.com.br\\\/portal\\\/?p=195696\"},\"author\":{\"name\":\"Reda\u00e7\u00e3o Aconteceu no Vale\",\"@id\":\"https:\\\/\\\/aconteceunovale.com.br\\\/portal\\\/#\\\/schema\\\/person\\\/7d2f26d1483f8a63de73da1ee0754d35\"},\"headline\":\"Nova AMBAJ realiza primeira Assembleia de 2025 com elei\u00e7\u00e3o de diretoria e discuss\u00e3o de pautas regionais\",\"datePublished\":\"2025-01-18T21:19:16+00:00\",\"dateModified\":\"2025-01-18T21:20:54+00:00\",\"mainEntityOfPage\":{\"@id\":\"https:\\\/\\\/aconteceunovale.com.br\\\/portal\\\/?p=195696\"},\"wordCount\":181,\"commentCount\":0,\"image\":{\"@id\":\"https:\\\/\\\/aconteceunovale.com.br\\\/portal\\\/?p=195696#primaryimage\"},\"thumbnailUrl\":\"https:\\\/\\\/aconteceunovale.com.br\\\/portal\\\/wp-content\\\/uploads\\\/2025\\\/01\\\/nova_ambaj.webp\",\"keywords\":[\"Almenara\",\"Bandeira\",\"Diretoria da Nova AMBAJ\",\"Felisburgo\",\"Jequitinhonha\",\"Nova AMBAJ\",\"Nova AMBAJ realiza primeira Assembleia de 2025 com elei\u00e7\u00e3o de diretoria e discuss\u00e3o de pautas regionais\",\"Nova Associa\u00e7\u00e3o dos Munic\u00edpios da Microrregi\u00e3o do Baixo Jequitinhonha\",\"Presidente da Nova AMBAJ\",\"Rio do Prado\"],\"articleSection\":[\"Pol\u00edtica\",\"Vale do Jequitinhonha\"],\"inLanguage\":\"pt-BR\",\"potentialAction\":[{\"@type\":\"CommentAction\",\"name\":\"Comment\",\"target\":[\"https:\\\/\\\/aconteceunovale.com.br\\\/portal\\\/?p=195696#respond\"]}]},{\"@type\":\"WebPage\",\"@id\":\"https:\\\/\\\/aconteceunovale.com.br\\\/portal\\\/?p=195696\",\"url\":\"https:\\\/\\\/aconteceunovale.com.br\\\/portal\\\/?p=195696\",\"name\":\"Nova AMBAJ realiza primeira Assembleia de 2025 com elei\u00e7\u00e3o de diretoria e discuss\u00e3o de pautas regionais - Aconteceu no Vale\",\"isPartOf\":{\"@id\":\"https:\\\/\\\/aconteceunovale.com.br\\\/portal\\\/#website\"},\"primaryImageOfPage\":{\"@id\":\"https:\\\/\\\/aconteceunovale.com.br\\\/portal\\\/?p=195696#primaryimage\"},\"image\":{\"@id\":\"https:\\\/\\\/aconteceunovale.com.br\\\/portal\\\/?p=195696#primaryimage\"},\"thumbnailUrl\":\"https:\\\/\\\/aconteceunovale.com.br\\\/portal\\\/wp-content\\\/uploads\\\/2025\\\/01\\\/nova_ambaj.webp\",\"datePublished\":\"2025-01-18T21:19:16+00:00\",\"dateModified\":\"2025-01-18T21:20:54+00:00\",\"author\":{\"@id\":\"https:\\\/\\\/aconteceunovale.com.br\\\/portal\\\/#\\\/schema\\\/person\\\/7d2f26d1483f8a63de73da1ee0754d35\"},\"breadcrumb\":{\"@id\":\"https:\\\/\\\/aconteceunovale.com.br\\\/portal\\\/?p=195696#breadcrumb\"},\"inLanguage\":\"pt-BR\",\"potentialAction\":[{\"@type\":\"ReadAction\",\"target\":[\"https:\\\/\\\/aconteceunovale.com.br\\\/portal\\\/?p=195696\"]}]},{\"@type\":\"ImageObject\",\"inLanguage\":\"pt-BR\",\"@id\":\"https:\\\/\\\/aconteceunovale.com.br\\\/portal\\\/?p=195696#primaryimage\",\"url\":\"https:\\\/\\\/aconteceunovale.com.br\\\/portal\\\/wp-content\\\/uploads\\\/2025\\\/01\\\/nova_ambaj.webp\",\"contentUrl\":\"https:\\\/\\\/aconteceunovale.com.br\\\/portal\\\/wp-content\\\/uploads\\\/2025\\\/01\\\/nova_ambaj.webp\",\"width\":579,\"height\":450,\"caption\":\"Foto: Divulga\u00e7\u00e3o \\\/ Nova AMBAJ\"},{\"@type\":\"BreadcrumbList\",\"@id\":\"https:\\\/\\\/aconteceunovale.com.br\\\/portal\\\/?p=195696#breadcrumb\",\"itemListElement\":[{\"@type\":\"ListItem\",\"position\":1,\"name\":\"In\u00edcio\",\"item\":\"https:\\\/\\\/aconteceunovale.com.br\\\/portal\\\/\"},{\"@type\":\"ListItem\",\"position\":2,\"name\":\"Nova AMBAJ realiza primeira Assembleia de 2025 com elei\u00e7\u00e3o de diretoria e discuss\u00e3o de pautas regionais\"}]},{\"@type\":\"WebSite\",\"@id\":\"https:\\\/\\\/aconteceunovale.com.br\\\/portal\\\/#website\",\"url\":\"https:\\\/\\\/aconteceunovale.com.br\\\/portal\\\/\",\"name\":\"Aconteceu no Vale\",\"description\":\"Portal de Not\u00edcias\",\"potentialAction\":[{\"@type\":\"SearchAction\",\"target\":{\"@type\":\"EntryPoint\",\"urlTemplate\":\"https:\\\/\\\/aconteceunovale.com.br\\\/portal\\\/?s={search_term_string}\"},\"query-input\":{\"@type\":\"PropertyValueSpecification\",\"valueRequired\":true,\"valueName\":\"search_term_string\"}}],\"inLanguage\":\"pt-BR\"},{\"@type\":\"Person\",\"@id\":\"https:\\\/\\\/aconteceunovale.com.br\\\/portal\\\/#\\\/schema\\\/person\\\/7d2f26d1483f8a63de73da1ee0754d35\",\"name\":\"Reda\u00e7\u00e3o Aconteceu no Vale\",\"description\":\"Equipe de reportagem do Aconteceu no Vale, portal de not\u00edcias do Vale do Jequitinhonha, em Minas Gerais. Cobrimos as 51 cidades do Vale desde 2013. Sugest\u00f5es de pauta e pedidos de corre\u00e7\u00e3o: contato@aconteceunovale.com.br\",\"url\":\"https:\\\/\\\/aconteceunovale.com.br\\\/portal\\\/?author=4\"}]}<\/script>\n<!-- \/ Yoast SEO plugin. -->","yoast_head_json":{"title":"Nova AMBAJ realiza primeira Assembleia de 2025 com elei\u00e7\u00e3o de diretoria e discuss\u00e3o de pautas regionais - Aconteceu no Vale","robots":{"index":"index","follow":"follow","max-snippet":"max-snippet:-1","max-image-preview":"max-image-preview:large","max-video-preview":"max-video-preview:-1"},"canonical":"https:\/\/aconteceunovale.com.br\/portal\/?p=195696","og_locale":"pt_BR","og_type":"article","og_title":"Nova AMBAJ realiza primeira Assembleia de 2025 com elei\u00e7\u00e3o de diretoria e discuss\u00e3o de pautas regionais - Aconteceu no Vale","og_description":"Na \u00faltima quinta-feira (16\/1), foi realizada a primeira Assembleia da Nova Associa\u00e7\u00e3o dos Munic\u00edpios da Microrregi\u00e3o do Baixo Jequitinhonha (Nova AMBAJ) em 2025. O encontro marcou a apresenta\u00e7\u00e3o da associa\u00e7\u00e3o aos novos prefeitos eleitos, al\u00e9m de tratar de quest\u00f5es estrat\u00e9gicas para o desenvolvimento da regi\u00e3o e eleger a nova diretoria. Sidnei Alves, prefeito de Bandeira, [&hellip;]","og_url":"https:\/\/aconteceunovale.com.br\/portal\/?p=195696","og_site_name":"Aconteceu no Vale","article_publisher":"https:\/\/www.facebook.com\/aconteceunovale\/","article_published_time":"2025-01-18T21:19:16+00:00","article_modified_time":"2025-01-18T21:20:54+00:00","og_image":[{"width":579,"height":450,"url":"https:\/\/aconteceunovale.com.br\/portal\/wp-content\/uploads\/2025\/01\/nova_ambaj.webp","type":"image\/webp"}],"author":"Reda\u00e7\u00e3o Aconteceu no Vale","twitter_card":"summary_large_image","twitter_creator":"@noticiadosvales","twitter_site":"@noticiadosvales","twitter_misc":{"Escrito por":"Reda\u00e7\u00e3o Aconteceu no Vale","Est. tempo de leitura":"1 minuto"},"schema":{"@context":"https:\/\/schema.org","@graph":[{"@type":"Article","@id":"https:\/\/aconteceunovale.com.br\/portal\/?p=195696#article","isPartOf":{"@id":"https:\/\/aconteceunovale.com.br\/portal\/?p=195696"},"author":{"name":"Reda\u00e7\u00e3o Aconteceu no Vale","@id":"https:\/\/aconteceunovale.com.br\/portal\/#\/schema\/person\/7d2f26d1483f8a63de73da1ee0754d35"},"headline":"Nova AMBAJ realiza primeira Assembleia de 2025 com elei\u00e7\u00e3o de diretoria e discuss\u00e3o de pautas regionais","datePublished":"2025-01-18T21:19:16+00:00","dateModified":"2025-01-18T21:20:54+00:00","mainEntityOfPage":{"@id":"https:\/\/aconteceunovale.com.br\/portal\/?p=195696"},"wordCount":181,"commentCount":0,"image":{"@id":"https:\/\/aconteceunovale.com.br\/portal\/?p=195696#primaryimage"},"thumbnailUrl":"https:\/\/aconteceunovale.com.br\/portal\/wp-content\/uploads\/2025\/01\/nova_ambaj.webp","keywords":["Almenara","Bandeira","Diretoria da Nova AMBAJ","Felisburgo","Jequitinhonha","Nova AMBAJ","Nova AMBAJ realiza primeira Assembleia de 2025 com elei\u00e7\u00e3o de diretoria e discuss\u00e3o de pautas regionais","Nova Associa\u00e7\u00e3o dos Munic\u00edpios da Microrregi\u00e3o do Baixo Jequitinhonha","Presidente da Nova AMBAJ","Rio do Prado"],"articleSection":["Pol\u00edtica","Vale do Jequitinhonha"],"inLanguage":"pt-BR","potentialAction":[{"@type":"CommentAction","name":"Comment","target":["https:\/\/aconteceunovale.com.br\/portal\/?p=195696#respond"]}]},{"@type":"WebPage","@id":"https:\/\/aconteceunovale.com.br\/portal\/?p=195696","url":"https:\/\/aconteceunovale.com.br\/portal\/?p=195696","name":"Nova AMBAJ realiza primeira Assembleia de 2025 com elei\u00e7\u00e3o de diretoria e discuss\u00e3o de pautas regionais - Aconteceu no Vale","isPartOf":{"@id":"https:\/\/aconteceunovale.com.br\/portal\/#website"},"primaryImageOfPage":{"@id":"https:\/\/aconteceunovale.com.br\/portal\/?p=195696#primaryimage"},"image":{"@id":"https:\/\/aconteceunovale.com.br\/portal\/?p=195696#primaryimage"},"thumbnailUrl":"https:\/\/aconteceunovale.com.br\/portal\/wp-content\/uploads\/2025\/01\/nova_ambaj.webp","datePublished":"2025-01-18T21:19:16+00:00","dateModified":"2025-01-18T21:20:54+00:00","author":{"@id":"https:\/\/aconteceunovale.com.br\/portal\/#\/schema\/person\/7d2f26d1483f8a63de73da1ee0754d35"},"breadcrumb":{"@id":"https:\/\/aconteceunovale.com.br\/portal\/?p=195696#breadcrumb"},"inLanguage":"pt-BR","potentialAction":[{"@type":"ReadAction","target":["https:\/\/aconteceunovale.com.br\/portal\/?p=195696"]}]},{"@type":"ImageObject","inLanguage":"pt-BR","@id":"https:\/\/aconteceunovale.com.br\/portal\/?p=195696#primaryimage","url":"https:\/\/aconteceunovale.com.br\/portal\/wp-content\/uploads\/2025\/01\/nova_ambaj.webp","contentUrl":"https:\/\/aconteceunovale.com.br\/portal\/wp-content\/uploads\/2025\/01\/nova_ambaj.webp","width":579,"height":450,"caption":"Foto: Divulga\u00e7\u00e3o \/ Nova AMBAJ"},{"@type":"BreadcrumbList","@id":"https:\/\/aconteceunovale.com.br\/portal\/?p=195696#breadcrumb","itemListElement":[{"@type":"ListItem","position":1,"name":"In\u00edcio","item":"https:\/\/aconteceunovale.com.br\/portal\/"},{"@type":"ListItem","position":2,"name":"Nova AMBAJ realiza primeira Assembleia de 2025 com elei\u00e7\u00e3o de diretoria e discuss\u00e3o de pautas regionais"}]},{"@type":"WebSite","@id":"https:\/\/aconteceunovale.com.br\/portal\/#website","url":"https:\/\/aconteceunovale.com.br\/portal\/","name":"Aconteceu no Vale","description":"Portal de Not\u00edcias","potentialAction":[{"@type":"SearchAction","target":{"@type":"EntryPoint","urlTemplate":"https:\/\/aconteceunovale.com.br\/portal\/?s={search_term_string}"},"query-input":{"@type":"PropertyValueSpecification","valueRequired":true,"valueName":"search_term_string"}}],"inLanguage":"pt-BR"},{"@type":"Person","@id":"https:\/\/aconteceunovale.com.br\/portal\/#\/schema\/person\/7d2f26d1483f8a63de73da1ee0754d35","name":"Reda\u00e7\u00e3o Aconteceu no Vale","description":"Equipe de reportagem do Aconteceu no Vale, portal de not\u00edcias do Vale do Jequitinhonha, em Minas Gerais. Cobrimos as 51 cidades do Vale desde 2013. Sugest\u00f5es de pauta e pedidos de corre\u00e7\u00e3o: contato@aconteceunovale.com.br","url":"https:\/\/aconteceunovale.com.br\/portal\/?author=4"}]}},"_links":{"self":[{"href":"https:\/\/aconteceunovale.com.br\/portal\/index.php?rest_route=\/wp\/v2\/posts\/195696","targetHints":{"allow":["GET"]}}],"collection":[{"href":"https:\/\/aconteceunovale.com.br\/portal\/index.php?rest_route=\/wp\/v2\/posts"}],"about":[{"href":"https:\/\/aconteceunovale.com.br\/portal\/index.php?rest_route=\/wp\/v2\/types\/post"}],"author":[{"embeddable":true,"href":"https:\/\/aconteceunovale.com.br\/portal\/index.php?rest_route=\/wp\/v2\/users\/4"}],"replies":[{"embeddable":true,"href":"https:\/\/aconteceunovale.com.br\/portal\/index.php?rest_route=%2Fwp%2Fv2%2Fcomments&post=195696"}],"version-history":[{"count":1,"href":"https:\/\/aconteceunovale.com.br\/portal\/index.php?rest_route=\/wp\/v2\/posts\/195696\/revisions"}],"predecessor-version":[{"id":195698,"href":"https:\/\/aconteceunovale.com.br\/portal\/index.php?rest_route=\/wp\/v2\/posts\/195696\/revisions\/195698"}],"wp:featuredmedia":[{"embeddable":true,"href":"https:\/\/aconteceunovale.com.br\/portal\/index.php?rest_route=\/wp\/v2\/media\/195697"}],"wp:attachment":[{"href":"https:\/\/aconteceunovale.com.br\/portal\/index.php?rest_route=%2Fwp%2Fv2%2Fmedia&parent=195696"}],"wp:term":[{"taxonomy":"category","embeddable":true,"href":"https:\/\/aconteceunovale.com.br\/portal\/index.php?rest_route=%2Fwp%2Fv2%2Fcategories&post=195696"},{"taxonomy":"post_tag","embeddable":true,"href":"https:\/\/aconteceunovale.com.br\/portal\/index.php?rest_route=%2Fwp%2Fv2%2Ftags&post=195696"}],"curies":[{"name":"wp","href":"https:\/\/api.w.org\/{rel}","templated":true}]}}