{"id":195685,"date":"2025-01-18T13:51:20","date_gmt":"2025-01-18T16:51:20","guid":{"rendered":"https:\/\/aconteceunovale.com.br\/portal\/?p=195685"},"modified":"2025-01-18T13:53:34","modified_gmt":"2025-01-18T16:53:34","slug":"arquivo-publico-mineiro-lanca-catalogo-online-com-documentos-historicos-do-vale-do-jequitinhonha","status":"publish","type":"post","link":"https:\/\/aconteceunovale.com.br\/portal\/?p=195685","title":{"rendered":"Arquivo P\u00fablico Mineiro lan\u00e7a cat\u00e1logo online com documentos hist\u00f3ricos do Vale do Jequitinhonha"},"content":{"rendered":"\n<p class=\"wp-block-paragraph\">O Arquivo P\u00fablico Mineiro (APM) lan\u00e7ou, nessa sexta-feira (17\/1\/2025), o <strong><a href=\"https:\/\/www.arquivopublico.mg.gov.br\/wp-content\/uploads\/2024\/09\/Fontes-para-a-Historia-do-Vale-do-Jequitinhonha_reduzido.pdf\" target=\"_blank\" rel=\"noreferrer noopener\">cat\u00e1logo <em>Fontes para a Hist\u00f3ria do Vale do Jequitinhonha \u2013 Volume 1 (confira aqui)<\/em><\/a><\/strong>, um documento online que visa refor\u00e7ar os v\u00ednculos entre o legado hist\u00f3rico e o desenvolvimento da regi\u00e3o. O projeto busca preservar e celebrar a mem\u00f3ria local, al\u00e9m de valorizar a identidade da popula\u00e7\u00e3o do Vale do Jequitinhonha.<\/p>\n\n\n\n<figure class=\"wp-block-gallery has-nested-images columns-default is-cropped wp-block-gallery-1 is-layout-flex wp-block-gallery-is-layout-flex\">\n<figure class=\"wp-block-image size-large\"><img loading=\"lazy\" decoding=\"async\" width=\"657\" height=\"450\" data-id=\"195686\" src=\"https:\/\/aconteceunovale.com.br\/portal\/wp-content\/uploads\/2025\/01\/catalogo_jequi.png\" alt=\"\" class=\"wp-image-195686\" srcset=\"https:\/\/aconteceunovale.com.br\/portal\/wp-content\/uploads\/2025\/01\/catalogo_jequi.png 657w, https:\/\/aconteceunovale.com.br\/portal\/wp-content\/uploads\/2025\/01\/catalogo_jequi-300x205.png 300w, https:\/\/aconteceunovale.com.br\/portal\/wp-content\/uploads\/2025\/01\/catalogo_jequi-218x150.png 218w, https:\/\/aconteceunovale.com.br\/portal\/wp-content\/uploads\/2025\/01\/catalogo_jequi-613x420.png 613w\" sizes=\"auto, (max-width: 657px) 100vw, 657px\" \/><figcaption class=\"wp-element-caption\"><em>Artes\u00e3o n\u00e3o identificado, em Turmalina &#8211; Cr\u00e9ditos: Arquivo P\u00fablico Mineiro \/ Acervo<\/em><\/figcaption><\/figure>\n<\/figure>\n\n\n\n<p class=\"wp-block-paragraph\">A publica\u00e7\u00e3o re\u00fane refer\u00eancias de documentos de 14 cidades da regi\u00e3o, que podem ser acessadas no site do APM. A pesquisa que originou o cat\u00e1logo envolveu um trabalho detalhado nos fundos e cole\u00e7\u00f5es do APM, abrangendo registros de diferentes \u00f3rg\u00e3os e institui\u00e7\u00f5es. Entre os munic\u00edpios contemplados est\u00e3o Ara\u00e7ua\u00ed, Capelinha, Coronel Murta, Itaobim, Itinga, Malacacheta, Medina, Minas Novas, Pedra Azul, Rubelita, Salinas, Te\u00f3filo Otoni, Turmalina e Virgem da Lapa. O cat\u00e1logo inclui informa\u00e7\u00f5es sobre a topon\u00edmia, ou seja, os nomes de lugares dessas cidades.<\/p>\n\n\n\n<p class=\"wp-block-paragraph\">A iniciativa faz parte do projeto Vale do L\u00edtio, lan\u00e7ado pelo Governo de Minas em 2023, com o objetivo de promover o desenvolvimento das cidades do Norte e Nordeste do estado, em torno da cadeia produtiva do l\u00edtio. O projeto visa gerar mais empregos e renda para a popula\u00e7\u00e3o local, al\u00e9m de valorizar o patrim\u00f4nio hist\u00f3rico e cultural da regi\u00e3o.<\/p>\n\n\n\n<p class=\"wp-block-paragraph\">O <em>Fontes para a Hist\u00f3ria do Vale do Jequitinhonha \u2013 Volume 1<\/em> \u00e9 uma importante ferramenta para pesquisadores, educadores e estudantes, al\u00e9m de ser um instrumento de valoriza\u00e7\u00e3o do legado cultural e hist\u00f3rico de uma das regi\u00f5es mais emblem\u00e1ticas do estado. A pesquisa, que come\u00e7ou em agosto de 2024, re\u00fane documentos que datam dos s\u00e9culos XVIII ao XX.<\/p>\n\n\n\n<p class=\"wp-block-paragraph\"><strong>&#8220;Gestos de Salvaguarda&#8221;<\/strong><\/p>\n\n\n\n<p class=\"wp-block-paragraph\">O secret\u00e1rio de Estado de Cultura e Turismo de Minas Gerais, Le\u00f4nidas Oliveira, ressaltou que a publica\u00e7\u00e3o vai al\u00e9m de um simples levantamento de documentos. Para ele, o cat\u00e1logo \u00e9 um \u201cgesto de salvaguarda da ess\u00eancia do Jequitinhonha\u201d, destacando a import\u00e2ncia de respeitar o passado e as tradi\u00e7\u00f5es locais para projetar um futuro sustent\u00e1vel. &#8220;O cat\u00e1logo \u00e9 um testemunho vivo das trajet\u00f3rias de povos que constru\u00edram seus lares ao longo das margens do Rio Jequitinhonha e escreveram, com suas vidas, uma narrativa de pertencimento e identidade&#8221;, afirmou Oliveira.<\/p>\n\n\n\n<p class=\"wp-block-paragraph\">O diretor do APM, Bruno Balista, tamb\u00e9m destacou o valor da publica\u00e7\u00e3o. Para ele, o cat\u00e1logo \u00e9 uma forma de reconhecer e valorizar o legado das comunidades do Vale do Jequitinhonha. &#8220;\u00c9 um presente de agradecimento aos mineiros do Vale do Jequitinhonha por tudo o que j\u00e1 fizeram por nosso estado&#8221;, afirmou Balista, lembrando que a publica\u00e7\u00e3o tamb\u00e9m tem o objetivo de consolidar pol\u00edticas p\u00fablicas para a regi\u00e3o, garantindo a preserva\u00e7\u00e3o de sua mem\u00f3ria e hist\u00f3ria.<\/p>\n\n\n\n<p class=\"wp-block-paragraph\"><strong>Desafios e Curiosidades<\/strong><\/p>\n\n\n\n<p class=\"wp-block-paragraph\">O coordenador de Acesso \u00e0 Informa\u00e7\u00e3o e Pesquisa do APM, Ygor Souza, compartilhou alguns detalhes sobre o processo de elabora\u00e7\u00e3o do cat\u00e1logo. &#8220;Como o Vale do Jequitinhonha \u00e9 muito extenso, precis\u00e1vamos limitar o recorte geogr\u00e1fico \u00e0s 14 cidades, mas deixamos margem para a possibilidade de pr\u00f3ximos volumes abrange mais munic\u00edpios&#8221;, explicou Souza. Ele tamb\u00e9m mencionou a pesquisa hist\u00f3rica sobre os nomes antigos dos munic\u00edpios, devido \u00e0s mudan\u00e7as administrativas ao longo do tempo.<\/p>\n\n\n\n<p class=\"wp-block-paragraph\">A pesquisa foi facilitada pela implementa\u00e7\u00e3o do novo sistema de pesquisa do APM, o software AtoM (Acess to Memory), que organiza as informa\u00e7\u00f5es arquiv\u00edsticas de maneira mais eficiente. O cat\u00e1logo apresenta cap\u00edtulos dedicados a cada uma das 14 cidades, incluindo imagens atuais, dados demogr\u00e1ficos e hist\u00f3ricos, al\u00e9m de verbetes no <em>Dicion\u00e1rio Hist\u00f3rico e Geogr\u00e1fico de Minas Gerais<\/em>, de Waldemar de Almeida Barbosa.<\/p>\n\n\n\n<p class=\"wp-block-paragraph\">O projeto <em>Fontes para a Hist\u00f3ria do Vale do Jequitinhonha \u2013 Volume 1<\/em> tamb\u00e9m se alinha a outras iniciativas do APM, como o <em>Cara\u00e7a em documentos: cat\u00e1logo de fontes do Arquivo P\u00fablico Mineiro<\/em>, lan\u00e7ado em 2023. Segundo Ygor Souza, o cat\u00e1logo tem grande potencial de conex\u00e3o com a popula\u00e7\u00e3o do Jequitinhonha, promovendo um maior reconhecimento e valoriza\u00e7\u00e3o da hist\u00f3ria e cultura local.<\/p>\n\n\n\n<h2 class=\"wp-block-heading\">Documento em PDF<\/h2>\n\n\n\n<ul class=\"wp-block-list\">\n<li><strong><a href=\"https:\/\/www.arquivopublico.mg.gov.br\/wp-content\/uploads\/2024\/09\/Fontes-para-a-Historia-do-Vale-do-Jequitinhonha_reduzido.pdf\" target=\"_blank\" rel=\"noreferrer noopener\">Cat\u00e1logo <em>Fontes para a Hist\u00f3ria do Vale do Jequitinhonha \u2013 Volume 1<\/em><\/a><\/strong><\/li>\n<\/ul>\n\n\n\n<p class=\"wp-block-paragraph\"><\/p>\n","protected":false},"excerpt":{"rendered":"<p>O Arquivo P\u00fablico Mineiro (APM) lan\u00e7ou, nessa sexta-feira (17\/1\/2025), o cat\u00e1logo Fontes para a Hist\u00f3ria do Vale do Jequitinhonha \u2013 Volume 1 (confira aqui), um documento online que visa refor\u00e7ar os v\u00ednculos entre o legado hist\u00f3rico e o desenvolvimento da regi\u00e3o. O projeto busca preservar e celebrar a mem\u00f3ria local, al\u00e9m de valorizar a identidade [&hellip;]<\/p>\n","protected":false},"author":4,"featured_media":195686,"comment_status":"open","ping_status":"closed","sticky":false,"template":"","format":"standard","meta":{"amp_status":"","footnotes":""},"categories":[120],"tags":[186,269983,269981,132,483,1018,269982,64294,269985,391,189,269984,221470,226,389,137,455,852,190,164,178,269986,482],"class_list":["post-195685","post","type-post","status-publish","format-standard","has-post-thumbnail","hentry","category-jequi","tag-aracuai","tag-arquivo-publico-mineiro","tag-arquivo-publico-mineiro-lanca-catalogo-online-com-documentos-historicos-do-vale-do-jequitinhonha","tag-capelinha","tag-coronel-murta","tag-destaque","tag-documentos-historicos-do-vale-do-jequitinhonha","tag-historia-do-vale-do-jequitinhonha","tag-identidade-da-populacao-do-vale-do-jequitinhonha","tag-itaobim","tag-itinga","tag-legado-historico-do-vale-do-jequitinhonha","tag-leonidas-oliveira","tag-malacacheta","tag-medina","tag-minas-novas","tag-pedra-azul","tag-rubelita","tag-salinas","tag-teofilo-otoni","tag-turmalina","tag-vale-do-litio","tag-virgem-da-lapa"],"yoast_head":"<!-- This site is optimized with the Yoast SEO plugin v28.3 - https:\/\/yoast.com\/product\/yoast-seo-wordpress\/ -->\n<title>Arquivo P\u00fablico Mineiro lan\u00e7a cat\u00e1logo online com documentos hist\u00f3ricos do Vale do Jequitinhonha - Aconteceu no Vale<\/title>\n<meta name=\"robots\" content=\"index, follow, max-snippet:-1, max-image-preview:large, max-video-preview:-1\" \/>\n<link rel=\"canonical\" href=\"https:\/\/aconteceunovale.com.br\/portal\/?p=195685\" \/>\n<meta property=\"og:locale\" content=\"pt_BR\" \/>\n<meta property=\"og:type\" content=\"article\" \/>\n<meta property=\"og:title\" content=\"Arquivo P\u00fablico Mineiro lan\u00e7a cat\u00e1logo online com documentos hist\u00f3ricos do Vale do Jequitinhonha - Aconteceu no Vale\" \/>\n<meta property=\"og:description\" content=\"O Arquivo P\u00fablico Mineiro (APM) lan\u00e7ou, nessa sexta-feira (17\/1\/2025), o cat\u00e1logo Fontes para a Hist\u00f3ria do Vale do Jequitinhonha \u2013 Volume 1 (confira aqui), um documento online que visa refor\u00e7ar os v\u00ednculos entre o legado hist\u00f3rico e o desenvolvimento da regi\u00e3o. O projeto busca preservar e celebrar a mem\u00f3ria local, al\u00e9m de valorizar a identidade [&hellip;]\" \/>\n<meta property=\"og:url\" content=\"https:\/\/aconteceunovale.com.br\/portal\/?p=195685\" \/>\n<meta property=\"og:site_name\" content=\"Aconteceu no Vale\" \/>\n<meta property=\"article:publisher\" content=\"https:\/\/www.facebook.com\/aconteceunovale\/\" \/>\n<meta property=\"article:published_time\" content=\"2025-01-18T16:51:20+00:00\" \/>\n<meta property=\"article:modified_time\" content=\"2025-01-18T16:53:34+00:00\" \/>\n<meta property=\"og:image\" content=\"https:\/\/aconteceunovale.com.br\/portal\/wp-content\/uploads\/2025\/01\/catalogo_jequi.png\" \/>\n\t<meta property=\"og:image:width\" content=\"657\" \/>\n\t<meta property=\"og:image:height\" content=\"450\" \/>\n\t<meta property=\"og:image:type\" content=\"image\/png\" \/>\n<meta name=\"author\" content=\"Reda\u00e7\u00e3o Aconteceu no Vale\" \/>\n<meta name=\"twitter:card\" content=\"summary_large_image\" \/>\n<meta name=\"twitter:creator\" content=\"@noticiadosvales\" \/>\n<meta name=\"twitter:site\" content=\"@noticiadosvales\" \/>\n<meta name=\"twitter:label1\" content=\"Escrito por\" \/>\n\t<meta name=\"twitter:data1\" content=\"Reda\u00e7\u00e3o Aconteceu no Vale\" \/>\n\t<meta name=\"twitter:label2\" content=\"Est. tempo de leitura\" \/>\n\t<meta name=\"twitter:data2\" content=\"4 minutos\" \/>\n<script type=\"application\/ld+json\" class=\"yoast-schema-graph\">{\"@context\":\"https:\\\/\\\/schema.org\",\"@graph\":[{\"@type\":\"Article\",\"@id\":\"https:\\\/\\\/aconteceunovale.com.br\\\/portal\\\/?p=195685#article\",\"isPartOf\":{\"@id\":\"https:\\\/\\\/aconteceunovale.com.br\\\/portal\\\/?p=195685\"},\"author\":{\"name\":\"Reda\u00e7\u00e3o Aconteceu no Vale\",\"@id\":\"https:\\\/\\\/aconteceunovale.com.br\\\/portal\\\/#\\\/schema\\\/person\\\/7d2f26d1483f8a63de73da1ee0754d35\"},\"headline\":\"Arquivo P\u00fablico Mineiro lan\u00e7a cat\u00e1logo online com documentos hist\u00f3ricos do Vale do Jequitinhonha\",\"datePublished\":\"2025-01-18T16:51:20+00:00\",\"dateModified\":\"2025-01-18T16:53:34+00:00\",\"mainEntityOfPage\":{\"@id\":\"https:\\\/\\\/aconteceunovale.com.br\\\/portal\\\/?p=195685\"},\"wordCount\":754,\"commentCount\":0,\"image\":{\"@id\":\"https:\\\/\\\/aconteceunovale.com.br\\\/portal\\\/?p=195685#primaryimage\"},\"thumbnailUrl\":\"https:\\\/\\\/aconteceunovale.com.br\\\/portal\\\/wp-content\\\/uploads\\\/2025\\\/01\\\/catalogo_jequi.png\",\"keywords\":[\"Ara\u00e7ua\u00ed\",\"Arquivo P\u00fablico Mineiro\",\"Arquivo P\u00fablico Mineiro lan\u00e7a cat\u00e1logo online com documentos hist\u00f3ricos do Vale do Jequitinhonha\",\"Capelinha\",\"Coronel Murta\",\"destaque\",\"Documentos hist\u00f3ricos do Vale do Jequitinhonha\",\"hist\u00f3ria do vale do jequitinhonha\",\"Identidade da popula\u00e7\u00e3o do Vale do Jequitinhonha\",\"Itaobim\",\"Itinga\",\"Legado hist\u00f3rico do Vale do Jequitinhonha\",\"Le\u00f4nidas Oliveira\",\"Malacacheta\",\"Medina\",\"Minas Novas\",\"Pedra Azul\",\"rubelita\",\"Salinas\",\"Te\u00f3filo Otoni\",\"Turmalina\",\"Vale do L\u00edtio\",\"Virgem da Lapa\"],\"articleSection\":[\"Vale do Jequitinhonha\"],\"inLanguage\":\"pt-BR\",\"potentialAction\":[{\"@type\":\"CommentAction\",\"name\":\"Comment\",\"target\":[\"https:\\\/\\\/aconteceunovale.com.br\\\/portal\\\/?p=195685#respond\"]}]},{\"@type\":\"WebPage\",\"@id\":\"https:\\\/\\\/aconteceunovale.com.br\\\/portal\\\/?p=195685\",\"url\":\"https:\\\/\\\/aconteceunovale.com.br\\\/portal\\\/?p=195685\",\"name\":\"Arquivo P\u00fablico Mineiro lan\u00e7a cat\u00e1logo online com documentos hist\u00f3ricos do Vale do Jequitinhonha - Aconteceu no Vale\",\"isPartOf\":{\"@id\":\"https:\\\/\\\/aconteceunovale.com.br\\\/portal\\\/#website\"},\"primaryImageOfPage\":{\"@id\":\"https:\\\/\\\/aconteceunovale.com.br\\\/portal\\\/?p=195685#primaryimage\"},\"image\":{\"@id\":\"https:\\\/\\\/aconteceunovale.com.br\\\/portal\\\/?p=195685#primaryimage\"},\"thumbnailUrl\":\"https:\\\/\\\/aconteceunovale.com.br\\\/portal\\\/wp-content\\\/uploads\\\/2025\\\/01\\\/catalogo_jequi.png\",\"datePublished\":\"2025-01-18T16:51:20+00:00\",\"dateModified\":\"2025-01-18T16:53:34+00:00\",\"author\":{\"@id\":\"https:\\\/\\\/aconteceunovale.com.br\\\/portal\\\/#\\\/schema\\\/person\\\/7d2f26d1483f8a63de73da1ee0754d35\"},\"breadcrumb\":{\"@id\":\"https:\\\/\\\/aconteceunovale.com.br\\\/portal\\\/?p=195685#breadcrumb\"},\"inLanguage\":\"pt-BR\",\"potentialAction\":[{\"@type\":\"ReadAction\",\"target\":[\"https:\\\/\\\/aconteceunovale.com.br\\\/portal\\\/?p=195685\"]}]},{\"@type\":\"ImageObject\",\"inLanguage\":\"pt-BR\",\"@id\":\"https:\\\/\\\/aconteceunovale.com.br\\\/portal\\\/?p=195685#primaryimage\",\"url\":\"https:\\\/\\\/aconteceunovale.com.br\\\/portal\\\/wp-content\\\/uploads\\\/2025\\\/01\\\/catalogo_jequi.png\",\"contentUrl\":\"https:\\\/\\\/aconteceunovale.com.br\\\/portal\\\/wp-content\\\/uploads\\\/2025\\\/01\\\/catalogo_jequi.png\",\"width\":657,\"height\":450,\"caption\":\"Artes\u00e3o n\u00e3o identificado, em Turmalina - Cr\u00e9ditos: Arquivo P\u00fablico Mineiro \\\/ Acervo\"},{\"@type\":\"BreadcrumbList\",\"@id\":\"https:\\\/\\\/aconteceunovale.com.br\\\/portal\\\/?p=195685#breadcrumb\",\"itemListElement\":[{\"@type\":\"ListItem\",\"position\":1,\"name\":\"In\u00edcio\",\"item\":\"https:\\\/\\\/aconteceunovale.com.br\\\/portal\\\/\"},{\"@type\":\"ListItem\",\"position\":2,\"name\":\"Arquivo P\u00fablico Mineiro lan\u00e7a cat\u00e1logo online com documentos hist\u00f3ricos do Vale do Jequitinhonha\"}]},{\"@type\":\"WebSite\",\"@id\":\"https:\\\/\\\/aconteceunovale.com.br\\\/portal\\\/#website\",\"url\":\"https:\\\/\\\/aconteceunovale.com.br\\\/portal\\\/\",\"name\":\"Aconteceu no Vale\",\"description\":\"Portal de Not\u00edcias\",\"potentialAction\":[{\"@type\":\"SearchAction\",\"target\":{\"@type\":\"EntryPoint\",\"urlTemplate\":\"https:\\\/\\\/aconteceunovale.com.br\\\/portal\\\/?s={search_term_string}\"},\"query-input\":{\"@type\":\"PropertyValueSpecification\",\"valueRequired\":true,\"valueName\":\"search_term_string\"}}],\"inLanguage\":\"pt-BR\"},{\"@type\":\"Person\",\"@id\":\"https:\\\/\\\/aconteceunovale.com.br\\\/portal\\\/#\\\/schema\\\/person\\\/7d2f26d1483f8a63de73da1ee0754d35\",\"name\":\"Reda\u00e7\u00e3o Aconteceu no Vale\",\"description\":\"Equipe de reportagem do Aconteceu no Vale, portal de not\u00edcias do Vale do Jequitinhonha, em Minas Gerais. Cobrimos as 51 cidades do Vale desde 2013. Sugest\u00f5es de pauta e pedidos de corre\u00e7\u00e3o: contato@aconteceunovale.com.br\",\"url\":\"https:\\\/\\\/aconteceunovale.com.br\\\/portal\\\/?author=4\"}]}<\/script>\n<!-- \/ Yoast SEO plugin. -->","yoast_head_json":{"title":"Arquivo P\u00fablico Mineiro lan\u00e7a cat\u00e1logo online com documentos hist\u00f3ricos do Vale do Jequitinhonha - Aconteceu no Vale","robots":{"index":"index","follow":"follow","max-snippet":"max-snippet:-1","max-image-preview":"max-image-preview:large","max-video-preview":"max-video-preview:-1"},"canonical":"https:\/\/aconteceunovale.com.br\/portal\/?p=195685","og_locale":"pt_BR","og_type":"article","og_title":"Arquivo P\u00fablico Mineiro lan\u00e7a cat\u00e1logo online com documentos hist\u00f3ricos do Vale do Jequitinhonha - Aconteceu no Vale","og_description":"O Arquivo P\u00fablico Mineiro (APM) lan\u00e7ou, nessa sexta-feira (17\/1\/2025), o cat\u00e1logo Fontes para a Hist\u00f3ria do Vale do Jequitinhonha \u2013 Volume 1 (confira aqui), um documento online que visa refor\u00e7ar os v\u00ednculos entre o legado hist\u00f3rico e o desenvolvimento da regi\u00e3o. O projeto busca preservar e celebrar a mem\u00f3ria local, al\u00e9m de valorizar a identidade [&hellip;]","og_url":"https:\/\/aconteceunovale.com.br\/portal\/?p=195685","og_site_name":"Aconteceu no Vale","article_publisher":"https:\/\/www.facebook.com\/aconteceunovale\/","article_published_time":"2025-01-18T16:51:20+00:00","article_modified_time":"2025-01-18T16:53:34+00:00","og_image":[{"width":657,"height":450,"url":"https:\/\/aconteceunovale.com.br\/portal\/wp-content\/uploads\/2025\/01\/catalogo_jequi.png","type":"image\/png"}],"author":"Reda\u00e7\u00e3o Aconteceu no Vale","twitter_card":"summary_large_image","twitter_creator":"@noticiadosvales","twitter_site":"@noticiadosvales","twitter_misc":{"Escrito por":"Reda\u00e7\u00e3o Aconteceu no Vale","Est. tempo de leitura":"4 minutos"},"schema":{"@context":"https:\/\/schema.org","@graph":[{"@type":"Article","@id":"https:\/\/aconteceunovale.com.br\/portal\/?p=195685#article","isPartOf":{"@id":"https:\/\/aconteceunovale.com.br\/portal\/?p=195685"},"author":{"name":"Reda\u00e7\u00e3o Aconteceu no Vale","@id":"https:\/\/aconteceunovale.com.br\/portal\/#\/schema\/person\/7d2f26d1483f8a63de73da1ee0754d35"},"headline":"Arquivo P\u00fablico Mineiro lan\u00e7a cat\u00e1logo online com documentos hist\u00f3ricos do Vale do Jequitinhonha","datePublished":"2025-01-18T16:51:20+00:00","dateModified":"2025-01-18T16:53:34+00:00","mainEntityOfPage":{"@id":"https:\/\/aconteceunovale.com.br\/portal\/?p=195685"},"wordCount":754,"commentCount":0,"image":{"@id":"https:\/\/aconteceunovale.com.br\/portal\/?p=195685#primaryimage"},"thumbnailUrl":"https:\/\/aconteceunovale.com.br\/portal\/wp-content\/uploads\/2025\/01\/catalogo_jequi.png","keywords":["Ara\u00e7ua\u00ed","Arquivo P\u00fablico Mineiro","Arquivo P\u00fablico Mineiro lan\u00e7a cat\u00e1logo online com documentos hist\u00f3ricos do Vale do Jequitinhonha","Capelinha","Coronel Murta","destaque","Documentos hist\u00f3ricos do Vale do Jequitinhonha","hist\u00f3ria do vale do jequitinhonha","Identidade da popula\u00e7\u00e3o do Vale do Jequitinhonha","Itaobim","Itinga","Legado hist\u00f3rico do Vale do Jequitinhonha","Le\u00f4nidas Oliveira","Malacacheta","Medina","Minas Novas","Pedra Azul","rubelita","Salinas","Te\u00f3filo Otoni","Turmalina","Vale do L\u00edtio","Virgem da Lapa"],"articleSection":["Vale do Jequitinhonha"],"inLanguage":"pt-BR","potentialAction":[{"@type":"CommentAction","name":"Comment","target":["https:\/\/aconteceunovale.com.br\/portal\/?p=195685#respond"]}]},{"@type":"WebPage","@id":"https:\/\/aconteceunovale.com.br\/portal\/?p=195685","url":"https:\/\/aconteceunovale.com.br\/portal\/?p=195685","name":"Arquivo P\u00fablico Mineiro lan\u00e7a cat\u00e1logo online com documentos hist\u00f3ricos do Vale do Jequitinhonha - Aconteceu no Vale","isPartOf":{"@id":"https:\/\/aconteceunovale.com.br\/portal\/#website"},"primaryImageOfPage":{"@id":"https:\/\/aconteceunovale.com.br\/portal\/?p=195685#primaryimage"},"image":{"@id":"https:\/\/aconteceunovale.com.br\/portal\/?p=195685#primaryimage"},"thumbnailUrl":"https:\/\/aconteceunovale.com.br\/portal\/wp-content\/uploads\/2025\/01\/catalogo_jequi.png","datePublished":"2025-01-18T16:51:20+00:00","dateModified":"2025-01-18T16:53:34+00:00","author":{"@id":"https:\/\/aconteceunovale.com.br\/portal\/#\/schema\/person\/7d2f26d1483f8a63de73da1ee0754d35"},"breadcrumb":{"@id":"https:\/\/aconteceunovale.com.br\/portal\/?p=195685#breadcrumb"},"inLanguage":"pt-BR","potentialAction":[{"@type":"ReadAction","target":["https:\/\/aconteceunovale.com.br\/portal\/?p=195685"]}]},{"@type":"ImageObject","inLanguage":"pt-BR","@id":"https:\/\/aconteceunovale.com.br\/portal\/?p=195685#primaryimage","url":"https:\/\/aconteceunovale.com.br\/portal\/wp-content\/uploads\/2025\/01\/catalogo_jequi.png","contentUrl":"https:\/\/aconteceunovale.com.br\/portal\/wp-content\/uploads\/2025\/01\/catalogo_jequi.png","width":657,"height":450,"caption":"Artes\u00e3o n\u00e3o identificado, em Turmalina - Cr\u00e9ditos: Arquivo P\u00fablico Mineiro \/ Acervo"},{"@type":"BreadcrumbList","@id":"https:\/\/aconteceunovale.com.br\/portal\/?p=195685#breadcrumb","itemListElement":[{"@type":"ListItem","position":1,"name":"In\u00edcio","item":"https:\/\/aconteceunovale.com.br\/portal\/"},{"@type":"ListItem","position":2,"name":"Arquivo P\u00fablico Mineiro lan\u00e7a cat\u00e1logo online com documentos hist\u00f3ricos do Vale do Jequitinhonha"}]},{"@type":"WebSite","@id":"https:\/\/aconteceunovale.com.br\/portal\/#website","url":"https:\/\/aconteceunovale.com.br\/portal\/","name":"Aconteceu no Vale","description":"Portal de Not\u00edcias","potentialAction":[{"@type":"SearchAction","target":{"@type":"EntryPoint","urlTemplate":"https:\/\/aconteceunovale.com.br\/portal\/?s={search_term_string}"},"query-input":{"@type":"PropertyValueSpecification","valueRequired":true,"valueName":"search_term_string"}}],"inLanguage":"pt-BR"},{"@type":"Person","@id":"https:\/\/aconteceunovale.com.br\/portal\/#\/schema\/person\/7d2f26d1483f8a63de73da1ee0754d35","name":"Reda\u00e7\u00e3o Aconteceu no Vale","description":"Equipe de reportagem do Aconteceu no Vale, portal de not\u00edcias do Vale do Jequitinhonha, em Minas Gerais. Cobrimos as 51 cidades do Vale desde 2013. Sugest\u00f5es de pauta e pedidos de corre\u00e7\u00e3o: contato@aconteceunovale.com.br","url":"https:\/\/aconteceunovale.com.br\/portal\/?author=4"}]}},"_links":{"self":[{"href":"https:\/\/aconteceunovale.com.br\/portal\/index.php?rest_route=\/wp\/v2\/posts\/195685","targetHints":{"allow":["GET"]}}],"collection":[{"href":"https:\/\/aconteceunovale.com.br\/portal\/index.php?rest_route=\/wp\/v2\/posts"}],"about":[{"href":"https:\/\/aconteceunovale.com.br\/portal\/index.php?rest_route=\/wp\/v2\/types\/post"}],"author":[{"embeddable":true,"href":"https:\/\/aconteceunovale.com.br\/portal\/index.php?rest_route=\/wp\/v2\/users\/4"}],"replies":[{"embeddable":true,"href":"https:\/\/aconteceunovale.com.br\/portal\/index.php?rest_route=%2Fwp%2Fv2%2Fcomments&post=195685"}],"version-history":[{"count":1,"href":"https:\/\/aconteceunovale.com.br\/portal\/index.php?rest_route=\/wp\/v2\/posts\/195685\/revisions"}],"predecessor-version":[{"id":195687,"href":"https:\/\/aconteceunovale.com.br\/portal\/index.php?rest_route=\/wp\/v2\/posts\/195685\/revisions\/195687"}],"wp:featuredmedia":[{"embeddable":true,"href":"https:\/\/aconteceunovale.com.br\/portal\/index.php?rest_route=\/wp\/v2\/media\/195686"}],"wp:attachment":[{"href":"https:\/\/aconteceunovale.com.br\/portal\/index.php?rest_route=%2Fwp%2Fv2%2Fmedia&parent=195685"}],"wp:term":[{"taxonomy":"category","embeddable":true,"href":"https:\/\/aconteceunovale.com.br\/portal\/index.php?rest_route=%2Fwp%2Fv2%2Fcategories&post=195685"},{"taxonomy":"post_tag","embeddable":true,"href":"https:\/\/aconteceunovale.com.br\/portal\/index.php?rest_route=%2Fwp%2Fv2%2Ftags&post=195685"}],"curies":[{"name":"wp","href":"https:\/\/api.w.org\/{rel}","templated":true}]}}