{"id":195682,"date":"2025-01-18T13:32:38","date_gmt":"2025-01-18T16:32:38","guid":{"rendered":"https:\/\/aconteceunovale.com.br\/portal\/?p=195682"},"modified":"2025-01-18T13:33:01","modified_gmt":"2025-01-18T16:33:01","slug":"jovem-e-assassinada-dentro-de-supermercado-em-montes-claros","status":"publish","type":"post","link":"https:\/\/aconteceunovale.com.br\/portal\/?p=195682","title":{"rendered":"Jovem \u00e9 assassinada dentro de supermercado em Montes Claros"},"content":{"rendered":"\n<p class=\"wp-block-paragraph\">Uma jovem de 20 anos foi brutalmente assassinada a facadas, na noite de sexta-feira (17\/1\/2025), enquanto trabalhava como caixa em um supermercado localizado na Avenida Dulce Sarmento, no bairro Vila Ipiranga, em Montes Claros (MG). O autor do crime, seu ex-companheiro de 22 anos, foi preso momentos ap\u00f3s o ocorrido.<\/p>\n\n\n\n<figure class=\"wp-block-gallery has-nested-images columns-default is-cropped wp-block-gallery-1 is-layout-flex wp-block-gallery-is-layout-flex\">\n<figure class=\"wp-block-image size-large\"><img loading=\"lazy\" decoding=\"async\" width=\"657\" height=\"450\" data-id=\"195683\" src=\"https:\/\/aconteceunovale.com.br\/portal\/wp-content\/uploads\/2025\/01\/homicidio_moc.png\" alt=\"\" class=\"wp-image-195683\" srcset=\"https:\/\/aconteceunovale.com.br\/portal\/wp-content\/uploads\/2025\/01\/homicidio_moc.png 657w, https:\/\/aconteceunovale.com.br\/portal\/wp-content\/uploads\/2025\/01\/homicidio_moc-300x205.png 300w, https:\/\/aconteceunovale.com.br\/portal\/wp-content\/uploads\/2025\/01\/homicidio_moc-218x150.png 218w, https:\/\/aconteceunovale.com.br\/portal\/wp-content\/uploads\/2025\/01\/homicidio_moc-613x420.png 613w\" sizes=\"auto, (max-width: 657px) 100vw, 657px\" \/><figcaption class=\"wp-element-caption\"><em>Crime aconteceu na Vila Ipiranga &#8211; Foto: Reprodu\u00e7\u00e3o \/ Redes Sociais<\/em><\/figcaption><\/figure>\n<\/figure>\n\n\n\n<p class=\"wp-block-paragraph\">De acordo com informa\u00e7\u00f5es da Pol\u00edcia Militar, o suspeito invadiu o estabelecimento e abordou a v\u00edtima enquanto ela atendia um cliente. Ao ser atacada, a jovem tentou fugir, mas foi perseguida e atingida por diversos golpes de faca. Testemunhas relataram que o homem utilizou uma r\u00e9plica de pistola para amea\u00e7ar quem tentasse intervir.<\/p>\n\n\n\n<p class=\"wp-block-paragraph\">O Servi\u00e7o de Atendimento M\u00f3vel de Urg\u00eancia (SAMU) foi acionado, mas a v\u00edtima n\u00e3o resistiu aos ferimentos, que inclu\u00edam les\u00f5es no pesco\u00e7o, t\u00f3rax e membros superiores, e faleceu no local. A per\u00edcia constatou m\u00faltiplos golpes pelo corpo da jovem.<\/p>\n\n\n\n<p class=\"wp-block-paragraph\">A faca utilizada no crime foi localizada em uma rua pr\u00f3xima ao supermercado. Imagens das c\u00e2meras de seguran\u00e7a do estabelecimento ajudaram na identifica\u00e7\u00e3o do suspeito, que foi encontrado no bairro Vera Cruz durante patrulhamento policial. Ele portava uma r\u00e9plica de pistola e confessou o crime, alegando que o cometeu por n\u00e3o aceitar o t\u00e9rmino do relacionamento e por suspeitar de uma trai\u00e7\u00e3o.<\/p>\n\n\n\n<p class=\"wp-block-paragraph\">O suspeito revelou aos policiais que planejou o ataque, armando-se com uma faca e a r\u00e9plica de arma de fogo para intimidar poss\u00edveis interven\u00e7\u00f5es. Ap\u00f3s cometer o crime, ele fugiu do local, mas foi interceptado e detido pela pol\u00edcia.<\/p>\n\n\n\n<p class=\"wp-block-paragraph\">A funer\u00e1ria foi acionada para a remo\u00e7\u00e3o do corpo, e o homem foi encaminhado \u00e0 Delegacia de Plant\u00e3o da Pol\u00edcia civil, onde permanece \u00e0 disposi\u00e7\u00e3o da Justi\u00e7a. O caso foi registrado como feminic\u00eddio e ser\u00e1 investigado.<\/p>\n","protected":false},"excerpt":{"rendered":"<p>Uma jovem de 20 anos foi brutalmente assassinada a facadas, na noite de sexta-feira (17\/1\/2025), enquanto trabalhava como caixa em um supermercado localizado na Avenida Dulce Sarmento, no bairro Vila Ipiranga, em Montes Claros (MG). O autor do crime, seu ex-companheiro de 22 anos, foi preso momentos ap\u00f3s o ocorrido. De acordo com informa\u00e7\u00f5es da [&hellip;]<\/p>\n","protected":false},"author":4,"featured_media":195683,"comment_status":"open","ping_status":"closed","sticky":false,"template":"","format":"standard","meta":{"amp_status":"","footnotes":""},"categories":[1236],"tags":[269980,1018,159122,25220,269979,210],"class_list":["post-195682","post","type-post","status-publish","format-standard","has-post-thumbnail","hentry","category-norte_de_minas","tag-crime-brutal-em-montes-claros","tag-destaque","tag-feminicidio-em-montes-claros","tag-homicidio-em-montes-claros","tag-jovem-e-assassinada-dentro-de-supermercado-em-montes-claros","tag-montes-claros"],"yoast_head":"<!-- This site is optimized with the Yoast SEO plugin v28.3 - https:\/\/yoast.com\/product\/yoast-seo-wordpress\/ -->\n<title>Jovem \u00e9 assassinada dentro de supermercado em Montes Claros - Aconteceu no Vale<\/title>\n<meta name=\"robots\" content=\"index, follow, max-snippet:-1, max-image-preview:large, max-video-preview:-1\" \/>\n<link rel=\"canonical\" href=\"https:\/\/aconteceunovale.com.br\/portal\/?p=195682\" \/>\n<meta property=\"og:locale\" content=\"pt_BR\" \/>\n<meta property=\"og:type\" content=\"article\" \/>\n<meta property=\"og:title\" content=\"Jovem \u00e9 assassinada dentro de supermercado em Montes Claros - Aconteceu no Vale\" \/>\n<meta property=\"og:description\" content=\"Uma jovem de 20 anos foi brutalmente assassinada a facadas, na noite de sexta-feira (17\/1\/2025), enquanto trabalhava como caixa em um supermercado localizado na Avenida Dulce Sarmento, no bairro Vila Ipiranga, em Montes Claros (MG). O autor do crime, seu ex-companheiro de 22 anos, foi preso momentos ap\u00f3s o ocorrido. De acordo com informa\u00e7\u00f5es da [&hellip;]\" \/>\n<meta property=\"og:url\" content=\"https:\/\/aconteceunovale.com.br\/portal\/?p=195682\" \/>\n<meta property=\"og:site_name\" content=\"Aconteceu no Vale\" \/>\n<meta property=\"article:publisher\" content=\"https:\/\/www.facebook.com\/aconteceunovale\/\" \/>\n<meta property=\"article:published_time\" content=\"2025-01-18T16:32:38+00:00\" \/>\n<meta property=\"article:modified_time\" content=\"2025-01-18T16:33:01+00:00\" \/>\n<meta property=\"og:image\" content=\"https:\/\/aconteceunovale.com.br\/portal\/wp-content\/uploads\/2025\/01\/homicidio_moc.png\" \/>\n\t<meta property=\"og:image:width\" content=\"657\" \/>\n\t<meta property=\"og:image:height\" content=\"450\" \/>\n\t<meta property=\"og:image:type\" content=\"image\/png\" \/>\n<meta name=\"author\" content=\"Reda\u00e7\u00e3o Aconteceu no Vale\" \/>\n<meta name=\"twitter:card\" content=\"summary_large_image\" \/>\n<meta name=\"twitter:creator\" content=\"@noticiadosvales\" \/>\n<meta name=\"twitter:site\" content=\"@noticiadosvales\" \/>\n<meta name=\"twitter:label1\" content=\"Escrito por\" \/>\n\t<meta name=\"twitter:data1\" content=\"Reda\u00e7\u00e3o Aconteceu no Vale\" \/>\n\t<meta name=\"twitter:label2\" content=\"Est. tempo de leitura\" \/>\n\t<meta name=\"twitter:data2\" content=\"2 minutos\" \/>\n<script type=\"application\/ld+json\" class=\"yoast-schema-graph\">{\"@context\":\"https:\\\/\\\/schema.org\",\"@graph\":[{\"@type\":\"Article\",\"@id\":\"https:\\\/\\\/aconteceunovale.com.br\\\/portal\\\/?p=195682#article\",\"isPartOf\":{\"@id\":\"https:\\\/\\\/aconteceunovale.com.br\\\/portal\\\/?p=195682\"},\"author\":{\"name\":\"Reda\u00e7\u00e3o Aconteceu no Vale\",\"@id\":\"https:\\\/\\\/aconteceunovale.com.br\\\/portal\\\/#\\\/schema\\\/person\\\/7d2f26d1483f8a63de73da1ee0754d35\"},\"headline\":\"Jovem \u00e9 assassinada dentro de supermercado em Montes Claros\",\"datePublished\":\"2025-01-18T16:32:38+00:00\",\"dateModified\":\"2025-01-18T16:33:01+00:00\",\"mainEntityOfPage\":{\"@id\":\"https:\\\/\\\/aconteceunovale.com.br\\\/portal\\\/?p=195682\"},\"wordCount\":330,\"commentCount\":0,\"image\":{\"@id\":\"https:\\\/\\\/aconteceunovale.com.br\\\/portal\\\/?p=195682#primaryimage\"},\"thumbnailUrl\":\"https:\\\/\\\/aconteceunovale.com.br\\\/portal\\\/wp-content\\\/uploads\\\/2025\\\/01\\\/homicidio_moc.png\",\"keywords\":[\"Crime brutal em Montes Claros\",\"destaque\",\"Feminic\u00eddio em Montes Claros\",\"homic\u00eddio em montes claros\",\"Jovem \u00e9 assassinada dentro de supermercado em Montes Claros\",\"Montes Claros\"],\"articleSection\":[\"Norte de Minas\"],\"inLanguage\":\"pt-BR\",\"potentialAction\":[{\"@type\":\"CommentAction\",\"name\":\"Comment\",\"target\":[\"https:\\\/\\\/aconteceunovale.com.br\\\/portal\\\/?p=195682#respond\"]}]},{\"@type\":\"WebPage\",\"@id\":\"https:\\\/\\\/aconteceunovale.com.br\\\/portal\\\/?p=195682\",\"url\":\"https:\\\/\\\/aconteceunovale.com.br\\\/portal\\\/?p=195682\",\"name\":\"Jovem \u00e9 assassinada dentro de supermercado em Montes Claros - Aconteceu no Vale\",\"isPartOf\":{\"@id\":\"https:\\\/\\\/aconteceunovale.com.br\\\/portal\\\/#website\"},\"primaryImageOfPage\":{\"@id\":\"https:\\\/\\\/aconteceunovale.com.br\\\/portal\\\/?p=195682#primaryimage\"},\"image\":{\"@id\":\"https:\\\/\\\/aconteceunovale.com.br\\\/portal\\\/?p=195682#primaryimage\"},\"thumbnailUrl\":\"https:\\\/\\\/aconteceunovale.com.br\\\/portal\\\/wp-content\\\/uploads\\\/2025\\\/01\\\/homicidio_moc.png\",\"datePublished\":\"2025-01-18T16:32:38+00:00\",\"dateModified\":\"2025-01-18T16:33:01+00:00\",\"author\":{\"@id\":\"https:\\\/\\\/aconteceunovale.com.br\\\/portal\\\/#\\\/schema\\\/person\\\/7d2f26d1483f8a63de73da1ee0754d35\"},\"breadcrumb\":{\"@id\":\"https:\\\/\\\/aconteceunovale.com.br\\\/portal\\\/?p=195682#breadcrumb\"},\"inLanguage\":\"pt-BR\",\"potentialAction\":[{\"@type\":\"ReadAction\",\"target\":[\"https:\\\/\\\/aconteceunovale.com.br\\\/portal\\\/?p=195682\"]}]},{\"@type\":\"ImageObject\",\"inLanguage\":\"pt-BR\",\"@id\":\"https:\\\/\\\/aconteceunovale.com.br\\\/portal\\\/?p=195682#primaryimage\",\"url\":\"https:\\\/\\\/aconteceunovale.com.br\\\/portal\\\/wp-content\\\/uploads\\\/2025\\\/01\\\/homicidio_moc.png\",\"contentUrl\":\"https:\\\/\\\/aconteceunovale.com.br\\\/portal\\\/wp-content\\\/uploads\\\/2025\\\/01\\\/homicidio_moc.png\",\"width\":657,\"height\":450,\"caption\":\"Foto: Reprodu\u00e7\u00e3o \\\/ Redes Sociais\"},{\"@type\":\"BreadcrumbList\",\"@id\":\"https:\\\/\\\/aconteceunovale.com.br\\\/portal\\\/?p=195682#breadcrumb\",\"itemListElement\":[{\"@type\":\"ListItem\",\"position\":1,\"name\":\"In\u00edcio\",\"item\":\"https:\\\/\\\/aconteceunovale.com.br\\\/portal\\\/\"},{\"@type\":\"ListItem\",\"position\":2,\"name\":\"Jovem \u00e9 assassinada dentro de supermercado em Montes Claros\"}]},{\"@type\":\"WebSite\",\"@id\":\"https:\\\/\\\/aconteceunovale.com.br\\\/portal\\\/#website\",\"url\":\"https:\\\/\\\/aconteceunovale.com.br\\\/portal\\\/\",\"name\":\"Aconteceu no Vale\",\"description\":\"Portal de Not\u00edcias\",\"potentialAction\":[{\"@type\":\"SearchAction\",\"target\":{\"@type\":\"EntryPoint\",\"urlTemplate\":\"https:\\\/\\\/aconteceunovale.com.br\\\/portal\\\/?s={search_term_string}\"},\"query-input\":{\"@type\":\"PropertyValueSpecification\",\"valueRequired\":true,\"valueName\":\"search_term_string\"}}],\"inLanguage\":\"pt-BR\"},{\"@type\":\"Person\",\"@id\":\"https:\\\/\\\/aconteceunovale.com.br\\\/portal\\\/#\\\/schema\\\/person\\\/7d2f26d1483f8a63de73da1ee0754d35\",\"name\":\"Reda\u00e7\u00e3o Aconteceu no Vale\",\"description\":\"Equipe de reportagem do Aconteceu no Vale, portal de not\u00edcias do Vale do Jequitinhonha, em Minas Gerais. Cobrimos as 51 cidades do Vale desde 2013. Sugest\u00f5es de pauta e pedidos de corre\u00e7\u00e3o: contato@aconteceunovale.com.br\",\"url\":\"https:\\\/\\\/aconteceunovale.com.br\\\/portal\\\/?author=4\"}]}<\/script>\n<!-- \/ Yoast SEO plugin. -->","yoast_head_json":{"title":"Jovem \u00e9 assassinada dentro de supermercado em Montes Claros - Aconteceu no Vale","robots":{"index":"index","follow":"follow","max-snippet":"max-snippet:-1","max-image-preview":"max-image-preview:large","max-video-preview":"max-video-preview:-1"},"canonical":"https:\/\/aconteceunovale.com.br\/portal\/?p=195682","og_locale":"pt_BR","og_type":"article","og_title":"Jovem \u00e9 assassinada dentro de supermercado em Montes Claros - Aconteceu no Vale","og_description":"Uma jovem de 20 anos foi brutalmente assassinada a facadas, na noite de sexta-feira (17\/1\/2025), enquanto trabalhava como caixa em um supermercado localizado na Avenida Dulce Sarmento, no bairro Vila Ipiranga, em Montes Claros (MG). O autor do crime, seu ex-companheiro de 22 anos, foi preso momentos ap\u00f3s o ocorrido. De acordo com informa\u00e7\u00f5es da [&hellip;]","og_url":"https:\/\/aconteceunovale.com.br\/portal\/?p=195682","og_site_name":"Aconteceu no Vale","article_publisher":"https:\/\/www.facebook.com\/aconteceunovale\/","article_published_time":"2025-01-18T16:32:38+00:00","article_modified_time":"2025-01-18T16:33:01+00:00","og_image":[{"width":657,"height":450,"url":"https:\/\/aconteceunovale.com.br\/portal\/wp-content\/uploads\/2025\/01\/homicidio_moc.png","type":"image\/png"}],"author":"Reda\u00e7\u00e3o Aconteceu no Vale","twitter_card":"summary_large_image","twitter_creator":"@noticiadosvales","twitter_site":"@noticiadosvales","twitter_misc":{"Escrito por":"Reda\u00e7\u00e3o Aconteceu no Vale","Est. tempo de leitura":"2 minutos"},"schema":{"@context":"https:\/\/schema.org","@graph":[{"@type":"Article","@id":"https:\/\/aconteceunovale.com.br\/portal\/?p=195682#article","isPartOf":{"@id":"https:\/\/aconteceunovale.com.br\/portal\/?p=195682"},"author":{"name":"Reda\u00e7\u00e3o Aconteceu no Vale","@id":"https:\/\/aconteceunovale.com.br\/portal\/#\/schema\/person\/7d2f26d1483f8a63de73da1ee0754d35"},"headline":"Jovem \u00e9 assassinada dentro de supermercado em Montes Claros","datePublished":"2025-01-18T16:32:38+00:00","dateModified":"2025-01-18T16:33:01+00:00","mainEntityOfPage":{"@id":"https:\/\/aconteceunovale.com.br\/portal\/?p=195682"},"wordCount":330,"commentCount":0,"image":{"@id":"https:\/\/aconteceunovale.com.br\/portal\/?p=195682#primaryimage"},"thumbnailUrl":"https:\/\/aconteceunovale.com.br\/portal\/wp-content\/uploads\/2025\/01\/homicidio_moc.png","keywords":["Crime brutal em Montes Claros","destaque","Feminic\u00eddio em Montes Claros","homic\u00eddio em montes claros","Jovem \u00e9 assassinada dentro de supermercado em Montes Claros","Montes Claros"],"articleSection":["Norte de Minas"],"inLanguage":"pt-BR","potentialAction":[{"@type":"CommentAction","name":"Comment","target":["https:\/\/aconteceunovale.com.br\/portal\/?p=195682#respond"]}]},{"@type":"WebPage","@id":"https:\/\/aconteceunovale.com.br\/portal\/?p=195682","url":"https:\/\/aconteceunovale.com.br\/portal\/?p=195682","name":"Jovem \u00e9 assassinada dentro de supermercado em Montes Claros - Aconteceu no Vale","isPartOf":{"@id":"https:\/\/aconteceunovale.com.br\/portal\/#website"},"primaryImageOfPage":{"@id":"https:\/\/aconteceunovale.com.br\/portal\/?p=195682#primaryimage"},"image":{"@id":"https:\/\/aconteceunovale.com.br\/portal\/?p=195682#primaryimage"},"thumbnailUrl":"https:\/\/aconteceunovale.com.br\/portal\/wp-content\/uploads\/2025\/01\/homicidio_moc.png","datePublished":"2025-01-18T16:32:38+00:00","dateModified":"2025-01-18T16:33:01+00:00","author":{"@id":"https:\/\/aconteceunovale.com.br\/portal\/#\/schema\/person\/7d2f26d1483f8a63de73da1ee0754d35"},"breadcrumb":{"@id":"https:\/\/aconteceunovale.com.br\/portal\/?p=195682#breadcrumb"},"inLanguage":"pt-BR","potentialAction":[{"@type":"ReadAction","target":["https:\/\/aconteceunovale.com.br\/portal\/?p=195682"]}]},{"@type":"ImageObject","inLanguage":"pt-BR","@id":"https:\/\/aconteceunovale.com.br\/portal\/?p=195682#primaryimage","url":"https:\/\/aconteceunovale.com.br\/portal\/wp-content\/uploads\/2025\/01\/homicidio_moc.png","contentUrl":"https:\/\/aconteceunovale.com.br\/portal\/wp-content\/uploads\/2025\/01\/homicidio_moc.png","width":657,"height":450,"caption":"Foto: Reprodu\u00e7\u00e3o \/ Redes Sociais"},{"@type":"BreadcrumbList","@id":"https:\/\/aconteceunovale.com.br\/portal\/?p=195682#breadcrumb","itemListElement":[{"@type":"ListItem","position":1,"name":"In\u00edcio","item":"https:\/\/aconteceunovale.com.br\/portal\/"},{"@type":"ListItem","position":2,"name":"Jovem \u00e9 assassinada dentro de supermercado em Montes Claros"}]},{"@type":"WebSite","@id":"https:\/\/aconteceunovale.com.br\/portal\/#website","url":"https:\/\/aconteceunovale.com.br\/portal\/","name":"Aconteceu no Vale","description":"Portal de Not\u00edcias","potentialAction":[{"@type":"SearchAction","target":{"@type":"EntryPoint","urlTemplate":"https:\/\/aconteceunovale.com.br\/portal\/?s={search_term_string}"},"query-input":{"@type":"PropertyValueSpecification","valueRequired":true,"valueName":"search_term_string"}}],"inLanguage":"pt-BR"},{"@type":"Person","@id":"https:\/\/aconteceunovale.com.br\/portal\/#\/schema\/person\/7d2f26d1483f8a63de73da1ee0754d35","name":"Reda\u00e7\u00e3o Aconteceu no Vale","description":"Equipe de reportagem do Aconteceu no Vale, portal de not\u00edcias do Vale do Jequitinhonha, em Minas Gerais. Cobrimos as 51 cidades do Vale desde 2013. Sugest\u00f5es de pauta e pedidos de corre\u00e7\u00e3o: contato@aconteceunovale.com.br","url":"https:\/\/aconteceunovale.com.br\/portal\/?author=4"}]}},"_links":{"self":[{"href":"https:\/\/aconteceunovale.com.br\/portal\/index.php?rest_route=\/wp\/v2\/posts\/195682","targetHints":{"allow":["GET"]}}],"collection":[{"href":"https:\/\/aconteceunovale.com.br\/portal\/index.php?rest_route=\/wp\/v2\/posts"}],"about":[{"href":"https:\/\/aconteceunovale.com.br\/portal\/index.php?rest_route=\/wp\/v2\/types\/post"}],"author":[{"embeddable":true,"href":"https:\/\/aconteceunovale.com.br\/portal\/index.php?rest_route=\/wp\/v2\/users\/4"}],"replies":[{"embeddable":true,"href":"https:\/\/aconteceunovale.com.br\/portal\/index.php?rest_route=%2Fwp%2Fv2%2Fcomments&post=195682"}],"version-history":[{"count":1,"href":"https:\/\/aconteceunovale.com.br\/portal\/index.php?rest_route=\/wp\/v2\/posts\/195682\/revisions"}],"predecessor-version":[{"id":195684,"href":"https:\/\/aconteceunovale.com.br\/portal\/index.php?rest_route=\/wp\/v2\/posts\/195682\/revisions\/195684"}],"wp:featuredmedia":[{"embeddable":true,"href":"https:\/\/aconteceunovale.com.br\/portal\/index.php?rest_route=\/wp\/v2\/media\/195683"}],"wp:attachment":[{"href":"https:\/\/aconteceunovale.com.br\/portal\/index.php?rest_route=%2Fwp%2Fv2%2Fmedia&parent=195682"}],"wp:term":[{"taxonomy":"category","embeddable":true,"href":"https:\/\/aconteceunovale.com.br\/portal\/index.php?rest_route=%2Fwp%2Fv2%2Fcategories&post=195682"},{"taxonomy":"post_tag","embeddable":true,"href":"https:\/\/aconteceunovale.com.br\/portal\/index.php?rest_route=%2Fwp%2Fv2%2Ftags&post=195682"}],"curies":[{"name":"wp","href":"https:\/\/api.w.org\/{rel}","templated":true}]}}