{"id":195679,"date":"2025-01-18T12:35:44","date_gmt":"2025-01-18T15:35:44","guid":{"rendered":"https:\/\/aconteceunovale.com.br\/portal\/?p=195679"},"modified":"2025-01-18T12:36:40","modified_gmt":"2025-01-18T15:36:40","slug":"tragedia-de-mariana-novo-acordo-desagrada-e-municipios-focam-em-processo-na-inglaterra","status":"publish","type":"post","link":"https:\/\/aconteceunovale.com.br\/portal\/?p=195679","title":{"rendered":"Trag\u00e9dia de Mariana: novo acordo desagrada e munic\u00edpios focam em processo na Inglaterra"},"content":{"rendered":"\n<p class=\"wp-block-paragraph\">A repactua\u00e7\u00e3o do processo de repara\u00e7\u00e3o dos danos causados no rompimento da barragem da mineradora Samarco ainda n\u00e3o seduziu boa parte dos munic\u00edpios atingidos. Firmado no ano passado e homologado pelo Supremo Tribunal Federal (STF), o novo acordo foi negociado em busca de solu\u00e7\u00f5es para impasses que persistem ap\u00f3s mais de 9 anos da trag\u00e9dia. Entre diversas medidas, foi prevista a transfer\u00eancia de recursos para as prefeituras desses munic\u00edpios.<\/p>\n\n\n\n<figure class=\"wp-block-gallery has-nested-images columns-default is-cropped wp-block-gallery-1 is-layout-flex wp-block-gallery-is-layout-flex\">\n<figure class=\"wp-block-image size-large\"><img loading=\"lazy\" decoding=\"async\" width=\"678\" height=\"406\" data-id=\"195680\" src=\"https:\/\/aconteceunovale.com.br\/portal\/wp-content\/uploads\/2025\/01\/tragedia_mariana.png\" alt=\"\" class=\"wp-image-195680\" srcset=\"https:\/\/aconteceunovale.com.br\/portal\/wp-content\/uploads\/2025\/01\/tragedia_mariana.png 678w, https:\/\/aconteceunovale.com.br\/portal\/wp-content\/uploads\/2025\/01\/tragedia_mariana-300x180.png 300w\" sizes=\"auto, (max-width: 678px) 100vw, 678px\" \/><figcaption class=\"wp-element-caption\"><em>Foto: Antonio Cruz\/ Ag\u00eancia Brasil<\/em><\/figcaption><\/figure>\n<\/figure>\n\n\n\n<p class=\"wp-block-paragraph\">Mas havia uma condi\u00e7\u00e3o: desistir da a\u00e7\u00e3o de repara\u00e7\u00e3o de danos que tramita na Justi\u00e7a inglesa. No entanto, at\u00e9 o momento, apenas quatro tiveram a desist\u00eancia confirmada. Os outros 42 continuam buscando a repara\u00e7\u00e3o dos danos fora do Brasil.<\/p>\n\n\n\n<p class=\"wp-block-paragraph\">O acordo de repactua\u00e7\u00e3o deu \u00e0s prefeituras 120 dias para decidir sobre a ades\u00e3o do munic\u00edpio. A contagem do prazo se inicia com a data da homologa\u00e7\u00e3o pelo STF, que ocorreu em 6 de novembro de 2024. Portanto, a decis\u00e3o pode ser tomada at\u00e9 o dia 6 de mar\u00e7o. Diferentes munic\u00edpios t\u00eam manifestado tend\u00eancia de se manterem focados no processo que tramita nos tribunais ingleses.<\/p>\n\n\n\n<p class=\"wp-block-paragraph\">A prefeitura de Ouro Preto (MG) est\u00e1 entre as que, at\u00e9 o momento, n\u00e3o aderiram \u00e0 repactua\u00e7\u00e3o. Em nota, o munic\u00edpio sustenta que &#8220;o acordo n\u00e3o reconhece os preju\u00edzos sofridos no territ\u00f3rio e, por isso, n\u00e3o promove a repara\u00e7\u00e3o necess\u00e1ria&#8221;. O texto tamb\u00e9m registra que a administra\u00e7\u00e3o municipal acompanha de perto os desdobramentos do processo na Inglaterra.<\/p>\n\n\n\n<h2 class=\"wp-block-heading\">Rompimento da barragem<\/h2>\n\n\n\n<p class=\"wp-block-paragraph\">A barragem que se rompeu no dia 5 de novembro de 2015 se localizava na zona rural do munic\u00edpio de Mariana (MG), em um complexo miner\u00e1rio da Samarco, uma&nbsp;<em>joint venture<\/em>&nbsp;que tem como acionistas a anglo-australiana BHP Billiton e a brasileira Vale. Na ocasi\u00e3o, cerca de 39 milh\u00f5es de metros c\u00fabicos de rejeitos escoaram pela Bacia do Rio Doce, at\u00e9 a foz no Esp\u00edrito Santo. Dezenove pessoas morreram, dois distritos &#8211; Bento Rodrigues e Paracatu &#8211; foram completamente destru\u00eddos e houve impactos \u00e0s popula\u00e7\u00f5es de dezenas de munic\u00edpios mineiros e capixabas.<\/p>\n\n\n\n<p class=\"wp-block-paragraph\">O julgamento na Inglaterra havia sido paralisado em 20 de dezembro para o recesso de fim de ano e foi retomado na \u00faltima segunda-feira (13). Nele, cerca de 620 mil atingidos, al\u00e9m de munic\u00edpios, comunidades ind\u00edgenas e quilombolas, empresas e institui\u00e7\u00f5es religiosas, processam a BHP Billiton, que tem sede em Londres. S\u00e3o listadas perdas de propriedades e de renda, aumento de despesas, impactos psicol\u00f3gicos, impactos decorrentes de deslocamento e falta de acesso \u00e0 \u00e1gua e energia el\u00e9trica, entre outros preju\u00edzos.<\/p>\n\n\n\n<p class=\"wp-block-paragraph\">A\u00a0a\u00e7\u00e3o, que\u00a0tramita desde 2018, entrou na etapa de julgamento do m\u00e9rito em outubro do ano passado. Ao final das audi\u00eancias, que dever\u00e3o se estender at\u00e9 o m\u00eas de mar\u00e7o, os ju\u00edzes ir\u00e3o determinar se h\u00e1 ou n\u00e3o responsabilidade da mineradora. Em caso positivo, o tribunal passar\u00e1 a analisar os pedidos de indeniza\u00e7\u00e3o individual, o que poder\u00e1 se arrastar at\u00e9 o fim de 2026.<\/p>\n\n\n\n<p class=\"wp-block-paragraph\">H\u00e1 um\u00a0acordo\u00a0entre a BHP Billiton e a Vale para que, em caso de condena\u00e7\u00e3o, cada uma arque com 50% dos valores fixados. O escrit\u00f3rio Pogust Goodhead, que representa os atingidos, pleiteia uma indeniza\u00e7\u00e3o a ser paga pelas mineradoras em torno de R$ 260 bilh\u00f5es. Caso a senten\u00e7a seja condenat\u00f3ria, os valores seriam pagos \u00e0 vista.<\/p>\n\n\n\n<p class=\"wp-block-paragraph\">J\u00e1 no acordo de repactua\u00e7\u00e3o, as mineradoras se comprometeram a destinar R$ 100 bilh\u00f5es em dinheiro novo. Deste total, R$ 6,1 bilh\u00f5es seriam direcionados a 49 munic\u00edpios, em parcelas anuais que se estendem por 20 anos. S\u00e3o listados especificamente os valores para cada um deles. A forma como os recursos foram divididos foi definida com base em proposta formulada pelo Cons\u00f3rcio P\u00fablico de Defesa e Revitaliza\u00e7\u00e3o do Rio Doce (Coridoce), composto exatamente por munic\u00edpios atingidos na trag\u00e9dia.<\/p>\n\n\n\n<p class=\"wp-block-paragraph\">Diferentes administra\u00e7\u00f5es, no entanto, consideram que o montante repartido \u00e9 insuficiente. Essa \u00e9 uma queixa do prefeito de Mariana, Juliano Duarte. O munic\u00edpio faz jus \u00e0 maior quantia, de R$ 1,22 bilh\u00e3o. Duarte, no entanto, j\u00e1 se manifestou em diferentes ocasi\u00f5es que considera o valor baixo diante dos danos suportados. Ele critica tamb\u00e9m o longo parcelamento, fazendo com que os valores cheguem a conta-gotas.<\/p>\n\n\n\n<p class=\"wp-block-paragraph\">A Samarco informa em nota que 12 munic\u00edpios j\u00e1 aderiram ao novo acordo e que, em dezembro, foram realizados repasses que somam R$ 26,8 milh\u00f5es. Os recursos recebidos devem ser destinados para iniciativas variadas envolvendo temas variados fomento \u00e0 agropecu\u00e1ria, melhoria de sistema vi\u00e1ria, gest\u00e3o de cultura e turismo, educa\u00e7\u00e3o, saneamento e sa\u00fade. H\u00e1, no entanto, diferen\u00e7as entre a lista dos munic\u00edpios atingidos reconhecidos pelo acordo e a rela\u00e7\u00e3o daqueles que est\u00e3o inclu\u00eddos no processo ingl\u00eas.<\/p>\n\n\n\n<p class=\"wp-block-paragraph\">C\u00f3rrego Novo (MG), Sobr\u00e1lia (MG), Concei\u00e7\u00e3o da Barra (ES) e S\u00e3o Mateus (ES) s\u00e3o os quatro que j\u00e1 tiveram a desist\u00eancia confirmada no tribunal estrangeiro. Al\u00e9m deles, a Samarco confirma houve a ades\u00e3o \u00e0 repactua\u00e7\u00e3o foi formalizada por Ponte Nova (MG) que tamb\u00e9m buscava repara\u00e7\u00e3o na Inglaterra. O escrit\u00f3rio Pogust Goodhead reitera que, at\u00e9 o momento, s\u00f3 recebeu quatro pedidos de desist\u00eancia.<\/p>\n\n\n\n<p class=\"wp-block-paragraph\">Al\u00e9m dos cinco munic\u00edpios, sete que j\u00e1 aderiram \u00e0 repactua\u00e7\u00e3o &#8211; Iapu (MG), Santana do Para\u00edso (MG), Marli\u00e9ria (MG), Anchieta (ES), Fund\u00e3o (ES), Serra (ES) e Linhares (ES) &#8211; n\u00e3o figuravam na a\u00e7\u00e3o que tramita na Inglaterra. &#8220;A Samarco segue em di\u00e1logo com os demais munic\u00edpios para viabilizar novos repasses e assegurar uma repara\u00e7\u00e3o definitiva dos danos provocados pelo rompimento&#8221;, acrescenta a nota divulgada pela mineradora.<\/p>\n\n\n\n<h2 class=\"wp-block-heading\">Prazo m\u00e1ximo<\/h2>\n\n\n\n<p class=\"wp-block-paragraph\">Uma parte dos munic\u00edpios pretende usar todo o prazo dispon\u00edvel para avaliar o cen\u00e1rio e tomar a decis\u00e3o. De um lado, h\u00e1 expectativa de que a Samarco possa ser convencida a melhorar as condi\u00e7\u00f5es previstas no acordo de repactua\u00e7\u00e3o, o que mudaria o cen\u00e1rio. De outro, tamb\u00e9m h\u00e1 conversas com o escrit\u00f3rio Pogust Goodhead para uma melhor compreens\u00e3o do progn\u00f3stico em torno do processo ingl\u00eas.<\/p>\n\n\n\n<p class=\"wp-block-paragraph\">No final do ano passado, quando o tribunal ingl\u00eas iniciou seu recesso, os advogados das v\u00edtimas divulgaram um balan\u00e7o positivo das \u00faltimas audi\u00eancias. Eles consideraram que foram apresentadas evid\u00eancias graves sobre falhas de governan\u00e7a e omiss\u00f5es de seguran\u00e7a relacionadas \u00e0 barragem. &#8220;Documentos e depoimentos de diversas testemunhas mostraram que a BHP j\u00e1 tinha ci\u00eancia dos riscos de rompimento desde 2014, mas n\u00e3o implementou evacua\u00e7\u00f5es preventivas em Bento Rodrigues, mesmo sabendo que uma ruptura inundaria a \u00e1rea em menos de 10 minutos&#8221;, registra nota assinada pelo escrit\u00f3rio.<\/p>\n\n\n\n<h2 class=\"wp-block-heading\">Op\u00e7\u00f5es<\/h2>\n\n\n\n<p class=\"wp-block-paragraph\">Costurado ap\u00f3s tr\u00eas anos de discuss\u00f5es, o acordo de repactua\u00e7\u00e3o buscou oferecer respostas aos impasses acumulados e aos milhares de processos judiciais questionando a atua\u00e7\u00e3o das mineradoras e da Funda\u00e7\u00e3o Renova. A entidade havia sido criada para administrar todas medidas reparat\u00f3rias, conforme fixou um Termo de Transa\u00e7\u00e3o e Ajustamento de Conduta (TTAC) firmado em 2016 entre as mineradoras, o governo federal e os governos de Minas Gerais e do Esp\u00edrito Santo. No entanto, ap\u00f3s mais de nove anos, havia questionamentos envolvendo temas como indeniza\u00e7\u00f5es individuais, reconstru\u00e7\u00e3o de comunidades destru\u00eddas, recupera\u00e7\u00e3o ambiental&nbsp;e outros itens.<\/p>\n\n\n\n<p class=\"wp-block-paragraph\">O novo acordo de repactua\u00e7\u00e3o\u00a0extinguiu\u00a0a Funda\u00e7\u00e3o Renova e estabeleceu novas medidas. Todos os signat\u00e1rios do TTAC e tamb\u00e9m as institui\u00e7\u00f5es de Justi\u00e7a que atuam tanto em \u00e2mbito federal como nos dois estados &#8211; Minist\u00e9rio P\u00fablico e Defensoria P\u00fablica &#8211; participaram das tratativas. A mesa, no entanto, n\u00e3o contou com representantes dos munic\u00edpios. Esse \u00e9 um fator que j\u00e1 gerou diversas manifesta\u00e7\u00f5es de insatisfa\u00e7\u00e3o entre os prefeitos.<\/p>\n\n\n\n<p class=\"wp-block-paragraph\">Queixas similares t\u00eam os atingidos,&nbsp;que tamb\u00e9m n\u00e3o puderam indicar representantes para participar das discuss\u00f5es. Aqueles que aderiram \u00e0 a\u00e7\u00e3o na Inglaterra est\u00e3o igualmente entre duas op\u00e7\u00f5es: manter o pleito no tribunal estrangeiro ou aderir ao rec\u00e9m-criado Programa Indenizat\u00f3rio Definitivo (PID), que fixou a quantia de R$ 35 mil para indeniza\u00e7\u00e3o por danos morais e materiais de cada atingido. No caso de pescadores e agricultores, o valor sobe para R$ 95 mil.<\/p>\n\n\n\n<p class=\"wp-block-paragraph\">A implementa\u00e7\u00e3o do PID ainda n\u00e3o ocorreu. O prazo para a Samarco coloc\u00e1-lo em funcionamento \u00e9 de 150 dias contados a partir da homologa\u00e7\u00e3o do acordo. Assim, a plataforma do programa deve ser disponibilizada at\u00e9 abril. Uma vez isso ocorra, os atingidos ter\u00e3o 90 dias para aderir. &#8220;Estar\u00e1 dispon\u00edvel para quem sofreu danos com o rompimento, mas ainda n\u00e3o recebeu indeniza\u00e7\u00e3o e atenda aos crit\u00e9rios de elegibilidade&#8221;, informa a mineradora.<\/p>\n\n\n\n<p class=\"wp-block-paragraph\">Para o Movimento dos Atingidos por Barragem (MAB), o PID est\u00e1 entre os pontos mais cr\u00edticos da repactua\u00e7\u00e3o. Quando o acordo se tornou p\u00fablico, a entidade chegou a divulgar uma nota considerando que havia avan\u00e7os como a extin\u00e7\u00e3o da Funda\u00e7\u00e3o Renova e a\u00a0cria\u00e7\u00e3o de fundos\u00a0sob gest\u00e3o do Estado, mas lamentou que os valores indenizat\u00f3rios estavam aqu\u00e9m do necess\u00e1rio.<\/p>\n\n\n\n<h2 class=\"wp-block-heading\">Processo criminal<\/h2>\n\n\n\n<p class=\"wp-block-paragraph\">Paralelemente as discuss\u00f5es sobre a repara\u00e7\u00e3o c\u00edvel, a tramita\u00e7\u00e3o do processo criminal tamb\u00e9m deve ser retomada ap\u00f3s o recesso da Justi\u00e7a federal no Brasil. Est\u00e1 pendente de aprecia\u00e7\u00e3o o recurso do Minist\u00e9rio P\u00fablico Federal (MPF) contra decis\u00e3o que absolveu todos os r\u00e9us em novembro do ano passado.<\/p>\n\n\n\n<p class=\"wp-block-paragraph\">O processo criminal come\u00e7ou a tramitar em 2016 inicialmente com 22 r\u00e9us. A Samarco, a Vale e a BHP Billiton tamb\u00e9m eram julgadas e poderiam ser penalizadas pelos crimes ambientais, assim como a VogBr, auditoria que assinou o laudo de estabilidade da barragem que se rompeu. No entanto, ao longo do tempo, foram concedidos&nbsp;<em>habeas corpus<\/em>&nbsp;a alguns denunciados. Al\u00e9m disso, houve alguns crimes prescritos e, em 2019, uma decis\u00e3o judicial beneficiou os r\u00e9us ao determinar o trancamento da a\u00e7\u00e3o penal para a acusa\u00e7\u00e3o de homic\u00eddio qualificado. Prevaleceu a tese de que os ind\u00edcios inclu\u00eddos na den\u00fancia apontavam as mortes como consequ\u00eancias do crime de inunda\u00e7\u00e3o.<\/p>\n\n\n\n<p class=\"wp-block-paragraph\">A\u00a0decis\u00e3o de novembro, proferida pela ju\u00edza Patr\u00edcia Alencar Teixeira de Carvalho, absolveu todos os sete r\u00e9us que ainda figuravam no processo por crimes ambientais, incluindo o ex-presidente da Samarco, Ricardo Vescovi. Eles n\u00e3o respondiam mais por homic\u00eddio, apenas por crimes ambientais. Tamb\u00e9m foram absolvidas as tr\u00eas mineradoras e a VogBr.<\/p>\n\n\n\n<p class=\"wp-block-paragraph\">O recurso foi apresentado pelo MPF no m\u00eas passado, e contesta o principal argumento da senten\u00e7a: as provas apresentadas n\u00e3o permitiriam a identifica\u00e7\u00e3o das condutas espec\u00edficas de cada acusado.<\/p>\n\n\n\n<p class=\"wp-block-paragraph\">O MPF defende que ficou comprovada a omiss\u00e3o de todos os r\u00e9us, o que incrementou o risco da opera\u00e7\u00e3o da barragem e culminou no seu rompimento, gerando danos ao meio ambiente e \u00e0s popula\u00e7\u00f5es. &#8220;As falhas individuais nas compet\u00eancias de determinadas pessoas s\u00e3o respons\u00e1veis pelo resultado e suficientes \u00e0 demonstra\u00e7\u00e3o da causalidade pelo aumento do risco&#8221;, sustentou.<\/p>\n","protected":false},"excerpt":{"rendered":"<p>A repactua\u00e7\u00e3o do processo de repara\u00e7\u00e3o dos danos causados no rompimento da barragem da mineradora Samarco ainda n\u00e3o seduziu boa parte dos munic\u00edpios atingidos. Firmado no ano passado e homologado pelo Supremo Tribunal Federal (STF), o novo acordo foi negociado em busca de solu\u00e7\u00f5es para impasses que persistem ap\u00f3s mais de 9 anos da trag\u00e9dia. [&hellip;]<\/p>\n","protected":false},"author":4,"featured_media":195680,"comment_status":"open","ping_status":"closed","sticky":false,"template":"","format":"standard","meta":{"amp_status":"","footnotes":""},"categories":[6,123],"tags":[185107,185108,235304,249785,235306,77897,222399,185039,235309,21801,1770,203266,65269,65265,59520,74202,66100,3679,185169,185168,237984,193577,13939,65599,185035,185034,185036,185037,1018,92258,222401,235510,235509,1728,222400,4484,122011,222398,237987,247,6546,8739,54148,235511,235513,235308,235512,235305,185040,78846,7363,186976,1829,40917,193008,131,235301,65266,142718,236449,19674,237983,185106,18887,19675,185093,235307,235950,249786,85665,3729,217,65761,242649,237986,48143,80617,249787,235302,265876,66801,1774,75561,66993,65323,192688,65317,237985,32642,265877,265875,126425,1775,147244,254166,209749,24666,265878,185109,270,185074,65289,198826,65508,269978,68392,65288,185038,194209,235514,216990,2910,235303,73612,94967,254168,254167],"class_list":["post-195679","post","type-post","status-publish","format-standard","has-post-thumbnail","hentry","category-br","category-gerais","tag-3-anos-da-tragedia-de-mariana","tag-acordo-afasta-risco-de-prescricao-de-direitos-dos-atingidos-pela-tragedia-de-mariana","tag-acordo-de-reparacao-da-tragedia-de-brumadinho","tag-acordo-tragedia-de-mariana","tag-aedas","tag-anchieta","tag-andre-de-freitas","tag-apos-tres-anos","tag-avabrum","tag-bacia-do-rio-doce","tag-barra-longa","tag-barragem-brumadinho","tag-barragem-da-samarco","tag-barragem-de-fundao","tag-bento-rodrigues","tag-bhp","tag-bhp-billiton","tag-brumadinho","tag-consequencias-da-tragedia-de-mariana-ainda-sao-sentidas-em-governador-valadares","tag-consequencias-da-tragedia-de-mariana-ainda-sao-sentidas-no-leste-de-minas","tag-contas-da-fundacao-renova","tag-corrego-do-feijao","tag-depressao","tag-desastre-ambiental","tag-desastre-ambiental-bento-rodrigues","tag-desastre-ambiental-mariana","tag-desastre-ambiental-rio-doce","tag-desastre-ambiental-samarco","tag-destaque","tag-distrito-de-bento-rodrigues","tag-distrito-industrial-de-rio-doce","tag-divisao-de-lucros-da-vale","tag-dois-anos-da-tragedia-de-brumadinho","tag-dom-silverio","tag-emilia-paiva","tag-espirito-santo","tag-fundacao-renova","tag-fundacao-renova-anuncia-recursos-para-reparar-danos-da-tragedia-de-mariana","tag-fundacao-renova-tem-contas-rejeitadas","tag-governador-valadares","tag-governo-de-minas","tag-hospital-regional-de-governador-valadares","tag-ibama","tag-indenizacoes-da-vale","tag-indenizacoes-tragedia-de-brumadinho","tag-instituto-guaicuy","tag-josiane-melo","tag-juiz-elton-pupo-nogueira","tag-justica-ainda-ouve-testemunhas-no-processo-criminal-sobre-tragedia-de-mariana","tag-kleber-terra","tag-mariana","tag-mateus-simoes","tag-meio-ambiente","tag-mg","tag-mina-corrego-do-feijao","tag-minas-gerais","tag-minas-gerais-rejeita-valor-de-reparacao-por-tragedia-em-brumadinho","tag-mineradora-samarco","tag-mineradora-vale","tag-mineradora-vale-pagara-mais-de-r-37-bilhoes-para-reparar-tragedia-de-brumadinho","tag-ministerio-publico-de-minas-gerais","tag-ministerio-publico-rejeita-contas-da-fundacao-renova","tag-moradores-decidirao-futuro-de-distritos-atingidos-pela-lama-da-samarco-em-mariana","tag-mpf","tag-mpmg","tag-mpmg-presta-contas-de-atuacao-no-caso-do-rompimento-da-barragem-de-fundao","tag-nacab","tag-negociacao-do-acordo-da-tragedia-de-brumadinho-tem-prazo-estendido","tag-novo-acordo-para-a-tragedia-de-mariana","tag-novo-bento-rodrigues","tag-parque-estadual-do-rio-doce","tag-ponte-nova","tag-reconstrucao-de-bento-rodrigues","tag-recuperacao-judicial-da-samarco","tag-rejeicao-de-contas-da-fundacao-renova","tag-renova","tag-reparacao-da-tragedia-de-mariana","tag-reparacao-mariana","tag-reparacao-tragedia-de-brumadinho","tag-retomada-de-operacoes-da-samarco","tag-ricardo-vescovi","tag-rio-doce","tag-rompimento-barragem-da-samarco","tag-rompimento-da-barragem-de-fundao","tag-rompimento-de-barragem-em-bento-rodrigues","tag-rompimento-de-barragem-em-brumadinho","tag-rompimento-de-barragem-em-mariana","tag-salarios-de-diretores-da-fundacao-renova","tag-samarco","tag-samarco-retomou-operacoes-sem-quitar-multas-ambientais","tag-samarco-retomou-operacoes-sem-quitar-multas-com-ibama","tag-samuel-loures","tag-santa-cruz-do-escalvado","tag-saude-mental","tag-seis-anos-apos-tragedia-de-mariana","tag-sem-peixe-2","tag-semad","tag-sete-anos-apos-tragedia-de-mariana-entenda-o-processo-indenizatorio","tag-spg-law","tag-tjmg","tag-tragedia-ambiental","tag-tragedia-bento-rodrigues","tag-tragedia-de-brumadinho","tag-tragedia-de-mariana","tag-tragedia-de-mariana-novo-acordo-desagrada-e-municipios-focam-em-processo-na-inglaterra","tag-tragedia-rio-doce","tag-tragedia-samarco","tag-tres-anos-da-tragedia-de-mariana","tag-tuv-sud","tag-tuv-sud-reservou-28-milhoes-de-euros-para-lidar-com-processos-da-tragedia-de-brumadinho","tag-usina-de-candonga","tag-vale","tag-valor-da-reparacao-tragedia-de-brumadinho","tag-vogbr","tag-volta-da-samarco","tag-voz-de-atingidos-pela-tragedia-de-mariana-chega-ao-cnj","tag-voz-de-atingidos-pela-tragedia-de-mariana-chega-ao-conselho-nacional-de-justica"],"yoast_head":"<!-- This site is optimized with the Yoast SEO plugin v28.3 - https:\/\/yoast.com\/product\/yoast-seo-wordpress\/ -->\n<title>Trag\u00e9dia de Mariana: novo acordo desagrada e munic\u00edpios focam em processo na Inglaterra - Aconteceu no Vale<\/title>\n<meta name=\"robots\" content=\"index, follow, max-snippet:-1, max-image-preview:large, max-video-preview:-1\" \/>\n<link rel=\"canonical\" href=\"https:\/\/aconteceunovale.com.br\/portal\/?p=195679\" \/>\n<meta property=\"og:locale\" content=\"pt_BR\" \/>\n<meta property=\"og:type\" content=\"article\" \/>\n<meta property=\"og:title\" content=\"Trag\u00e9dia de Mariana: novo acordo desagrada e munic\u00edpios focam em processo na Inglaterra - Aconteceu no Vale\" \/>\n<meta property=\"og:description\" content=\"A repactua\u00e7\u00e3o do processo de repara\u00e7\u00e3o dos danos causados no rompimento da barragem da mineradora Samarco ainda n\u00e3o seduziu boa parte dos munic\u00edpios atingidos. Firmado no ano passado e homologado pelo Supremo Tribunal Federal (STF), o novo acordo foi negociado em busca de solu\u00e7\u00f5es para impasses que persistem ap\u00f3s mais de 9 anos da trag\u00e9dia. [&hellip;]\" \/>\n<meta property=\"og:url\" content=\"https:\/\/aconteceunovale.com.br\/portal\/?p=195679\" \/>\n<meta property=\"og:site_name\" content=\"Aconteceu no Vale\" \/>\n<meta property=\"article:publisher\" content=\"https:\/\/www.facebook.com\/aconteceunovale\/\" \/>\n<meta property=\"article:published_time\" content=\"2025-01-18T15:35:44+00:00\" \/>\n<meta property=\"article:modified_time\" content=\"2025-01-18T15:36:40+00:00\" \/>\n<meta property=\"og:image\" content=\"https:\/\/aconteceunovale.com.br\/portal\/wp-content\/uploads\/2025\/01\/tragedia_mariana.png\" \/>\n\t<meta property=\"og:image:width\" content=\"678\" \/>\n\t<meta property=\"og:image:height\" content=\"406\" \/>\n\t<meta property=\"og:image:type\" content=\"image\/png\" \/>\n<meta name=\"author\" content=\"Reda\u00e7\u00e3o Aconteceu no Vale\" \/>\n<meta name=\"twitter:card\" content=\"summary_large_image\" \/>\n<meta name=\"twitter:creator\" content=\"@noticiadosvales\" \/>\n<meta name=\"twitter:site\" content=\"@noticiadosvales\" \/>\n<meta name=\"twitter:label1\" content=\"Escrito por\" \/>\n\t<meta name=\"twitter:data1\" content=\"Reda\u00e7\u00e3o Aconteceu no Vale\" \/>\n\t<meta name=\"twitter:label2\" content=\"Est. tempo de leitura\" \/>\n\t<meta name=\"twitter:data2\" content=\"9 minutos\" \/>\n<script type=\"application\/ld+json\" class=\"yoast-schema-graph\">{\"@context\":\"https:\\\/\\\/schema.org\",\"@graph\":[{\"@type\":\"Article\",\"@id\":\"https:\\\/\\\/aconteceunovale.com.br\\\/portal\\\/?p=195679#article\",\"isPartOf\":{\"@id\":\"https:\\\/\\\/aconteceunovale.com.br\\\/portal\\\/?p=195679\"},\"author\":{\"name\":\"Reda\u00e7\u00e3o Aconteceu no Vale\",\"@id\":\"https:\\\/\\\/aconteceunovale.com.br\\\/portal\\\/#\\\/schema\\\/person\\\/7d2f26d1483f8a63de73da1ee0754d35\"},\"headline\":\"Trag\u00e9dia de Mariana: novo acordo desagrada e munic\u00edpios focam em processo na Inglaterra\",\"datePublished\":\"2025-01-18T15:35:44+00:00\",\"dateModified\":\"2025-01-18T15:36:40+00:00\",\"mainEntityOfPage\":{\"@id\":\"https:\\\/\\\/aconteceunovale.com.br\\\/portal\\\/?p=195679\"},\"wordCount\":1912,\"commentCount\":0,\"image\":{\"@id\":\"https:\\\/\\\/aconteceunovale.com.br\\\/portal\\\/?p=195679#primaryimage\"},\"thumbnailUrl\":\"https:\\\/\\\/aconteceunovale.com.br\\\/portal\\\/wp-content\\\/uploads\\\/2025\\\/01\\\/tragedia_mariana.png\",\"keywords\":[\"3 anos da trag\u00e9dia de Mariana\",\"Acordo afasta risco de prescri\u00e7\u00e3o de direitos dos atingidos pela trag\u00e9dia de Mariana\",\"Acordo de repara\u00e7\u00e3o da trag\u00e9dia de Brumadinho\",\"Acordo Trag\u00e9dia de Mariana\",\"Aedas\",\"Anchieta\",\"Andr\u00e9 de Freitas\",\"Ap\u00f3s tr\u00eas anos\",\"Avabrum\",\"Bacia do Rio Doce\",\"Barra Longa\",\"Barragem Brumadinho\",\"barragem da samarco\",\"Barragem de Fund\u00e3o\",\"Bento Rodrigues\",\"BHP\",\"BHP Billiton\",\"Brumadinho\",\"consequ\u00eancias da trag\u00e9dia de Mariana ainda s\u00e3o sentidas em Governador Valadares\",\"consequ\u00eancias da trag\u00e9dia de Mariana ainda s\u00e3o sentidas no Leste de Minas\",\"Contas da Funda\u00e7\u00e3o Renova\",\"C\u00f3rrego do Feij\u00e3o\",\"Depress\u00e3o\",\"desastre ambiental\",\"Desastre Ambiental Bento Rodrigues\",\"Desastre ambiental Mariana\",\"Desastre Ambiental Rio Doce\",\"Desastre ambiental Samarco\",\"destaque\",\"Distrito de Bento Rodrigues\",\"Distrito Industrial de Rio Doce\",\"Divis\u00e3o de lucros da Vale\",\"Dois anos da trag\u00e9dia de Brumadinho\",\"Dom Silv\u00e9rio\",\"Em\u00edlia Paiva\",\"Esp\u00edrito Santo\",\"Funda\u00e7\u00e3o Renova\",\"Funda\u00e7\u00e3o Renova anuncia recursos para reparar danos da trag\u00e9dia de Mariana\",\"Funda\u00e7\u00e3o Renova tem contas rejeitadas\",\"Governador Valadares\",\"Governo de Minas\",\"Hospital Regional de Governador Valadares\",\"Ibama\",\"Indeniza\u00e7\u00f5es da Vale\",\"Indeniza\u00e7\u00f5es trag\u00e9dia de Brumadinho\",\"Instituto Guaicuy\",\"Josiane Melo\",\"Juiz Elton Pupo Nogueira\",\"Justi\u00e7a ainda ouve testemunhas no processo criminal sobre trag\u00e9dia de Mariana\",\"Kleber Terra\",\"Mariana\",\"Mateus Sim\u00f5es\",\"Meio Ambiente\",\"MG\",\"Mina C\u00f3rrego do Feij\u00e3o\",\"Minas Gerais\",\"Minas Gerais rejeita valor de repara\u00e7\u00e3o por trag\u00e9dia em Brumadinho\",\"mineradora Samarco\",\"mineradora Vale\",\"Mineradora Vale pagar\u00e1 mais de R$ 37 bilh\u00f5es para reparar trag\u00e9dia de Brumadinho\",\"Minist\u00e9rio P\u00fablico de Minas Gerais\",\"Minist\u00e9rio P\u00fablico rejeita contas da Funda\u00e7\u00e3o Renova\",\"Moradores decidir\u00e3o futuro de distritos atingidos pela lama da Samarco em Mariana\",\"MPF\",\"MPMG\",\"MPMG presta contas de atua\u00e7\u00e3o no caso do rompimento da Barragem de Fund\u00e3o\",\"Nacab\",\"Negocia\u00e7\u00e3o do acordo da trag\u00e9dia de Brumadinho tem prazo estendido\",\"Novo acordo para a Trag\u00e9dia de Mariana\",\"novo bento rodrigues\",\"Parque Estadual do Rio Doce\",\"Ponte Nova\",\"reconstru\u00e7\u00e3o de bento rodrigues\",\"Recupera\u00e7\u00e3o judicial da Samarco\",\"Rejei\u00e7\u00e3o de contas da Funda\u00e7\u00e3o Renova\",\"Renova\",\"repara\u00e7\u00e3o da trag\u00e9dia de Mariana\",\"Repara\u00e7\u00e3o Mariana\",\"Repara\u00e7\u00e3o trag\u00e9dia de Brumadinho\",\"Retomada de opera\u00e7\u00f5es da Samarco\",\"Ricardo Vescovi\",\"Rio Doce\",\"rompimento barragem da samarco\",\"rompimento da barragem de Fund\u00e3o\",\"rompimento de barragem em Bento Rodrigues\",\"Rompimento de barragem em Brumadinho\",\"rompimento de barragem em mariana\",\"Sal\u00e1rios de diretores da Funda\u00e7\u00e3o Renova\",\"Samarco\",\"Samarco retomou opera\u00e7\u00f5es sem quitar multas ambientais\",\"Samarco retomou opera\u00e7\u00f5es sem quitar multas com Ibama\",\"Samuel Loures\",\"Santa Cruz do Escalvado\",\"sa\u00fade mental\",\"Seis anos ap\u00f3s trag\u00e9dia de Mariana\",\"Sem Peixe\",\"Semad\",\"Sete anos ap\u00f3s trag\u00e9dia de Mariana entenda o processo indenizat\u00f3rio\",\"SPG Law\",\"TJMG\",\"trag\u00e9dia ambiental\",\"trag\u00e9dia bento rodrigues\",\"Trag\u00e9dia de Brumadinho\",\"trag\u00e9dia de mariana\",\"Trag\u00e9dia de Mariana: novo acordo desagrada e munic\u00edpios focam em processo na Inglaterra\",\"trag\u00e9dia rio doce\",\"trag\u00e9dia samarco\",\"Tr\u00eas anos da trag\u00e9dia de Mariana\",\"T\u00fcv S\u00fcd\",\"T\u00fcv S\u00fcd reservou 28 milh\u00f5es de euros para lidar com processos da trag\u00e9dia de Brumadinho\",\"Usina de Candonga\",\"Vale\",\"Valor da repara\u00e7\u00e3o trag\u00e9dia de Brumadinho\",\"VogBR\",\"Volta da Samarco\",\"Voz de atingidos pela trag\u00e9dia de Mariana chega ao CNJ\",\"Voz de atingidos pela trag\u00e9dia de Mariana chega ao Conselho Nacional de Justi\u00e7a\"],\"articleSection\":[\"Brasil\",\"Minas Gerais\"],\"inLanguage\":\"pt-BR\",\"potentialAction\":[{\"@type\":\"CommentAction\",\"name\":\"Comment\",\"target\":[\"https:\\\/\\\/aconteceunovale.com.br\\\/portal\\\/?p=195679#respond\"]}]},{\"@type\":\"WebPage\",\"@id\":\"https:\\\/\\\/aconteceunovale.com.br\\\/portal\\\/?p=195679\",\"url\":\"https:\\\/\\\/aconteceunovale.com.br\\\/portal\\\/?p=195679\",\"name\":\"Trag\u00e9dia de Mariana: novo acordo desagrada e munic\u00edpios focam em processo na Inglaterra - Aconteceu no Vale\",\"isPartOf\":{\"@id\":\"https:\\\/\\\/aconteceunovale.com.br\\\/portal\\\/#website\"},\"primaryImageOfPage\":{\"@id\":\"https:\\\/\\\/aconteceunovale.com.br\\\/portal\\\/?p=195679#primaryimage\"},\"image\":{\"@id\":\"https:\\\/\\\/aconteceunovale.com.br\\\/portal\\\/?p=195679#primaryimage\"},\"thumbnailUrl\":\"https:\\\/\\\/aconteceunovale.com.br\\\/portal\\\/wp-content\\\/uploads\\\/2025\\\/01\\\/tragedia_mariana.png\",\"datePublished\":\"2025-01-18T15:35:44+00:00\",\"dateModified\":\"2025-01-18T15:36:40+00:00\",\"author\":{\"@id\":\"https:\\\/\\\/aconteceunovale.com.br\\\/portal\\\/#\\\/schema\\\/person\\\/7d2f26d1483f8a63de73da1ee0754d35\"},\"breadcrumb\":{\"@id\":\"https:\\\/\\\/aconteceunovale.com.br\\\/portal\\\/?p=195679#breadcrumb\"},\"inLanguage\":\"pt-BR\",\"potentialAction\":[{\"@type\":\"ReadAction\",\"target\":[\"https:\\\/\\\/aconteceunovale.com.br\\\/portal\\\/?p=195679\"]}]},{\"@type\":\"ImageObject\",\"inLanguage\":\"pt-BR\",\"@id\":\"https:\\\/\\\/aconteceunovale.com.br\\\/portal\\\/?p=195679#primaryimage\",\"url\":\"https:\\\/\\\/aconteceunovale.com.br\\\/portal\\\/wp-content\\\/uploads\\\/2025\\\/01\\\/tragedia_mariana.png\",\"contentUrl\":\"https:\\\/\\\/aconteceunovale.com.br\\\/portal\\\/wp-content\\\/uploads\\\/2025\\\/01\\\/tragedia_mariana.png\",\"width\":678,\"height\":406,\"caption\":\"Foto: Antonio Cruz\\\/ Ag\u00eancia Brasil\"},{\"@type\":\"BreadcrumbList\",\"@id\":\"https:\\\/\\\/aconteceunovale.com.br\\\/portal\\\/?p=195679#breadcrumb\",\"itemListElement\":[{\"@type\":\"ListItem\",\"position\":1,\"name\":\"In\u00edcio\",\"item\":\"https:\\\/\\\/aconteceunovale.com.br\\\/portal\\\/\"},{\"@type\":\"ListItem\",\"position\":2,\"name\":\"Trag\u00e9dia de Mariana: novo acordo desagrada e munic\u00edpios focam em processo na Inglaterra\"}]},{\"@type\":\"WebSite\",\"@id\":\"https:\\\/\\\/aconteceunovale.com.br\\\/portal\\\/#website\",\"url\":\"https:\\\/\\\/aconteceunovale.com.br\\\/portal\\\/\",\"name\":\"Aconteceu no Vale\",\"description\":\"Portal de Not\u00edcias\",\"potentialAction\":[{\"@type\":\"SearchAction\",\"target\":{\"@type\":\"EntryPoint\",\"urlTemplate\":\"https:\\\/\\\/aconteceunovale.com.br\\\/portal\\\/?s={search_term_string}\"},\"query-input\":{\"@type\":\"PropertyValueSpecification\",\"valueRequired\":true,\"valueName\":\"search_term_string\"}}],\"inLanguage\":\"pt-BR\"},{\"@type\":\"Person\",\"@id\":\"https:\\\/\\\/aconteceunovale.com.br\\\/portal\\\/#\\\/schema\\\/person\\\/7d2f26d1483f8a63de73da1ee0754d35\",\"name\":\"Reda\u00e7\u00e3o Aconteceu no Vale\",\"description\":\"Equipe de reportagem do Aconteceu no Vale, portal de not\u00edcias do Vale do Jequitinhonha, em Minas Gerais. Cobrimos as 51 cidades do Vale desde 2013. Sugest\u00f5es de pauta e pedidos de corre\u00e7\u00e3o: contato@aconteceunovale.com.br\",\"url\":\"https:\\\/\\\/aconteceunovale.com.br\\\/portal\\\/?author=4\"}]}<\/script>\n<!-- \/ Yoast SEO plugin. -->","yoast_head_json":{"title":"Trag\u00e9dia de Mariana: novo acordo desagrada e munic\u00edpios focam em processo na Inglaterra - Aconteceu no Vale","robots":{"index":"index","follow":"follow","max-snippet":"max-snippet:-1","max-image-preview":"max-image-preview:large","max-video-preview":"max-video-preview:-1"},"canonical":"https:\/\/aconteceunovale.com.br\/portal\/?p=195679","og_locale":"pt_BR","og_type":"article","og_title":"Trag\u00e9dia de Mariana: novo acordo desagrada e munic\u00edpios focam em processo na Inglaterra - Aconteceu no Vale","og_description":"A repactua\u00e7\u00e3o do processo de repara\u00e7\u00e3o dos danos causados no rompimento da barragem da mineradora Samarco ainda n\u00e3o seduziu boa parte dos munic\u00edpios atingidos. Firmado no ano passado e homologado pelo Supremo Tribunal Federal (STF), o novo acordo foi negociado em busca de solu\u00e7\u00f5es para impasses que persistem ap\u00f3s mais de 9 anos da trag\u00e9dia. [&hellip;]","og_url":"https:\/\/aconteceunovale.com.br\/portal\/?p=195679","og_site_name":"Aconteceu no Vale","article_publisher":"https:\/\/www.facebook.com\/aconteceunovale\/","article_published_time":"2025-01-18T15:35:44+00:00","article_modified_time":"2025-01-18T15:36:40+00:00","og_image":[{"width":678,"height":406,"url":"https:\/\/aconteceunovale.com.br\/portal\/wp-content\/uploads\/2025\/01\/tragedia_mariana.png","type":"image\/png"}],"author":"Reda\u00e7\u00e3o Aconteceu no Vale","twitter_card":"summary_large_image","twitter_creator":"@noticiadosvales","twitter_site":"@noticiadosvales","twitter_misc":{"Escrito por":"Reda\u00e7\u00e3o Aconteceu no Vale","Est. tempo de leitura":"9 minutos"},"schema":{"@context":"https:\/\/schema.org","@graph":[{"@type":"Article","@id":"https:\/\/aconteceunovale.com.br\/portal\/?p=195679#article","isPartOf":{"@id":"https:\/\/aconteceunovale.com.br\/portal\/?p=195679"},"author":{"name":"Reda\u00e7\u00e3o Aconteceu no Vale","@id":"https:\/\/aconteceunovale.com.br\/portal\/#\/schema\/person\/7d2f26d1483f8a63de73da1ee0754d35"},"headline":"Trag\u00e9dia de Mariana: novo acordo desagrada e munic\u00edpios focam em processo na Inglaterra","datePublished":"2025-01-18T15:35:44+00:00","dateModified":"2025-01-18T15:36:40+00:00","mainEntityOfPage":{"@id":"https:\/\/aconteceunovale.com.br\/portal\/?p=195679"},"wordCount":1912,"commentCount":0,"image":{"@id":"https:\/\/aconteceunovale.com.br\/portal\/?p=195679#primaryimage"},"thumbnailUrl":"https:\/\/aconteceunovale.com.br\/portal\/wp-content\/uploads\/2025\/01\/tragedia_mariana.png","keywords":["3 anos da trag\u00e9dia de Mariana","Acordo afasta risco de prescri\u00e7\u00e3o de direitos dos atingidos pela trag\u00e9dia de Mariana","Acordo de repara\u00e7\u00e3o da trag\u00e9dia de Brumadinho","Acordo Trag\u00e9dia de Mariana","Aedas","Anchieta","Andr\u00e9 de Freitas","Ap\u00f3s tr\u00eas anos","Avabrum","Bacia do Rio Doce","Barra Longa","Barragem Brumadinho","barragem da samarco","Barragem de Fund\u00e3o","Bento Rodrigues","BHP","BHP Billiton","Brumadinho","consequ\u00eancias da trag\u00e9dia de Mariana ainda s\u00e3o sentidas em Governador Valadares","consequ\u00eancias da trag\u00e9dia de Mariana ainda s\u00e3o sentidas no Leste de Minas","Contas da Funda\u00e7\u00e3o Renova","C\u00f3rrego do Feij\u00e3o","Depress\u00e3o","desastre ambiental","Desastre Ambiental Bento Rodrigues","Desastre ambiental Mariana","Desastre Ambiental Rio Doce","Desastre ambiental Samarco","destaque","Distrito de Bento Rodrigues","Distrito Industrial de Rio Doce","Divis\u00e3o de lucros da Vale","Dois anos da trag\u00e9dia de Brumadinho","Dom Silv\u00e9rio","Em\u00edlia Paiva","Esp\u00edrito Santo","Funda\u00e7\u00e3o Renova","Funda\u00e7\u00e3o Renova anuncia recursos para reparar danos da trag\u00e9dia de Mariana","Funda\u00e7\u00e3o Renova tem contas rejeitadas","Governador Valadares","Governo de Minas","Hospital Regional de Governador Valadares","Ibama","Indeniza\u00e7\u00f5es da Vale","Indeniza\u00e7\u00f5es trag\u00e9dia de Brumadinho","Instituto Guaicuy","Josiane Melo","Juiz Elton Pupo Nogueira","Justi\u00e7a ainda ouve testemunhas no processo criminal sobre trag\u00e9dia de Mariana","Kleber Terra","Mariana","Mateus Sim\u00f5es","Meio Ambiente","MG","Mina C\u00f3rrego do Feij\u00e3o","Minas Gerais","Minas Gerais rejeita valor de repara\u00e7\u00e3o por trag\u00e9dia em Brumadinho","mineradora Samarco","mineradora Vale","Mineradora Vale pagar\u00e1 mais de R$ 37 bilh\u00f5es para reparar trag\u00e9dia de Brumadinho","Minist\u00e9rio P\u00fablico de Minas Gerais","Minist\u00e9rio P\u00fablico rejeita contas da Funda\u00e7\u00e3o Renova","Moradores decidir\u00e3o futuro de distritos atingidos pela lama da Samarco em Mariana","MPF","MPMG","MPMG presta contas de atua\u00e7\u00e3o no caso do rompimento da Barragem de Fund\u00e3o","Nacab","Negocia\u00e7\u00e3o do acordo da trag\u00e9dia de Brumadinho tem prazo estendido","Novo acordo para a Trag\u00e9dia de Mariana","novo bento rodrigues","Parque Estadual do Rio Doce","Ponte Nova","reconstru\u00e7\u00e3o de bento rodrigues","Recupera\u00e7\u00e3o judicial da Samarco","Rejei\u00e7\u00e3o de contas da Funda\u00e7\u00e3o Renova","Renova","repara\u00e7\u00e3o da trag\u00e9dia de Mariana","Repara\u00e7\u00e3o Mariana","Repara\u00e7\u00e3o trag\u00e9dia de Brumadinho","Retomada de opera\u00e7\u00f5es da Samarco","Ricardo Vescovi","Rio Doce","rompimento barragem da samarco","rompimento da barragem de Fund\u00e3o","rompimento de barragem em Bento Rodrigues","Rompimento de barragem em Brumadinho","rompimento de barragem em mariana","Sal\u00e1rios de diretores da Funda\u00e7\u00e3o Renova","Samarco","Samarco retomou opera\u00e7\u00f5es sem quitar multas ambientais","Samarco retomou opera\u00e7\u00f5es sem quitar multas com Ibama","Samuel Loures","Santa Cruz do Escalvado","sa\u00fade mental","Seis anos ap\u00f3s trag\u00e9dia de Mariana","Sem Peixe","Semad","Sete anos ap\u00f3s trag\u00e9dia de Mariana entenda o processo indenizat\u00f3rio","SPG Law","TJMG","trag\u00e9dia ambiental","trag\u00e9dia bento rodrigues","Trag\u00e9dia de Brumadinho","trag\u00e9dia de mariana","Trag\u00e9dia de Mariana: novo acordo desagrada e munic\u00edpios focam em processo na Inglaterra","trag\u00e9dia rio doce","trag\u00e9dia samarco","Tr\u00eas anos da trag\u00e9dia de Mariana","T\u00fcv S\u00fcd","T\u00fcv S\u00fcd reservou 28 milh\u00f5es de euros para lidar com processos da trag\u00e9dia de Brumadinho","Usina de Candonga","Vale","Valor da repara\u00e7\u00e3o trag\u00e9dia de Brumadinho","VogBR","Volta da Samarco","Voz de atingidos pela trag\u00e9dia de Mariana chega ao CNJ","Voz de atingidos pela trag\u00e9dia de Mariana chega ao Conselho Nacional de Justi\u00e7a"],"articleSection":["Brasil","Minas Gerais"],"inLanguage":"pt-BR","potentialAction":[{"@type":"CommentAction","name":"Comment","target":["https:\/\/aconteceunovale.com.br\/portal\/?p=195679#respond"]}]},{"@type":"WebPage","@id":"https:\/\/aconteceunovale.com.br\/portal\/?p=195679","url":"https:\/\/aconteceunovale.com.br\/portal\/?p=195679","name":"Trag\u00e9dia de Mariana: novo acordo desagrada e munic\u00edpios focam em processo na Inglaterra - Aconteceu no Vale","isPartOf":{"@id":"https:\/\/aconteceunovale.com.br\/portal\/#website"},"primaryImageOfPage":{"@id":"https:\/\/aconteceunovale.com.br\/portal\/?p=195679#primaryimage"},"image":{"@id":"https:\/\/aconteceunovale.com.br\/portal\/?p=195679#primaryimage"},"thumbnailUrl":"https:\/\/aconteceunovale.com.br\/portal\/wp-content\/uploads\/2025\/01\/tragedia_mariana.png","datePublished":"2025-01-18T15:35:44+00:00","dateModified":"2025-01-18T15:36:40+00:00","author":{"@id":"https:\/\/aconteceunovale.com.br\/portal\/#\/schema\/person\/7d2f26d1483f8a63de73da1ee0754d35"},"breadcrumb":{"@id":"https:\/\/aconteceunovale.com.br\/portal\/?p=195679#breadcrumb"},"inLanguage":"pt-BR","potentialAction":[{"@type":"ReadAction","target":["https:\/\/aconteceunovale.com.br\/portal\/?p=195679"]}]},{"@type":"ImageObject","inLanguage":"pt-BR","@id":"https:\/\/aconteceunovale.com.br\/portal\/?p=195679#primaryimage","url":"https:\/\/aconteceunovale.com.br\/portal\/wp-content\/uploads\/2025\/01\/tragedia_mariana.png","contentUrl":"https:\/\/aconteceunovale.com.br\/portal\/wp-content\/uploads\/2025\/01\/tragedia_mariana.png","width":678,"height":406,"caption":"Foto: Antonio Cruz\/ Ag\u00eancia Brasil"},{"@type":"BreadcrumbList","@id":"https:\/\/aconteceunovale.com.br\/portal\/?p=195679#breadcrumb","itemListElement":[{"@type":"ListItem","position":1,"name":"In\u00edcio","item":"https:\/\/aconteceunovale.com.br\/portal\/"},{"@type":"ListItem","position":2,"name":"Trag\u00e9dia de Mariana: novo acordo desagrada e munic\u00edpios focam em processo na Inglaterra"}]},{"@type":"WebSite","@id":"https:\/\/aconteceunovale.com.br\/portal\/#website","url":"https:\/\/aconteceunovale.com.br\/portal\/","name":"Aconteceu no Vale","description":"Portal de Not\u00edcias","potentialAction":[{"@type":"SearchAction","target":{"@type":"EntryPoint","urlTemplate":"https:\/\/aconteceunovale.com.br\/portal\/?s={search_term_string}"},"query-input":{"@type":"PropertyValueSpecification","valueRequired":true,"valueName":"search_term_string"}}],"inLanguage":"pt-BR"},{"@type":"Person","@id":"https:\/\/aconteceunovale.com.br\/portal\/#\/schema\/person\/7d2f26d1483f8a63de73da1ee0754d35","name":"Reda\u00e7\u00e3o Aconteceu no Vale","description":"Equipe de reportagem do Aconteceu no Vale, portal de not\u00edcias do Vale do Jequitinhonha, em Minas Gerais. Cobrimos as 51 cidades do Vale desde 2013. Sugest\u00f5es de pauta e pedidos de corre\u00e7\u00e3o: contato@aconteceunovale.com.br","url":"https:\/\/aconteceunovale.com.br\/portal\/?author=4"}]}},"_links":{"self":[{"href":"https:\/\/aconteceunovale.com.br\/portal\/index.php?rest_route=\/wp\/v2\/posts\/195679","targetHints":{"allow":["GET"]}}],"collection":[{"href":"https:\/\/aconteceunovale.com.br\/portal\/index.php?rest_route=\/wp\/v2\/posts"}],"about":[{"href":"https:\/\/aconteceunovale.com.br\/portal\/index.php?rest_route=\/wp\/v2\/types\/post"}],"author":[{"embeddable":true,"href":"https:\/\/aconteceunovale.com.br\/portal\/index.php?rest_route=\/wp\/v2\/users\/4"}],"replies":[{"embeddable":true,"href":"https:\/\/aconteceunovale.com.br\/portal\/index.php?rest_route=%2Fwp%2Fv2%2Fcomments&post=195679"}],"version-history":[{"count":1,"href":"https:\/\/aconteceunovale.com.br\/portal\/index.php?rest_route=\/wp\/v2\/posts\/195679\/revisions"}],"predecessor-version":[{"id":195681,"href":"https:\/\/aconteceunovale.com.br\/portal\/index.php?rest_route=\/wp\/v2\/posts\/195679\/revisions\/195681"}],"wp:featuredmedia":[{"embeddable":true,"href":"https:\/\/aconteceunovale.com.br\/portal\/index.php?rest_route=\/wp\/v2\/media\/195680"}],"wp:attachment":[{"href":"https:\/\/aconteceunovale.com.br\/portal\/index.php?rest_route=%2Fwp%2Fv2%2Fmedia&parent=195679"}],"wp:term":[{"taxonomy":"category","embeddable":true,"href":"https:\/\/aconteceunovale.com.br\/portal\/index.php?rest_route=%2Fwp%2Fv2%2Fcategories&post=195679"},{"taxonomy":"post_tag","embeddable":true,"href":"https:\/\/aconteceunovale.com.br\/portal\/index.php?rest_route=%2Fwp%2Fv2%2Ftags&post=195679"}],"curies":[{"name":"wp","href":"https:\/\/api.w.org\/{rel}","templated":true}]}}