{"id":195676,"date":"2025-01-18T10:51:54","date_gmt":"2025-01-18T13:51:54","guid":{"rendered":"https:\/\/aconteceunovale.com.br\/portal\/?p=195676"},"modified":"2025-01-18T10:52:18","modified_gmt":"2025-01-18T13:52:18","slug":"reforma-tributaria-e-os-precos-dos-alimentos-entenda-as-mudancas","status":"publish","type":"post","link":"https:\/\/aconteceunovale.com.br\/portal\/?p=195676","title":{"rendered":"Reforma tribut\u00e1ria e os pre\u00e7os dos alimentos: entenda as mudan\u00e7as"},"content":{"rendered":"\n<p class=\"wp-block-paragraph\">Regulamentada na \u00faltima quinta-feira (16) ap\u00f3s 30 anos de discuss\u00f5es no Congresso, a reforma tribut\u00e1ria sobre o consumo promover\u00e1 mudan\u00e7a no pre\u00e7o dos alimentos. Como determinado pela emenda constitucional de 2023, a lei complementar definiu os itens da cesta b\u00e1sica nacional que ter\u00e3o al\u00edquota zero e os itens que ter\u00e3o al\u00edquota reduzida em 60%. Por outro lado, bebidas prejudiciais \u00e0 sa\u00fade ser\u00e3o sobretaxadas.<\/p>\n\n\n\n<figure class=\"wp-block-gallery has-nested-images columns-default is-cropped wp-block-gallery-1 is-layout-flex wp-block-gallery-is-layout-flex\">\n<figure class=\"wp-block-image size-large\"><img loading=\"lazy\" decoding=\"async\" width=\"678\" height=\"406\" data-id=\"195677\" src=\"https:\/\/aconteceunovale.com.br\/portal\/wp-content\/uploads\/2025\/01\/alimentos.png\" alt=\"\" class=\"wp-image-195677\" srcset=\"https:\/\/aconteceunovale.com.br\/portal\/wp-content\/uploads\/2025\/01\/alimentos.png 678w, https:\/\/aconteceunovale.com.br\/portal\/wp-content\/uploads\/2025\/01\/alimentos-300x180.png 300w\" sizes=\"auto, (max-width: 678px) 100vw, 678px\" \/><figcaption class=\"wp-element-caption\"><em>Foto: Valter Campanato\/Ag\u00eancia Brasil<\/em><\/figcaption><\/figure>\n<\/figure>\n\n\n\n<p class=\"wp-block-paragraph\">No caso da cesta b\u00e1sica nacional, a lei complementar inclui 22 produtos que n\u00e3o pagar\u00e3o o futuro Imposto sobre Valor Agregado (IVA). A lista traz produtos essenciais para a alimenta\u00e7\u00e3o dos brasileiros, com a inclus\u00e3o de itens regionais, como o mate e o \u00f3leo de baba\u00e7u. Outros 14 alimentos ter\u00e3o al\u00edquota reduzida em 60% em rela\u00e7\u00e3o a al\u00edquota-padr\u00e3o.<\/p>\n\n\n\n<p class=\"wp-block-paragraph\">Durante a tramita\u00e7\u00e3o no Congresso, esses pontos geraram pol\u00eamica, com o Senado retirando o \u00f3leo de milho da cesta b\u00e1sica e passando para a lista de al\u00edquota reduzida. Em contrapartida, o Congresso acrescentou carnes, queijos, todos os tipos de farinha, aveia, sal e \u00f3leo de milho, aumentando a lista de produtos da cesta b\u00e1sica de 15 para 22 itens.<\/p>\n\n\n\n<p class=\"wp-block-paragraph\">Na \u00faltima vota\u00e7\u00e3o, na C\u00e2mara dos Deputados, os parlamentares retiraram a \u00e1gua mineral da lista de produtos com al\u00edquota reduzida. Alguns deputados tentaram incluir os biscoitos e bolachas na cesta b\u00e1sica nacional, com isen\u00e7\u00e3o, mas os itens continuaram a lista de al\u00edquota mais baixa.<\/p>\n\n\n\n<p class=\"wp-block-paragraph\">Se diversos alimentos tiveram imposto reduzido, as bebidas a\u00e7ucaradas e alco\u00f3licas v\u00e3o pagar mais. Esses produtos foram inclu\u00eddos na lista do Imposto Seletivo, apelidado de Imposto do Pecado, que incidir\u00e1 sobre bens que prejudicam a sa\u00fade ou o meio ambiente.<\/p>\n\n\n\n<p class=\"wp-block-paragraph\">O Imposto Seletivo tamb\u00e9m ser\u00e1 cobrado sobre bens minerais, jogos de azar, embarca\u00e7\u00f5es e aeronaves, produtos fum\u00edgenos (cigarros e relacionados) e ve\u00edculos. Apesar de especialistas em sa\u00fade terem pedido &#8211; em audi\u00eancias p\u00fablicas &#8211; a inclus\u00e3o de alimentos processados no imposto, o Congresso n\u00e3o acatou as reivindica\u00e7\u00f5es.<\/p>\n\n\n\n<h2 class=\"wp-block-heading\">Pre\u00e7os finais<\/h2>\n\n\n\n<p class=\"wp-block-paragraph\">No caso do Imposto Seletivo, a sobretaxa\u00e7\u00e3o resultar\u00e1 em aumento de pre\u00e7os. O contr\u00e1rio, no entanto, n\u00e3o est\u00e1 garantido. O impacto das isen\u00e7\u00f5es e das al\u00edquotas reduzidas sobre os pre\u00e7os finais depende da cadeia produtiva dos alimentos. Isso porque o futuro Imposto sobre Valor Agregado (IVA), que substituir\u00e1 sete tributos atuais que incidem sobre o consumo, n\u00e3o ser\u00e1 cobrado em cascata.<\/p>\n\n\n\n<p class=\"wp-block-paragraph\">A cada etapa da cadeia produtiva, o produtor poder\u00e1 deduzir o IVA sobre os insumos. Em tese, alimentos com cadeia produtiva mais longa, como os industrializados, poder\u00e3o se aproveitar de mais cr\u00e9ditos (dedu\u00e7\u00f5es) sobre a etapa anterior de produ\u00e7\u00e3o. Na teoria, os alimentos&nbsp;<em>in natura<\/em>&nbsp;ter\u00e3o menos descontos, porque a cadeia produtiva \u00e9 mais curta, o que justifica a al\u00edquota reduzida para sucos naturais e hortali\u00e7as. Mesmo assim, os impactos definitivos s\u00f3 ser\u00e3o conhecidos \u00e0 medida que a reforma tribut\u00e1ria entrar em vigor, com um cronograma de transi\u00e7\u00e3o de 2026 a 2033.<\/p>\n\n\n\n<h2 class=\"wp-block-heading\">Lista de alimentos regulamentados pela reforma tribut\u00e1ria<\/h2>\n\n\n\n<p class=\"wp-block-paragraph\">Cesta b\u00e1sica nacional, com al\u00edquota zero:<\/p>\n\n\n\n<ol class=\"wp-block-list\">\n<li>A\u00e7\u00facar;<\/li>\n\n\n\n<li>Arroz;<\/li>\n\n\n\n<li>Aveias;<\/li>\n\n\n\n<li>Caf\u00e9;<\/li>\n\n\n\n<li>Carnes bovina, su\u00edna, ovina, caprina e de aves e produtos de origem animal (exceto foie gras)<\/li>\n\n\n\n<li>Cocos;<\/li>\n\n\n\n<li>Farinha de mandioca e tapioca;<\/li>\n\n\n\n<li>Farinha de trigo;<\/li>\n\n\n\n<li>Feij\u00f5es;<\/li>\n\n\n\n<li>F\u00f3rmulas infantis;<\/li>\n\n\n\n<li>Gr\u00e3o de milho;<\/li>\n\n\n\n<li>Leite fluido pasteurizado ou industrializado, na forma de ultrapasteurizado; leite em p\u00f3, integral, semidesnatado ou desnatado; e f\u00f3rmulas infantis definidas por previs\u00e3o legal espec\u00edfica;<\/li>\n\n\n\n<li>Manteiga;<\/li>\n\n\n\n<li>Margarina;<\/li>\n\n\n\n<li>Massas aliment\u00edcias;<\/li>\n\n\n\n<li>Mate;<\/li>\n\n\n\n<li>\u00d3leo de baba\u00e7u;<\/li>\n\n\n\n<li>P\u00e3o franc\u00eas;<\/li>\n\n\n\n<li>Peixes e carnes de peixes (exceto salmon\u00eddeo, atum, bacalhau, hadoque, saithe e ovas e outros subprodutos);<\/li>\n\n\n\n<li>Queijos tipo mu\u00e7arela, minas, prato, de coalho, ricota, requeij\u00e3o, provolone, parmes\u00e3o, fresco n\u00e3o maturado e do reino;<\/li>\n\n\n\n<li>Ra\u00edzes e tub\u00e9rculos;<\/li>\n\n\n\n<li>Sal.<\/li>\n<\/ol>\n\n\n\n<h2 class=\"wp-block-heading\">Alimentos com redu\u00e7\u00e3o de 60% em rela\u00e7\u00e3o \u00e0 al\u00edquota padr\u00e3o<\/h2>\n\n\n\n<ol class=\"wp-block-list\">\n<li>Amido de milho;<\/li>\n\n\n\n<li>Biscoitos e bolachas (recheados, cobertos ou amanteigados, sem cacau);<\/li>\n\n\n\n<li>Crust\u00e1ceos (exceto lagostas e lagostim);<\/li>\n\n\n\n<li>Extrato de tomate;<\/li>\n\n\n\n<li>Farinha, grumos e s\u00eamolas, de cerais; gr\u00e3os esmagados ou em flocos, de cereais;<\/li>\n\n\n\n<li>Fruta de casca rija regional, amendoins e outras sementes;<\/li>\n\n\n\n<li>Leite fermentado, bebidas e compostos l\u00e1cteos;<\/li>\n\n\n\n<li>Massas aliment\u00edcias recheadas (mesmo cozidas ou preparadas de outro modo) e massas instant\u00e2neas;<\/li>\n\n\n\n<li>Mel natural;<\/li>\n\n\n\n<li>\u00d3leo de soja, de milho, canola e demais \u00f3leos vegetais;<\/li>\n\n\n\n<li>P\u00e3o de forma;<\/li>\n\n\n\n<li>Polpas de frutas sem a\u00e7\u00facar, outros edulcorantes e conservantes;<\/li>\n\n\n\n<li>Produtos hort\u00edcolas;<\/li>\n\n\n\n<li>Sucos naturais de fruta ou de produtos hort\u00edcolas sem a\u00e7\u00facar, edulcorantes e conservantes.<\/li>\n<\/ol>\n\n\n\n<h2 class=\"wp-block-heading\">Imposto Seletivo<\/h2>\n\n\n\n<p class=\"wp-block-paragraph\">Al\u00edquota extra sobre os seguintes produtos que prejudicam a sa\u00fade ou o meio-ambiente:<\/p>\n\n\n\n<ol class=\"wp-block-list\">\n<li>Bebidas a\u00e7ucaradas;<\/li>\n\n\n\n<li>Bebidas alco\u00f3licas;<\/li>\n<\/ol>\n","protected":false},"excerpt":{"rendered":"<p>Regulamentada na \u00faltima quinta-feira (16) ap\u00f3s 30 anos de discuss\u00f5es no Congresso, a reforma tribut\u00e1ria sobre o consumo promover\u00e1 mudan\u00e7a no pre\u00e7o dos alimentos. Como determinado pela emenda constitucional de 2023, a lei complementar definiu os itens da cesta b\u00e1sica nacional que ter\u00e3o al\u00edquota zero e os itens que ter\u00e3o al\u00edquota reduzida em 60%. Por [&hellip;]<\/p>\n","protected":false},"author":4,"featured_media":195677,"comment_status":"open","ping_status":"closed","sticky":false,"template":"","format":"standard","meta":{"amp_status":"","footnotes":""},"categories":[6,40239],"tags":[149854,269867,269817,1018,269959,269960,269819,269818,269816,269815,14124,7147,269958,269870,269868,269871,269869,269820,269821,269814,269811,157156,269977,269812,41221,269813],"class_list":["post-195676","post","type-post","status-publish","format-standard","has-post-thumbnail","hentry","category-br","category-economia-2","tag-cbs","tag-confira-as-principais-mudancas-da-reforma-tributaria","tag-contribuicao-sobre-bens-e-servicos","tag-destaque","tag-fundo-de-investimento","tag-fundo-patrimonial","tag-imposto-seletivo","tag-imposto-sobre-bens-e-servicos","tag-imposto-sobre-valor-agregado","tag-iva-dual","tag-luiz-inacio-lula-da-silva","tag-lula","tag-ministerio-da-fazenda-esclarece-que-ibs-e-cbs-nao-serao-cobrados-de-fundos-de-investimentos-e-patrimoniais","tag-mudancas-impostos","tag-mudancas-reforma-tributaria","tag-novas-regras-impostos","tag-novas-regras-reforma-tributaria","tag-novidades-na-reforma-tributaria","tag-novidades-no-sistema-de-impostos-do-brasil","tag-novo-sistema-de-impostos-do-brasil","tag-presidente-sanciona-regulamentacao-da-reforma-tributaria-sobre-consumo","tag-reforma-tributaria","tag-reforma-tributaria-e-os-precos-dos-alimentos-entenda-as-mudancas","tag-reforma-tributaria-sobre-consumo","tag-rodrigo-pacheco","tag-sistema-de-impostos-do-brasil"],"yoast_head":"<!-- This site is optimized with the Yoast SEO plugin v28.3 - https:\/\/yoast.com\/product\/yoast-seo-wordpress\/ -->\n<title>Reforma tribut\u00e1ria e os pre\u00e7os dos alimentos: entenda as mudan\u00e7as - Aconteceu no Vale<\/title>\n<meta name=\"robots\" content=\"index, follow, max-snippet:-1, max-image-preview:large, max-video-preview:-1\" \/>\n<link rel=\"canonical\" href=\"https:\/\/aconteceunovale.com.br\/portal\/?p=195676\" \/>\n<meta property=\"og:locale\" content=\"pt_BR\" \/>\n<meta property=\"og:type\" content=\"article\" \/>\n<meta property=\"og:title\" content=\"Reforma tribut\u00e1ria e os pre\u00e7os dos alimentos: entenda as mudan\u00e7as - Aconteceu no Vale\" \/>\n<meta property=\"og:description\" content=\"Regulamentada na \u00faltima quinta-feira (16) ap\u00f3s 30 anos de discuss\u00f5es no Congresso, a reforma tribut\u00e1ria sobre o consumo promover\u00e1 mudan\u00e7a no pre\u00e7o dos alimentos. Como determinado pela emenda constitucional de 2023, a lei complementar definiu os itens da cesta b\u00e1sica nacional que ter\u00e3o al\u00edquota zero e os itens que ter\u00e3o al\u00edquota reduzida em 60%. Por [&hellip;]\" \/>\n<meta property=\"og:url\" content=\"https:\/\/aconteceunovale.com.br\/portal\/?p=195676\" \/>\n<meta property=\"og:site_name\" content=\"Aconteceu no Vale\" \/>\n<meta property=\"article:publisher\" content=\"https:\/\/www.facebook.com\/aconteceunovale\/\" \/>\n<meta property=\"article:published_time\" content=\"2025-01-18T13:51:54+00:00\" \/>\n<meta property=\"article:modified_time\" content=\"2025-01-18T13:52:18+00:00\" \/>\n<meta property=\"og:image\" content=\"https:\/\/aconteceunovale.com.br\/portal\/wp-content\/uploads\/2025\/01\/alimentos.png\" \/>\n\t<meta property=\"og:image:width\" content=\"678\" \/>\n\t<meta property=\"og:image:height\" content=\"406\" \/>\n\t<meta property=\"og:image:type\" content=\"image\/png\" \/>\n<meta name=\"author\" content=\"Reda\u00e7\u00e3o Aconteceu no Vale\" \/>\n<meta name=\"twitter:card\" content=\"summary_large_image\" \/>\n<meta name=\"twitter:creator\" content=\"@noticiadosvales\" \/>\n<meta name=\"twitter:site\" content=\"@noticiadosvales\" \/>\n<meta name=\"twitter:label1\" content=\"Escrito por\" \/>\n\t<meta name=\"twitter:data1\" content=\"Reda\u00e7\u00e3o Aconteceu no Vale\" \/>\n\t<meta name=\"twitter:label2\" content=\"Est. tempo de leitura\" \/>\n\t<meta name=\"twitter:data2\" content=\"4 minutos\" \/>\n<script type=\"application\/ld+json\" class=\"yoast-schema-graph\">{\"@context\":\"https:\\\/\\\/schema.org\",\"@graph\":[{\"@type\":\"Article\",\"@id\":\"https:\\\/\\\/aconteceunovale.com.br\\\/portal\\\/?p=195676#article\",\"isPartOf\":{\"@id\":\"https:\\\/\\\/aconteceunovale.com.br\\\/portal\\\/?p=195676\"},\"author\":{\"name\":\"Reda\u00e7\u00e3o Aconteceu no Vale\",\"@id\":\"https:\\\/\\\/aconteceunovale.com.br\\\/portal\\\/#\\\/schema\\\/person\\\/7d2f26d1483f8a63de73da1ee0754d35\"},\"headline\":\"Reforma tribut\u00e1ria e os pre\u00e7os dos alimentos: entenda as mudan\u00e7as\",\"datePublished\":\"2025-01-18T13:51:54+00:00\",\"dateModified\":\"2025-01-18T13:52:18+00:00\",\"mainEntityOfPage\":{\"@id\":\"https:\\\/\\\/aconteceunovale.com.br\\\/portal\\\/?p=195676\"},\"wordCount\":828,\"commentCount\":0,\"image\":{\"@id\":\"https:\\\/\\\/aconteceunovale.com.br\\\/portal\\\/?p=195676#primaryimage\"},\"thumbnailUrl\":\"https:\\\/\\\/aconteceunovale.com.br\\\/portal\\\/wp-content\\\/uploads\\\/2025\\\/01\\\/alimentos.png\",\"keywords\":[\"CBS\",\"Confira as principais mudan\u00e7as da reforma tribut\u00e1ria\",\"Contribui\u00e7\u00e3o sobre bens e servi\u00e7os\",\"destaque\",\"Fundo de investimento\",\"Fundo patrimonial\",\"Imposto seletivo\",\"Imposto sobre bens e servi\u00e7os\",\"Imposto Sobre Valor Agregado\",\"IVA Dual\",\"Luiz In\u00e1cio Lula da Silva\",\"Lula\",\"Minist\u00e9rio da Fazenda esclarece que IBS e CBS n\u00e3o ser\u00e3o cobrados de fundos de investimentos e patrimoniais\",\"Mudan\u00e7as impostos\",\"Mudan\u00e7as reforma tribut\u00e1ria\",\"Novas regras impostos\",\"Novas regras reforma tribut\u00e1ria\",\"Novidades na reforma tribut\u00e1ria\",\"Novidades no sistema de impostos do Brasil\",\"Novo sistema de impostos do Brasil\",\"Presidente sanciona regulamenta\u00e7\u00e3o da reforma tribut\u00e1ria sobre consumo\",\"reforma tribut\u00e1ria\",\"Reforma tribut\u00e1ria e os pre\u00e7os dos alimentos: entenda as mudan\u00e7as\",\"Reforma tribut\u00e1ria sobre consumo\",\"Rodrigo Pacheco\",\"Sistema de impostos do Brasil\"],\"articleSection\":[\"Brasil\",\"Economia\"],\"inLanguage\":\"pt-BR\",\"potentialAction\":[{\"@type\":\"CommentAction\",\"name\":\"Comment\",\"target\":[\"https:\\\/\\\/aconteceunovale.com.br\\\/portal\\\/?p=195676#respond\"]}]},{\"@type\":\"WebPage\",\"@id\":\"https:\\\/\\\/aconteceunovale.com.br\\\/portal\\\/?p=195676\",\"url\":\"https:\\\/\\\/aconteceunovale.com.br\\\/portal\\\/?p=195676\",\"name\":\"Reforma tribut\u00e1ria e os pre\u00e7os dos alimentos: entenda as mudan\u00e7as - Aconteceu no Vale\",\"isPartOf\":{\"@id\":\"https:\\\/\\\/aconteceunovale.com.br\\\/portal\\\/#website\"},\"primaryImageOfPage\":{\"@id\":\"https:\\\/\\\/aconteceunovale.com.br\\\/portal\\\/?p=195676#primaryimage\"},\"image\":{\"@id\":\"https:\\\/\\\/aconteceunovale.com.br\\\/portal\\\/?p=195676#primaryimage\"},\"thumbnailUrl\":\"https:\\\/\\\/aconteceunovale.com.br\\\/portal\\\/wp-content\\\/uploads\\\/2025\\\/01\\\/alimentos.png\",\"datePublished\":\"2025-01-18T13:51:54+00:00\",\"dateModified\":\"2025-01-18T13:52:18+00:00\",\"author\":{\"@id\":\"https:\\\/\\\/aconteceunovale.com.br\\\/portal\\\/#\\\/schema\\\/person\\\/7d2f26d1483f8a63de73da1ee0754d35\"},\"breadcrumb\":{\"@id\":\"https:\\\/\\\/aconteceunovale.com.br\\\/portal\\\/?p=195676#breadcrumb\"},\"inLanguage\":\"pt-BR\",\"potentialAction\":[{\"@type\":\"ReadAction\",\"target\":[\"https:\\\/\\\/aconteceunovale.com.br\\\/portal\\\/?p=195676\"]}]},{\"@type\":\"ImageObject\",\"inLanguage\":\"pt-BR\",\"@id\":\"https:\\\/\\\/aconteceunovale.com.br\\\/portal\\\/?p=195676#primaryimage\",\"url\":\"https:\\\/\\\/aconteceunovale.com.br\\\/portal\\\/wp-content\\\/uploads\\\/2025\\\/01\\\/alimentos.png\",\"contentUrl\":\"https:\\\/\\\/aconteceunovale.com.br\\\/portal\\\/wp-content\\\/uploads\\\/2025\\\/01\\\/alimentos.png\",\"width\":678,\"height\":406,\"caption\":\"Foto: Valter Campanato\\\/Ag\u00eancia Brasil\"},{\"@type\":\"BreadcrumbList\",\"@id\":\"https:\\\/\\\/aconteceunovale.com.br\\\/portal\\\/?p=195676#breadcrumb\",\"itemListElement\":[{\"@type\":\"ListItem\",\"position\":1,\"name\":\"In\u00edcio\",\"item\":\"https:\\\/\\\/aconteceunovale.com.br\\\/portal\\\/\"},{\"@type\":\"ListItem\",\"position\":2,\"name\":\"Reforma tribut\u00e1ria e os pre\u00e7os dos alimentos: entenda as mudan\u00e7as\"}]},{\"@type\":\"WebSite\",\"@id\":\"https:\\\/\\\/aconteceunovale.com.br\\\/portal\\\/#website\",\"url\":\"https:\\\/\\\/aconteceunovale.com.br\\\/portal\\\/\",\"name\":\"Aconteceu no Vale\",\"description\":\"Portal de Not\u00edcias\",\"potentialAction\":[{\"@type\":\"SearchAction\",\"target\":{\"@type\":\"EntryPoint\",\"urlTemplate\":\"https:\\\/\\\/aconteceunovale.com.br\\\/portal\\\/?s={search_term_string}\"},\"query-input\":{\"@type\":\"PropertyValueSpecification\",\"valueRequired\":true,\"valueName\":\"search_term_string\"}}],\"inLanguage\":\"pt-BR\"},{\"@type\":\"Person\",\"@id\":\"https:\\\/\\\/aconteceunovale.com.br\\\/portal\\\/#\\\/schema\\\/person\\\/7d2f26d1483f8a63de73da1ee0754d35\",\"name\":\"Reda\u00e7\u00e3o Aconteceu no Vale\",\"description\":\"Equipe de reportagem do Aconteceu no Vale, portal de not\u00edcias do Vale do Jequitinhonha, em Minas Gerais. Cobrimos as 51 cidades do Vale desde 2013. Sugest\u00f5es de pauta e pedidos de corre\u00e7\u00e3o: contato@aconteceunovale.com.br\",\"url\":\"https:\\\/\\\/aconteceunovale.com.br\\\/portal\\\/?author=4\"}]}<\/script>\n<!-- \/ Yoast SEO plugin. -->","yoast_head_json":{"title":"Reforma tribut\u00e1ria e os pre\u00e7os dos alimentos: entenda as mudan\u00e7as - Aconteceu no Vale","robots":{"index":"index","follow":"follow","max-snippet":"max-snippet:-1","max-image-preview":"max-image-preview:large","max-video-preview":"max-video-preview:-1"},"canonical":"https:\/\/aconteceunovale.com.br\/portal\/?p=195676","og_locale":"pt_BR","og_type":"article","og_title":"Reforma tribut\u00e1ria e os pre\u00e7os dos alimentos: entenda as mudan\u00e7as - Aconteceu no Vale","og_description":"Regulamentada na \u00faltima quinta-feira (16) ap\u00f3s 30 anos de discuss\u00f5es no Congresso, a reforma tribut\u00e1ria sobre o consumo promover\u00e1 mudan\u00e7a no pre\u00e7o dos alimentos. Como determinado pela emenda constitucional de 2023, a lei complementar definiu os itens da cesta b\u00e1sica nacional que ter\u00e3o al\u00edquota zero e os itens que ter\u00e3o al\u00edquota reduzida em 60%. Por [&hellip;]","og_url":"https:\/\/aconteceunovale.com.br\/portal\/?p=195676","og_site_name":"Aconteceu no Vale","article_publisher":"https:\/\/www.facebook.com\/aconteceunovale\/","article_published_time":"2025-01-18T13:51:54+00:00","article_modified_time":"2025-01-18T13:52:18+00:00","og_image":[{"width":678,"height":406,"url":"https:\/\/aconteceunovale.com.br\/portal\/wp-content\/uploads\/2025\/01\/alimentos.png","type":"image\/png"}],"author":"Reda\u00e7\u00e3o Aconteceu no Vale","twitter_card":"summary_large_image","twitter_creator":"@noticiadosvales","twitter_site":"@noticiadosvales","twitter_misc":{"Escrito por":"Reda\u00e7\u00e3o Aconteceu no Vale","Est. tempo de leitura":"4 minutos"},"schema":{"@context":"https:\/\/schema.org","@graph":[{"@type":"Article","@id":"https:\/\/aconteceunovale.com.br\/portal\/?p=195676#article","isPartOf":{"@id":"https:\/\/aconteceunovale.com.br\/portal\/?p=195676"},"author":{"name":"Reda\u00e7\u00e3o Aconteceu no Vale","@id":"https:\/\/aconteceunovale.com.br\/portal\/#\/schema\/person\/7d2f26d1483f8a63de73da1ee0754d35"},"headline":"Reforma tribut\u00e1ria e os pre\u00e7os dos alimentos: entenda as mudan\u00e7as","datePublished":"2025-01-18T13:51:54+00:00","dateModified":"2025-01-18T13:52:18+00:00","mainEntityOfPage":{"@id":"https:\/\/aconteceunovale.com.br\/portal\/?p=195676"},"wordCount":828,"commentCount":0,"image":{"@id":"https:\/\/aconteceunovale.com.br\/portal\/?p=195676#primaryimage"},"thumbnailUrl":"https:\/\/aconteceunovale.com.br\/portal\/wp-content\/uploads\/2025\/01\/alimentos.png","keywords":["CBS","Confira as principais mudan\u00e7as da reforma tribut\u00e1ria","Contribui\u00e7\u00e3o sobre bens e servi\u00e7os","destaque","Fundo de investimento","Fundo patrimonial","Imposto seletivo","Imposto sobre bens e servi\u00e7os","Imposto Sobre Valor Agregado","IVA Dual","Luiz In\u00e1cio Lula da Silva","Lula","Minist\u00e9rio da Fazenda esclarece que IBS e CBS n\u00e3o ser\u00e3o cobrados de fundos de investimentos e patrimoniais","Mudan\u00e7as impostos","Mudan\u00e7as reforma tribut\u00e1ria","Novas regras impostos","Novas regras reforma tribut\u00e1ria","Novidades na reforma tribut\u00e1ria","Novidades no sistema de impostos do Brasil","Novo sistema de impostos do Brasil","Presidente sanciona regulamenta\u00e7\u00e3o da reforma tribut\u00e1ria sobre consumo","reforma tribut\u00e1ria","Reforma tribut\u00e1ria e os pre\u00e7os dos alimentos: entenda as mudan\u00e7as","Reforma tribut\u00e1ria sobre consumo","Rodrigo Pacheco","Sistema de impostos do Brasil"],"articleSection":["Brasil","Economia"],"inLanguage":"pt-BR","potentialAction":[{"@type":"CommentAction","name":"Comment","target":["https:\/\/aconteceunovale.com.br\/portal\/?p=195676#respond"]}]},{"@type":"WebPage","@id":"https:\/\/aconteceunovale.com.br\/portal\/?p=195676","url":"https:\/\/aconteceunovale.com.br\/portal\/?p=195676","name":"Reforma tribut\u00e1ria e os pre\u00e7os dos alimentos: entenda as mudan\u00e7as - Aconteceu no Vale","isPartOf":{"@id":"https:\/\/aconteceunovale.com.br\/portal\/#website"},"primaryImageOfPage":{"@id":"https:\/\/aconteceunovale.com.br\/portal\/?p=195676#primaryimage"},"image":{"@id":"https:\/\/aconteceunovale.com.br\/portal\/?p=195676#primaryimage"},"thumbnailUrl":"https:\/\/aconteceunovale.com.br\/portal\/wp-content\/uploads\/2025\/01\/alimentos.png","datePublished":"2025-01-18T13:51:54+00:00","dateModified":"2025-01-18T13:52:18+00:00","author":{"@id":"https:\/\/aconteceunovale.com.br\/portal\/#\/schema\/person\/7d2f26d1483f8a63de73da1ee0754d35"},"breadcrumb":{"@id":"https:\/\/aconteceunovale.com.br\/portal\/?p=195676#breadcrumb"},"inLanguage":"pt-BR","potentialAction":[{"@type":"ReadAction","target":["https:\/\/aconteceunovale.com.br\/portal\/?p=195676"]}]},{"@type":"ImageObject","inLanguage":"pt-BR","@id":"https:\/\/aconteceunovale.com.br\/portal\/?p=195676#primaryimage","url":"https:\/\/aconteceunovale.com.br\/portal\/wp-content\/uploads\/2025\/01\/alimentos.png","contentUrl":"https:\/\/aconteceunovale.com.br\/portal\/wp-content\/uploads\/2025\/01\/alimentos.png","width":678,"height":406,"caption":"Foto: Valter Campanato\/Ag\u00eancia Brasil"},{"@type":"BreadcrumbList","@id":"https:\/\/aconteceunovale.com.br\/portal\/?p=195676#breadcrumb","itemListElement":[{"@type":"ListItem","position":1,"name":"In\u00edcio","item":"https:\/\/aconteceunovale.com.br\/portal\/"},{"@type":"ListItem","position":2,"name":"Reforma tribut\u00e1ria e os pre\u00e7os dos alimentos: entenda as mudan\u00e7as"}]},{"@type":"WebSite","@id":"https:\/\/aconteceunovale.com.br\/portal\/#website","url":"https:\/\/aconteceunovale.com.br\/portal\/","name":"Aconteceu no Vale","description":"Portal de Not\u00edcias","potentialAction":[{"@type":"SearchAction","target":{"@type":"EntryPoint","urlTemplate":"https:\/\/aconteceunovale.com.br\/portal\/?s={search_term_string}"},"query-input":{"@type":"PropertyValueSpecification","valueRequired":true,"valueName":"search_term_string"}}],"inLanguage":"pt-BR"},{"@type":"Person","@id":"https:\/\/aconteceunovale.com.br\/portal\/#\/schema\/person\/7d2f26d1483f8a63de73da1ee0754d35","name":"Reda\u00e7\u00e3o Aconteceu no Vale","description":"Equipe de reportagem do Aconteceu no Vale, portal de not\u00edcias do Vale do Jequitinhonha, em Minas Gerais. Cobrimos as 51 cidades do Vale desde 2013. Sugest\u00f5es de pauta e pedidos de corre\u00e7\u00e3o: contato@aconteceunovale.com.br","url":"https:\/\/aconteceunovale.com.br\/portal\/?author=4"}]}},"_links":{"self":[{"href":"https:\/\/aconteceunovale.com.br\/portal\/index.php?rest_route=\/wp\/v2\/posts\/195676","targetHints":{"allow":["GET"]}}],"collection":[{"href":"https:\/\/aconteceunovale.com.br\/portal\/index.php?rest_route=\/wp\/v2\/posts"}],"about":[{"href":"https:\/\/aconteceunovale.com.br\/portal\/index.php?rest_route=\/wp\/v2\/types\/post"}],"author":[{"embeddable":true,"href":"https:\/\/aconteceunovale.com.br\/portal\/index.php?rest_route=\/wp\/v2\/users\/4"}],"replies":[{"embeddable":true,"href":"https:\/\/aconteceunovale.com.br\/portal\/index.php?rest_route=%2Fwp%2Fv2%2Fcomments&post=195676"}],"version-history":[{"count":1,"href":"https:\/\/aconteceunovale.com.br\/portal\/index.php?rest_route=\/wp\/v2\/posts\/195676\/revisions"}],"predecessor-version":[{"id":195678,"href":"https:\/\/aconteceunovale.com.br\/portal\/index.php?rest_route=\/wp\/v2\/posts\/195676\/revisions\/195678"}],"wp:featuredmedia":[{"embeddable":true,"href":"https:\/\/aconteceunovale.com.br\/portal\/index.php?rest_route=\/wp\/v2\/media\/195677"}],"wp:attachment":[{"href":"https:\/\/aconteceunovale.com.br\/portal\/index.php?rest_route=%2Fwp%2Fv2%2Fmedia&parent=195676"}],"wp:term":[{"taxonomy":"category","embeddable":true,"href":"https:\/\/aconteceunovale.com.br\/portal\/index.php?rest_route=%2Fwp%2Fv2%2Fcategories&post=195676"},{"taxonomy":"post_tag","embeddable":true,"href":"https:\/\/aconteceunovale.com.br\/portal\/index.php?rest_route=%2Fwp%2Fv2%2Ftags&post=195676"}],"curies":[{"name":"wp","href":"https:\/\/api.w.org\/{rel}","templated":true}]}}