{"id":19555,"date":"2014-01-27T11:45:04","date_gmt":"2014-01-27T13:45:04","guid":{"rendered":"http:\/\/aconteceunovale.com.br\/portal\/?p=19555"},"modified":"2014-01-27T11:45:04","modified_gmt":"2014-01-27T13:45:04","slug":"moradores-de-timoteo-fecham-br-381-em-protesto-por-passarela","status":"publish","type":"post","link":"https:\/\/aconteceunovale.com.br\/portal\/?p=19555","title":{"rendered":"Moradores de Tim\u00f3teo fecham BR-381 em protesto por passarela"},"content":{"rendered":"<p>Manifestantes queimaram pneus e interditaram os dois sentidos do contorno rodovi\u00e1rio da BR-381, no trecho entre as cidades de Tim\u00f3teo e Coronel Fabriciano, no Leste de Minas Gerais, na manh\u00e3 desta segunda-feira (27\/01).<\/p>\n<p><img decoding=\"async\" src=\"http:\/\/aconteceunovale.com.br\/portal\/wp-content\/uploads\/2014\/01\/manifestacao_timoteo_381.jpg\" alt=\"\" \/><br \/>\n<em><strong>Manifestantes fecharam os dois sentidos da BR-381 (Foto: InterTV)<\/strong><\/em><\/p>\n<p>O grupo ocupou a pista ainda de madrugada, por volta das 4h. Com cartazes e faixas, os moradores reivindicam a instala\u00e7\u00e3o de uma passarela e outros acessos \u00e0 rodovia.<\/p>\n<p>\u201cN\u00f3s perdemos a paci\u00eancia. Tentamos trazer o prefeito aqui v\u00e1rias vezes. N\u00f3s temos crian\u00e7as e idosos que atravessam a rodovia e j\u00e1 aconteceram acidentes fatais por aqui\u201d, diz o morador Evair Guimar\u00e3es.<\/p>\n<p>Ainda de acordo com os manifestantes, os pedidos para a constru\u00e7\u00e3o de uma passarela s\u00e3o antigos. Os moradores alegam que h\u00e1 mais de 20 anos tentam um acordo com o poder p\u00fablico municipal, mas nenhuma provid\u00eancia teria sido tomada.<\/p>\n<p>O trecho da BR interditado pelos manifestantes, corta dois bairros de Tim\u00f3teo, Nova Esperan\u00e7a e Alegre. Segundo os moradores, as \u00fanicas formas de acesso a rodovia pelos bairros s\u00e3o por pontos improvisados.<\/p>\n<p>Por conta da pista interditada, um engarrafamento se formou nos dois sentidos da rodovia e a Pol\u00edcia Rodovi\u00e1ria Federal foi acionada.<\/p>\n<p>\u201cO protesto \u00e9 pac\u00edfico. Os moradores est\u00e3o reivindicando melhorias para o bairro. Eles est\u00e3o pedindo a constru\u00e7\u00e3o de uma passarela. N\u00f3s estamos intermediando para liberar a rodovia o mais r\u00e1pido poss\u00edvel\u201d, afirma o agente da PRF Hallidey Alisson.<\/p>\n<p>O agente orienta os motoristas que querem seguir viagem para que acessem a rodovia antiga e passem por Coronel Fabriciano.<\/p>\n<p>Segundo os moradores, o trecho da BR s\u00f3 vai ser liberado depois que a Prefeitura dar uma posi\u00e7\u00e3o a respeito das reivindica\u00e7\u00f5es.<\/p>\n<p>\u201cNovas manifesta\u00e7\u00f5es podem acontecer se n\u00e3o resolverem nosso problema\u201d, afirma o encarregado de obras Reginaldo Figueiredo.<\/p>\n<p><em><strong>(Fonte: Inter TV dos Vales)<\/strong><\/em><\/p>\n","protected":false},"excerpt":{"rendered":"<p>Manifestantes queimaram pneus e interditaram os dois sentidos do contorno rodovi\u00e1rio da BR-381, no trecho entre as cidades de Tim\u00f3teo e Coronel Fabriciano, no Leste de Minas Gerais, na manh\u00e3 desta segunda-feira (27\/01). Manifestantes fecharam os dois sentidos da BR-381 (Foto: InterTV) O grupo ocupou a pista ainda de madrugada, por volta das 4h. Com [&hellip;]<\/p>\n","protected":false},"author":1,"featured_media":19556,"comment_status":"open","ping_status":"closed","sticky":false,"template":"","format":"standard","meta":{"amp_status":"","footnotes":""},"categories":[121],"tags":[1524,3592,1105],"class_list":["post-19555","post","type-post","status-publish","format-standard","has-post-thumbnail","hentry","category-leste","tag-coronel-fabriciano","tag-moradores-de-timoteo-fecham-br-381-em-protesto-por-passarela","tag-timoteo"],"_links":{"self":[{"href":"https:\/\/aconteceunovale.com.br\/portal\/index.php?rest_route=\/wp\/v2\/posts\/19555","targetHints":{"allow":["GET"]}}],"collection":[{"href":"https:\/\/aconteceunovale.com.br\/portal\/index.php?rest_route=\/wp\/v2\/posts"}],"about":[{"href":"https:\/\/aconteceunovale.com.br\/portal\/index.php?rest_route=\/wp\/v2\/types\/post"}],"author":[{"embeddable":true,"href":"https:\/\/aconteceunovale.com.br\/portal\/index.php?rest_route=\/wp\/v2\/users\/1"}],"replies":[{"embeddable":true,"href":"https:\/\/aconteceunovale.com.br\/portal\/index.php?rest_route=%2Fwp%2Fv2%2Fcomments&post=19555"}],"version-history":[{"count":0,"href":"https:\/\/aconteceunovale.com.br\/portal\/index.php?rest_route=\/wp\/v2\/posts\/19555\/revisions"}],"wp:featuredmedia":[{"embeddable":true,"href":"https:\/\/aconteceunovale.com.br\/portal\/index.php?rest_route=\/wp\/v2\/media\/19556"}],"wp:attachment":[{"href":"https:\/\/aconteceunovale.com.br\/portal\/index.php?rest_route=%2Fwp%2Fv2%2Fmedia&parent=19555"}],"wp:term":[{"taxonomy":"category","embeddable":true,"href":"https:\/\/aconteceunovale.com.br\/portal\/index.php?rest_route=%2Fwp%2Fv2%2Fcategories&post=19555"},{"taxonomy":"post_tag","embeddable":true,"href":"https:\/\/aconteceunovale.com.br\/portal\/index.php?rest_route=%2Fwp%2Fv2%2Ftags&post=19555"}],"curies":[{"name":"wp","href":"https:\/\/api.w.org\/{rel}","templated":true}]}}