{"id":195532,"date":"2025-01-16T17:43:57","date_gmt":"2025-01-16T20:43:57","guid":{"rendered":"https:\/\/aconteceunovale.com.br\/portal\/?p=195532"},"modified":"2025-01-16T17:44:47","modified_gmt":"2025-01-16T20:44:47","slug":"pmmg-realiza-891-prisoes-de-individuos-com-mandados-em-aberto-nos-primeiros-dias-de-2025","status":"publish","type":"post","link":"https:\/\/aconteceunovale.com.br\/portal\/?p=195532","title":{"rendered":"PMMG realiza 891 pris\u00f5es de indiv\u00edduos com mandados em aberto nos primeiros dias de 2025"},"content":{"rendered":"\n<p class=\"wp-block-paragraph\">A Pol\u00edcia Militar de Minas Gerais (PMMG) prendeu 891 pessoas com mandados de pris\u00e3o em aberto entre os dias 1\u00ba e 16 de janeiro deste ano. As pris\u00f5es ocorreram em todo o estado e abrangeram crimes como furto, tr\u00e1fico de drogas, roubo, les\u00e3o corporal, amea\u00e7a, agress\u00e3o, recepta\u00e7\u00e3o, porte ilegal de arma de fogo e descumprimento de medida protetiva, entre outros.<\/p>\n\n\n\n<p class=\"wp-block-paragraph\">Entre os presos, destacam-se 45 indiv\u00edduos com mais de 20 registros policiais e dois com mais de 70 passagens cada. A a\u00e7\u00e3o faz parte do trabalho cont\u00ednuo da PMMG para combater a criminalidade e garantir a seguran\u00e7a da popula\u00e7\u00e3o.<\/p>\n\n\n\n<p class=\"wp-block-paragraph\">A porta-voz da institui\u00e7\u00e3o, major Layla Brunnela, ressaltou a import\u00e2ncia das opera\u00e7\u00f5es realizadas. <em>\u201cO trabalho cotidiano e essencial da Pol\u00edcia Militar \u00e9 visto nesses n\u00fameros significativos. Foram 891 infratores contumazes retirados das ruas. Desses criminosos, uma parcela cometeu furto \u00e0 resid\u00eancia, sendo este o nosso foco no m\u00eas de janeiro, que \u00e9 a preven\u00e7\u00e3o a essa modalidade criminosa, por meio da Opera\u00e7\u00e3o F\u00e9rias Seguras 2025. A retirada desses infratores das ruas traz preven\u00e7\u00e3o e prote\u00e7\u00e3o \u00e0 sociedade mineira. \u00c9 um trabalho que sempre foi feito e continuar\u00e1 sendo feito pela nossa institui\u00e7\u00e3o\u201d,<\/em> destacou.<\/p>\n","protected":false},"excerpt":{"rendered":"<p>A Pol\u00edcia Militar de Minas Gerais (PMMG) prendeu 891 pessoas com mandados de pris\u00e3o em aberto entre os dias 1\u00ba e 16 de janeiro deste ano. As pris\u00f5es ocorreram em todo o estado e abrangeram crimes como furto, tr\u00e1fico de drogas, roubo, les\u00e3o corporal, amea\u00e7a, agress\u00e3o, recepta\u00e7\u00e3o, porte ilegal de arma de fogo e descumprimento [&hellip;]<\/p>\n","protected":false},"author":4,"featured_media":182606,"comment_status":"open","ping_status":"closed","sticky":false,"template":"","format":"standard","meta":{"amp_status":"","footnotes":""},"categories":[123],"tags":[269790,269789,269791,38187,269788,18980,229887],"class_list":["post-195532","post","type-post","status-publish","format-standard","has-post-thumbnail","hentry","category-gerais","tag-major-layla-brunnela","tag-mandados-de-prisao-minas-gerais","tag-operacao-ferias-seguras-2025","tag-pmmg","tag-pmmg-realiza-891-prisoes-de-individuos-com-mandados-em-aberto-nos-primeiros-dias-de-2025","tag-policia-militar-de-minas-gerais","tag-presos-em-minas-gerais"],"yoast_head":"<!-- This site is optimized with the Yoast SEO plugin v28.3 - https:\/\/yoast.com\/product\/yoast-seo-wordpress\/ -->\n<title>PMMG realiza 891 pris\u00f5es de indiv\u00edduos com mandados em aberto nos primeiros dias de 2025 - Aconteceu no Vale<\/title>\n<meta name=\"robots\" content=\"index, follow, max-snippet:-1, max-image-preview:large, max-video-preview:-1\" \/>\n<link rel=\"canonical\" href=\"https:\/\/aconteceunovale.com.br\/portal\/?p=195532\" \/>\n<meta property=\"og:locale\" content=\"pt_BR\" \/>\n<meta property=\"og:type\" content=\"article\" \/>\n<meta property=\"og:title\" content=\"PMMG realiza 891 pris\u00f5es de indiv\u00edduos com mandados em aberto nos primeiros dias de 2025 - Aconteceu no Vale\" \/>\n<meta property=\"og:description\" content=\"A Pol\u00edcia Militar de Minas Gerais (PMMG) prendeu 891 pessoas com mandados de pris\u00e3o em aberto entre os dias 1\u00ba e 16 de janeiro deste ano. As pris\u00f5es ocorreram em todo o estado e abrangeram crimes como furto, tr\u00e1fico de drogas, roubo, les\u00e3o corporal, amea\u00e7a, agress\u00e3o, recepta\u00e7\u00e3o, porte ilegal de arma de fogo e descumprimento [&hellip;]\" \/>\n<meta property=\"og:url\" content=\"https:\/\/aconteceunovale.com.br\/portal\/?p=195532\" \/>\n<meta property=\"og:site_name\" content=\"Aconteceu no Vale\" \/>\n<meta property=\"article:publisher\" content=\"https:\/\/www.facebook.com\/aconteceunovale\/\" \/>\n<meta property=\"article:published_time\" content=\"2025-01-16T20:43:57+00:00\" \/>\n<meta property=\"article:modified_time\" content=\"2025-01-16T20:44:47+00:00\" \/>\n<meta property=\"og:image\" content=\"https:\/\/aconteceunovale.com.br\/portal\/wp-content\/uploads\/2021\/10\/preso_capelinha.png\" \/>\n\t<meta property=\"og:image:width\" content=\"678\" \/>\n\t<meta property=\"og:image:height\" content=\"427\" \/>\n\t<meta property=\"og:image:type\" content=\"image\/png\" \/>\n<meta name=\"author\" content=\"Reda\u00e7\u00e3o Aconteceu no Vale\" \/>\n<meta name=\"twitter:card\" content=\"summary_large_image\" \/>\n<meta name=\"twitter:creator\" content=\"@noticiadosvales\" \/>\n<meta name=\"twitter:site\" content=\"@noticiadosvales\" \/>\n<meta name=\"twitter:label1\" content=\"Escrito por\" \/>\n\t<meta name=\"twitter:data1\" content=\"Reda\u00e7\u00e3o Aconteceu no Vale\" \/>\n\t<meta name=\"twitter:label2\" content=\"Est. tempo de leitura\" \/>\n\t<meta name=\"twitter:data2\" content=\"1 minuto\" \/>\n<script type=\"application\/ld+json\" class=\"yoast-schema-graph\">{\"@context\":\"https:\\\/\\\/schema.org\",\"@graph\":[{\"@type\":\"Article\",\"@id\":\"https:\\\/\\\/aconteceunovale.com.br\\\/portal\\\/?p=195532#article\",\"isPartOf\":{\"@id\":\"https:\\\/\\\/aconteceunovale.com.br\\\/portal\\\/?p=195532\"},\"author\":{\"name\":\"Reda\u00e7\u00e3o Aconteceu no Vale\",\"@id\":\"https:\\\/\\\/aconteceunovale.com.br\\\/portal\\\/#\\\/schema\\\/person\\\/7d2f26d1483f8a63de73da1ee0754d35\"},\"headline\":\"PMMG realiza 891 pris\u00f5es de indiv\u00edduos com mandados em aberto nos primeiros dias de 2025\",\"datePublished\":\"2025-01-16T20:43:57+00:00\",\"dateModified\":\"2025-01-16T20:44:47+00:00\",\"mainEntityOfPage\":{\"@id\":\"https:\\\/\\\/aconteceunovale.com.br\\\/portal\\\/?p=195532\"},\"wordCount\":220,\"commentCount\":0,\"image\":{\"@id\":\"https:\\\/\\\/aconteceunovale.com.br\\\/portal\\\/?p=195532#primaryimage\"},\"thumbnailUrl\":\"https:\\\/\\\/aconteceunovale.com.br\\\/portal\\\/wp-content\\\/uploads\\\/2021\\\/10\\\/preso_capelinha.png\",\"keywords\":[\"Major Layla Brunnela\",\"Mandados de pris\u00e3o Minas Gerais\",\"Opera\u00e7\u00e3o F\u00e9rias Seguras 2025\",\"PMMG\",\"PMMG realiza 891 pris\u00f5es de indiv\u00edduos com mandados em aberto nos primeiros dias de 2025\",\"Pol\u00edcia Militar de Minas Gerais\",\"Presos em Minas Gerais\"],\"articleSection\":[\"Minas Gerais\"],\"inLanguage\":\"pt-BR\",\"potentialAction\":[{\"@type\":\"CommentAction\",\"name\":\"Comment\",\"target\":[\"https:\\\/\\\/aconteceunovale.com.br\\\/portal\\\/?p=195532#respond\"]}]},{\"@type\":\"WebPage\",\"@id\":\"https:\\\/\\\/aconteceunovale.com.br\\\/portal\\\/?p=195532\",\"url\":\"https:\\\/\\\/aconteceunovale.com.br\\\/portal\\\/?p=195532\",\"name\":\"PMMG realiza 891 pris\u00f5es de indiv\u00edduos com mandados em aberto nos primeiros dias de 2025 - Aconteceu no Vale\",\"isPartOf\":{\"@id\":\"https:\\\/\\\/aconteceunovale.com.br\\\/portal\\\/#website\"},\"primaryImageOfPage\":{\"@id\":\"https:\\\/\\\/aconteceunovale.com.br\\\/portal\\\/?p=195532#primaryimage\"},\"image\":{\"@id\":\"https:\\\/\\\/aconteceunovale.com.br\\\/portal\\\/?p=195532#primaryimage\"},\"thumbnailUrl\":\"https:\\\/\\\/aconteceunovale.com.br\\\/portal\\\/wp-content\\\/uploads\\\/2021\\\/10\\\/preso_capelinha.png\",\"datePublished\":\"2025-01-16T20:43:57+00:00\",\"dateModified\":\"2025-01-16T20:44:47+00:00\",\"author\":{\"@id\":\"https:\\\/\\\/aconteceunovale.com.br\\\/portal\\\/#\\\/schema\\\/person\\\/7d2f26d1483f8a63de73da1ee0754d35\"},\"breadcrumb\":{\"@id\":\"https:\\\/\\\/aconteceunovale.com.br\\\/portal\\\/?p=195532#breadcrumb\"},\"inLanguage\":\"pt-BR\",\"potentialAction\":[{\"@type\":\"ReadAction\",\"target\":[\"https:\\\/\\\/aconteceunovale.com.br\\\/portal\\\/?p=195532\"]}]},{\"@type\":\"ImageObject\",\"inLanguage\":\"pt-BR\",\"@id\":\"https:\\\/\\\/aconteceunovale.com.br\\\/portal\\\/?p=195532#primaryimage\",\"url\":\"https:\\\/\\\/aconteceunovale.com.br\\\/portal\\\/wp-content\\\/uploads\\\/2021\\\/10\\\/preso_capelinha.png\",\"contentUrl\":\"https:\\\/\\\/aconteceunovale.com.br\\\/portal\\\/wp-content\\\/uploads\\\/2021\\\/10\\\/preso_capelinha.png\",\"width\":678,\"height\":427},{\"@type\":\"BreadcrumbList\",\"@id\":\"https:\\\/\\\/aconteceunovale.com.br\\\/portal\\\/?p=195532#breadcrumb\",\"itemListElement\":[{\"@type\":\"ListItem\",\"position\":1,\"name\":\"In\u00edcio\",\"item\":\"https:\\\/\\\/aconteceunovale.com.br\\\/portal\\\/\"},{\"@type\":\"ListItem\",\"position\":2,\"name\":\"PMMG realiza 891 pris\u00f5es de indiv\u00edduos com mandados em aberto nos primeiros dias de 2025\"}]},{\"@type\":\"WebSite\",\"@id\":\"https:\\\/\\\/aconteceunovale.com.br\\\/portal\\\/#website\",\"url\":\"https:\\\/\\\/aconteceunovale.com.br\\\/portal\\\/\",\"name\":\"Aconteceu no Vale\",\"description\":\"Portal de Not\u00edcias\",\"potentialAction\":[{\"@type\":\"SearchAction\",\"target\":{\"@type\":\"EntryPoint\",\"urlTemplate\":\"https:\\\/\\\/aconteceunovale.com.br\\\/portal\\\/?s={search_term_string}\"},\"query-input\":{\"@type\":\"PropertyValueSpecification\",\"valueRequired\":true,\"valueName\":\"search_term_string\"}}],\"inLanguage\":\"pt-BR\"},{\"@type\":\"Person\",\"@id\":\"https:\\\/\\\/aconteceunovale.com.br\\\/portal\\\/#\\\/schema\\\/person\\\/7d2f26d1483f8a63de73da1ee0754d35\",\"name\":\"Reda\u00e7\u00e3o Aconteceu no Vale\",\"description\":\"Equipe de reportagem do Aconteceu no Vale, portal de not\u00edcias do Vale do Jequitinhonha, em Minas Gerais. Cobrimos as 51 cidades do Vale desde 2013. Sugest\u00f5es de pauta e pedidos de corre\u00e7\u00e3o: contato@aconteceunovale.com.br\",\"url\":\"https:\\\/\\\/aconteceunovale.com.br\\\/portal\\\/?author=4\"}]}<\/script>\n<!-- \/ Yoast SEO plugin. -->","yoast_head_json":{"title":"PMMG realiza 891 pris\u00f5es de indiv\u00edduos com mandados em aberto nos primeiros dias de 2025 - Aconteceu no Vale","robots":{"index":"index","follow":"follow","max-snippet":"max-snippet:-1","max-image-preview":"max-image-preview:large","max-video-preview":"max-video-preview:-1"},"canonical":"https:\/\/aconteceunovale.com.br\/portal\/?p=195532","og_locale":"pt_BR","og_type":"article","og_title":"PMMG realiza 891 pris\u00f5es de indiv\u00edduos com mandados em aberto nos primeiros dias de 2025 - Aconteceu no Vale","og_description":"A Pol\u00edcia Militar de Minas Gerais (PMMG) prendeu 891 pessoas com mandados de pris\u00e3o em aberto entre os dias 1\u00ba e 16 de janeiro deste ano. As pris\u00f5es ocorreram em todo o estado e abrangeram crimes como furto, tr\u00e1fico de drogas, roubo, les\u00e3o corporal, amea\u00e7a, agress\u00e3o, recepta\u00e7\u00e3o, porte ilegal de arma de fogo e descumprimento [&hellip;]","og_url":"https:\/\/aconteceunovale.com.br\/portal\/?p=195532","og_site_name":"Aconteceu no Vale","article_publisher":"https:\/\/www.facebook.com\/aconteceunovale\/","article_published_time":"2025-01-16T20:43:57+00:00","article_modified_time":"2025-01-16T20:44:47+00:00","og_image":[{"width":678,"height":427,"url":"https:\/\/aconteceunovale.com.br\/portal\/wp-content\/uploads\/2021\/10\/preso_capelinha.png","type":"image\/png"}],"author":"Reda\u00e7\u00e3o Aconteceu no Vale","twitter_card":"summary_large_image","twitter_creator":"@noticiadosvales","twitter_site":"@noticiadosvales","twitter_misc":{"Escrito por":"Reda\u00e7\u00e3o Aconteceu no Vale","Est. tempo de leitura":"1 minuto"},"schema":{"@context":"https:\/\/schema.org","@graph":[{"@type":"Article","@id":"https:\/\/aconteceunovale.com.br\/portal\/?p=195532#article","isPartOf":{"@id":"https:\/\/aconteceunovale.com.br\/portal\/?p=195532"},"author":{"name":"Reda\u00e7\u00e3o Aconteceu no Vale","@id":"https:\/\/aconteceunovale.com.br\/portal\/#\/schema\/person\/7d2f26d1483f8a63de73da1ee0754d35"},"headline":"PMMG realiza 891 pris\u00f5es de indiv\u00edduos com mandados em aberto nos primeiros dias de 2025","datePublished":"2025-01-16T20:43:57+00:00","dateModified":"2025-01-16T20:44:47+00:00","mainEntityOfPage":{"@id":"https:\/\/aconteceunovale.com.br\/portal\/?p=195532"},"wordCount":220,"commentCount":0,"image":{"@id":"https:\/\/aconteceunovale.com.br\/portal\/?p=195532#primaryimage"},"thumbnailUrl":"https:\/\/aconteceunovale.com.br\/portal\/wp-content\/uploads\/2021\/10\/preso_capelinha.png","keywords":["Major Layla Brunnela","Mandados de pris\u00e3o Minas Gerais","Opera\u00e7\u00e3o F\u00e9rias Seguras 2025","PMMG","PMMG realiza 891 pris\u00f5es de indiv\u00edduos com mandados em aberto nos primeiros dias de 2025","Pol\u00edcia Militar de Minas Gerais","Presos em Minas Gerais"],"articleSection":["Minas Gerais"],"inLanguage":"pt-BR","potentialAction":[{"@type":"CommentAction","name":"Comment","target":["https:\/\/aconteceunovale.com.br\/portal\/?p=195532#respond"]}]},{"@type":"WebPage","@id":"https:\/\/aconteceunovale.com.br\/portal\/?p=195532","url":"https:\/\/aconteceunovale.com.br\/portal\/?p=195532","name":"PMMG realiza 891 pris\u00f5es de indiv\u00edduos com mandados em aberto nos primeiros dias de 2025 - Aconteceu no Vale","isPartOf":{"@id":"https:\/\/aconteceunovale.com.br\/portal\/#website"},"primaryImageOfPage":{"@id":"https:\/\/aconteceunovale.com.br\/portal\/?p=195532#primaryimage"},"image":{"@id":"https:\/\/aconteceunovale.com.br\/portal\/?p=195532#primaryimage"},"thumbnailUrl":"https:\/\/aconteceunovale.com.br\/portal\/wp-content\/uploads\/2021\/10\/preso_capelinha.png","datePublished":"2025-01-16T20:43:57+00:00","dateModified":"2025-01-16T20:44:47+00:00","author":{"@id":"https:\/\/aconteceunovale.com.br\/portal\/#\/schema\/person\/7d2f26d1483f8a63de73da1ee0754d35"},"breadcrumb":{"@id":"https:\/\/aconteceunovale.com.br\/portal\/?p=195532#breadcrumb"},"inLanguage":"pt-BR","potentialAction":[{"@type":"ReadAction","target":["https:\/\/aconteceunovale.com.br\/portal\/?p=195532"]}]},{"@type":"ImageObject","inLanguage":"pt-BR","@id":"https:\/\/aconteceunovale.com.br\/portal\/?p=195532#primaryimage","url":"https:\/\/aconteceunovale.com.br\/portal\/wp-content\/uploads\/2021\/10\/preso_capelinha.png","contentUrl":"https:\/\/aconteceunovale.com.br\/portal\/wp-content\/uploads\/2021\/10\/preso_capelinha.png","width":678,"height":427},{"@type":"BreadcrumbList","@id":"https:\/\/aconteceunovale.com.br\/portal\/?p=195532#breadcrumb","itemListElement":[{"@type":"ListItem","position":1,"name":"In\u00edcio","item":"https:\/\/aconteceunovale.com.br\/portal\/"},{"@type":"ListItem","position":2,"name":"PMMG realiza 891 pris\u00f5es de indiv\u00edduos com mandados em aberto nos primeiros dias de 2025"}]},{"@type":"WebSite","@id":"https:\/\/aconteceunovale.com.br\/portal\/#website","url":"https:\/\/aconteceunovale.com.br\/portal\/","name":"Aconteceu no Vale","description":"Portal de Not\u00edcias","potentialAction":[{"@type":"SearchAction","target":{"@type":"EntryPoint","urlTemplate":"https:\/\/aconteceunovale.com.br\/portal\/?s={search_term_string}"},"query-input":{"@type":"PropertyValueSpecification","valueRequired":true,"valueName":"search_term_string"}}],"inLanguage":"pt-BR"},{"@type":"Person","@id":"https:\/\/aconteceunovale.com.br\/portal\/#\/schema\/person\/7d2f26d1483f8a63de73da1ee0754d35","name":"Reda\u00e7\u00e3o Aconteceu no Vale","description":"Equipe de reportagem do Aconteceu no Vale, portal de not\u00edcias do Vale do Jequitinhonha, em Minas Gerais. Cobrimos as 51 cidades do Vale desde 2013. Sugest\u00f5es de pauta e pedidos de corre\u00e7\u00e3o: contato@aconteceunovale.com.br","url":"https:\/\/aconteceunovale.com.br\/portal\/?author=4"}]}},"_links":{"self":[{"href":"https:\/\/aconteceunovale.com.br\/portal\/index.php?rest_route=\/wp\/v2\/posts\/195532","targetHints":{"allow":["GET"]}}],"collection":[{"href":"https:\/\/aconteceunovale.com.br\/portal\/index.php?rest_route=\/wp\/v2\/posts"}],"about":[{"href":"https:\/\/aconteceunovale.com.br\/portal\/index.php?rest_route=\/wp\/v2\/types\/post"}],"author":[{"embeddable":true,"href":"https:\/\/aconteceunovale.com.br\/portal\/index.php?rest_route=\/wp\/v2\/users\/4"}],"replies":[{"embeddable":true,"href":"https:\/\/aconteceunovale.com.br\/portal\/index.php?rest_route=%2Fwp%2Fv2%2Fcomments&post=195532"}],"version-history":[{"count":1,"href":"https:\/\/aconteceunovale.com.br\/portal\/index.php?rest_route=\/wp\/v2\/posts\/195532\/revisions"}],"predecessor-version":[{"id":195533,"href":"https:\/\/aconteceunovale.com.br\/portal\/index.php?rest_route=\/wp\/v2\/posts\/195532\/revisions\/195533"}],"wp:featuredmedia":[{"embeddable":true,"href":"https:\/\/aconteceunovale.com.br\/portal\/index.php?rest_route=\/wp\/v2\/media\/182606"}],"wp:attachment":[{"href":"https:\/\/aconteceunovale.com.br\/portal\/index.php?rest_route=%2Fwp%2Fv2%2Fmedia&parent=195532"}],"wp:term":[{"taxonomy":"category","embeddable":true,"href":"https:\/\/aconteceunovale.com.br\/portal\/index.php?rest_route=%2Fwp%2Fv2%2Fcategories&post=195532"},{"taxonomy":"post_tag","embeddable":true,"href":"https:\/\/aconteceunovale.com.br\/portal\/index.php?rest_route=%2Fwp%2Fv2%2Ftags&post=195532"}],"curies":[{"name":"wp","href":"https:\/\/api.w.org\/{rel}","templated":true}]}}