{"id":19542,"date":"2014-01-27T10:56:46","date_gmt":"2014-01-27T12:56:46","guid":{"rendered":"http:\/\/aconteceunovale.com.br\/portal\/?p=19542"},"modified":"2014-01-27T10:57:42","modified_gmt":"2014-01-27T12:57:42","slug":"homem-morre-apos-ser-esfaqueado-na-zona-rural-de-sao-francisco","status":"publish","type":"post","link":"https:\/\/aconteceunovale.com.br\/portal\/?p=19542","title":{"rendered":"Homem morre ap\u00f3s ser esfaqueado na zona rural de S\u00e3o Francisco"},"content":{"rendered":"<p>Um homem foi assassinado com uma facada na madrugada deste domingo (26\/01) em S\u00e3o Francisco, Norte de Minas Gerais. Segundo a Pol\u00edcia Militar, o crime ocorreu na Fazenda Tamandu\u00e1, zona rural da cidade.<\/p>\n<p>Ainda segundo a PM, o autor do crime teria atingido a v\u00edtima com uma facada no t\u00f3rax ap\u00f3s um desentendimento entre os dois.  O Servi\u00e7o de Atendimento M\u00f3vel de Urg\u00eancia esteve no local e constatou o \u00f3bito.<\/p>\n<p>O Suspeito foi identificado, mas ainda n\u00e3o foi preso.<\/p>\n<p><img decoding=\"async\" src=\"http:\/\/aconteceunovale.com.br\/portal\/wp-content\/uploads\/2013\/12\/faca_crime.jpg\" alt=\"\" \/><br \/>\n<em>(Imagem ilustrativa)<\/em><\/p>\n","protected":false},"excerpt":{"rendered":"<p>Um homem foi assassinado com uma facada na madrugada deste domingo (26\/01) em S\u00e3o Francisco, Norte de Minas Gerais. Segundo a Pol\u00edcia Militar, o crime ocorreu na Fazenda Tamandu\u00e1, zona rural da cidade. Ainda segundo a PM, o autor do crime teria atingido a v\u00edtima com uma facada no t\u00f3rax ap\u00f3s um desentendimento entre os [&hellip;]<\/p>\n","protected":false},"author":1,"featured_media":16294,"comment_status":"open","ping_status":"closed","sticky":false,"template":"","format":"standard","meta":{"amp_status":"","footnotes":""},"categories":[1236],"tags":[3586,3585,1522],"class_list":["post-19542","post","type-post","status-publish","format-standard","has-post-thumbnail","hentry","category-norte_de_minas","tag-fazenda-tamandua-em-sao-francisco","tag-homem-morre-apos-ser-esfaqueado-na-zona-rural-de-sao-francisco","tag-sao-francisco"],"_links":{"self":[{"href":"https:\/\/aconteceunovale.com.br\/portal\/index.php?rest_route=\/wp\/v2\/posts\/19542","targetHints":{"allow":["GET"]}}],"collection":[{"href":"https:\/\/aconteceunovale.com.br\/portal\/index.php?rest_route=\/wp\/v2\/posts"}],"about":[{"href":"https:\/\/aconteceunovale.com.br\/portal\/index.php?rest_route=\/wp\/v2\/types\/post"}],"author":[{"embeddable":true,"href":"https:\/\/aconteceunovale.com.br\/portal\/index.php?rest_route=\/wp\/v2\/users\/1"}],"replies":[{"embeddable":true,"href":"https:\/\/aconteceunovale.com.br\/portal\/index.php?rest_route=%2Fwp%2Fv2%2Fcomments&post=19542"}],"version-history":[{"count":0,"href":"https:\/\/aconteceunovale.com.br\/portal\/index.php?rest_route=\/wp\/v2\/posts\/19542\/revisions"}],"wp:featuredmedia":[{"embeddable":true,"href":"https:\/\/aconteceunovale.com.br\/portal\/index.php?rest_route=\/wp\/v2\/media\/16294"}],"wp:attachment":[{"href":"https:\/\/aconteceunovale.com.br\/portal\/index.php?rest_route=%2Fwp%2Fv2%2Fmedia&parent=19542"}],"wp:term":[{"taxonomy":"category","embeddable":true,"href":"https:\/\/aconteceunovale.com.br\/portal\/index.php?rest_route=%2Fwp%2Fv2%2Fcategories&post=19542"},{"taxonomy":"post_tag","embeddable":true,"href":"https:\/\/aconteceunovale.com.br\/portal\/index.php?rest_route=%2Fwp%2Fv2%2Ftags&post=19542"}],"curies":[{"name":"wp","href":"https:\/\/api.w.org\/{rel}","templated":true}]}}