{"id":19534,"date":"2014-01-27T10:35:41","date_gmt":"2014-01-27T12:35:41","guid":{"rendered":"http:\/\/aconteceunovale.com.br\/portal\/?p=19534"},"modified":"2014-01-27T11:32:36","modified_gmt":"2014-01-27T13:32:36","slug":"aviao-faz-pouso-forcado-na-mg-308","status":"publish","type":"post","link":"https:\/\/aconteceunovale.com.br\/portal\/?p=19534","title":{"rendered":"Avi\u00e3o faz pouso for\u00e7ado na MG-308"},"content":{"rendered":"<p>Um avi\u00e3o monotor utilizado por uma empresa prestadora de servi\u00e7o para a Aperam Bioenergia para aduba\u00e7\u00e3o fez um pouso for\u00e7ado por volta das 6h30min da manh\u00e3 desta segunda-feira (27\/01), na rodovia MG-308, estrada que liga Capelinha a Turmalina, pr\u00f3ximo ao trevo de Minas Novas. <\/p>\n<p>Segundo informa\u00e7\u00f5es o avi\u00e3o estava carregado de adubo e fazia o primeiro voo do dia, quando sofreu uma pane no motor, como n\u00e3o daria tempo de chegar at\u00e9 a pista de pouso mais pr\u00f3xima, o piloto foi obrigado a fazer um pouso de emerg\u00eancia.<\/p>\n<p>O piloto sofreu ferimentos leves e foi encaminhado ao Hospital de Turmalina.<\/p>\n<p><img decoding=\"async\" src=\"http:\/\/aconteceunovale.com.br\/portal\/wp-content\/uploads\/2014\/01\/aeronave_mg_308_tur_cap.jpg\" alt=\"\" \/><br \/>\n<em><strong>(Foto: Maur\u00edlio Lopes)<\/strong><\/em><\/p>\n","protected":false},"excerpt":{"rendered":"<p>Um avi\u00e3o monotor utilizado por uma empresa prestadora de servi\u00e7o para a Aperam Bioenergia para aduba\u00e7\u00e3o fez um pouso for\u00e7ado por volta das 6h30min da manh\u00e3 desta segunda-feira (27\/01), na rodovia MG-308, estrada que liga Capelinha a Turmalina, pr\u00f3ximo ao trevo de Minas Novas. Segundo informa\u00e7\u00f5es o avi\u00e3o estava carregado de adubo e fazia o [&hellip;]<\/p>\n","protected":false},"author":1,"featured_media":19535,"comment_status":"open","ping_status":"closed","sticky":false,"template":"","format":"standard","meta":{"amp_status":"","footnotes":""},"categories":[120],"tags":[3582,132,178],"class_list":["post-19534","post","type-post","status-publish","format-standard","has-post-thumbnail","hentry","category-jequi","tag-aviao-faz-pouso-forcado-na-mg-308","tag-capelinha","tag-turmalina"],"_links":{"self":[{"href":"https:\/\/aconteceunovale.com.br\/portal\/index.php?rest_route=\/wp\/v2\/posts\/19534","targetHints":{"allow":["GET"]}}],"collection":[{"href":"https:\/\/aconteceunovale.com.br\/portal\/index.php?rest_route=\/wp\/v2\/posts"}],"about":[{"href":"https:\/\/aconteceunovale.com.br\/portal\/index.php?rest_route=\/wp\/v2\/types\/post"}],"author":[{"embeddable":true,"href":"https:\/\/aconteceunovale.com.br\/portal\/index.php?rest_route=\/wp\/v2\/users\/1"}],"replies":[{"embeddable":true,"href":"https:\/\/aconteceunovale.com.br\/portal\/index.php?rest_route=%2Fwp%2Fv2%2Fcomments&post=19534"}],"version-history":[{"count":0,"href":"https:\/\/aconteceunovale.com.br\/portal\/index.php?rest_route=\/wp\/v2\/posts\/19534\/revisions"}],"wp:featuredmedia":[{"embeddable":true,"href":"https:\/\/aconteceunovale.com.br\/portal\/index.php?rest_route=\/wp\/v2\/media\/19535"}],"wp:attachment":[{"href":"https:\/\/aconteceunovale.com.br\/portal\/index.php?rest_route=%2Fwp%2Fv2%2Fmedia&parent=19534"}],"wp:term":[{"taxonomy":"category","embeddable":true,"href":"https:\/\/aconteceunovale.com.br\/portal\/index.php?rest_route=%2Fwp%2Fv2%2Fcategories&post=19534"},{"taxonomy":"post_tag","embeddable":true,"href":"https:\/\/aconteceunovale.com.br\/portal\/index.php?rest_route=%2Fwp%2Fv2%2Ftags&post=19534"}],"curies":[{"name":"wp","href":"https:\/\/api.w.org\/{rel}","templated":true}]}}