{"id":195339,"date":"2025-01-14T08:01:00","date_gmt":"2025-01-14T11:01:00","guid":{"rendered":"https:\/\/aconteceunovale.com.br\/portal\/?p=195339"},"modified":"2025-01-15T10:11:07","modified_gmt":"2025-01-15T13:11:07","slug":"fiscalizacao-de-pix-nao-afetara-autonomos-esclarece-receita-federal","status":"publish","type":"post","link":"https:\/\/aconteceunovale.com.br\/portal\/?p=195339","title":{"rendered":"Fiscaliza\u00e7\u00e3o de Pix n\u00e3o afetar\u00e1 aut\u00f4nomos, esclarece Receita Federal"},"content":{"rendered":"\n<p class=\"wp-block-paragraph\">O refor\u00e7o na fiscaliza\u00e7\u00e3o do Pix n\u00e3o afetar\u00e1 a renda dos trabalhadores aut\u00f4nomos, esclareceu a Receita Federal. Nas redes sociais, o \u00f3rg\u00e3o esclareceu d\u00favidas sobre o impacto das novas regras de monitoramento em situa\u00e7\u00f5es como compra de material por trabalhadores que fazem bicos e uso de cart\u00e3o de cr\u00e9dito compartilhado com a fam\u00edlia.<\/p>\n\n\n\n<p class=\"wp-block-paragraph\">No caso dos trabalhadores aut\u00f4nomos, o Fisco esclarece que sabe que a movimenta\u00e7\u00e3o financeira \u00e9 sempre maior que o lucro final, maior que a renda efetiva do profissional. O refor\u00e7o na fiscaliza\u00e7\u00e3o, reiterou o \u00f3rg\u00e3o, n\u00e3o afetar\u00e1 o profissional que usa o Pix para comprar materiais e insumos, porque a Receita j\u00e1 monitora a diferen\u00e7a entre os custos e o faturamento desde 2003.<\/p>\n\n\n\n<p class=\"wp-block-paragraph\">\u201cQuem faz bicos e tem custos de produ\u00e7\u00e3o n\u00e3o precisa se preocupar. Mesmo que movimentem mais de R$ 5 mil, a Receita j\u00e1 tem o h\u00e1bito de monitorar essa diferen\u00e7a, como no caso de quem vende produtos ou servi\u00e7os e usa o Pix para o pagamento\u201d, explicou o Fisco.<\/p>\n\n\n\n<h2 class=\"wp-block-heading\">Pedreiros<\/h2>\n\n\n\n<p class=\"wp-block-paragraph\">A mesma situa\u00e7\u00e3o, ressaltou a Receita, ocorre com pedreiros e eletricistas, por exemplo, que recebem pagamento via Pix e que tamb\u00e9m usam essa ferramenta para comprar material. Isso porque o Fisco j\u00e1 cruza esse tipo de movimenta\u00e7\u00e3o com as notas fiscais de lojas de materiais.<\/p>\n\n\n\n<p class=\"wp-block-paragraph\">\u201cPedreiro e o Pix para material [de constru\u00e7\u00e3o] tamb\u00e9m n\u00e3o geram problemas. A Receita j\u00e1 sabe que esse tipo de movimenta\u00e7\u00e3o \u00e9 comum e cruza dados com outras fontes, como notas fiscais\u201d, esclareceu o Fisco.<\/p>\n\n\n\n<p class=\"wp-block-paragraph\">A Receita deu o exemplo de um pedreiro que cobra R$ 1 mil pela m\u00e3o de obra de um servi\u00e7o, mas a pessoa que o contrata repassa R$ 4 mil para ele comprar material, como piso. Nesse caso hipot\u00e9tico, mesmo que as transa\u00e7\u00f5es sejam feitas via Pix, o Fisco j\u00e1 tinha a informa\u00e7\u00e3o de que os R$ 4 mil repassados foram para a loja de materiais e n\u00e3o ficaram como rendimento para o profissional. Isso porque o dinheiro \u00e9 movimentado por institui\u00e7\u00f5es financeiras.<\/p>\n\n\n\n<p class=\"wp-block-paragraph\">Al\u00e9m disso, ap\u00f3s cruzar as movimenta\u00e7\u00f5es com as notas fiscais eletr\u00f4nicas das lojas de material de constru\u00e7\u00e3o, a Receita sabe dos R$ 4 mil em compras realizadas. Nesse caso, a renda a ser considerada ser\u00e1 apenas os R$ 1 mil que o pedreiro recebeu pelo servi\u00e7o de fato.<\/p>\n\n\n\n<p class=\"wp-block-paragraph\">\u201cNingu\u00e9m cai na malha fina por isso! A Receita sabe que a movimenta\u00e7\u00e3o financeira \u00e9 sempre maior que o rendimento, o \u2018lucro\u2019 tribut\u00e1vel. Ignorar isso seria um erro prim\u00e1rio que a Receita n\u00e3o comete\u201d, esclareceu.<\/p>\n\n\n\n<h2 class=\"wp-block-heading\">Cart\u00f5es de cr\u00e9dito compartilhados<\/h2>\n\n\n\n<p class=\"wp-block-paragraph\">No caso de uma pessoa que compartilha o cart\u00e3o de cr\u00e9dito com o restante da fam\u00edlia e a fatura \u00e9 maior que o sal\u00e1rio, o Fisco esclarece que o contribuinte n\u00e3o cair\u00e1 na malha fina. Isso porque esse tipo de fiscaliza\u00e7\u00e3o \u00e9 feito h\u00e1 mais de duas d\u00e9cadas.<\/p>\n\n\n\n<p class=\"wp-block-paragraph\">\u201cNada mudou! A Receita tem os dados do cart\u00e3o de cr\u00e9dito desde 2003, h\u00e1 mais de 20 anos. Se voc\u00ea nunca passou por problemas, n\u00e3o passar\u00e1 agora\u201d, enfatizou a Receita Federal.<\/p>\n\n\n\n<h2 class=\"wp-block-heading\">Microempreendedores<\/h2>\n\n\n\n<p class=\"wp-block-paragraph\">A Receita reiterou que oferece diversas solu\u00e7\u00f5es para o profissional aut\u00f4nomo, como a abertura de um registro de microempreendedor individual (MEI), que permite a contribui\u00e7\u00e3o para a Previd\u00eancia Social e o recolhimento dos tributos estaduais e municipais, conforme o caso. Essa solu\u00e7\u00e3o existe desde 2008.<\/p>\n\n\n\n<h2 class=\"wp-block-heading\">Combate ao crime<\/h2>\n\n\n\n<p class=\"wp-block-paragraph\">O Fisco destacou que as novas regras, que obrigam bancos digitais e carteiras de pagamento a informar as movimenta\u00e7\u00f5es \u00e0 Receita, buscam combater movimenta\u00e7\u00e3o por fraudadores e criminosos e a lavagem de dinheiro, sem punir o trabalhador.<\/p>\n\n\n\n<p class=\"wp-block-paragraph\">&#8220;O que a Receita quer \u00e9 combater os golpes de Pix, quem usa essas ferramentas para enganar a popula\u00e7\u00e3o\u201d<\/p>\n\n\n\n<p class=\"wp-block-paragraph\">De acordo com a Receita, a fiscaliza\u00e7\u00e3o acompanha o avan\u00e7o tecnol\u00f3gico das movimenta\u00e7\u00f5es financeiras e simplifica a vida do contribuinte, em vez de complic\u00e1-la.<\/p>\n\n\n\n<p class=\"wp-block-paragraph\">\u201cA Receita Federal est\u00e1 cada vez mais automatizando o processo de coleta de informa\u00e7\u00f5es, como os dados do Pix, para evitar que os cidad\u00e3os tenham que se preocupar com a fiscaliza\u00e7\u00e3o. A ideia \u00e9 simplificar, n\u00e3o complicar a vida de ningu\u00e9m!\u201d, concluiu o Fisco.<\/p>\n","protected":false},"excerpt":{"rendered":"<p>O refor\u00e7o na fiscaliza\u00e7\u00e3o do Pix n\u00e3o afetar\u00e1 a renda dos trabalhadores aut\u00f4nomos, esclareceu a Receita Federal. Nas redes sociais, o \u00f3rg\u00e3o esclareceu d\u00favidas sobre o impacto das novas regras de monitoramento em situa\u00e7\u00f5es como compra de material por trabalhadores que fazem bicos e uso de cart\u00e3o de cr\u00e9dito compartilhado com a fam\u00edlia. No caso [&hellip;]<\/p>\n","protected":false},"author":4,"featured_media":195340,"comment_status":"open","ping_status":"closed","sticky":false,"template":"","format":"standard","meta":{"amp_status":"","footnotes":""},"categories":[6,40239],"tags":[20031,1018,269587,269586,269109,269108,269111,269110,216663,1464,269107,269489,269490],"class_list":["post-195339","post","type-post","status-publish","format-standard","has-post-thumbnail","hentry","category-br","category-economia-2","tag-cartao-de-credito","tag-destaque","tag-esclarece-receita-federal","tag-fiscalizacao-de-pix-nao-afetara-autonomos","tag-fiscalizacao-do-cartao-de-credito","tag-fiscalizacao-do-pix","tag-monitoramento-cartao-de-credito","tag-monitoramento-do-pix","tag-pix","tag-receita-federal","tag-receita-federal-esclarece-reforco-na-fiscalizacao-de-transacoes-via-pix-e-cartao-de-credito","tag-reforco-na-fiscalizacao-do-pix-reduz-chance-de-malha-fina","tag-secretario-da-receita-federal"],"yoast_head":"<!-- This site is optimized with the Yoast SEO plugin v28.3 - https:\/\/yoast.com\/product\/yoast-seo-wordpress\/ -->\n<title>Fiscaliza\u00e7\u00e3o de Pix n\u00e3o afetar\u00e1 aut\u00f4nomos, esclarece Receita Federal - Aconteceu no Vale<\/title>\n<meta name=\"robots\" content=\"index, follow, max-snippet:-1, max-image-preview:large, max-video-preview:-1\" \/>\n<link rel=\"canonical\" href=\"https:\/\/aconteceunovale.com.br\/portal\/?p=195339\" \/>\n<meta property=\"og:locale\" content=\"pt_BR\" \/>\n<meta property=\"og:type\" content=\"article\" \/>\n<meta property=\"og:title\" content=\"Fiscaliza\u00e7\u00e3o de Pix n\u00e3o afetar\u00e1 aut\u00f4nomos, esclarece Receita Federal - Aconteceu no Vale\" \/>\n<meta property=\"og:description\" content=\"O refor\u00e7o na fiscaliza\u00e7\u00e3o do Pix n\u00e3o afetar\u00e1 a renda dos trabalhadores aut\u00f4nomos, esclareceu a Receita Federal. Nas redes sociais, o \u00f3rg\u00e3o esclareceu d\u00favidas sobre o impacto das novas regras de monitoramento em situa\u00e7\u00f5es como compra de material por trabalhadores que fazem bicos e uso de cart\u00e3o de cr\u00e9dito compartilhado com a fam\u00edlia. No caso [&hellip;]\" \/>\n<meta property=\"og:url\" content=\"https:\/\/aconteceunovale.com.br\/portal\/?p=195339\" \/>\n<meta property=\"og:site_name\" content=\"Aconteceu no Vale\" \/>\n<meta property=\"article:publisher\" content=\"https:\/\/www.facebook.com\/aconteceunovale\/\" \/>\n<meta property=\"article:published_time\" content=\"2025-01-14T11:01:00+00:00\" \/>\n<meta property=\"article:modified_time\" content=\"2025-01-15T13:11:07+00:00\" \/>\n<meta property=\"og:image\" content=\"https:\/\/aconteceunovale.com.br\/portal\/wp-content\/uploads\/2025\/01\/pedreiro.png\" \/>\n\t<meta property=\"og:image:width\" content=\"678\" \/>\n\t<meta property=\"og:image:height\" content=\"406\" \/>\n\t<meta property=\"og:image:type\" content=\"image\/png\" \/>\n<meta name=\"author\" content=\"Reda\u00e7\u00e3o Aconteceu no Vale\" \/>\n<meta name=\"twitter:card\" content=\"summary_large_image\" \/>\n<meta name=\"twitter:creator\" content=\"@noticiadosvales\" \/>\n<meta name=\"twitter:site\" content=\"@noticiadosvales\" \/>\n<meta name=\"twitter:label1\" content=\"Escrito por\" \/>\n\t<meta name=\"twitter:data1\" content=\"Reda\u00e7\u00e3o Aconteceu no Vale\" \/>\n\t<meta name=\"twitter:label2\" content=\"Est. tempo de leitura\" \/>\n\t<meta name=\"twitter:data2\" content=\"4 minutos\" \/>\n<script type=\"application\/ld+json\" class=\"yoast-schema-graph\">{\"@context\":\"https:\\\/\\\/schema.org\",\"@graph\":[{\"@type\":\"Article\",\"@id\":\"https:\\\/\\\/aconteceunovale.com.br\\\/portal\\\/?p=195339#article\",\"isPartOf\":{\"@id\":\"https:\\\/\\\/aconteceunovale.com.br\\\/portal\\\/?p=195339\"},\"author\":{\"name\":\"Reda\u00e7\u00e3o Aconteceu no Vale\",\"@id\":\"https:\\\/\\\/aconteceunovale.com.br\\\/portal\\\/#\\\/schema\\\/person\\\/7d2f26d1483f8a63de73da1ee0754d35\"},\"headline\":\"Fiscaliza\u00e7\u00e3o de Pix n\u00e3o afetar\u00e1 aut\u00f4nomos, esclarece Receita Federal\",\"datePublished\":\"2025-01-14T11:01:00+00:00\",\"dateModified\":\"2025-01-15T13:11:07+00:00\",\"mainEntityOfPage\":{\"@id\":\"https:\\\/\\\/aconteceunovale.com.br\\\/portal\\\/?p=195339\"},\"wordCount\":738,\"commentCount\":0,\"image\":{\"@id\":\"https:\\\/\\\/aconteceunovale.com.br\\\/portal\\\/?p=195339#primaryimage\"},\"thumbnailUrl\":\"https:\\\/\\\/aconteceunovale.com.br\\\/portal\\\/wp-content\\\/uploads\\\/2025\\\/01\\\/pedreiro.png\",\"keywords\":[\"cart\u00e3o de cr\u00e9dito\",\"destaque\",\"esclarece Receita Federal\",\"Fiscaliza\u00e7\u00e3o de Pix n\u00e3o afetar\u00e1 aut\u00f4nomos\",\"Fiscaliza\u00e7\u00e3o do cart\u00e3o de cr\u00e9dito\",\"Fiscaliza\u00e7\u00e3o do pix\",\"Monitoramento cart\u00e3o de cr\u00e9dito\",\"Monitoramento do Pix\",\"PIX\",\"receita federal\",\"Receita Federal esclarece refor\u00e7o na fiscaliza\u00e7\u00e3o de transa\u00e7\u00f5es via Pix e cart\u00e3o de cr\u00e9dito\",\"Refor\u00e7o na fiscaliza\u00e7\u00e3o do Pix reduz chance de malha fina\",\"Secret\u00e1rio da Receita Federal\"],\"articleSection\":[\"Brasil\",\"Economia\"],\"inLanguage\":\"pt-BR\",\"potentialAction\":[{\"@type\":\"CommentAction\",\"name\":\"Comment\",\"target\":[\"https:\\\/\\\/aconteceunovale.com.br\\\/portal\\\/?p=195339#respond\"]}]},{\"@type\":\"WebPage\",\"@id\":\"https:\\\/\\\/aconteceunovale.com.br\\\/portal\\\/?p=195339\",\"url\":\"https:\\\/\\\/aconteceunovale.com.br\\\/portal\\\/?p=195339\",\"name\":\"Fiscaliza\u00e7\u00e3o de Pix n\u00e3o afetar\u00e1 aut\u00f4nomos, esclarece Receita Federal - Aconteceu no Vale\",\"isPartOf\":{\"@id\":\"https:\\\/\\\/aconteceunovale.com.br\\\/portal\\\/#website\"},\"primaryImageOfPage\":{\"@id\":\"https:\\\/\\\/aconteceunovale.com.br\\\/portal\\\/?p=195339#primaryimage\"},\"image\":{\"@id\":\"https:\\\/\\\/aconteceunovale.com.br\\\/portal\\\/?p=195339#primaryimage\"},\"thumbnailUrl\":\"https:\\\/\\\/aconteceunovale.com.br\\\/portal\\\/wp-content\\\/uploads\\\/2025\\\/01\\\/pedreiro.png\",\"datePublished\":\"2025-01-14T11:01:00+00:00\",\"dateModified\":\"2025-01-15T13:11:07+00:00\",\"author\":{\"@id\":\"https:\\\/\\\/aconteceunovale.com.br\\\/portal\\\/#\\\/schema\\\/person\\\/7d2f26d1483f8a63de73da1ee0754d35\"},\"breadcrumb\":{\"@id\":\"https:\\\/\\\/aconteceunovale.com.br\\\/portal\\\/?p=195339#breadcrumb\"},\"inLanguage\":\"pt-BR\",\"potentialAction\":[{\"@type\":\"ReadAction\",\"target\":[\"https:\\\/\\\/aconteceunovale.com.br\\\/portal\\\/?p=195339\"]}]},{\"@type\":\"ImageObject\",\"inLanguage\":\"pt-BR\",\"@id\":\"https:\\\/\\\/aconteceunovale.com.br\\\/portal\\\/?p=195339#primaryimage\",\"url\":\"https:\\\/\\\/aconteceunovale.com.br\\\/portal\\\/wp-content\\\/uploads\\\/2025\\\/01\\\/pedreiro.png\",\"contentUrl\":\"https:\\\/\\\/aconteceunovale.com.br\\\/portal\\\/wp-content\\\/uploads\\\/2025\\\/01\\\/pedreiro.png\",\"width\":678,\"height\":406},{\"@type\":\"BreadcrumbList\",\"@id\":\"https:\\\/\\\/aconteceunovale.com.br\\\/portal\\\/?p=195339#breadcrumb\",\"itemListElement\":[{\"@type\":\"ListItem\",\"position\":1,\"name\":\"In\u00edcio\",\"item\":\"https:\\\/\\\/aconteceunovale.com.br\\\/portal\\\/\"},{\"@type\":\"ListItem\",\"position\":2,\"name\":\"Fiscaliza\u00e7\u00e3o de Pix n\u00e3o afetar\u00e1 aut\u00f4nomos, esclarece Receita Federal\"}]},{\"@type\":\"WebSite\",\"@id\":\"https:\\\/\\\/aconteceunovale.com.br\\\/portal\\\/#website\",\"url\":\"https:\\\/\\\/aconteceunovale.com.br\\\/portal\\\/\",\"name\":\"Aconteceu no Vale\",\"description\":\"Portal de Not\u00edcias\",\"potentialAction\":[{\"@type\":\"SearchAction\",\"target\":{\"@type\":\"EntryPoint\",\"urlTemplate\":\"https:\\\/\\\/aconteceunovale.com.br\\\/portal\\\/?s={search_term_string}\"},\"query-input\":{\"@type\":\"PropertyValueSpecification\",\"valueRequired\":true,\"valueName\":\"search_term_string\"}}],\"inLanguage\":\"pt-BR\"},{\"@type\":\"Person\",\"@id\":\"https:\\\/\\\/aconteceunovale.com.br\\\/portal\\\/#\\\/schema\\\/person\\\/7d2f26d1483f8a63de73da1ee0754d35\",\"name\":\"Reda\u00e7\u00e3o Aconteceu no Vale\",\"description\":\"Equipe de reportagem do Aconteceu no Vale, portal de not\u00edcias do Vale do Jequitinhonha, em Minas Gerais. Cobrimos as 51 cidades do Vale desde 2013. Sugest\u00f5es de pauta e pedidos de corre\u00e7\u00e3o: contato@aconteceunovale.com.br\",\"url\":\"https:\\\/\\\/aconteceunovale.com.br\\\/portal\\\/?author=4\"}]}<\/script>\n<!-- \/ Yoast SEO plugin. -->","yoast_head_json":{"title":"Fiscaliza\u00e7\u00e3o de Pix n\u00e3o afetar\u00e1 aut\u00f4nomos, esclarece Receita Federal - Aconteceu no Vale","robots":{"index":"index","follow":"follow","max-snippet":"max-snippet:-1","max-image-preview":"max-image-preview:large","max-video-preview":"max-video-preview:-1"},"canonical":"https:\/\/aconteceunovale.com.br\/portal\/?p=195339","og_locale":"pt_BR","og_type":"article","og_title":"Fiscaliza\u00e7\u00e3o de Pix n\u00e3o afetar\u00e1 aut\u00f4nomos, esclarece Receita Federal - Aconteceu no Vale","og_description":"O refor\u00e7o na fiscaliza\u00e7\u00e3o do Pix n\u00e3o afetar\u00e1 a renda dos trabalhadores aut\u00f4nomos, esclareceu a Receita Federal. Nas redes sociais, o \u00f3rg\u00e3o esclareceu d\u00favidas sobre o impacto das novas regras de monitoramento em situa\u00e7\u00f5es como compra de material por trabalhadores que fazem bicos e uso de cart\u00e3o de cr\u00e9dito compartilhado com a fam\u00edlia. No caso [&hellip;]","og_url":"https:\/\/aconteceunovale.com.br\/portal\/?p=195339","og_site_name":"Aconteceu no Vale","article_publisher":"https:\/\/www.facebook.com\/aconteceunovale\/","article_published_time":"2025-01-14T11:01:00+00:00","article_modified_time":"2025-01-15T13:11:07+00:00","og_image":[{"width":678,"height":406,"url":"https:\/\/aconteceunovale.com.br\/portal\/wp-content\/uploads\/2025\/01\/pedreiro.png","type":"image\/png"}],"author":"Reda\u00e7\u00e3o Aconteceu no Vale","twitter_card":"summary_large_image","twitter_creator":"@noticiadosvales","twitter_site":"@noticiadosvales","twitter_misc":{"Escrito por":"Reda\u00e7\u00e3o Aconteceu no Vale","Est. tempo de leitura":"4 minutos"},"schema":{"@context":"https:\/\/schema.org","@graph":[{"@type":"Article","@id":"https:\/\/aconteceunovale.com.br\/portal\/?p=195339#article","isPartOf":{"@id":"https:\/\/aconteceunovale.com.br\/portal\/?p=195339"},"author":{"name":"Reda\u00e7\u00e3o Aconteceu no Vale","@id":"https:\/\/aconteceunovale.com.br\/portal\/#\/schema\/person\/7d2f26d1483f8a63de73da1ee0754d35"},"headline":"Fiscaliza\u00e7\u00e3o de Pix n\u00e3o afetar\u00e1 aut\u00f4nomos, esclarece Receita Federal","datePublished":"2025-01-14T11:01:00+00:00","dateModified":"2025-01-15T13:11:07+00:00","mainEntityOfPage":{"@id":"https:\/\/aconteceunovale.com.br\/portal\/?p=195339"},"wordCount":738,"commentCount":0,"image":{"@id":"https:\/\/aconteceunovale.com.br\/portal\/?p=195339#primaryimage"},"thumbnailUrl":"https:\/\/aconteceunovale.com.br\/portal\/wp-content\/uploads\/2025\/01\/pedreiro.png","keywords":["cart\u00e3o de cr\u00e9dito","destaque","esclarece Receita Federal","Fiscaliza\u00e7\u00e3o de Pix n\u00e3o afetar\u00e1 aut\u00f4nomos","Fiscaliza\u00e7\u00e3o do cart\u00e3o de cr\u00e9dito","Fiscaliza\u00e7\u00e3o do pix","Monitoramento cart\u00e3o de cr\u00e9dito","Monitoramento do Pix","PIX","receita federal","Receita Federal esclarece refor\u00e7o na fiscaliza\u00e7\u00e3o de transa\u00e7\u00f5es via Pix e cart\u00e3o de cr\u00e9dito","Refor\u00e7o na fiscaliza\u00e7\u00e3o do Pix reduz chance de malha fina","Secret\u00e1rio da Receita Federal"],"articleSection":["Brasil","Economia"],"inLanguage":"pt-BR","potentialAction":[{"@type":"CommentAction","name":"Comment","target":["https:\/\/aconteceunovale.com.br\/portal\/?p=195339#respond"]}]},{"@type":"WebPage","@id":"https:\/\/aconteceunovale.com.br\/portal\/?p=195339","url":"https:\/\/aconteceunovale.com.br\/portal\/?p=195339","name":"Fiscaliza\u00e7\u00e3o de Pix n\u00e3o afetar\u00e1 aut\u00f4nomos, esclarece Receita Federal - Aconteceu no Vale","isPartOf":{"@id":"https:\/\/aconteceunovale.com.br\/portal\/#website"},"primaryImageOfPage":{"@id":"https:\/\/aconteceunovale.com.br\/portal\/?p=195339#primaryimage"},"image":{"@id":"https:\/\/aconteceunovale.com.br\/portal\/?p=195339#primaryimage"},"thumbnailUrl":"https:\/\/aconteceunovale.com.br\/portal\/wp-content\/uploads\/2025\/01\/pedreiro.png","datePublished":"2025-01-14T11:01:00+00:00","dateModified":"2025-01-15T13:11:07+00:00","author":{"@id":"https:\/\/aconteceunovale.com.br\/portal\/#\/schema\/person\/7d2f26d1483f8a63de73da1ee0754d35"},"breadcrumb":{"@id":"https:\/\/aconteceunovale.com.br\/portal\/?p=195339#breadcrumb"},"inLanguage":"pt-BR","potentialAction":[{"@type":"ReadAction","target":["https:\/\/aconteceunovale.com.br\/portal\/?p=195339"]}]},{"@type":"ImageObject","inLanguage":"pt-BR","@id":"https:\/\/aconteceunovale.com.br\/portal\/?p=195339#primaryimage","url":"https:\/\/aconteceunovale.com.br\/portal\/wp-content\/uploads\/2025\/01\/pedreiro.png","contentUrl":"https:\/\/aconteceunovale.com.br\/portal\/wp-content\/uploads\/2025\/01\/pedreiro.png","width":678,"height":406},{"@type":"BreadcrumbList","@id":"https:\/\/aconteceunovale.com.br\/portal\/?p=195339#breadcrumb","itemListElement":[{"@type":"ListItem","position":1,"name":"In\u00edcio","item":"https:\/\/aconteceunovale.com.br\/portal\/"},{"@type":"ListItem","position":2,"name":"Fiscaliza\u00e7\u00e3o de Pix n\u00e3o afetar\u00e1 aut\u00f4nomos, esclarece Receita Federal"}]},{"@type":"WebSite","@id":"https:\/\/aconteceunovale.com.br\/portal\/#website","url":"https:\/\/aconteceunovale.com.br\/portal\/","name":"Aconteceu no Vale","description":"Portal de Not\u00edcias","potentialAction":[{"@type":"SearchAction","target":{"@type":"EntryPoint","urlTemplate":"https:\/\/aconteceunovale.com.br\/portal\/?s={search_term_string}"},"query-input":{"@type":"PropertyValueSpecification","valueRequired":true,"valueName":"search_term_string"}}],"inLanguage":"pt-BR"},{"@type":"Person","@id":"https:\/\/aconteceunovale.com.br\/portal\/#\/schema\/person\/7d2f26d1483f8a63de73da1ee0754d35","name":"Reda\u00e7\u00e3o Aconteceu no Vale","description":"Equipe de reportagem do Aconteceu no Vale, portal de not\u00edcias do Vale do Jequitinhonha, em Minas Gerais. Cobrimos as 51 cidades do Vale desde 2013. Sugest\u00f5es de pauta e pedidos de corre\u00e7\u00e3o: contato@aconteceunovale.com.br","url":"https:\/\/aconteceunovale.com.br\/portal\/?author=4"}]}},"_links":{"self":[{"href":"https:\/\/aconteceunovale.com.br\/portal\/index.php?rest_route=\/wp\/v2\/posts\/195339","targetHints":{"allow":["GET"]}}],"collection":[{"href":"https:\/\/aconteceunovale.com.br\/portal\/index.php?rest_route=\/wp\/v2\/posts"}],"about":[{"href":"https:\/\/aconteceunovale.com.br\/portal\/index.php?rest_route=\/wp\/v2\/types\/post"}],"author":[{"embeddable":true,"href":"https:\/\/aconteceunovale.com.br\/portal\/index.php?rest_route=\/wp\/v2\/users\/4"}],"replies":[{"embeddable":true,"href":"https:\/\/aconteceunovale.com.br\/portal\/index.php?rest_route=%2Fwp%2Fv2%2Fcomments&post=195339"}],"version-history":[{"count":1,"href":"https:\/\/aconteceunovale.com.br\/portal\/index.php?rest_route=\/wp\/v2\/posts\/195339\/revisions"}],"predecessor-version":[{"id":195341,"href":"https:\/\/aconteceunovale.com.br\/portal\/index.php?rest_route=\/wp\/v2\/posts\/195339\/revisions\/195341"}],"wp:featuredmedia":[{"embeddable":true,"href":"https:\/\/aconteceunovale.com.br\/portal\/index.php?rest_route=\/wp\/v2\/media\/195340"}],"wp:attachment":[{"href":"https:\/\/aconteceunovale.com.br\/portal\/index.php?rest_route=%2Fwp%2Fv2%2Fmedia&parent=195339"}],"wp:term":[{"taxonomy":"category","embeddable":true,"href":"https:\/\/aconteceunovale.com.br\/portal\/index.php?rest_route=%2Fwp%2Fv2%2Fcategories&post=195339"},{"taxonomy":"post_tag","embeddable":true,"href":"https:\/\/aconteceunovale.com.br\/portal\/index.php?rest_route=%2Fwp%2Fv2%2Ftags&post=195339"}],"curies":[{"name":"wp","href":"https:\/\/api.w.org\/{rel}","templated":true}]}}