{"id":195274,"date":"2025-01-14T10:46:19","date_gmt":"2025-01-14T13:46:19","guid":{"rendered":"https:\/\/aconteceunovale.com.br\/portal\/?p=195274"},"modified":"2025-01-14T10:47:03","modified_gmt":"2025-01-14T13:47:03","slug":"moc-volei-enfrenta-apade-em-busca-de-recuperacao-na-superliga-b","status":"publish","type":"post","link":"https:\/\/aconteceunovale.com.br\/portal\/?p=195274","title":{"rendered":"MOC V\u00f4lei enfrenta Apade em busca de recupera\u00e7\u00e3o na Superliga B"},"content":{"rendered":"\n<p class=\"wp-block-paragraph\">O Montes Claros V\u00f4lei entra em quadra nesta ter\u00e7a-feira (14), \u00e0s 20h, para enfrentar o Apade V\u00f4lei-PA no Gin\u00e1sio Poliesportivo Tancredo Neves. A partida, v\u00e1lida pela 5\u00aa rodada da Superliga B, ser\u00e1 transmitida pelo Canal V\u00f4lei Brasil.<\/p>\n\n\n\n<figure class=\"wp-block-gallery has-nested-images columns-default is-cropped wp-block-gallery-1 is-layout-flex wp-block-gallery-is-layout-flex\">\n<figure class=\"wp-block-image size-large\"><img loading=\"lazy\" decoding=\"async\" width=\"678\" height=\"415\" data-id=\"195275\" src=\"https:\/\/aconteceunovale.com.br\/portal\/wp-content\/uploads\/2025\/01\/moc_volei.jpeg\" alt=\"\" class=\"wp-image-195275\" srcset=\"https:\/\/aconteceunovale.com.br\/portal\/wp-content\/uploads\/2025\/01\/moc_volei.jpeg 678w, https:\/\/aconteceunovale.com.br\/portal\/wp-content\/uploads\/2025\/01\/moc_volei-300x184.jpeg 300w\" sizes=\"auto, (max-width: 678px) 100vw, 678px\" \/><figcaption class=\"wp-element-caption\"><em>Foto: Divulga\u00e7\u00e3o \/ MOC V\u00f4lei \/ Enviada por Gian Marlon<\/em><\/figcaption><\/figure>\n<\/figure>\n\n\n\n<p class=\"wp-block-paragraph\">O confronto promete ser desafiador para o time da casa, que ocupa a quinta posi\u00e7\u00e3o na tabela com seis pontos. O advers\u00e1rio, Apade V\u00f4lei, \u00e9 o terceiro colocado, com nove pontos, e vem de um retrospecto positivo na competi\u00e7\u00e3o.<\/p>\n\n\n\n<p class=\"wp-block-paragraph\">Ap\u00f3s a derrota contra o Araguari no \u00faltimo fim de semana, o capit\u00e3o do MOC V\u00f4lei, Luiz Perotto, destacou a necessidade de ajustes para buscar a vit\u00f3ria. \u201cEstamos pecando em momentos decisivos. O improviso do l\u00edbero nos afetou, com o ponteiro desempenhando essa fun\u00e7\u00e3o. Estamos nos encontrando a cada jogo e vamos continuar treinando para ganhar este pr\u00f3ximo confronto\u201d, afirmou.<\/p>\n\n\n\n<h3 class=\"wp-block-heading\"><strong>Ingressos e gratuidade<\/strong><\/h3>\n\n\n\n<p class=\"wp-block-paragraph\">Os ingressos para o jogo est\u00e3o sendo vendidos nas Lojas da Big Boss por R$ 10 (inteira) e R$ 5 (meia-entrada). Os pontos de venda incluem o Montes Claros Shopping (Quiosque 03), Ibituruna Shopping (Loja 63) e a unidade da Rua S\u00e3o Francisco, 331, no Centro.<\/p>\n\n\n\n<p class=\"wp-block-paragraph\">H\u00e1 gratuidade para menores de 14 anos acompanhados por pais ou respons\u00e1veis, estudantes de escolas p\u00fablicas uniformizados, professores e servidores p\u00fablicos que apresentem o \u00faltimo contracheque.<\/p>\n","protected":false},"excerpt":{"rendered":"<p>O Montes Claros V\u00f4lei entra em quadra nesta ter\u00e7a-feira (14), \u00e0s 20h, para enfrentar o Apade V\u00f4lei-PA no Gin\u00e1sio Poliesportivo Tancredo Neves. A partida, v\u00e1lida pela 5\u00aa rodada da Superliga B, ser\u00e1 transmitida pelo Canal V\u00f4lei Brasil. O confronto promete ser desafiador para o time da casa, que ocupa a quinta posi\u00e7\u00e3o na tabela com [&hellip;]<\/p>\n","protected":false},"author":4,"featured_media":195275,"comment_status":"open","ping_status":"closed","sticky":false,"template":"","format":"standard","meta":{"amp_status":"","footnotes":""},"categories":[59,1236],"tags":[269531,269530,269528,269532,210,145593,269529],"class_list":["post-195274","post","type-post","status-publish","format-standard","has-post-thumbnail","hentry","category-esportes","category-norte_de_minas","tag-apade-volei","tag-moc-volei","tag-moc-volei-enfrenta-apade-em-busca-de-recuperacao-na-superliga-b","tag-moc-volei-x-apade","tag-montes-claros","tag-montes-claros-volei","tag-superliga-b"],"yoast_head":"<!-- This site is optimized with the Yoast SEO plugin v28.3 - https:\/\/yoast.com\/product\/yoast-seo-wordpress\/ -->\n<title>MOC V\u00f4lei enfrenta Apade em busca de recupera\u00e7\u00e3o na Superliga B - Aconteceu no Vale<\/title>\n<meta name=\"robots\" content=\"index, follow, max-snippet:-1, max-image-preview:large, max-video-preview:-1\" \/>\n<link rel=\"canonical\" href=\"https:\/\/aconteceunovale.com.br\/portal\/?p=195274\" \/>\n<meta property=\"og:locale\" content=\"pt_BR\" \/>\n<meta property=\"og:type\" content=\"article\" \/>\n<meta property=\"og:title\" content=\"MOC V\u00f4lei enfrenta Apade em busca de recupera\u00e7\u00e3o na Superliga B - Aconteceu no Vale\" \/>\n<meta property=\"og:description\" content=\"O Montes Claros V\u00f4lei entra em quadra nesta ter\u00e7a-feira (14), \u00e0s 20h, para enfrentar o Apade V\u00f4lei-PA no Gin\u00e1sio Poliesportivo Tancredo Neves. A partida, v\u00e1lida pela 5\u00aa rodada da Superliga B, ser\u00e1 transmitida pelo Canal V\u00f4lei Brasil. O confronto promete ser desafiador para o time da casa, que ocupa a quinta posi\u00e7\u00e3o na tabela com [&hellip;]\" \/>\n<meta property=\"og:url\" content=\"https:\/\/aconteceunovale.com.br\/portal\/?p=195274\" \/>\n<meta property=\"og:site_name\" content=\"Aconteceu no Vale\" \/>\n<meta property=\"article:publisher\" content=\"https:\/\/www.facebook.com\/aconteceunovale\/\" \/>\n<meta property=\"article:published_time\" content=\"2025-01-14T13:46:19+00:00\" \/>\n<meta property=\"article:modified_time\" content=\"2025-01-14T13:47:03+00:00\" \/>\n<meta property=\"og:image\" content=\"https:\/\/aconteceunovale.com.br\/portal\/wp-content\/uploads\/2025\/01\/moc_volei.jpeg\" \/>\n\t<meta property=\"og:image:width\" content=\"678\" \/>\n\t<meta property=\"og:image:height\" content=\"415\" \/>\n\t<meta property=\"og:image:type\" content=\"image\/jpeg\" \/>\n<meta name=\"author\" content=\"Reda\u00e7\u00e3o Aconteceu no Vale\" \/>\n<meta name=\"twitter:card\" content=\"summary_large_image\" \/>\n<meta name=\"twitter:creator\" content=\"@noticiadosvales\" \/>\n<meta name=\"twitter:site\" content=\"@noticiadosvales\" \/>\n<meta name=\"twitter:label1\" content=\"Escrito por\" \/>\n\t<meta name=\"twitter:data1\" content=\"Reda\u00e7\u00e3o Aconteceu no Vale\" \/>\n\t<meta name=\"twitter:label2\" content=\"Est. tempo de leitura\" \/>\n\t<meta name=\"twitter:data2\" content=\"1 minuto\" \/>\n<script type=\"application\/ld+json\" class=\"yoast-schema-graph\">{\"@context\":\"https:\\\/\\\/schema.org\",\"@graph\":[{\"@type\":\"Article\",\"@id\":\"https:\\\/\\\/aconteceunovale.com.br\\\/portal\\\/?p=195274#article\",\"isPartOf\":{\"@id\":\"https:\\\/\\\/aconteceunovale.com.br\\\/portal\\\/?p=195274\"},\"author\":{\"name\":\"Reda\u00e7\u00e3o Aconteceu no Vale\",\"@id\":\"https:\\\/\\\/aconteceunovale.com.br\\\/portal\\\/#\\\/schema\\\/person\\\/7d2f26d1483f8a63de73da1ee0754d35\"},\"headline\":\"MOC V\u00f4lei enfrenta Apade em busca de recupera\u00e7\u00e3o na Superliga B\",\"datePublished\":\"2025-01-14T13:46:19+00:00\",\"dateModified\":\"2025-01-14T13:47:03+00:00\",\"mainEntityOfPage\":{\"@id\":\"https:\\\/\\\/aconteceunovale.com.br\\\/portal\\\/?p=195274\"},\"wordCount\":247,\"commentCount\":0,\"image\":{\"@id\":\"https:\\\/\\\/aconteceunovale.com.br\\\/portal\\\/?p=195274#primaryimage\"},\"thumbnailUrl\":\"https:\\\/\\\/aconteceunovale.com.br\\\/portal\\\/wp-content\\\/uploads\\\/2025\\\/01\\\/moc_volei.jpeg\",\"keywords\":[\"Apade V\u00f4lei\",\"MOC V\u00f4lei\",\"MOC V\u00f4lei enfrenta Apade em busca de recupera\u00e7\u00e3o na Superliga B\",\"MOC V\u00f4lei x Apade\",\"Montes Claros\",\"Montes Claros V\u00f4lei\",\"Superliga B\"],\"articleSection\":[\"Esportes\",\"Norte de Minas\"],\"inLanguage\":\"pt-BR\",\"potentialAction\":[{\"@type\":\"CommentAction\",\"name\":\"Comment\",\"target\":[\"https:\\\/\\\/aconteceunovale.com.br\\\/portal\\\/?p=195274#respond\"]}]},{\"@type\":\"WebPage\",\"@id\":\"https:\\\/\\\/aconteceunovale.com.br\\\/portal\\\/?p=195274\",\"url\":\"https:\\\/\\\/aconteceunovale.com.br\\\/portal\\\/?p=195274\",\"name\":\"MOC V\u00f4lei enfrenta Apade em busca de recupera\u00e7\u00e3o na Superliga B - Aconteceu no Vale\",\"isPartOf\":{\"@id\":\"https:\\\/\\\/aconteceunovale.com.br\\\/portal\\\/#website\"},\"primaryImageOfPage\":{\"@id\":\"https:\\\/\\\/aconteceunovale.com.br\\\/portal\\\/?p=195274#primaryimage\"},\"image\":{\"@id\":\"https:\\\/\\\/aconteceunovale.com.br\\\/portal\\\/?p=195274#primaryimage\"},\"thumbnailUrl\":\"https:\\\/\\\/aconteceunovale.com.br\\\/portal\\\/wp-content\\\/uploads\\\/2025\\\/01\\\/moc_volei.jpeg\",\"datePublished\":\"2025-01-14T13:46:19+00:00\",\"dateModified\":\"2025-01-14T13:47:03+00:00\",\"author\":{\"@id\":\"https:\\\/\\\/aconteceunovale.com.br\\\/portal\\\/#\\\/schema\\\/person\\\/7d2f26d1483f8a63de73da1ee0754d35\"},\"breadcrumb\":{\"@id\":\"https:\\\/\\\/aconteceunovale.com.br\\\/portal\\\/?p=195274#breadcrumb\"},\"inLanguage\":\"pt-BR\",\"potentialAction\":[{\"@type\":\"ReadAction\",\"target\":[\"https:\\\/\\\/aconteceunovale.com.br\\\/portal\\\/?p=195274\"]}]},{\"@type\":\"ImageObject\",\"inLanguage\":\"pt-BR\",\"@id\":\"https:\\\/\\\/aconteceunovale.com.br\\\/portal\\\/?p=195274#primaryimage\",\"url\":\"https:\\\/\\\/aconteceunovale.com.br\\\/portal\\\/wp-content\\\/uploads\\\/2025\\\/01\\\/moc_volei.jpeg\",\"contentUrl\":\"https:\\\/\\\/aconteceunovale.com.br\\\/portal\\\/wp-content\\\/uploads\\\/2025\\\/01\\\/moc_volei.jpeg\",\"width\":678,\"height\":415,\"caption\":\"Foto: Divulga\u00e7\u00e3o \\\/ MOC V\u00f4lei \\\/ Enviada por Gian Marlon\"},{\"@type\":\"BreadcrumbList\",\"@id\":\"https:\\\/\\\/aconteceunovale.com.br\\\/portal\\\/?p=195274#breadcrumb\",\"itemListElement\":[{\"@type\":\"ListItem\",\"position\":1,\"name\":\"In\u00edcio\",\"item\":\"https:\\\/\\\/aconteceunovale.com.br\\\/portal\\\/\"},{\"@type\":\"ListItem\",\"position\":2,\"name\":\"MOC V\u00f4lei enfrenta Apade em busca de recupera\u00e7\u00e3o na Superliga B\"}]},{\"@type\":\"WebSite\",\"@id\":\"https:\\\/\\\/aconteceunovale.com.br\\\/portal\\\/#website\",\"url\":\"https:\\\/\\\/aconteceunovale.com.br\\\/portal\\\/\",\"name\":\"Aconteceu no Vale\",\"description\":\"Portal de Not\u00edcias\",\"potentialAction\":[{\"@type\":\"SearchAction\",\"target\":{\"@type\":\"EntryPoint\",\"urlTemplate\":\"https:\\\/\\\/aconteceunovale.com.br\\\/portal\\\/?s={search_term_string}\"},\"query-input\":{\"@type\":\"PropertyValueSpecification\",\"valueRequired\":true,\"valueName\":\"search_term_string\"}}],\"inLanguage\":\"pt-BR\"},{\"@type\":\"Person\",\"@id\":\"https:\\\/\\\/aconteceunovale.com.br\\\/portal\\\/#\\\/schema\\\/person\\\/7d2f26d1483f8a63de73da1ee0754d35\",\"name\":\"Reda\u00e7\u00e3o Aconteceu no Vale\",\"description\":\"Equipe de reportagem do Aconteceu no Vale, portal de not\u00edcias do Vale do Jequitinhonha, em Minas Gerais. Cobrimos as 51 cidades do Vale desde 2013. Sugest\u00f5es de pauta e pedidos de corre\u00e7\u00e3o: contato@aconteceunovale.com.br\",\"url\":\"https:\\\/\\\/aconteceunovale.com.br\\\/portal\\\/?author=4\"}]}<\/script>\n<!-- \/ Yoast SEO plugin. -->","yoast_head_json":{"title":"MOC V\u00f4lei enfrenta Apade em busca de recupera\u00e7\u00e3o na Superliga B - Aconteceu no Vale","robots":{"index":"index","follow":"follow","max-snippet":"max-snippet:-1","max-image-preview":"max-image-preview:large","max-video-preview":"max-video-preview:-1"},"canonical":"https:\/\/aconteceunovale.com.br\/portal\/?p=195274","og_locale":"pt_BR","og_type":"article","og_title":"MOC V\u00f4lei enfrenta Apade em busca de recupera\u00e7\u00e3o na Superliga B - Aconteceu no Vale","og_description":"O Montes Claros V\u00f4lei entra em quadra nesta ter\u00e7a-feira (14), \u00e0s 20h, para enfrentar o Apade V\u00f4lei-PA no Gin\u00e1sio Poliesportivo Tancredo Neves. A partida, v\u00e1lida pela 5\u00aa rodada da Superliga B, ser\u00e1 transmitida pelo Canal V\u00f4lei Brasil. O confronto promete ser desafiador para o time da casa, que ocupa a quinta posi\u00e7\u00e3o na tabela com [&hellip;]","og_url":"https:\/\/aconteceunovale.com.br\/portal\/?p=195274","og_site_name":"Aconteceu no Vale","article_publisher":"https:\/\/www.facebook.com\/aconteceunovale\/","article_published_time":"2025-01-14T13:46:19+00:00","article_modified_time":"2025-01-14T13:47:03+00:00","og_image":[{"width":678,"height":415,"url":"https:\/\/aconteceunovale.com.br\/portal\/wp-content\/uploads\/2025\/01\/moc_volei.jpeg","type":"image\/jpeg"}],"author":"Reda\u00e7\u00e3o Aconteceu no Vale","twitter_card":"summary_large_image","twitter_creator":"@noticiadosvales","twitter_site":"@noticiadosvales","twitter_misc":{"Escrito por":"Reda\u00e7\u00e3o Aconteceu no Vale","Est. tempo de leitura":"1 minuto"},"schema":{"@context":"https:\/\/schema.org","@graph":[{"@type":"Article","@id":"https:\/\/aconteceunovale.com.br\/portal\/?p=195274#article","isPartOf":{"@id":"https:\/\/aconteceunovale.com.br\/portal\/?p=195274"},"author":{"name":"Reda\u00e7\u00e3o Aconteceu no Vale","@id":"https:\/\/aconteceunovale.com.br\/portal\/#\/schema\/person\/7d2f26d1483f8a63de73da1ee0754d35"},"headline":"MOC V\u00f4lei enfrenta Apade em busca de recupera\u00e7\u00e3o na Superliga B","datePublished":"2025-01-14T13:46:19+00:00","dateModified":"2025-01-14T13:47:03+00:00","mainEntityOfPage":{"@id":"https:\/\/aconteceunovale.com.br\/portal\/?p=195274"},"wordCount":247,"commentCount":0,"image":{"@id":"https:\/\/aconteceunovale.com.br\/portal\/?p=195274#primaryimage"},"thumbnailUrl":"https:\/\/aconteceunovale.com.br\/portal\/wp-content\/uploads\/2025\/01\/moc_volei.jpeg","keywords":["Apade V\u00f4lei","MOC V\u00f4lei","MOC V\u00f4lei enfrenta Apade em busca de recupera\u00e7\u00e3o na Superliga B","MOC V\u00f4lei x Apade","Montes Claros","Montes Claros V\u00f4lei","Superliga B"],"articleSection":["Esportes","Norte de Minas"],"inLanguage":"pt-BR","potentialAction":[{"@type":"CommentAction","name":"Comment","target":["https:\/\/aconteceunovale.com.br\/portal\/?p=195274#respond"]}]},{"@type":"WebPage","@id":"https:\/\/aconteceunovale.com.br\/portal\/?p=195274","url":"https:\/\/aconteceunovale.com.br\/portal\/?p=195274","name":"MOC V\u00f4lei enfrenta Apade em busca de recupera\u00e7\u00e3o na Superliga B - Aconteceu no Vale","isPartOf":{"@id":"https:\/\/aconteceunovale.com.br\/portal\/#website"},"primaryImageOfPage":{"@id":"https:\/\/aconteceunovale.com.br\/portal\/?p=195274#primaryimage"},"image":{"@id":"https:\/\/aconteceunovale.com.br\/portal\/?p=195274#primaryimage"},"thumbnailUrl":"https:\/\/aconteceunovale.com.br\/portal\/wp-content\/uploads\/2025\/01\/moc_volei.jpeg","datePublished":"2025-01-14T13:46:19+00:00","dateModified":"2025-01-14T13:47:03+00:00","author":{"@id":"https:\/\/aconteceunovale.com.br\/portal\/#\/schema\/person\/7d2f26d1483f8a63de73da1ee0754d35"},"breadcrumb":{"@id":"https:\/\/aconteceunovale.com.br\/portal\/?p=195274#breadcrumb"},"inLanguage":"pt-BR","potentialAction":[{"@type":"ReadAction","target":["https:\/\/aconteceunovale.com.br\/portal\/?p=195274"]}]},{"@type":"ImageObject","inLanguage":"pt-BR","@id":"https:\/\/aconteceunovale.com.br\/portal\/?p=195274#primaryimage","url":"https:\/\/aconteceunovale.com.br\/portal\/wp-content\/uploads\/2025\/01\/moc_volei.jpeg","contentUrl":"https:\/\/aconteceunovale.com.br\/portal\/wp-content\/uploads\/2025\/01\/moc_volei.jpeg","width":678,"height":415,"caption":"Foto: Divulga\u00e7\u00e3o \/ MOC V\u00f4lei \/ Enviada por Gian Marlon"},{"@type":"BreadcrumbList","@id":"https:\/\/aconteceunovale.com.br\/portal\/?p=195274#breadcrumb","itemListElement":[{"@type":"ListItem","position":1,"name":"In\u00edcio","item":"https:\/\/aconteceunovale.com.br\/portal\/"},{"@type":"ListItem","position":2,"name":"MOC V\u00f4lei enfrenta Apade em busca de recupera\u00e7\u00e3o na Superliga B"}]},{"@type":"WebSite","@id":"https:\/\/aconteceunovale.com.br\/portal\/#website","url":"https:\/\/aconteceunovale.com.br\/portal\/","name":"Aconteceu no Vale","description":"Portal de Not\u00edcias","potentialAction":[{"@type":"SearchAction","target":{"@type":"EntryPoint","urlTemplate":"https:\/\/aconteceunovale.com.br\/portal\/?s={search_term_string}"},"query-input":{"@type":"PropertyValueSpecification","valueRequired":true,"valueName":"search_term_string"}}],"inLanguage":"pt-BR"},{"@type":"Person","@id":"https:\/\/aconteceunovale.com.br\/portal\/#\/schema\/person\/7d2f26d1483f8a63de73da1ee0754d35","name":"Reda\u00e7\u00e3o Aconteceu no Vale","description":"Equipe de reportagem do Aconteceu no Vale, portal de not\u00edcias do Vale do Jequitinhonha, em Minas Gerais. Cobrimos as 51 cidades do Vale desde 2013. Sugest\u00f5es de pauta e pedidos de corre\u00e7\u00e3o: contato@aconteceunovale.com.br","url":"https:\/\/aconteceunovale.com.br\/portal\/?author=4"}]}},"_links":{"self":[{"href":"https:\/\/aconteceunovale.com.br\/portal\/index.php?rest_route=\/wp\/v2\/posts\/195274","targetHints":{"allow":["GET"]}}],"collection":[{"href":"https:\/\/aconteceunovale.com.br\/portal\/index.php?rest_route=\/wp\/v2\/posts"}],"about":[{"href":"https:\/\/aconteceunovale.com.br\/portal\/index.php?rest_route=\/wp\/v2\/types\/post"}],"author":[{"embeddable":true,"href":"https:\/\/aconteceunovale.com.br\/portal\/index.php?rest_route=\/wp\/v2\/users\/4"}],"replies":[{"embeddable":true,"href":"https:\/\/aconteceunovale.com.br\/portal\/index.php?rest_route=%2Fwp%2Fv2%2Fcomments&post=195274"}],"version-history":[{"count":1,"href":"https:\/\/aconteceunovale.com.br\/portal\/index.php?rest_route=\/wp\/v2\/posts\/195274\/revisions"}],"predecessor-version":[{"id":195276,"href":"https:\/\/aconteceunovale.com.br\/portal\/index.php?rest_route=\/wp\/v2\/posts\/195274\/revisions\/195276"}],"wp:featuredmedia":[{"embeddable":true,"href":"https:\/\/aconteceunovale.com.br\/portal\/index.php?rest_route=\/wp\/v2\/media\/195275"}],"wp:attachment":[{"href":"https:\/\/aconteceunovale.com.br\/portal\/index.php?rest_route=%2Fwp%2Fv2%2Fmedia&parent=195274"}],"wp:term":[{"taxonomy":"category","embeddable":true,"href":"https:\/\/aconteceunovale.com.br\/portal\/index.php?rest_route=%2Fwp%2Fv2%2Fcategories&post=195274"},{"taxonomy":"post_tag","embeddable":true,"href":"https:\/\/aconteceunovale.com.br\/portal\/index.php?rest_route=%2Fwp%2Fv2%2Ftags&post=195274"}],"curies":[{"name":"wp","href":"https:\/\/api.w.org\/{rel}","templated":true}]}}