{"id":195266,"date":"2025-01-14T10:35:37","date_gmt":"2025-01-14T13:35:37","guid":{"rendered":"https:\/\/aconteceunovale.com.br\/portal\/?p=195266"},"modified":"2025-01-14T10:37:27","modified_gmt":"2025-01-14T13:37:27","slug":"onu-habitat-e-congonhas-promovem-oficinas-online-com-bons-exemplos-para-revisao-do-plano-diretor","status":"publish","type":"post","link":"https:\/\/aconteceunovale.com.br\/portal\/?p=195266","title":{"rendered":"ONU-Habitat e Congonhas promovem oficinas online com bons exemplos para\u00a0revis\u00e3o do\u00a0Plano Diretor"},"content":{"rendered":"\n<p class=\"wp-block-paragraph\">O ano de 2025 come\u00e7a com boas refer\u00eancias e inspira\u00e7\u00f5es no planejamento de um futuro melhor para a hist\u00f3rica cidade de Congonhas (MG). A iniciativa Horizontes Congonhas, parceria entre a prefeitura e o ONU-Habitat para a revis\u00e3o do Plano Diretor e elabora\u00e7\u00e3o do Plano de Mobilidade, convida moradoras e moradores a participar de quatro oficinas t\u00e9cnicas gratuitas e abertas ao p\u00fablico, que ser\u00e3o realizadas entre os dias 14 e 20 de janeiro.&nbsp;<\/p>\n\n\n\n<figure class=\"wp-block-gallery has-nested-images columns-default is-cropped wp-block-gallery-1 is-layout-flex wp-block-gallery-is-layout-flex\">\n<figure class=\"wp-block-image size-large\"><img loading=\"lazy\" decoding=\"async\" width=\"678\" height=\"450\" data-id=\"195267\" src=\"https:\/\/aconteceunovale.com.br\/portal\/wp-content\/uploads\/2025\/01\/plano_diretor_un_1.jpg\" alt=\"\" class=\"wp-image-195267\" srcset=\"https:\/\/aconteceunovale.com.br\/portal\/wp-content\/uploads\/2025\/01\/plano_diretor_un_1.jpg 678w, https:\/\/aconteceunovale.com.br\/portal\/wp-content\/uploads\/2025\/01\/plano_diretor_un_1-300x199.jpg 300w, https:\/\/aconteceunovale.com.br\/portal\/wp-content\/uploads\/2025\/01\/plano_diretor_un_1-633x420.jpg 633w\" sizes=\"auto, (max-width: 678px) 100vw, 678px\" \/><figcaption class=\"wp-element-caption\"><em><sub>A iniciativa que est\u00e1 construindo os novos Plano Diretor e Plano de Mobilidade para a cidade de Congonhas vai promover quatro oficinas online sobre boas pr\u00e1ticas na revis\u00e3o de Planos Diretores. Foto: Daniel Silva\/Prefeitura de Congonhas.<\/sub><\/em><\/figcaption><\/figure>\n<\/figure>\n\n\n\n<p class=\"wp-block-paragraph\">As oficinas devem trazer bons exemplos nos trabalhos de revis\u00e3o do Plano Diretor de quatro cidades brasileiras: Serro (MG), Belo Horizonte (MG), S\u00e3o Paulo (SP) e Ilh\u00e9us (BA), e ser\u00e3o transmitidas ao vivo no canal do Youtube da prefeitura de Congonhas (<a href=\"https:\/\/www.youtube.com\/@CanalCongonhasMG\" target=\"_blank\" rel=\"noreferrer noopener\">youtube.com\/@CanalCongonhasMG<\/a>).&nbsp;<\/p>\n\n\n\n<p class=\"wp-block-paragraph\">As oficinas ser\u00e3o realizadas por quatro profissionais da arquitetura e urbanismo especialistas em planejamento urbano que est\u00e3o diretamente envolvidos nas revis\u00f5es de Planos Diretores.&nbsp;<\/p>\n\n\n\n<p class=\"wp-block-paragraph\"><strong>As oficinas \u2013<\/strong> A primeira oficina t\u00e9cnica, sobre a cidade hist\u00f3rica de Serro, localizada no norte de Minas Gerais e famosa pela produ\u00e7\u00e3o de queijo, ser\u00e1 apresentada por Vanessa Tenuta, que trabalhou na revis\u00e3o do Plano Diretor da cidade em 2017. &#8220;Serro e Congonhas s\u00e3o dois munic\u00edpios mineiros com caracter\u00edsticas semelhantes. Ambos t\u00eam um patrim\u00f4nio relevante, com conjuntos urbanos tombados pelo Iphan, e est\u00e3o localizados em \u00e1reas de minera\u00e7\u00e3o. Ou seja, s\u00e3o cidades com potencial tur\u00edstico e que est\u00e3o inseridas em contextos de explora\u00e7\u00e3o de min\u00e9rios&#8221;, observa a arquiteta.&nbsp;<\/p>\n\n\n\n<p class=\"wp-block-paragraph\">A segunda oficina, com Maria Caldas, deve apresentar a experi\u00eancia de Belo Horizonte no planejamento urbano, com destaque para a resili\u00eancia urbana frente \u00e0 emerg\u00eancia clim\u00e1tica. &#8220;O Plano Diretor de Belo Horizonte est\u00e1 perfeitamente alinhado com a Nova Agenda Urbana e com os Objetivos de Desenvolvimento Sustent\u00e1vel (ODS), pois incorpora o tema das mudan\u00e7as clim\u00e1ticas em suas estrat\u00e9gias e instrumentos urban\u00edsticos de forma inovadora. Esse plano de desenvolvimento sustent\u00e1vel \u00e9, portanto, uma refer\u00eancia importante para Congonhas&#8221;, diz a especialista.&nbsp;<\/p>\n\n\n\n<p class=\"wp-block-paragraph\">Daniel Montandon, apresentador da terceira oficina, comenta que a experi\u00eancia de elabora\u00e7\u00e3o do Plano Diretor Estrat\u00e9gico (PDE) de S\u00e3o Paulo em 2002 e a sua revis\u00e3o em 2014 tornou-se refer\u00eancia para outras cidades brasileiras. &#8220;O PDE de 2014 concebeu e aplicou diversos instrumentos de planejamento urbano que viabilizaram a execu\u00e7\u00e3o dos conceitos da Nova Agenda Urbana na metr\u00f3pole paulistana. Embora tenha caracter\u00edsticas diferentes de Congonhas, a experi\u00eancia de S\u00e3o Paulo pode subsidiar e inspirar a etapa de formula\u00e7\u00e3o de propostas na revis\u00e3o do Plano Diretor de Congonhas&#8221;, comenta.&nbsp;<\/p>\n\n\n\n<p class=\"wp-block-paragraph\">Por \u00faltimo, S\u00e9rgio Mysior comenta que &#8220;o Plano Diretor precisa articular diversas pol\u00edticas, atributos e fen\u00f4menos que incidem sobre o territ\u00f3rio, subsidiando a adapta\u00e7\u00e3o \u00e0s mudan\u00e7as clim\u00e1ticas e incrementando a resili\u00eancia municipal&#8221;, referindo-se \u00e0 sua experi\u00eancia na revis\u00e3o do Plano Diretor de Ilh\u00e9us, na Bahia.&nbsp;<\/p>\n\n\n\n<p class=\"wp-block-paragraph\">Esses ser\u00e3o os primeiros quatro eventos da iniciativa Horizontes Congonhas em 2025, que d\u00e3o in\u00edcio ao per\u00edodo de elabora\u00e7\u00e3o das proposi\u00e7\u00f5es para os Planos Diretor e de Mobilidade da hist\u00f3rica cidade mineira, que possui pouco mais de 53 mil habitantes, tem economia baseada na explora\u00e7\u00e3o de min\u00e9rio de ferro para exporta\u00e7\u00e3o e est\u00e1 localizada a cerca de 70 km da capital, Belo Horizonte. Em 2024, a iniciativa realizou 18 eventos presenciais em diferentes localidades do territ\u00f3rio congonhense, entre elas 14 oficinas participativas e <a href=\"https:\/\/brasil.un.org\/pt-br\/286449-onu-habitat-e-congonhas-mobilizam-comunidade-para-audi%C3%AAncia-do-plano-diretor-e-do-plano-de\" target=\"_blank\" rel=\"noreferrer noopener\">duas audi\u00eancias p\u00fablicas<\/a>, focadas em registrar e consolidar informa\u00e7\u00f5es detalhadas de todo o territ\u00f3rio, gerando um diagn\u00f3stico completo e atualizado sobre o munic\u00edpio.&nbsp;<\/p>\n\n\n\n<p class=\"wp-block-paragraph\">Para este primeiro semestre de 2025, est\u00e3o previstas a realiza\u00e7\u00e3o de mais oficinas online e duas audi\u00eancias p\u00fablicas presenciais para debater e validar as proposi\u00e7\u00f5es. A pen\u00faltima audi\u00eancia da iniciativa vai conter uma devolutiva do diagn\u00f3stico e apresentar propostas preliminares para os Planos Diretor e de Mobilidade, que ser\u00e3o discutidas e definidas pela popula\u00e7\u00e3o congonhense. A \u00faltima audi\u00eancia dever\u00e1 apresentar os dados consolidados para definir a proposi\u00e7\u00e3o final, que ser\u00e1 encaminhada \u00e0 C\u00e2mara de Vereadores da cidade.&nbsp;<\/p>\n\n\n\n<figure class=\"wp-block-gallery has-nested-images columns-default is-cropped wp-block-gallery-2 is-layout-flex wp-block-gallery-is-layout-flex\">\n<figure class=\"wp-block-image size-large\"><img loading=\"lazy\" decoding=\"async\" width=\"678\" height=\"381\" data-id=\"195268\" src=\"https:\/\/aconteceunovale.com.br\/portal\/wp-content\/uploads\/2025\/01\/plano_diretor_un_2.jpg\" alt=\"\" class=\"wp-image-195268\" srcset=\"https:\/\/aconteceunovale.com.br\/portal\/wp-content\/uploads\/2025\/01\/plano_diretor_un_2.jpg 678w, https:\/\/aconteceunovale.com.br\/portal\/wp-content\/uploads\/2025\/01\/plano_diretor_un_2-300x169.jpg 300w\" sizes=\"auto, (max-width: 678px) 100vw, 678px\" \/><figcaption class=\"wp-element-caption\"><em><sub>Dentre as 14 oficinas participativas com as comunidades congonhenses, est\u00e1 a do bairro hist\u00f3rico de Lobo Leite, realizada em 10 de agosto de 2024. Foto: Ludmilla Balduino\/ONU-Habitat<\/sub><\/em><\/figcaption><\/figure>\n<\/figure>\n\n\n\n<p class=\"wp-block-paragraph\"><strong>Horizontes Congonhas \u2013<\/strong> Parceria entre a prefeitura municipal e o ONU-Habitat, a iniciativa Horizontes Congonhas promove a revis\u00e3o do Plano Diretor e a cria\u00e7\u00e3o do Plano de Mobilidade da cidade mineira, com base em coletas de informa\u00e7\u00f5es em diagn\u00f3sticos, an\u00e1lises e treinamentos, destacando a participa\u00e7\u00e3o popular.&nbsp;&nbsp;<\/p>\n\n\n\n<p class=\"wp-block-paragraph\">O foco dos planos \u00e9 melhorar a qualidade de vida da popula\u00e7\u00e3o, adotando leis municipais inclusivas, que orientem as movimenta\u00e7\u00f5es e fortale\u00e7am a cultura de tomada de decis\u00f5es transparentes. Os planos pretendem, tamb\u00e9m, promover a diversifica\u00e7\u00e3o econ\u00f4mica, a inclus\u00e3o social e a prote\u00e7\u00e3o socioambiental, contribuindo para que a cidade possa atrair mais investimentos.&nbsp;&nbsp;<\/p>\n\n\n\n<p class=\"wp-block-paragraph\">O trabalho faz parte do Integra, programa lan\u00e7ado pela prefeitura de Congonhas em janeiro de 2024. Al\u00e9m do ONU-Habitat, o Integra tem parcerias com outras institui\u00e7\u00f5es na elabora\u00e7\u00e3o de mais cinco planos tem\u00e1ticos.&nbsp;<\/p>\n\n\n\n<p class=\"wp-block-paragraph\"><strong>Servi\u00e7o &#8211; <\/strong>Confira o cronograma das oficinas:&nbsp;<\/p>\n\n\n\n<p class=\"wp-block-paragraph\"><\/p>\n\n\n\n<p class=\"wp-block-paragraph\"><strong>Experi\u00eancias referenciais de Planos Diretores: Serro (MG)<\/strong>&nbsp;<\/p>\n\n\n\n<p class=\"wp-block-paragraph\"><strong>Data:<\/strong> 14 de janeiro&nbsp;<\/p>\n\n\n\n<p class=\"wp-block-paragraph\"><strong>Hor\u00e1rio:<\/strong> 14h \u00e0s 16h&nbsp;<\/p>\n\n\n\n<p class=\"wp-block-paragraph\"><strong>Apresenta\u00e7\u00e3o de Vanessa Tenuta<\/strong>&nbsp;<\/p>\n\n\n\n<p class=\"wp-block-paragraph\">Mestra em Arquitetura e Urbanismo pela Universidade Federal de Minas Gerais, Vanessa tem 17 anos de experi\u00eancia em planejamento urbano com foco em desenvolvimento sustent\u00e1vel, habita\u00e7\u00e3o e patrim\u00f4nio cultural. Atuou em diversas institui\u00e7\u00f5es, entre elas ONU-Habitat Brasil, como analista de programas; Instituto Federal de Minas Gerais, como professora substituta; e Minist\u00e9rio das Cidades, como coordenadora de Projetos Especiais na Secretaria Nacional de Habita\u00e7\u00e3o. \u00c9 consultora em patrim\u00f4nio cultural na revis\u00e3o do Plano Diretor de Congonhas.&nbsp;<\/p>\n\n\n\n<p class=\"wp-block-paragraph\"><\/p>\n\n\n\n<p class=\"wp-block-paragraph\"><strong>Experi\u00eancias referenciais de Planos Diretores: Belo Horizonte (MG)<\/strong>&nbsp;<\/p>\n\n\n\n<p class=\"wp-block-paragraph\"><strong>Data:<\/strong> 15 de janeiro&nbsp;<\/p>\n\n\n\n<p class=\"wp-block-paragraph\"><strong>Hor\u00e1rio:<\/strong> 10h \u00e0s 12h&nbsp;<\/p>\n\n\n\n<p class=\"wp-block-paragraph\"><strong>Apresenta\u00e7\u00e3o de Maria Caldas<\/strong>&nbsp;<\/p>\n\n\n\n<p class=\"wp-block-paragraph\">Doutora em Arquitetura e Urbanismo pela Universidade Federal de Minas Gerais, Maria Caldas \u00e9 <em>senior fellow<\/em> na Am\u00e9rica do Sul do ICLEI &#8211; Governos Locais pela Sustentabilidade, e consultora do Lincoln Institute of Land Policy. Trabalhou em secretarias de planejamento e pol\u00edticas urbanas em Belo Horizonte e Po\u00e7os de Caldas. Foi diretora de Infraestrutura Social e Urbana do Programa de Acelera\u00e7\u00e3o do Crescimento (PAC), e integrou comit\u00eas do programa Minha Casa, Minha Vida e do Conselho Nacional das Cidades.&nbsp;<\/p>\n\n\n\n<p class=\"wp-block-paragraph\"><\/p>\n\n\n\n<p class=\"wp-block-paragraph\"><strong>Experi\u00eancias referenciais de Planos Diretores: S\u00e3o Paulo (SP)<\/strong>&nbsp;<\/p>\n\n\n\n<p class=\"wp-block-paragraph\"><strong>Data:<\/strong> 16 de janeiro&nbsp;<\/p>\n\n\n\n<p class=\"wp-block-paragraph\"><strong>Hor\u00e1rio:<\/strong> 10h \u00e0s 12h&nbsp;<\/p>\n\n\n\n<p class=\"wp-block-paragraph\"><strong>Apresenta\u00e7\u00e3o de Daniel Montandon<\/strong>&nbsp;<\/p>\n\n\n\n<p class=\"wp-block-paragraph\">Daniel \u00e9 arquiteto e urbanista e doutor em planejamento urbano, com ampla experi\u00eancia na formula\u00e7\u00e3o e implementa\u00e7\u00e3o de planos diretores, zoneamento e outros instrumentos de planejamento urbano. Destacam-se sua atua\u00e7\u00e3o na revis\u00e3o do Plano Diretor Estrat\u00e9gico de S\u00e3o Paulo, realizada em 2002 e 2014, e a coordena\u00e7\u00e3o da revis\u00e3o do zoneamento paulistano em 2016. Atualmente, al\u00e9m de coordenador t\u00e9cnico do ONU-Habitat na iniciativa Horizontes Congonhas, \u00e9 diretor acad\u00eamico de Arquitetura, Urbanismo e Design na Universidade Nove de Julho (Uninove), em S\u00e3o Paulo (SP).&nbsp;<\/p>\n\n\n\n<p class=\"wp-block-paragraph\"><\/p>\n\n\n\n<p class=\"wp-block-paragraph\"><strong>Experi\u00eancias referenciais de Planos Diretores: Ilh\u00e9us (BA)<\/strong>&nbsp;<\/p>\n\n\n\n<p class=\"wp-block-paragraph\"><strong>Data:<\/strong> 20 de janeiro&nbsp;<\/p>\n\n\n\n<p class=\"wp-block-paragraph\"><strong>Hor\u00e1rio:<\/strong> 10h \u00e0s 12h&nbsp;<\/p>\n\n\n\n<p class=\"wp-block-paragraph\"><strong>Apresenta\u00e7\u00e3o de S\u00e9rgio Mysior<\/strong>&nbsp;<\/p>\n\n\n\n<p class=\"wp-block-paragraph\">S\u00e9rgio \u00e9 arquiteto e urbanista e p\u00f3s-graduado em Gest\u00e3o Empresarial e mestre em Ambiente Constru\u00eddo e Patrim\u00f4nio Sustent\u00e1vel. Com experi\u00eancia em sustentabilidade urbana, mant\u00e9m uma rotina de publica\u00e7\u00f5es de trabalhos t\u00e9cnicos e artigos, e realiza palestras e oficinas com \u00eanfase em temas como solu\u00e7\u00f5es ESG, gest\u00e3o territorial, planos diretores e de mobilidade, resili\u00eancia e combate \u00e0s mudan\u00e7as clim\u00e1ticas. \u00c9 CEO do grupo MYR, curador e apresentador do Programa URBI e professor convidado da Funda\u00e7\u00e3o Dom Cabral (FDC), na \u00e1rea de cidades inteligentes e mobilidade urbana.&nbsp;<\/p>\n","protected":false},"excerpt":{"rendered":"<p>O ano de 2025 come\u00e7a com boas refer\u00eancias e inspira\u00e7\u00f5es no planejamento de um futuro melhor para a hist\u00f3rica cidade de Congonhas (MG). A iniciativa Horizontes Congonhas, parceria entre a prefeitura e o ONU-Habitat para a revis\u00e3o do Plano Diretor e elabora\u00e7\u00e3o do Plano de Mobilidade, convida moradoras e moradores a participar de quatro oficinas [&hellip;]<\/p>\n","protected":false},"author":4,"featured_media":195267,"comment_status":"open","ping_status":"closed","sticky":false,"template":"","format":"standard","meta":{"amp_status":"","footnotes":""},"categories":[123],"tags":[194,1527,269523,22236,121058,269520,269521,269522,2382,154],"class_list":["post-195266","post","type-post","status-publish","format-standard","has-post-thumbnail","hentry","category-gerais","tag-belo-horizonte","tag-congonhas","tag-horizontes-congonhas","tag-ilheus","tag-onu-habitat","tag-onu-habitat-e-congonhas-promovem-oficinas-online-com-bons-exemplos-para-revisao-do-plano-diretor","tag-prefeitura-de-congonhas","tag-revisao-do-plano-diretor-de-congonhas","tag-sao-paulo","tag-serro"],"yoast_head":"<!-- This site is optimized with the Yoast SEO plugin v28.3 - https:\/\/yoast.com\/product\/yoast-seo-wordpress\/ -->\n<title>ONU-Habitat e Congonhas promovem oficinas online com bons exemplos para\u00a0revis\u00e3o do\u00a0Plano Diretor - Aconteceu no Vale<\/title>\n<meta name=\"robots\" content=\"index, follow, max-snippet:-1, max-image-preview:large, max-video-preview:-1\" \/>\n<link rel=\"canonical\" href=\"https:\/\/aconteceunovale.com.br\/portal\/?p=195266\" \/>\n<meta property=\"og:locale\" content=\"pt_BR\" \/>\n<meta property=\"og:type\" content=\"article\" \/>\n<meta property=\"og:title\" content=\"ONU-Habitat e Congonhas promovem oficinas online com bons exemplos para\u00a0revis\u00e3o do\u00a0Plano Diretor - Aconteceu no Vale\" \/>\n<meta property=\"og:description\" content=\"O ano de 2025 come\u00e7a com boas refer\u00eancias e inspira\u00e7\u00f5es no planejamento de um futuro melhor para a hist\u00f3rica cidade de Congonhas (MG). A iniciativa Horizontes Congonhas, parceria entre a prefeitura e o ONU-Habitat para a revis\u00e3o do Plano Diretor e elabora\u00e7\u00e3o do Plano de Mobilidade, convida moradoras e moradores a participar de quatro oficinas [&hellip;]\" \/>\n<meta property=\"og:url\" content=\"https:\/\/aconteceunovale.com.br\/portal\/?p=195266\" \/>\n<meta property=\"og:site_name\" content=\"Aconteceu no Vale\" \/>\n<meta property=\"article:publisher\" content=\"https:\/\/www.facebook.com\/aconteceunovale\/\" \/>\n<meta property=\"article:published_time\" content=\"2025-01-14T13:35:37+00:00\" \/>\n<meta property=\"article:modified_time\" content=\"2025-01-14T13:37:27+00:00\" \/>\n<meta property=\"og:image\" content=\"https:\/\/aconteceunovale.com.br\/portal\/wp-content\/uploads\/2025\/01\/plano_diretor_un_1.jpg\" \/>\n\t<meta property=\"og:image:width\" content=\"678\" \/>\n\t<meta property=\"og:image:height\" content=\"450\" \/>\n\t<meta property=\"og:image:type\" content=\"image\/jpeg\" \/>\n<meta name=\"author\" content=\"Reda\u00e7\u00e3o Aconteceu no Vale\" \/>\n<meta name=\"twitter:card\" content=\"summary_large_image\" \/>\n<meta name=\"twitter:creator\" content=\"@noticiadosvales\" \/>\n<meta name=\"twitter:site\" content=\"@noticiadosvales\" \/>\n<meta name=\"twitter:label1\" content=\"Escrito por\" \/>\n\t<meta name=\"twitter:data1\" content=\"Reda\u00e7\u00e3o Aconteceu no Vale\" \/>\n\t<meta name=\"twitter:label2\" content=\"Est. tempo de leitura\" \/>\n\t<meta name=\"twitter:data2\" content=\"7 minutos\" \/>\n<script type=\"application\/ld+json\" class=\"yoast-schema-graph\">{\"@context\":\"https:\\\/\\\/schema.org\",\"@graph\":[{\"@type\":\"Article\",\"@id\":\"https:\\\/\\\/aconteceunovale.com.br\\\/portal\\\/?p=195266#article\",\"isPartOf\":{\"@id\":\"https:\\\/\\\/aconteceunovale.com.br\\\/portal\\\/?p=195266\"},\"author\":{\"name\":\"Reda\u00e7\u00e3o Aconteceu no Vale\",\"@id\":\"https:\\\/\\\/aconteceunovale.com.br\\\/portal\\\/#\\\/schema\\\/person\\\/7d2f26d1483f8a63de73da1ee0754d35\"},\"headline\":\"ONU-Habitat e Congonhas promovem oficinas online com bons exemplos para\u00a0revis\u00e3o do\u00a0Plano Diretor\",\"datePublished\":\"2025-01-14T13:35:37+00:00\",\"dateModified\":\"2025-01-14T13:37:27+00:00\",\"mainEntityOfPage\":{\"@id\":\"https:\\\/\\\/aconteceunovale.com.br\\\/portal\\\/?p=195266\"},\"wordCount\":1418,\"commentCount\":0,\"image\":{\"@id\":\"https:\\\/\\\/aconteceunovale.com.br\\\/portal\\\/?p=195266#primaryimage\"},\"thumbnailUrl\":\"https:\\\/\\\/aconteceunovale.com.br\\\/portal\\\/wp-content\\\/uploads\\\/2025\\\/01\\\/plano_diretor_un_1.jpg\",\"keywords\":[\"Belo Horizonte\",\"Congonhas\",\"Horizontes Congonhas\",\"Ilh\u00e9us\",\"ONU-Habitat\",\"ONU-Habitat e Congonhas promovem oficinas online com bons exemplos para\u00a0revis\u00e3o do\u00a0Plano Diretor\",\"Prefeitura de Congonhas\",\"Revis\u00e3o do Plano Diretor de Congonhas\",\"S\u00e3o Paulo\",\"Serro\"],\"articleSection\":[\"Minas Gerais\"],\"inLanguage\":\"pt-BR\",\"potentialAction\":[{\"@type\":\"CommentAction\",\"name\":\"Comment\",\"target\":[\"https:\\\/\\\/aconteceunovale.com.br\\\/portal\\\/?p=195266#respond\"]}]},{\"@type\":\"WebPage\",\"@id\":\"https:\\\/\\\/aconteceunovale.com.br\\\/portal\\\/?p=195266\",\"url\":\"https:\\\/\\\/aconteceunovale.com.br\\\/portal\\\/?p=195266\",\"name\":\"ONU-Habitat e Congonhas promovem oficinas online com bons exemplos para\u00a0revis\u00e3o do\u00a0Plano Diretor - Aconteceu no Vale\",\"isPartOf\":{\"@id\":\"https:\\\/\\\/aconteceunovale.com.br\\\/portal\\\/#website\"},\"primaryImageOfPage\":{\"@id\":\"https:\\\/\\\/aconteceunovale.com.br\\\/portal\\\/?p=195266#primaryimage\"},\"image\":{\"@id\":\"https:\\\/\\\/aconteceunovale.com.br\\\/portal\\\/?p=195266#primaryimage\"},\"thumbnailUrl\":\"https:\\\/\\\/aconteceunovale.com.br\\\/portal\\\/wp-content\\\/uploads\\\/2025\\\/01\\\/plano_diretor_un_1.jpg\",\"datePublished\":\"2025-01-14T13:35:37+00:00\",\"dateModified\":\"2025-01-14T13:37:27+00:00\",\"author\":{\"@id\":\"https:\\\/\\\/aconteceunovale.com.br\\\/portal\\\/#\\\/schema\\\/person\\\/7d2f26d1483f8a63de73da1ee0754d35\"},\"breadcrumb\":{\"@id\":\"https:\\\/\\\/aconteceunovale.com.br\\\/portal\\\/?p=195266#breadcrumb\"},\"inLanguage\":\"pt-BR\",\"potentialAction\":[{\"@type\":\"ReadAction\",\"target\":[\"https:\\\/\\\/aconteceunovale.com.br\\\/portal\\\/?p=195266\"]}]},{\"@type\":\"ImageObject\",\"inLanguage\":\"pt-BR\",\"@id\":\"https:\\\/\\\/aconteceunovale.com.br\\\/portal\\\/?p=195266#primaryimage\",\"url\":\"https:\\\/\\\/aconteceunovale.com.br\\\/portal\\\/wp-content\\\/uploads\\\/2025\\\/01\\\/plano_diretor_un_1.jpg\",\"contentUrl\":\"https:\\\/\\\/aconteceunovale.com.br\\\/portal\\\/wp-content\\\/uploads\\\/2025\\\/01\\\/plano_diretor_un_1.jpg\",\"width\":678,\"height\":450,\"caption\":\"A iniciativa que est\u00e1 construindo os novos Plano Diretor e Plano de Mobilidade para a cidade de Congonhas vai promover quatro oficinas online sobre boas pr\u00e1ticas na revis\u00e3o de Planos Diretores. Foto: Daniel Silva\\\/Prefeitura de Congonhas.\"},{\"@type\":\"BreadcrumbList\",\"@id\":\"https:\\\/\\\/aconteceunovale.com.br\\\/portal\\\/?p=195266#breadcrumb\",\"itemListElement\":[{\"@type\":\"ListItem\",\"position\":1,\"name\":\"In\u00edcio\",\"item\":\"https:\\\/\\\/aconteceunovale.com.br\\\/portal\\\/\"},{\"@type\":\"ListItem\",\"position\":2,\"name\":\"ONU-Habitat e Congonhas promovem oficinas online com bons exemplos para\u00a0revis\u00e3o do\u00a0Plano Diretor\"}]},{\"@type\":\"WebSite\",\"@id\":\"https:\\\/\\\/aconteceunovale.com.br\\\/portal\\\/#website\",\"url\":\"https:\\\/\\\/aconteceunovale.com.br\\\/portal\\\/\",\"name\":\"Aconteceu no Vale\",\"description\":\"Portal de Not\u00edcias\",\"potentialAction\":[{\"@type\":\"SearchAction\",\"target\":{\"@type\":\"EntryPoint\",\"urlTemplate\":\"https:\\\/\\\/aconteceunovale.com.br\\\/portal\\\/?s={search_term_string}\"},\"query-input\":{\"@type\":\"PropertyValueSpecification\",\"valueRequired\":true,\"valueName\":\"search_term_string\"}}],\"inLanguage\":\"pt-BR\"},{\"@type\":\"Person\",\"@id\":\"https:\\\/\\\/aconteceunovale.com.br\\\/portal\\\/#\\\/schema\\\/person\\\/7d2f26d1483f8a63de73da1ee0754d35\",\"name\":\"Reda\u00e7\u00e3o Aconteceu no Vale\",\"description\":\"Equipe de reportagem do Aconteceu no Vale, portal de not\u00edcias do Vale do Jequitinhonha, em Minas Gerais. Cobrimos as 51 cidades do Vale desde 2013. Sugest\u00f5es de pauta e pedidos de corre\u00e7\u00e3o: contato@aconteceunovale.com.br\",\"url\":\"https:\\\/\\\/aconteceunovale.com.br\\\/portal\\\/?author=4\"}]}<\/script>\n<!-- \/ Yoast SEO plugin. -->","yoast_head_json":{"title":"ONU-Habitat e Congonhas promovem oficinas online com bons exemplos para\u00a0revis\u00e3o do\u00a0Plano Diretor - Aconteceu no Vale","robots":{"index":"index","follow":"follow","max-snippet":"max-snippet:-1","max-image-preview":"max-image-preview:large","max-video-preview":"max-video-preview:-1"},"canonical":"https:\/\/aconteceunovale.com.br\/portal\/?p=195266","og_locale":"pt_BR","og_type":"article","og_title":"ONU-Habitat e Congonhas promovem oficinas online com bons exemplos para\u00a0revis\u00e3o do\u00a0Plano Diretor - Aconteceu no Vale","og_description":"O ano de 2025 come\u00e7a com boas refer\u00eancias e inspira\u00e7\u00f5es no planejamento de um futuro melhor para a hist\u00f3rica cidade de Congonhas (MG). A iniciativa Horizontes Congonhas, parceria entre a prefeitura e o ONU-Habitat para a revis\u00e3o do Plano Diretor e elabora\u00e7\u00e3o do Plano de Mobilidade, convida moradoras e moradores a participar de quatro oficinas [&hellip;]","og_url":"https:\/\/aconteceunovale.com.br\/portal\/?p=195266","og_site_name":"Aconteceu no Vale","article_publisher":"https:\/\/www.facebook.com\/aconteceunovale\/","article_published_time":"2025-01-14T13:35:37+00:00","article_modified_time":"2025-01-14T13:37:27+00:00","og_image":[{"width":678,"height":450,"url":"https:\/\/aconteceunovale.com.br\/portal\/wp-content\/uploads\/2025\/01\/plano_diretor_un_1.jpg","type":"image\/jpeg"}],"author":"Reda\u00e7\u00e3o Aconteceu no Vale","twitter_card":"summary_large_image","twitter_creator":"@noticiadosvales","twitter_site":"@noticiadosvales","twitter_misc":{"Escrito por":"Reda\u00e7\u00e3o Aconteceu no Vale","Est. tempo de leitura":"7 minutos"},"schema":{"@context":"https:\/\/schema.org","@graph":[{"@type":"Article","@id":"https:\/\/aconteceunovale.com.br\/portal\/?p=195266#article","isPartOf":{"@id":"https:\/\/aconteceunovale.com.br\/portal\/?p=195266"},"author":{"name":"Reda\u00e7\u00e3o Aconteceu no Vale","@id":"https:\/\/aconteceunovale.com.br\/portal\/#\/schema\/person\/7d2f26d1483f8a63de73da1ee0754d35"},"headline":"ONU-Habitat e Congonhas promovem oficinas online com bons exemplos para\u00a0revis\u00e3o do\u00a0Plano Diretor","datePublished":"2025-01-14T13:35:37+00:00","dateModified":"2025-01-14T13:37:27+00:00","mainEntityOfPage":{"@id":"https:\/\/aconteceunovale.com.br\/portal\/?p=195266"},"wordCount":1418,"commentCount":0,"image":{"@id":"https:\/\/aconteceunovale.com.br\/portal\/?p=195266#primaryimage"},"thumbnailUrl":"https:\/\/aconteceunovale.com.br\/portal\/wp-content\/uploads\/2025\/01\/plano_diretor_un_1.jpg","keywords":["Belo Horizonte","Congonhas","Horizontes Congonhas","Ilh\u00e9us","ONU-Habitat","ONU-Habitat e Congonhas promovem oficinas online com bons exemplos para\u00a0revis\u00e3o do\u00a0Plano Diretor","Prefeitura de Congonhas","Revis\u00e3o do Plano Diretor de Congonhas","S\u00e3o Paulo","Serro"],"articleSection":["Minas Gerais"],"inLanguage":"pt-BR","potentialAction":[{"@type":"CommentAction","name":"Comment","target":["https:\/\/aconteceunovale.com.br\/portal\/?p=195266#respond"]}]},{"@type":"WebPage","@id":"https:\/\/aconteceunovale.com.br\/portal\/?p=195266","url":"https:\/\/aconteceunovale.com.br\/portal\/?p=195266","name":"ONU-Habitat e Congonhas promovem oficinas online com bons exemplos para\u00a0revis\u00e3o do\u00a0Plano Diretor - Aconteceu no Vale","isPartOf":{"@id":"https:\/\/aconteceunovale.com.br\/portal\/#website"},"primaryImageOfPage":{"@id":"https:\/\/aconteceunovale.com.br\/portal\/?p=195266#primaryimage"},"image":{"@id":"https:\/\/aconteceunovale.com.br\/portal\/?p=195266#primaryimage"},"thumbnailUrl":"https:\/\/aconteceunovale.com.br\/portal\/wp-content\/uploads\/2025\/01\/plano_diretor_un_1.jpg","datePublished":"2025-01-14T13:35:37+00:00","dateModified":"2025-01-14T13:37:27+00:00","author":{"@id":"https:\/\/aconteceunovale.com.br\/portal\/#\/schema\/person\/7d2f26d1483f8a63de73da1ee0754d35"},"breadcrumb":{"@id":"https:\/\/aconteceunovale.com.br\/portal\/?p=195266#breadcrumb"},"inLanguage":"pt-BR","potentialAction":[{"@type":"ReadAction","target":["https:\/\/aconteceunovale.com.br\/portal\/?p=195266"]}]},{"@type":"ImageObject","inLanguage":"pt-BR","@id":"https:\/\/aconteceunovale.com.br\/portal\/?p=195266#primaryimage","url":"https:\/\/aconteceunovale.com.br\/portal\/wp-content\/uploads\/2025\/01\/plano_diretor_un_1.jpg","contentUrl":"https:\/\/aconteceunovale.com.br\/portal\/wp-content\/uploads\/2025\/01\/plano_diretor_un_1.jpg","width":678,"height":450,"caption":"A iniciativa que est\u00e1 construindo os novos Plano Diretor e Plano de Mobilidade para a cidade de Congonhas vai promover quatro oficinas online sobre boas pr\u00e1ticas na revis\u00e3o de Planos Diretores. Foto: Daniel Silva\/Prefeitura de Congonhas."},{"@type":"BreadcrumbList","@id":"https:\/\/aconteceunovale.com.br\/portal\/?p=195266#breadcrumb","itemListElement":[{"@type":"ListItem","position":1,"name":"In\u00edcio","item":"https:\/\/aconteceunovale.com.br\/portal\/"},{"@type":"ListItem","position":2,"name":"ONU-Habitat e Congonhas promovem oficinas online com bons exemplos para\u00a0revis\u00e3o do\u00a0Plano Diretor"}]},{"@type":"WebSite","@id":"https:\/\/aconteceunovale.com.br\/portal\/#website","url":"https:\/\/aconteceunovale.com.br\/portal\/","name":"Aconteceu no Vale","description":"Portal de Not\u00edcias","potentialAction":[{"@type":"SearchAction","target":{"@type":"EntryPoint","urlTemplate":"https:\/\/aconteceunovale.com.br\/portal\/?s={search_term_string}"},"query-input":{"@type":"PropertyValueSpecification","valueRequired":true,"valueName":"search_term_string"}}],"inLanguage":"pt-BR"},{"@type":"Person","@id":"https:\/\/aconteceunovale.com.br\/portal\/#\/schema\/person\/7d2f26d1483f8a63de73da1ee0754d35","name":"Reda\u00e7\u00e3o Aconteceu no Vale","description":"Equipe de reportagem do Aconteceu no Vale, portal de not\u00edcias do Vale do Jequitinhonha, em Minas Gerais. Cobrimos as 51 cidades do Vale desde 2013. Sugest\u00f5es de pauta e pedidos de corre\u00e7\u00e3o: contato@aconteceunovale.com.br","url":"https:\/\/aconteceunovale.com.br\/portal\/?author=4"}]}},"_links":{"self":[{"href":"https:\/\/aconteceunovale.com.br\/portal\/index.php?rest_route=\/wp\/v2\/posts\/195266","targetHints":{"allow":["GET"]}}],"collection":[{"href":"https:\/\/aconteceunovale.com.br\/portal\/index.php?rest_route=\/wp\/v2\/posts"}],"about":[{"href":"https:\/\/aconteceunovale.com.br\/portal\/index.php?rest_route=\/wp\/v2\/types\/post"}],"author":[{"embeddable":true,"href":"https:\/\/aconteceunovale.com.br\/portal\/index.php?rest_route=\/wp\/v2\/users\/4"}],"replies":[{"embeddable":true,"href":"https:\/\/aconteceunovale.com.br\/portal\/index.php?rest_route=%2Fwp%2Fv2%2Fcomments&post=195266"}],"version-history":[{"count":1,"href":"https:\/\/aconteceunovale.com.br\/portal\/index.php?rest_route=\/wp\/v2\/posts\/195266\/revisions"}],"predecessor-version":[{"id":195269,"href":"https:\/\/aconteceunovale.com.br\/portal\/index.php?rest_route=\/wp\/v2\/posts\/195266\/revisions\/195269"}],"wp:featuredmedia":[{"embeddable":true,"href":"https:\/\/aconteceunovale.com.br\/portal\/index.php?rest_route=\/wp\/v2\/media\/195267"}],"wp:attachment":[{"href":"https:\/\/aconteceunovale.com.br\/portal\/index.php?rest_route=%2Fwp%2Fv2%2Fmedia&parent=195266"}],"wp:term":[{"taxonomy":"category","embeddable":true,"href":"https:\/\/aconteceunovale.com.br\/portal\/index.php?rest_route=%2Fwp%2Fv2%2Fcategories&post=195266"},{"taxonomy":"post_tag","embeddable":true,"href":"https:\/\/aconteceunovale.com.br\/portal\/index.php?rest_route=%2Fwp%2Fv2%2Ftags&post=195266"}],"curies":[{"name":"wp","href":"https:\/\/api.w.org\/{rel}","templated":true}]}}