{"id":195245,"date":"2025-01-13T23:14:50","date_gmt":"2025-01-14T02:14:50","guid":{"rendered":"https:\/\/aconteceunovale.com.br\/portal\/?p=195245"},"modified":"2025-01-13T23:15:14","modified_gmt":"2025-01-14T02:15:14","slug":"homem-e-preso-em-corinto-apos-matar-a-mae-em-varzea-da-palma","status":"publish","type":"post","link":"https:\/\/aconteceunovale.com.br\/portal\/?p=195245","title":{"rendered":"Homem \u00e9 preso em Corinto ap\u00f3s matar a m\u00e3e em V\u00e1rzea da Palma"},"content":{"rendered":"\n<p class=\"wp-block-paragraph\">Um homem de 39 anos foi preso nesta segunda-feira (13) em um bar de Corinto, ap\u00f3s ser apontado como autor do homic\u00eddio de sua m\u00e3e, de 64 anos, ocorrido em V\u00e1rzea da Palma, no Norte de Minas.<\/p>\n\n\n\n<figure class=\"wp-block-gallery has-nested-images columns-default is-cropped wp-block-gallery-1 is-layout-flex wp-block-gallery-is-layout-flex\">\n<figure class=\"wp-block-image size-large\"><img loading=\"lazy\" decoding=\"async\" width=\"678\" height=\"430\" data-id=\"195246\" src=\"https:\/\/aconteceunovale.com.br\/portal\/wp-content\/uploads\/2025\/01\/caso_vzp_corinto.png\" alt=\"\" class=\"wp-image-195246\" srcset=\"https:\/\/aconteceunovale.com.br\/portal\/wp-content\/uploads\/2025\/01\/caso_vzp_corinto.png 678w, https:\/\/aconteceunovale.com.br\/portal\/wp-content\/uploads\/2025\/01\/caso_vzp_corinto-300x190.png 300w, https:\/\/aconteceunovale.com.br\/portal\/wp-content\/uploads\/2025\/01\/caso_vzp_corinto-662x420.png 662w\" sizes=\"auto, (max-width: 678px) 100vw, 678px\" \/><figcaption class=\"wp-element-caption\"><em>Foto: Divulga\u00e7\u00e3o \/ PMMG<\/em><\/figcaption><\/figure>\n<\/figure>\n\n\n\n<p class=\"wp-block-paragraph\">De acordo com informa\u00e7\u00f5es da Pol\u00edcia Militar, o crime aconteceu na resid\u00eancia da v\u00edtima, no Bairro Pinlar I. A idosa foi atingida no pesco\u00e7o por um objeto cortante, que n\u00e3o foi localizado no local. O Servi\u00e7o de Atendimento M\u00f3vel de Urg\u00eancia (Samu) foi acionado e confirmou o \u00f3bito. A Pol\u00edcia Civil realizou a per\u00edcia e liberou o corpo para o Posto M\u00e9dico-Legal.<\/p>\n\n\n\n<p class=\"wp-block-paragraph\">A motiva\u00e7\u00e3o do crime ainda \u00e9 desconhecida. A PM informou que o suspeito havia sa\u00eddo recentemente de uma cl\u00ednica de reabilita\u00e7\u00e3o, onde esteve internado at\u00e9 dezembro. <\/p>\n\n\n\n<p class=\"wp-block-paragraph\">O homem foi preso em Corinto e encaminhado para a delegacia, onde permanece \u00e0 disposi\u00e7\u00e3o da Justi\u00e7a. O caso ser\u00e1 investigado.<\/p>\n","protected":false},"excerpt":{"rendered":"<p>Um homem de 39 anos foi preso nesta segunda-feira (13) em um bar de Corinto, ap\u00f3s ser apontado como autor do homic\u00eddio de sua m\u00e3e, de 64 anos, ocorrido em V\u00e1rzea da Palma, no Norte de Minas. De acordo com informa\u00e7\u00f5es da Pol\u00edcia Militar, o crime aconteceu na resid\u00eancia da v\u00edtima, no Bairro Pinlar I. [&hellip;]<\/p>\n","protected":false},"author":4,"featured_media":195246,"comment_status":"open","ping_status":"closed","sticky":false,"template":"","format":"standard","meta":{"amp_status":"","footnotes":""},"categories":[1236],"tags":[1534,269495,269497,214490,72855,269496],"class_list":["post-195245","post","type-post","status-publish","format-standard","has-post-thumbnail","hentry","category-norte_de_minas","tag-corinto","tag-homem-e-preso-em-corinto-apos-matar-a-mae-em-varzea-da-palma","tag-mae-assassinada-pelo-filho-em-varzea-da-palma","tag-preso-em-corinto","tag-preso-em-varzea-da-palma","tag-preso-por-matar-a-mae-em-varzea-da-palma"],"yoast_head":"<!-- This site is optimized with the Yoast SEO plugin v28.3 - https:\/\/yoast.com\/product\/yoast-seo-wordpress\/ -->\n<title>Homem \u00e9 preso em Corinto ap\u00f3s matar a m\u00e3e em V\u00e1rzea da Palma - Aconteceu no Vale<\/title>\n<meta name=\"robots\" content=\"index, follow, max-snippet:-1, max-image-preview:large, max-video-preview:-1\" \/>\n<link rel=\"canonical\" href=\"https:\/\/aconteceunovale.com.br\/portal\/?p=195245\" \/>\n<meta property=\"og:locale\" content=\"pt_BR\" \/>\n<meta property=\"og:type\" content=\"article\" \/>\n<meta property=\"og:title\" content=\"Homem \u00e9 preso em Corinto ap\u00f3s matar a m\u00e3e em V\u00e1rzea da Palma - Aconteceu no Vale\" \/>\n<meta property=\"og:description\" content=\"Um homem de 39 anos foi preso nesta segunda-feira (13) em um bar de Corinto, ap\u00f3s ser apontado como autor do homic\u00eddio de sua m\u00e3e, de 64 anos, ocorrido em V\u00e1rzea da Palma, no Norte de Minas. De acordo com informa\u00e7\u00f5es da Pol\u00edcia Militar, o crime aconteceu na resid\u00eancia da v\u00edtima, no Bairro Pinlar I. [&hellip;]\" \/>\n<meta property=\"og:url\" content=\"https:\/\/aconteceunovale.com.br\/portal\/?p=195245\" \/>\n<meta property=\"og:site_name\" content=\"Aconteceu no Vale\" \/>\n<meta property=\"article:publisher\" content=\"https:\/\/www.facebook.com\/aconteceunovale\/\" \/>\n<meta property=\"article:published_time\" content=\"2025-01-14T02:14:50+00:00\" \/>\n<meta property=\"article:modified_time\" content=\"2025-01-14T02:15:14+00:00\" \/>\n<meta property=\"og:image\" content=\"https:\/\/aconteceunovale.com.br\/portal\/wp-content\/uploads\/2025\/01\/caso_vzp_corinto.png\" \/>\n\t<meta property=\"og:image:width\" content=\"678\" \/>\n\t<meta property=\"og:image:height\" content=\"430\" \/>\n\t<meta property=\"og:image:type\" content=\"image\/png\" \/>\n<meta name=\"author\" content=\"Reda\u00e7\u00e3o Aconteceu no Vale\" \/>\n<meta name=\"twitter:card\" content=\"summary_large_image\" \/>\n<meta name=\"twitter:creator\" content=\"@noticiadosvales\" \/>\n<meta name=\"twitter:site\" content=\"@noticiadosvales\" \/>\n<meta name=\"twitter:label1\" content=\"Escrito por\" \/>\n\t<meta name=\"twitter:data1\" content=\"Reda\u00e7\u00e3o Aconteceu no Vale\" \/>\n\t<meta name=\"twitter:label2\" content=\"Est. tempo de leitura\" \/>\n\t<meta name=\"twitter:data2\" content=\"1 minuto\" \/>\n<script type=\"application\/ld+json\" class=\"yoast-schema-graph\">{\"@context\":\"https:\\\/\\\/schema.org\",\"@graph\":[{\"@type\":\"Article\",\"@id\":\"https:\\\/\\\/aconteceunovale.com.br\\\/portal\\\/?p=195245#article\",\"isPartOf\":{\"@id\":\"https:\\\/\\\/aconteceunovale.com.br\\\/portal\\\/?p=195245\"},\"author\":{\"name\":\"Reda\u00e7\u00e3o Aconteceu no Vale\",\"@id\":\"https:\\\/\\\/aconteceunovale.com.br\\\/portal\\\/#\\\/schema\\\/person\\\/7d2f26d1483f8a63de73da1ee0754d35\"},\"headline\":\"Homem \u00e9 preso em Corinto ap\u00f3s matar a m\u00e3e em V\u00e1rzea da Palma\",\"datePublished\":\"2025-01-14T02:14:50+00:00\",\"dateModified\":\"2025-01-14T02:15:14+00:00\",\"mainEntityOfPage\":{\"@id\":\"https:\\\/\\\/aconteceunovale.com.br\\\/portal\\\/?p=195245\"},\"wordCount\":182,\"commentCount\":0,\"image\":{\"@id\":\"https:\\\/\\\/aconteceunovale.com.br\\\/portal\\\/?p=195245#primaryimage\"},\"thumbnailUrl\":\"https:\\\/\\\/aconteceunovale.com.br\\\/portal\\\/wp-content\\\/uploads\\\/2025\\\/01\\\/caso_vzp_corinto.png\",\"keywords\":[\"Corinto\",\"Homem \u00e9 preso em Corinto ap\u00f3s matar a m\u00e3e em V\u00e1rzea da Palma\",\"M\u00e3e assassinada pelo filho em V\u00e1rzea da Palma\",\"Preso em Corinto\",\"Preso em V\u00e1rzea da Palma\",\"Preso por matar a m\u00e3e em V\u00e1rzea da Palma\"],\"articleSection\":[\"Norte de Minas\"],\"inLanguage\":\"pt-BR\",\"potentialAction\":[{\"@type\":\"CommentAction\",\"name\":\"Comment\",\"target\":[\"https:\\\/\\\/aconteceunovale.com.br\\\/portal\\\/?p=195245#respond\"]}]},{\"@type\":\"WebPage\",\"@id\":\"https:\\\/\\\/aconteceunovale.com.br\\\/portal\\\/?p=195245\",\"url\":\"https:\\\/\\\/aconteceunovale.com.br\\\/portal\\\/?p=195245\",\"name\":\"Homem \u00e9 preso em Corinto ap\u00f3s matar a m\u00e3e em V\u00e1rzea da Palma - Aconteceu no Vale\",\"isPartOf\":{\"@id\":\"https:\\\/\\\/aconteceunovale.com.br\\\/portal\\\/#website\"},\"primaryImageOfPage\":{\"@id\":\"https:\\\/\\\/aconteceunovale.com.br\\\/portal\\\/?p=195245#primaryimage\"},\"image\":{\"@id\":\"https:\\\/\\\/aconteceunovale.com.br\\\/portal\\\/?p=195245#primaryimage\"},\"thumbnailUrl\":\"https:\\\/\\\/aconteceunovale.com.br\\\/portal\\\/wp-content\\\/uploads\\\/2025\\\/01\\\/caso_vzp_corinto.png\",\"datePublished\":\"2025-01-14T02:14:50+00:00\",\"dateModified\":\"2025-01-14T02:15:14+00:00\",\"author\":{\"@id\":\"https:\\\/\\\/aconteceunovale.com.br\\\/portal\\\/#\\\/schema\\\/person\\\/7d2f26d1483f8a63de73da1ee0754d35\"},\"breadcrumb\":{\"@id\":\"https:\\\/\\\/aconteceunovale.com.br\\\/portal\\\/?p=195245#breadcrumb\"},\"inLanguage\":\"pt-BR\",\"potentialAction\":[{\"@type\":\"ReadAction\",\"target\":[\"https:\\\/\\\/aconteceunovale.com.br\\\/portal\\\/?p=195245\"]}]},{\"@type\":\"ImageObject\",\"inLanguage\":\"pt-BR\",\"@id\":\"https:\\\/\\\/aconteceunovale.com.br\\\/portal\\\/?p=195245#primaryimage\",\"url\":\"https:\\\/\\\/aconteceunovale.com.br\\\/portal\\\/wp-content\\\/uploads\\\/2025\\\/01\\\/caso_vzp_corinto.png\",\"contentUrl\":\"https:\\\/\\\/aconteceunovale.com.br\\\/portal\\\/wp-content\\\/uploads\\\/2025\\\/01\\\/caso_vzp_corinto.png\",\"width\":678,\"height\":430,\"caption\":\"Foto: Divulga\u00e7\u00e3o \\\/ PMMG\"},{\"@type\":\"BreadcrumbList\",\"@id\":\"https:\\\/\\\/aconteceunovale.com.br\\\/portal\\\/?p=195245#breadcrumb\",\"itemListElement\":[{\"@type\":\"ListItem\",\"position\":1,\"name\":\"In\u00edcio\",\"item\":\"https:\\\/\\\/aconteceunovale.com.br\\\/portal\\\/\"},{\"@type\":\"ListItem\",\"position\":2,\"name\":\"Homem \u00e9 preso em Corinto ap\u00f3s matar a m\u00e3e em V\u00e1rzea da Palma\"}]},{\"@type\":\"WebSite\",\"@id\":\"https:\\\/\\\/aconteceunovale.com.br\\\/portal\\\/#website\",\"url\":\"https:\\\/\\\/aconteceunovale.com.br\\\/portal\\\/\",\"name\":\"Aconteceu no Vale\",\"description\":\"Portal de Not\u00edcias\",\"potentialAction\":[{\"@type\":\"SearchAction\",\"target\":{\"@type\":\"EntryPoint\",\"urlTemplate\":\"https:\\\/\\\/aconteceunovale.com.br\\\/portal\\\/?s={search_term_string}\"},\"query-input\":{\"@type\":\"PropertyValueSpecification\",\"valueRequired\":true,\"valueName\":\"search_term_string\"}}],\"inLanguage\":\"pt-BR\"},{\"@type\":\"Person\",\"@id\":\"https:\\\/\\\/aconteceunovale.com.br\\\/portal\\\/#\\\/schema\\\/person\\\/7d2f26d1483f8a63de73da1ee0754d35\",\"name\":\"Reda\u00e7\u00e3o Aconteceu no Vale\",\"description\":\"Equipe de reportagem do Aconteceu no Vale, portal de not\u00edcias do Vale do Jequitinhonha, em Minas Gerais. Cobrimos as 51 cidades do Vale desde 2013. Sugest\u00f5es de pauta e pedidos de corre\u00e7\u00e3o: contato@aconteceunovale.com.br\",\"url\":\"https:\\\/\\\/aconteceunovale.com.br\\\/portal\\\/?author=4\"}]}<\/script>\n<!-- \/ Yoast SEO plugin. -->","yoast_head_json":{"title":"Homem \u00e9 preso em Corinto ap\u00f3s matar a m\u00e3e em V\u00e1rzea da Palma - Aconteceu no Vale","robots":{"index":"index","follow":"follow","max-snippet":"max-snippet:-1","max-image-preview":"max-image-preview:large","max-video-preview":"max-video-preview:-1"},"canonical":"https:\/\/aconteceunovale.com.br\/portal\/?p=195245","og_locale":"pt_BR","og_type":"article","og_title":"Homem \u00e9 preso em Corinto ap\u00f3s matar a m\u00e3e em V\u00e1rzea da Palma - Aconteceu no Vale","og_description":"Um homem de 39 anos foi preso nesta segunda-feira (13) em um bar de Corinto, ap\u00f3s ser apontado como autor do homic\u00eddio de sua m\u00e3e, de 64 anos, ocorrido em V\u00e1rzea da Palma, no Norte de Minas. De acordo com informa\u00e7\u00f5es da Pol\u00edcia Militar, o crime aconteceu na resid\u00eancia da v\u00edtima, no Bairro Pinlar I. [&hellip;]","og_url":"https:\/\/aconteceunovale.com.br\/portal\/?p=195245","og_site_name":"Aconteceu no Vale","article_publisher":"https:\/\/www.facebook.com\/aconteceunovale\/","article_published_time":"2025-01-14T02:14:50+00:00","article_modified_time":"2025-01-14T02:15:14+00:00","og_image":[{"width":678,"height":430,"url":"https:\/\/aconteceunovale.com.br\/portal\/wp-content\/uploads\/2025\/01\/caso_vzp_corinto.png","type":"image\/png"}],"author":"Reda\u00e7\u00e3o Aconteceu no Vale","twitter_card":"summary_large_image","twitter_creator":"@noticiadosvales","twitter_site":"@noticiadosvales","twitter_misc":{"Escrito por":"Reda\u00e7\u00e3o Aconteceu no Vale","Est. tempo de leitura":"1 minuto"},"schema":{"@context":"https:\/\/schema.org","@graph":[{"@type":"Article","@id":"https:\/\/aconteceunovale.com.br\/portal\/?p=195245#article","isPartOf":{"@id":"https:\/\/aconteceunovale.com.br\/portal\/?p=195245"},"author":{"name":"Reda\u00e7\u00e3o Aconteceu no Vale","@id":"https:\/\/aconteceunovale.com.br\/portal\/#\/schema\/person\/7d2f26d1483f8a63de73da1ee0754d35"},"headline":"Homem \u00e9 preso em Corinto ap\u00f3s matar a m\u00e3e em V\u00e1rzea da Palma","datePublished":"2025-01-14T02:14:50+00:00","dateModified":"2025-01-14T02:15:14+00:00","mainEntityOfPage":{"@id":"https:\/\/aconteceunovale.com.br\/portal\/?p=195245"},"wordCount":182,"commentCount":0,"image":{"@id":"https:\/\/aconteceunovale.com.br\/portal\/?p=195245#primaryimage"},"thumbnailUrl":"https:\/\/aconteceunovale.com.br\/portal\/wp-content\/uploads\/2025\/01\/caso_vzp_corinto.png","keywords":["Corinto","Homem \u00e9 preso em Corinto ap\u00f3s matar a m\u00e3e em V\u00e1rzea da Palma","M\u00e3e assassinada pelo filho em V\u00e1rzea da Palma","Preso em Corinto","Preso em V\u00e1rzea da Palma","Preso por matar a m\u00e3e em V\u00e1rzea da Palma"],"articleSection":["Norte de Minas"],"inLanguage":"pt-BR","potentialAction":[{"@type":"CommentAction","name":"Comment","target":["https:\/\/aconteceunovale.com.br\/portal\/?p=195245#respond"]}]},{"@type":"WebPage","@id":"https:\/\/aconteceunovale.com.br\/portal\/?p=195245","url":"https:\/\/aconteceunovale.com.br\/portal\/?p=195245","name":"Homem \u00e9 preso em Corinto ap\u00f3s matar a m\u00e3e em V\u00e1rzea da Palma - Aconteceu no Vale","isPartOf":{"@id":"https:\/\/aconteceunovale.com.br\/portal\/#website"},"primaryImageOfPage":{"@id":"https:\/\/aconteceunovale.com.br\/portal\/?p=195245#primaryimage"},"image":{"@id":"https:\/\/aconteceunovale.com.br\/portal\/?p=195245#primaryimage"},"thumbnailUrl":"https:\/\/aconteceunovale.com.br\/portal\/wp-content\/uploads\/2025\/01\/caso_vzp_corinto.png","datePublished":"2025-01-14T02:14:50+00:00","dateModified":"2025-01-14T02:15:14+00:00","author":{"@id":"https:\/\/aconteceunovale.com.br\/portal\/#\/schema\/person\/7d2f26d1483f8a63de73da1ee0754d35"},"breadcrumb":{"@id":"https:\/\/aconteceunovale.com.br\/portal\/?p=195245#breadcrumb"},"inLanguage":"pt-BR","potentialAction":[{"@type":"ReadAction","target":["https:\/\/aconteceunovale.com.br\/portal\/?p=195245"]}]},{"@type":"ImageObject","inLanguage":"pt-BR","@id":"https:\/\/aconteceunovale.com.br\/portal\/?p=195245#primaryimage","url":"https:\/\/aconteceunovale.com.br\/portal\/wp-content\/uploads\/2025\/01\/caso_vzp_corinto.png","contentUrl":"https:\/\/aconteceunovale.com.br\/portal\/wp-content\/uploads\/2025\/01\/caso_vzp_corinto.png","width":678,"height":430,"caption":"Foto: Divulga\u00e7\u00e3o \/ PMMG"},{"@type":"BreadcrumbList","@id":"https:\/\/aconteceunovale.com.br\/portal\/?p=195245#breadcrumb","itemListElement":[{"@type":"ListItem","position":1,"name":"In\u00edcio","item":"https:\/\/aconteceunovale.com.br\/portal\/"},{"@type":"ListItem","position":2,"name":"Homem \u00e9 preso em Corinto ap\u00f3s matar a m\u00e3e em V\u00e1rzea da Palma"}]},{"@type":"WebSite","@id":"https:\/\/aconteceunovale.com.br\/portal\/#website","url":"https:\/\/aconteceunovale.com.br\/portal\/","name":"Aconteceu no Vale","description":"Portal de Not\u00edcias","potentialAction":[{"@type":"SearchAction","target":{"@type":"EntryPoint","urlTemplate":"https:\/\/aconteceunovale.com.br\/portal\/?s={search_term_string}"},"query-input":{"@type":"PropertyValueSpecification","valueRequired":true,"valueName":"search_term_string"}}],"inLanguage":"pt-BR"},{"@type":"Person","@id":"https:\/\/aconteceunovale.com.br\/portal\/#\/schema\/person\/7d2f26d1483f8a63de73da1ee0754d35","name":"Reda\u00e7\u00e3o Aconteceu no Vale","description":"Equipe de reportagem do Aconteceu no Vale, portal de not\u00edcias do Vale do Jequitinhonha, em Minas Gerais. Cobrimos as 51 cidades do Vale desde 2013. Sugest\u00f5es de pauta e pedidos de corre\u00e7\u00e3o: contato@aconteceunovale.com.br","url":"https:\/\/aconteceunovale.com.br\/portal\/?author=4"}]}},"_links":{"self":[{"href":"https:\/\/aconteceunovale.com.br\/portal\/index.php?rest_route=\/wp\/v2\/posts\/195245","targetHints":{"allow":["GET"]}}],"collection":[{"href":"https:\/\/aconteceunovale.com.br\/portal\/index.php?rest_route=\/wp\/v2\/posts"}],"about":[{"href":"https:\/\/aconteceunovale.com.br\/portal\/index.php?rest_route=\/wp\/v2\/types\/post"}],"author":[{"embeddable":true,"href":"https:\/\/aconteceunovale.com.br\/portal\/index.php?rest_route=\/wp\/v2\/users\/4"}],"replies":[{"embeddable":true,"href":"https:\/\/aconteceunovale.com.br\/portal\/index.php?rest_route=%2Fwp%2Fv2%2Fcomments&post=195245"}],"version-history":[{"count":1,"href":"https:\/\/aconteceunovale.com.br\/portal\/index.php?rest_route=\/wp\/v2\/posts\/195245\/revisions"}],"predecessor-version":[{"id":195247,"href":"https:\/\/aconteceunovale.com.br\/portal\/index.php?rest_route=\/wp\/v2\/posts\/195245\/revisions\/195247"}],"wp:featuredmedia":[{"embeddable":true,"href":"https:\/\/aconteceunovale.com.br\/portal\/index.php?rest_route=\/wp\/v2\/media\/195246"}],"wp:attachment":[{"href":"https:\/\/aconteceunovale.com.br\/portal\/index.php?rest_route=%2Fwp%2Fv2%2Fmedia&parent=195245"}],"wp:term":[{"taxonomy":"category","embeddable":true,"href":"https:\/\/aconteceunovale.com.br\/portal\/index.php?rest_route=%2Fwp%2Fv2%2Fcategories&post=195245"},{"taxonomy":"post_tag","embeddable":true,"href":"https:\/\/aconteceunovale.com.br\/portal\/index.php?rest_route=%2Fwp%2Fv2%2Ftags&post=195245"}],"curies":[{"name":"wp","href":"https:\/\/api.w.org\/{rel}","templated":true}]}}