{"id":195227,"date":"2025-01-13T20:02:45","date_gmt":"2025-01-13T23:02:45","guid":{"rendered":"https:\/\/aconteceunovale.com.br\/portal\/?p=195227"},"modified":"2025-01-14T17:47:46","modified_gmt":"2025-01-14T20:47:46","slug":"estudante-do-vale-do-rio-doce-e-a-unica-mineira-de-escola-publica-a-obter-nota-maxima-na-redacao-do-enem-2024","status":"publish","type":"post","link":"https:\/\/aconteceunovale.com.br\/portal\/?p=195227","title":{"rendered":"Estudante do Leste de Minas \u00e9 a \u00fanica de escola p\u00fablica a obter nota m\u00e1xima na reda\u00e7\u00e3o do Enem 2024"},"content":{"rendered":"\n<p class=\"wp-block-paragraph\">Minas Gerais se destacou mais uma vez no Exame Nacional do Ensino M\u00e9dio (Enem), com resultados expressivos que refletem a qualidade da educa\u00e7\u00e3o no Estado. De acordo com dados divulgados nesta segunda-feira (13\/1\/2025) pelo Instituto Nacional de Estudos e Pesquisas Educacionais An\u00edsio Teixeira (Inep), a rede estadual de ensino mineira alcan\u00e7ou 331 reda\u00e7\u00f5es com notas variando entre 980 e 1.000, al\u00e9m de outras 4.397 com pontua\u00e7\u00f5es entre 950 e 980.<\/p>\n\n\n\n<figure class=\"wp-block-gallery has-nested-images columns-default is-cropped wp-block-gallery-1 is-layout-flex wp-block-gallery-is-layout-flex\">\n<figure class=\"wp-block-image size-large\"><img loading=\"lazy\" decoding=\"async\" width=\"637\" height=\"439\" data-id=\"195318\" src=\"https:\/\/aconteceunovale.com.br\/portal\/wp-content\/uploads\/2025\/01\/estudante_vgp.png\" alt=\"\" class=\"wp-image-195318\" srcset=\"https:\/\/aconteceunovale.com.br\/portal\/wp-content\/uploads\/2025\/01\/estudante_vgp.png 637w, https:\/\/aconteceunovale.com.br\/portal\/wp-content\/uploads\/2025\/01\/estudante_vgp-300x207.png 300w, https:\/\/aconteceunovale.com.br\/portal\/wp-content\/uploads\/2025\/01\/estudante_vgp-100x70.png 100w, https:\/\/aconteceunovale.com.br\/portal\/wp-content\/uploads\/2025\/01\/estudante_vgp-218x150.png 218w, https:\/\/aconteceunovale.com.br\/portal\/wp-content\/uploads\/2025\/01\/estudante_vgp-609x420.png 609w\" sizes=\"auto, (max-width: 637px) 100vw, 637px\" \/><figcaption class=\"wp-element-caption\"><em>Samille Malta &#8211; Foto: Divulga\u00e7\u00e3o<\/em><\/figcaption><\/figure>\n<\/figure>\n\n\n\n<p class=\"wp-block-paragraph\">Dentre os 12 estudantes que alcan\u00e7aram nota m\u00e1xima na reda\u00e7\u00e3o em todo o pa\u00eds, dois s\u00e3o mineiros. Um dos destaques \u00e9 <strong>Samille Malta<\/strong>, ex-estudante da <strong>Escola Estadual Nossa Senhora do Patroc\u00ednio<\/strong>, em <strong>Virgin\u00f3polis<\/strong>, no Vale do Rio Doce (Leste de Minas), que \u00e9 a \u00fanica estudante de escola p\u00fablica a conquistar a nota 1.000 no pa\u00eds. Samille concluiu o ensino m\u00e9dio no Col\u00e9gio de Aplica\u00e7\u00e3o (Coluni) da Universidade Federal de Vi\u00e7osa (UFV).<\/p>\n\n\n\n<p class=\"wp-block-paragraph\">&#8220;Estou muito feliz e surpresa com o resultado. Sou grata a todos que me apoiaram ao longo do meu caminho de prepara\u00e7\u00e3o, minha fam\u00edlia, meus professores, meus amigos&#8221;, compartilhou Samille, que agora espera que a nota a ajude a conquistar uma vaga no curso de medicina da Universidade Federal de Minas Gerais (UFMG), seu grande sonho.<\/p>\n","protected":false},"excerpt":{"rendered":"<p>Minas Gerais se destacou mais uma vez no Exame Nacional do Ensino M\u00e9dio (Enem), com resultados expressivos que refletem a qualidade da educa\u00e7\u00e3o no Estado. De acordo com dados divulgados nesta segunda-feira (13\/1\/2025) pelo Instituto Nacional de Estudos e Pesquisas Educacionais An\u00edsio Teixeira (Inep), a rede estadual de ensino mineira alcan\u00e7ou 331 reda\u00e7\u00f5es com notas [&hellip;]<\/p>\n","protected":false},"author":4,"featured_media":195318,"comment_status":"open","ping_status":"closed","sticky":false,"template":"","format":"standard","meta":{"amp_status":"","footnotes":""},"categories":[40238,121],"tags":[230190,1018,524,269420,269443,269482,1168,22390,167543,269419,269418,269432,269483,269481,18771,332],"class_list":["post-195227","post","type-post","status-publish","format-standard","has-post-thumbnail","hentry","category-educacao-2","category-leste","tag-coluni-vicosa","tag-destaque","tag-enem","tag-enem-2024","tag-enem-2024-registra-12-redacoes-com-nota-maxima-destaque-para-aluno-de-escola-publica-em-minas-gerais","tag-escola-estadual-nossa-senhora-do-patrocinio","tag-mec","tag-ministerio-da-educacao","tag-resultado-do-enem","tag-resultado-do-enem-2024","tag-resultado-do-enem-2024-sera-divulgado-nesta-segunda","tag-resultados-do-enem-ja-estao-disponiveis","tag-samille-leao-malta","tag-samille-malta","tag-vicosa","tag-virginopolis"],"yoast_head":"<!-- This site is optimized with the Yoast SEO plugin v28.3 - https:\/\/yoast.com\/product\/yoast-seo-wordpress\/ -->\n<title>Estudante do Leste de Minas \u00e9 a \u00fanica de escola p\u00fablica a obter nota m\u00e1xima na reda\u00e7\u00e3o do Enem 2024 - Aconteceu no Vale<\/title>\n<meta name=\"robots\" content=\"index, follow, max-snippet:-1, max-image-preview:large, max-video-preview:-1\" \/>\n<link rel=\"canonical\" href=\"https:\/\/aconteceunovale.com.br\/portal\/?p=195227\" \/>\n<meta property=\"og:locale\" content=\"pt_BR\" \/>\n<meta property=\"og:type\" content=\"article\" \/>\n<meta property=\"og:title\" content=\"Estudante do Leste de Minas \u00e9 a \u00fanica de escola p\u00fablica a obter nota m\u00e1xima na reda\u00e7\u00e3o do Enem 2024 - Aconteceu no Vale\" \/>\n<meta property=\"og:description\" content=\"Minas Gerais se destacou mais uma vez no Exame Nacional do Ensino M\u00e9dio (Enem), com resultados expressivos que refletem a qualidade da educa\u00e7\u00e3o no Estado. De acordo com dados divulgados nesta segunda-feira (13\/1\/2025) pelo Instituto Nacional de Estudos e Pesquisas Educacionais An\u00edsio Teixeira (Inep), a rede estadual de ensino mineira alcan\u00e7ou 331 reda\u00e7\u00f5es com notas [&hellip;]\" \/>\n<meta property=\"og:url\" content=\"https:\/\/aconteceunovale.com.br\/portal\/?p=195227\" \/>\n<meta property=\"og:site_name\" content=\"Aconteceu no Vale\" \/>\n<meta property=\"article:publisher\" content=\"https:\/\/www.facebook.com\/aconteceunovale\/\" \/>\n<meta property=\"article:published_time\" content=\"2025-01-13T23:02:45+00:00\" \/>\n<meta property=\"article:modified_time\" content=\"2025-01-14T20:47:46+00:00\" \/>\n<meta property=\"og:image\" content=\"https:\/\/aconteceunovale.com.br\/portal\/wp-content\/uploads\/2025\/01\/estudante_vgp.png\" \/>\n\t<meta property=\"og:image:width\" content=\"637\" \/>\n\t<meta property=\"og:image:height\" content=\"439\" \/>\n\t<meta property=\"og:image:type\" content=\"image\/png\" \/>\n<meta name=\"author\" content=\"Reda\u00e7\u00e3o Aconteceu no Vale\" \/>\n<meta name=\"twitter:card\" content=\"summary_large_image\" \/>\n<meta name=\"twitter:creator\" content=\"@noticiadosvales\" \/>\n<meta name=\"twitter:site\" content=\"@noticiadosvales\" \/>\n<meta name=\"twitter:label1\" content=\"Escrito por\" \/>\n\t<meta name=\"twitter:data1\" content=\"Reda\u00e7\u00e3o Aconteceu no Vale\" \/>\n\t<meta name=\"twitter:label2\" content=\"Est. tempo de leitura\" \/>\n\t<meta name=\"twitter:data2\" content=\"1 minuto\" \/>\n<script type=\"application\/ld+json\" class=\"yoast-schema-graph\">{\"@context\":\"https:\\\/\\\/schema.org\",\"@graph\":[{\"@type\":\"Article\",\"@id\":\"https:\\\/\\\/aconteceunovale.com.br\\\/portal\\\/?p=195227#article\",\"isPartOf\":{\"@id\":\"https:\\\/\\\/aconteceunovale.com.br\\\/portal\\\/?p=195227\"},\"author\":{\"name\":\"Reda\u00e7\u00e3o Aconteceu no Vale\",\"@id\":\"https:\\\/\\\/aconteceunovale.com.br\\\/portal\\\/#\\\/schema\\\/person\\\/7d2f26d1483f8a63de73da1ee0754d35\"},\"headline\":\"Estudante do Leste de Minas \u00e9 a \u00fanica de escola p\u00fablica a obter nota m\u00e1xima na reda\u00e7\u00e3o do Enem 2024\",\"datePublished\":\"2025-01-13T23:02:45+00:00\",\"dateModified\":\"2025-01-14T20:47:46+00:00\",\"mainEntityOfPage\":{\"@id\":\"https:\\\/\\\/aconteceunovale.com.br\\\/portal\\\/?p=195227\"},\"wordCount\":236,\"commentCount\":0,\"image\":{\"@id\":\"https:\\\/\\\/aconteceunovale.com.br\\\/portal\\\/?p=195227#primaryimage\"},\"thumbnailUrl\":\"https:\\\/\\\/aconteceunovale.com.br\\\/portal\\\/wp-content\\\/uploads\\\/2025\\\/01\\\/estudante_vgp.png\",\"keywords\":[\"Coluni Vi\u00e7osa\",\"destaque\",\"Enem\",\"Enem 2024\",\"Enem 2024 registra 12 reda\u00e7\u00f5es com nota m\u00e1xima; destaque para aluno de escola p\u00fablica em Minas Gerais\",\"Escola Estadual Nossa Senhora do Patroc\u00ednio\",\"mec\",\"Minist\u00e9rio da Educa\u00e7\u00e3o\",\"resultado do Enem\",\"Resultado do Enem 2024\",\"Resultado do Enem 2024 ser\u00e1 divulgado nesta segunda\",\"Resultados do Enem j\u00e1 est\u00e3o dispon\u00edveis\",\"Samille Le\u00e3o Malta\",\"Samille Malta\",\"Vi\u00e7osa\",\"Virgin\u00f3polis\"],\"articleSection\":[\"Educa\u00e7\u00e3o\",\"Leste de Minas\"],\"inLanguage\":\"pt-BR\",\"potentialAction\":[{\"@type\":\"CommentAction\",\"name\":\"Comment\",\"target\":[\"https:\\\/\\\/aconteceunovale.com.br\\\/portal\\\/?p=195227#respond\"]}]},{\"@type\":\"WebPage\",\"@id\":\"https:\\\/\\\/aconteceunovale.com.br\\\/portal\\\/?p=195227\",\"url\":\"https:\\\/\\\/aconteceunovale.com.br\\\/portal\\\/?p=195227\",\"name\":\"Estudante do Leste de Minas \u00e9 a \u00fanica de escola p\u00fablica a obter nota m\u00e1xima na reda\u00e7\u00e3o do Enem 2024 - Aconteceu no Vale\",\"isPartOf\":{\"@id\":\"https:\\\/\\\/aconteceunovale.com.br\\\/portal\\\/#website\"},\"primaryImageOfPage\":{\"@id\":\"https:\\\/\\\/aconteceunovale.com.br\\\/portal\\\/?p=195227#primaryimage\"},\"image\":{\"@id\":\"https:\\\/\\\/aconteceunovale.com.br\\\/portal\\\/?p=195227#primaryimage\"},\"thumbnailUrl\":\"https:\\\/\\\/aconteceunovale.com.br\\\/portal\\\/wp-content\\\/uploads\\\/2025\\\/01\\\/estudante_vgp.png\",\"datePublished\":\"2025-01-13T23:02:45+00:00\",\"dateModified\":\"2025-01-14T20:47:46+00:00\",\"author\":{\"@id\":\"https:\\\/\\\/aconteceunovale.com.br\\\/portal\\\/#\\\/schema\\\/person\\\/7d2f26d1483f8a63de73da1ee0754d35\"},\"breadcrumb\":{\"@id\":\"https:\\\/\\\/aconteceunovale.com.br\\\/portal\\\/?p=195227#breadcrumb\"},\"inLanguage\":\"pt-BR\",\"potentialAction\":[{\"@type\":\"ReadAction\",\"target\":[\"https:\\\/\\\/aconteceunovale.com.br\\\/portal\\\/?p=195227\"]}]},{\"@type\":\"ImageObject\",\"inLanguage\":\"pt-BR\",\"@id\":\"https:\\\/\\\/aconteceunovale.com.br\\\/portal\\\/?p=195227#primaryimage\",\"url\":\"https:\\\/\\\/aconteceunovale.com.br\\\/portal\\\/wp-content\\\/uploads\\\/2025\\\/01\\\/estudante_vgp.png\",\"contentUrl\":\"https:\\\/\\\/aconteceunovale.com.br\\\/portal\\\/wp-content\\\/uploads\\\/2025\\\/01\\\/estudante_vgp.png\",\"width\":637,\"height\":439,\"caption\":\"Foto: Divulga\u00e7\u00e3o\"},{\"@type\":\"BreadcrumbList\",\"@id\":\"https:\\\/\\\/aconteceunovale.com.br\\\/portal\\\/?p=195227#breadcrumb\",\"itemListElement\":[{\"@type\":\"ListItem\",\"position\":1,\"name\":\"In\u00edcio\",\"item\":\"https:\\\/\\\/aconteceunovale.com.br\\\/portal\\\/\"},{\"@type\":\"ListItem\",\"position\":2,\"name\":\"Estudante do Leste de Minas \u00e9 a \u00fanica de escola p\u00fablica a obter nota m\u00e1xima na reda\u00e7\u00e3o do Enem 2024\"}]},{\"@type\":\"WebSite\",\"@id\":\"https:\\\/\\\/aconteceunovale.com.br\\\/portal\\\/#website\",\"url\":\"https:\\\/\\\/aconteceunovale.com.br\\\/portal\\\/\",\"name\":\"Aconteceu no Vale\",\"description\":\"Portal de Not\u00edcias\",\"potentialAction\":[{\"@type\":\"SearchAction\",\"target\":{\"@type\":\"EntryPoint\",\"urlTemplate\":\"https:\\\/\\\/aconteceunovale.com.br\\\/portal\\\/?s={search_term_string}\"},\"query-input\":{\"@type\":\"PropertyValueSpecification\",\"valueRequired\":true,\"valueName\":\"search_term_string\"}}],\"inLanguage\":\"pt-BR\"},{\"@type\":\"Person\",\"@id\":\"https:\\\/\\\/aconteceunovale.com.br\\\/portal\\\/#\\\/schema\\\/person\\\/7d2f26d1483f8a63de73da1ee0754d35\",\"name\":\"Reda\u00e7\u00e3o Aconteceu no Vale\",\"description\":\"Equipe de reportagem do Aconteceu no Vale, portal de not\u00edcias do Vale do Jequitinhonha, em Minas Gerais. Cobrimos as 51 cidades do Vale desde 2013. Sugest\u00f5es de pauta e pedidos de corre\u00e7\u00e3o: contato@aconteceunovale.com.br\",\"url\":\"https:\\\/\\\/aconteceunovale.com.br\\\/portal\\\/?author=4\"}]}<\/script>\n<!-- \/ Yoast SEO plugin. -->","yoast_head_json":{"title":"Estudante do Leste de Minas \u00e9 a \u00fanica de escola p\u00fablica a obter nota m\u00e1xima na reda\u00e7\u00e3o do Enem 2024 - Aconteceu no Vale","robots":{"index":"index","follow":"follow","max-snippet":"max-snippet:-1","max-image-preview":"max-image-preview:large","max-video-preview":"max-video-preview:-1"},"canonical":"https:\/\/aconteceunovale.com.br\/portal\/?p=195227","og_locale":"pt_BR","og_type":"article","og_title":"Estudante do Leste de Minas \u00e9 a \u00fanica de escola p\u00fablica a obter nota m\u00e1xima na reda\u00e7\u00e3o do Enem 2024 - Aconteceu no Vale","og_description":"Minas Gerais se destacou mais uma vez no Exame Nacional do Ensino M\u00e9dio (Enem), com resultados expressivos que refletem a qualidade da educa\u00e7\u00e3o no Estado. De acordo com dados divulgados nesta segunda-feira (13\/1\/2025) pelo Instituto Nacional de Estudos e Pesquisas Educacionais An\u00edsio Teixeira (Inep), a rede estadual de ensino mineira alcan\u00e7ou 331 reda\u00e7\u00f5es com notas [&hellip;]","og_url":"https:\/\/aconteceunovale.com.br\/portal\/?p=195227","og_site_name":"Aconteceu no Vale","article_publisher":"https:\/\/www.facebook.com\/aconteceunovale\/","article_published_time":"2025-01-13T23:02:45+00:00","article_modified_time":"2025-01-14T20:47:46+00:00","og_image":[{"width":637,"height":439,"url":"https:\/\/aconteceunovale.com.br\/portal\/wp-content\/uploads\/2025\/01\/estudante_vgp.png","type":"image\/png"}],"author":"Reda\u00e7\u00e3o Aconteceu no Vale","twitter_card":"summary_large_image","twitter_creator":"@noticiadosvales","twitter_site":"@noticiadosvales","twitter_misc":{"Escrito por":"Reda\u00e7\u00e3o Aconteceu no Vale","Est. tempo de leitura":"1 minuto"},"schema":{"@context":"https:\/\/schema.org","@graph":[{"@type":"Article","@id":"https:\/\/aconteceunovale.com.br\/portal\/?p=195227#article","isPartOf":{"@id":"https:\/\/aconteceunovale.com.br\/portal\/?p=195227"},"author":{"name":"Reda\u00e7\u00e3o Aconteceu no Vale","@id":"https:\/\/aconteceunovale.com.br\/portal\/#\/schema\/person\/7d2f26d1483f8a63de73da1ee0754d35"},"headline":"Estudante do Leste de Minas \u00e9 a \u00fanica de escola p\u00fablica a obter nota m\u00e1xima na reda\u00e7\u00e3o do Enem 2024","datePublished":"2025-01-13T23:02:45+00:00","dateModified":"2025-01-14T20:47:46+00:00","mainEntityOfPage":{"@id":"https:\/\/aconteceunovale.com.br\/portal\/?p=195227"},"wordCount":236,"commentCount":0,"image":{"@id":"https:\/\/aconteceunovale.com.br\/portal\/?p=195227#primaryimage"},"thumbnailUrl":"https:\/\/aconteceunovale.com.br\/portal\/wp-content\/uploads\/2025\/01\/estudante_vgp.png","keywords":["Coluni Vi\u00e7osa","destaque","Enem","Enem 2024","Enem 2024 registra 12 reda\u00e7\u00f5es com nota m\u00e1xima; destaque para aluno de escola p\u00fablica em Minas Gerais","Escola Estadual Nossa Senhora do Patroc\u00ednio","mec","Minist\u00e9rio da Educa\u00e7\u00e3o","resultado do Enem","Resultado do Enem 2024","Resultado do Enem 2024 ser\u00e1 divulgado nesta segunda","Resultados do Enem j\u00e1 est\u00e3o dispon\u00edveis","Samille Le\u00e3o Malta","Samille Malta","Vi\u00e7osa","Virgin\u00f3polis"],"articleSection":["Educa\u00e7\u00e3o","Leste de Minas"],"inLanguage":"pt-BR","potentialAction":[{"@type":"CommentAction","name":"Comment","target":["https:\/\/aconteceunovale.com.br\/portal\/?p=195227#respond"]}]},{"@type":"WebPage","@id":"https:\/\/aconteceunovale.com.br\/portal\/?p=195227","url":"https:\/\/aconteceunovale.com.br\/portal\/?p=195227","name":"Estudante do Leste de Minas \u00e9 a \u00fanica de escola p\u00fablica a obter nota m\u00e1xima na reda\u00e7\u00e3o do Enem 2024 - Aconteceu no Vale","isPartOf":{"@id":"https:\/\/aconteceunovale.com.br\/portal\/#website"},"primaryImageOfPage":{"@id":"https:\/\/aconteceunovale.com.br\/portal\/?p=195227#primaryimage"},"image":{"@id":"https:\/\/aconteceunovale.com.br\/portal\/?p=195227#primaryimage"},"thumbnailUrl":"https:\/\/aconteceunovale.com.br\/portal\/wp-content\/uploads\/2025\/01\/estudante_vgp.png","datePublished":"2025-01-13T23:02:45+00:00","dateModified":"2025-01-14T20:47:46+00:00","author":{"@id":"https:\/\/aconteceunovale.com.br\/portal\/#\/schema\/person\/7d2f26d1483f8a63de73da1ee0754d35"},"breadcrumb":{"@id":"https:\/\/aconteceunovale.com.br\/portal\/?p=195227#breadcrumb"},"inLanguage":"pt-BR","potentialAction":[{"@type":"ReadAction","target":["https:\/\/aconteceunovale.com.br\/portal\/?p=195227"]}]},{"@type":"ImageObject","inLanguage":"pt-BR","@id":"https:\/\/aconteceunovale.com.br\/portal\/?p=195227#primaryimage","url":"https:\/\/aconteceunovale.com.br\/portal\/wp-content\/uploads\/2025\/01\/estudante_vgp.png","contentUrl":"https:\/\/aconteceunovale.com.br\/portal\/wp-content\/uploads\/2025\/01\/estudante_vgp.png","width":637,"height":439,"caption":"Foto: Divulga\u00e7\u00e3o"},{"@type":"BreadcrumbList","@id":"https:\/\/aconteceunovale.com.br\/portal\/?p=195227#breadcrumb","itemListElement":[{"@type":"ListItem","position":1,"name":"In\u00edcio","item":"https:\/\/aconteceunovale.com.br\/portal\/"},{"@type":"ListItem","position":2,"name":"Estudante do Leste de Minas \u00e9 a \u00fanica de escola p\u00fablica a obter nota m\u00e1xima na reda\u00e7\u00e3o do Enem 2024"}]},{"@type":"WebSite","@id":"https:\/\/aconteceunovale.com.br\/portal\/#website","url":"https:\/\/aconteceunovale.com.br\/portal\/","name":"Aconteceu no Vale","description":"Portal de Not\u00edcias","potentialAction":[{"@type":"SearchAction","target":{"@type":"EntryPoint","urlTemplate":"https:\/\/aconteceunovale.com.br\/portal\/?s={search_term_string}"},"query-input":{"@type":"PropertyValueSpecification","valueRequired":true,"valueName":"search_term_string"}}],"inLanguage":"pt-BR"},{"@type":"Person","@id":"https:\/\/aconteceunovale.com.br\/portal\/#\/schema\/person\/7d2f26d1483f8a63de73da1ee0754d35","name":"Reda\u00e7\u00e3o Aconteceu no Vale","description":"Equipe de reportagem do Aconteceu no Vale, portal de not\u00edcias do Vale do Jequitinhonha, em Minas Gerais. Cobrimos as 51 cidades do Vale desde 2013. Sugest\u00f5es de pauta e pedidos de corre\u00e7\u00e3o: contato@aconteceunovale.com.br","url":"https:\/\/aconteceunovale.com.br\/portal\/?author=4"}]}},"_links":{"self":[{"href":"https:\/\/aconteceunovale.com.br\/portal\/index.php?rest_route=\/wp\/v2\/posts\/195227","targetHints":{"allow":["GET"]}}],"collection":[{"href":"https:\/\/aconteceunovale.com.br\/portal\/index.php?rest_route=\/wp\/v2\/posts"}],"about":[{"href":"https:\/\/aconteceunovale.com.br\/portal\/index.php?rest_route=\/wp\/v2\/types\/post"}],"author":[{"embeddable":true,"href":"https:\/\/aconteceunovale.com.br\/portal\/index.php?rest_route=\/wp\/v2\/users\/4"}],"replies":[{"embeddable":true,"href":"https:\/\/aconteceunovale.com.br\/portal\/index.php?rest_route=%2Fwp%2Fv2%2Fcomments&post=195227"}],"version-history":[{"count":4,"href":"https:\/\/aconteceunovale.com.br\/portal\/index.php?rest_route=\/wp\/v2\/posts\/195227\/revisions"}],"predecessor-version":[{"id":195319,"href":"https:\/\/aconteceunovale.com.br\/portal\/index.php?rest_route=\/wp\/v2\/posts\/195227\/revisions\/195319"}],"wp:featuredmedia":[{"embeddable":true,"href":"https:\/\/aconteceunovale.com.br\/portal\/index.php?rest_route=\/wp\/v2\/media\/195318"}],"wp:attachment":[{"href":"https:\/\/aconteceunovale.com.br\/portal\/index.php?rest_route=%2Fwp%2Fv2%2Fmedia&parent=195227"}],"wp:term":[{"taxonomy":"category","embeddable":true,"href":"https:\/\/aconteceunovale.com.br\/portal\/index.php?rest_route=%2Fwp%2Fv2%2Fcategories&post=195227"},{"taxonomy":"post_tag","embeddable":true,"href":"https:\/\/aconteceunovale.com.br\/portal\/index.php?rest_route=%2Fwp%2Fv2%2Ftags&post=195227"}],"curies":[{"name":"wp","href":"https:\/\/api.w.org\/{rel}","templated":true}]}}