{"id":195222,"date":"2025-01-13T19:12:04","date_gmt":"2025-01-13T22:12:04","guid":{"rendered":"https:\/\/aconteceunovale.com.br\/portal\/?p=195222"},"modified":"2026-09-02T18:08:15","modified_gmt":"2026-09-02T21:08:15","slug":"bombeiros-realizam-operacao-aerea-para-resgatar-familia-ilhada-no-norte-de-minas","status":"publish","type":"post","link":"https:\/\/aconteceunovale.com.br\/portal\/?p=195222","title":{"rendered":"Bombeiros realizam opera\u00e7\u00e3o a\u00e9rea para resgatar fam\u00edlia ilhada no Norte de Minas"},"content":{"rendered":"\n<p class=\"wp-block-paragraph\">Na manh\u00e3 desta segunda-feira (13\/1\/2025), o Corpo de Bombeiros Militar de Minas Gerais, por meio do 7\u00ba Batalh\u00e3o, foi acionado para resgatar uma fam\u00edlia de quatro pessoas ilhada na zona rural de Francisco S\u00e1, no povoado de S\u00e3o Geraldo. A situa\u00e7\u00e3o foi provocada pelas fortes chuvas que atingem a regi\u00e3o, fazendo com que a \u00e1gua invadisse a resid\u00eancia e colocasse os moradores em risco.<\/p>\n\n\n\n<figure class=\"wp-block-gallery has-nested-images columns-default is-cropped wp-block-gallery-1 is-layout-flex wp-block-gallery-is-layout-flex\">\n<figure class=\"wp-block-image size-large\"><img loading=\"lazy\" decoding=\"async\" width=\"678\" height=\"419\" data-id=\"195223\" src=\"https:\/\/aconteceunovale.com.br\/portal\/wp-content\/uploads\/2025\/01\/ilhados_nm_1.png\" alt=\"\" class=\"wp-image-195223\" srcset=\"https:\/\/aconteceunovale.com.br\/portal\/wp-content\/uploads\/2025\/01\/ilhados_nm_1.png 678w, https:\/\/aconteceunovale.com.br\/portal\/wp-content\/uploads\/2025\/01\/ilhados_nm_1-300x185.png 300w, https:\/\/aconteceunovale.com.br\/portal\/wp-content\/uploads\/2025\/01\/ilhados_nm_1-356x220.png 356w\" sizes=\"auto, (max-width: 678px) 100vw, 678px\" \/><figcaption class=\"wp-element-caption\"><em>Foto: ASCOM\/7\u00baBBM<\/em><\/figcaption><\/figure>\n<\/figure>\n\n\n\n<p class=\"wp-block-paragraph\">Inicialmente, uma equipe do Pelot\u00e3o de Jana\u00faba, unidade mais pr\u00f3xima, tentou acessar o local por terra, mas encontrou tr\u00eas pontos de interrup\u00e7\u00e3o no trajeto devido \u00e0 for\u00e7a da correnteza e ao extravasamento de \u00e1gua. A tentativa de aproxima\u00e7\u00e3o com embarca\u00e7\u00f5es tamb\u00e9m foi inviabilizada.<\/p>\n\n\n\n<p class=\"wp-block-paragraph\">O comandante do Pelot\u00e3o conseguiu confirmar as informa\u00e7\u00f5es com populares do povoado e identificou a necessidade urgente de remo\u00e7\u00e3o da fam\u00edlia. As coordenadas de um campo de futebol, que permanece seco, foram obtidas para viabilizar o pouso de uma aeronave.<\/p>\n\n\n\n<p class=\"wp-block-paragraph\">Diante das condi\u00e7\u00f5es, foi mobilizado o helic\u00f3ptero Arcanjo 06, da 3\u00aa Companhia Especial de Opera\u00e7\u00f5es A\u00e9reas, para realizar o salvamento.<\/p>\n\n\n\n<p class=\"wp-block-paragraph\">A Coordenadoria Municipal de Francisco S\u00e1 disponibilizou a Escola Municipal Wanderley de Oliveira Brito como abrigo para a fam\u00edlia, caso seja necess\u00e1rio. O Corpo de Bombeiros segue monitorando a situa\u00e7\u00e3o e prestando apoio \u00e0s v\u00edtimas das chuvas na regi\u00e3o.<\/p>\n\n\n\n<figure class=\"wp-block-gallery has-nested-images columns-1 is-cropped wp-block-gallery-2 is-layout-flex wp-block-gallery-is-layout-flex\">\n<figure class=\"wp-block-image size-large\"><img loading=\"lazy\" decoding=\"async\" width=\"678\" height=\"398\" data-id=\"195224\" src=\"https:\/\/aconteceunovale.com.br\/portal\/wp-content\/uploads\/2025\/01\/ilhados_nm_3.png\" alt=\"\" class=\"wp-image-195224\" srcset=\"https:\/\/aconteceunovale.com.br\/portal\/wp-content\/uploads\/2025\/01\/ilhados_nm_3.png 678w, https:\/\/aconteceunovale.com.br\/portal\/wp-content\/uploads\/2025\/01\/ilhados_nm_3-300x176.png 300w\" sizes=\"auto, (max-width: 678px) 100vw, 678px\" \/><figcaption class=\"wp-element-caption\"><em>Foto: ASCOM\/7\u00baBBM<\/em><\/figcaption><\/figure>\n\n\n\n<figure class=\"wp-block-image size-large\"><img loading=\"lazy\" decoding=\"async\" width=\"678\" height=\"396\" data-id=\"195225\" src=\"https:\/\/aconteceunovale.com.br\/portal\/wp-content\/uploads\/2025\/01\/ilhados_nm_2.png\" alt=\"\" class=\"wp-image-195225\" srcset=\"https:\/\/aconteceunovale.com.br\/portal\/wp-content\/uploads\/2025\/01\/ilhados_nm_2.png 678w, https:\/\/aconteceunovale.com.br\/portal\/wp-content\/uploads\/2025\/01\/ilhados_nm_2-300x175.png 300w\" sizes=\"auto, (max-width: 678px) 100vw, 678px\" \/><figcaption class=\"wp-element-caption\"><em>Foto: ASCOM\/7\u00baBBM<\/em><\/figcaption><\/figure>\n<\/figure>\n","protected":false},"excerpt":{"rendered":"<p>Na manh\u00e3 desta segunda-feira (13\/1\/2025), o Corpo de Bombeiros Militar de Minas Gerais, por meio do 7\u00ba Batalh\u00e3o, foi acionado para resgatar uma fam\u00edlia de quatro pessoas ilhada na zona rural de Francisco S\u00e1, no povoado de S\u00e3o Geraldo. A situa\u00e7\u00e3o foi provocada pelas fortes chuvas que atingem a regi\u00e3o, fazendo com que a \u00e1gua [&hellip;]<\/p>\n","protected":false},"author":4,"featured_media":195223,"comment_status":"open","ping_status":"closed","sticky":false,"template":"","format":"standard","meta":{"amp_status":"","footnotes":""},"categories":[1236],"tags":[269478,269477,1018,269480,1395,269479],"class_list":["post-195222","post","type-post","status-publish","format-standard","has-post-thumbnail","hentry","category-norte_de_minas","tag-bombeiros-realizam-operacao-aerea-para-resgatar-familia-ilhada-em-francisco-sa","tag-bombeiros-realizam-operacao-aerea-para-resgatar-familia-ilhada-no-norte-de-minas","tag-destaque","tag-familia-ilhada-em-francisco-sa","tag-francisco-sa","tag-povoado-de-sao-geraldo-francisco-sa"],"yoast_head":"<!-- This site is optimized with the Yoast SEO plugin v28.3 - https:\/\/yoast.com\/product\/yoast-seo-wordpress\/ -->\n<title>Bombeiros realizam opera\u00e7\u00e3o a\u00e9rea para resgatar fam\u00edlia ilhada no Norte de Minas - Aconteceu no Vale<\/title>\n<meta name=\"robots\" content=\"index, follow, max-snippet:-1, max-image-preview:large, max-video-preview:-1\" \/>\n<link rel=\"canonical\" href=\"https:\/\/aconteceunovale.com.br\/portal\/?p=195222\" \/>\n<meta property=\"og:locale\" content=\"pt_BR\" \/>\n<meta property=\"og:type\" content=\"article\" \/>\n<meta property=\"og:title\" content=\"Bombeiros realizam opera\u00e7\u00e3o a\u00e9rea para resgatar fam\u00edlia ilhada no Norte de Minas - Aconteceu no Vale\" \/>\n<meta property=\"og:description\" content=\"Na manh\u00e3 desta segunda-feira (13\/1\/2025), o Corpo de Bombeiros Militar de Minas Gerais, por meio do 7\u00ba Batalh\u00e3o, foi acionado para resgatar uma fam\u00edlia de quatro pessoas ilhada na zona rural de Francisco S\u00e1, no povoado de S\u00e3o Geraldo. A situa\u00e7\u00e3o foi provocada pelas fortes chuvas que atingem a regi\u00e3o, fazendo com que a \u00e1gua [&hellip;]\" \/>\n<meta property=\"og:url\" content=\"https:\/\/aconteceunovale.com.br\/portal\/?p=195222\" \/>\n<meta property=\"og:site_name\" content=\"Aconteceu no Vale\" \/>\n<meta property=\"article:publisher\" content=\"https:\/\/www.facebook.com\/aconteceunovale\/\" \/>\n<meta property=\"article:published_time\" content=\"2025-01-13T22:12:04+00:00\" \/>\n<meta property=\"article:modified_time\" content=\"2026-09-02T21:08:15+00:00\" \/>\n<meta property=\"og:image\" content=\"https:\/\/aconteceunovale.com.br\/portal\/wp-content\/uploads\/2025\/01\/ilhados_nm_1.png\" \/>\n\t<meta property=\"og:image:width\" content=\"678\" \/>\n\t<meta property=\"og:image:height\" content=\"419\" \/>\n\t<meta property=\"og:image:type\" content=\"image\/png\" \/>\n<meta name=\"author\" content=\"Reda\u00e7\u00e3o Aconteceu no Vale\" \/>\n<meta name=\"twitter:card\" content=\"summary_large_image\" \/>\n<meta name=\"twitter:creator\" content=\"@noticiadosvales\" \/>\n<meta name=\"twitter:site\" content=\"@noticiadosvales\" \/>\n<meta name=\"twitter:label1\" content=\"Escrito por\" \/>\n\t<meta name=\"twitter:data1\" content=\"Reda\u00e7\u00e3o Aconteceu no Vale\" \/>\n\t<meta name=\"twitter:label2\" content=\"Est. tempo de leitura\" \/>\n\t<meta name=\"twitter:data2\" content=\"1 minuto\" \/>\n<script type=\"application\/ld+json\" class=\"yoast-schema-graph\">{\"@context\":\"https:\\\/\\\/schema.org\",\"@graph\":[{\"@type\":\"Article\",\"@id\":\"https:\\\/\\\/aconteceunovale.com.br\\\/portal\\\/?p=195222#article\",\"isPartOf\":{\"@id\":\"https:\\\/\\\/aconteceunovale.com.br\\\/portal\\\/?p=195222\"},\"author\":{\"name\":\"Reda\u00e7\u00e3o Aconteceu no Vale\",\"@id\":\"https:\\\/\\\/aconteceunovale.com.br\\\/portal\\\/#\\\/schema\\\/person\\\/7d2f26d1483f8a63de73da1ee0754d35\"},\"headline\":\"Bombeiros realizam opera\u00e7\u00e3o a\u00e9rea para resgatar fam\u00edlia ilhada no Norte de Minas\",\"datePublished\":\"2025-01-13T22:12:04+00:00\",\"dateModified\":\"2026-09-02T21:08:15+00:00\",\"mainEntityOfPage\":{\"@id\":\"https:\\\/\\\/aconteceunovale.com.br\\\/portal\\\/?p=195222\"},\"wordCount\":253,\"commentCount\":0,\"image\":{\"@id\":\"https:\\\/\\\/aconteceunovale.com.br\\\/portal\\\/?p=195222#primaryimage\"},\"thumbnailUrl\":\"https:\\\/\\\/aconteceunovale.com.br\\\/portal\\\/wp-content\\\/uploads\\\/2025\\\/01\\\/ilhados_nm_1.png\",\"keywords\":[\"Bombeiros realizam opera\u00e7\u00e3o a\u00e9rea para resgatar fam\u00edlia ilhada em Francisco S\u00e1\",\"Bombeiros realizam opera\u00e7\u00e3o a\u00e9rea para resgatar fam\u00edlia ilhada no Norte de Minas\",\"destaque\",\"Fam\u00edlia ilhada em Francisco S\u00e1\",\"francisco s\u00e1\",\"Povoado de S\u00e3o Geraldo Francisco S\u00e1\"],\"articleSection\":[\"Norte de Minas\"],\"inLanguage\":\"pt-BR\",\"potentialAction\":[{\"@type\":\"CommentAction\",\"name\":\"Comment\",\"target\":[\"https:\\\/\\\/aconteceunovale.com.br\\\/portal\\\/?p=195222#respond\"]}]},{\"@type\":\"WebPage\",\"@id\":\"https:\\\/\\\/aconteceunovale.com.br\\\/portal\\\/?p=195222\",\"url\":\"https:\\\/\\\/aconteceunovale.com.br\\\/portal\\\/?p=195222\",\"name\":\"Bombeiros realizam opera\u00e7\u00e3o a\u00e9rea para resgatar fam\u00edlia ilhada no Norte de Minas - Aconteceu no Vale\",\"isPartOf\":{\"@id\":\"https:\\\/\\\/aconteceunovale.com.br\\\/portal\\\/#website\"},\"primaryImageOfPage\":{\"@id\":\"https:\\\/\\\/aconteceunovale.com.br\\\/portal\\\/?p=195222#primaryimage\"},\"image\":{\"@id\":\"https:\\\/\\\/aconteceunovale.com.br\\\/portal\\\/?p=195222#primaryimage\"},\"thumbnailUrl\":\"https:\\\/\\\/aconteceunovale.com.br\\\/portal\\\/wp-content\\\/uploads\\\/2025\\\/01\\\/ilhados_nm_1.png\",\"datePublished\":\"2025-01-13T22:12:04+00:00\",\"dateModified\":\"2026-09-02T21:08:15+00:00\",\"author\":{\"@id\":\"https:\\\/\\\/aconteceunovale.com.br\\\/portal\\\/#\\\/schema\\\/person\\\/7d2f26d1483f8a63de73da1ee0754d35\"},\"breadcrumb\":{\"@id\":\"https:\\\/\\\/aconteceunovale.com.br\\\/portal\\\/?p=195222#breadcrumb\"},\"inLanguage\":\"pt-BR\",\"potentialAction\":[{\"@type\":\"ReadAction\",\"target\":[\"https:\\\/\\\/aconteceunovale.com.br\\\/portal\\\/?p=195222\"]}]},{\"@type\":\"ImageObject\",\"inLanguage\":\"pt-BR\",\"@id\":\"https:\\\/\\\/aconteceunovale.com.br\\\/portal\\\/?p=195222#primaryimage\",\"url\":\"https:\\\/\\\/aconteceunovale.com.br\\\/portal\\\/wp-content\\\/uploads\\\/2025\\\/01\\\/ilhados_nm_1.png\",\"contentUrl\":\"https:\\\/\\\/aconteceunovale.com.br\\\/portal\\\/wp-content\\\/uploads\\\/2025\\\/01\\\/ilhados_nm_1.png\",\"width\":678,\"height\":419,\"caption\":\"Foto: ASCOM\\\/7\u00baBBM\"},{\"@type\":\"BreadcrumbList\",\"@id\":\"https:\\\/\\\/aconteceunovale.com.br\\\/portal\\\/?p=195222#breadcrumb\",\"itemListElement\":[{\"@type\":\"ListItem\",\"position\":1,\"name\":\"In\u00edcio\",\"item\":\"https:\\\/\\\/aconteceunovale.com.br\\\/portal\\\/\"},{\"@type\":\"ListItem\",\"position\":2,\"name\":\"Bombeiros realizam opera\u00e7\u00e3o a\u00e9rea para resgatar fam\u00edlia ilhada no Norte de Minas\"}]},{\"@type\":\"WebSite\",\"@id\":\"https:\\\/\\\/aconteceunovale.com.br\\\/portal\\\/#website\",\"url\":\"https:\\\/\\\/aconteceunovale.com.br\\\/portal\\\/\",\"name\":\"Aconteceu no Vale\",\"description\":\"Portal de Not\u00edcias\",\"potentialAction\":[{\"@type\":\"SearchAction\",\"target\":{\"@type\":\"EntryPoint\",\"urlTemplate\":\"https:\\\/\\\/aconteceunovale.com.br\\\/portal\\\/?s={search_term_string}\"},\"query-input\":{\"@type\":\"PropertyValueSpecification\",\"valueRequired\":true,\"valueName\":\"search_term_string\"}}],\"inLanguage\":\"pt-BR\"},{\"@type\":\"Person\",\"@id\":\"https:\\\/\\\/aconteceunovale.com.br\\\/portal\\\/#\\\/schema\\\/person\\\/7d2f26d1483f8a63de73da1ee0754d35\",\"name\":\"Reda\u00e7\u00e3o Aconteceu no Vale\",\"description\":\"Equipe de reportagem do Aconteceu no Vale, portal de not\u00edcias do Vale do Jequitinhonha, em Minas Gerais. Cobrimos as 51 cidades do Vale desde 2013. Sugest\u00f5es de pauta e pedidos de corre\u00e7\u00e3o: contato@aconteceunovale.com.br\",\"url\":\"https:\\\/\\\/aconteceunovale.com.br\\\/portal\\\/?author=4\"}]}<\/script>\n<!-- \/ Yoast SEO plugin. -->","yoast_head_json":{"title":"Bombeiros realizam opera\u00e7\u00e3o a\u00e9rea para resgatar fam\u00edlia ilhada no Norte de Minas - Aconteceu no Vale","robots":{"index":"index","follow":"follow","max-snippet":"max-snippet:-1","max-image-preview":"max-image-preview:large","max-video-preview":"max-video-preview:-1"},"canonical":"https:\/\/aconteceunovale.com.br\/portal\/?p=195222","og_locale":"pt_BR","og_type":"article","og_title":"Bombeiros realizam opera\u00e7\u00e3o a\u00e9rea para resgatar fam\u00edlia ilhada no Norte de Minas - Aconteceu no Vale","og_description":"Na manh\u00e3 desta segunda-feira (13\/1\/2025), o Corpo de Bombeiros Militar de Minas Gerais, por meio do 7\u00ba Batalh\u00e3o, foi acionado para resgatar uma fam\u00edlia de quatro pessoas ilhada na zona rural de Francisco S\u00e1, no povoado de S\u00e3o Geraldo. A situa\u00e7\u00e3o foi provocada pelas fortes chuvas que atingem a regi\u00e3o, fazendo com que a \u00e1gua [&hellip;]","og_url":"https:\/\/aconteceunovale.com.br\/portal\/?p=195222","og_site_name":"Aconteceu no Vale","article_publisher":"https:\/\/www.facebook.com\/aconteceunovale\/","article_published_time":"2025-01-13T22:12:04+00:00","article_modified_time":"2026-09-02T21:08:15+00:00","og_image":[{"width":678,"height":419,"url":"https:\/\/aconteceunovale.com.br\/portal\/wp-content\/uploads\/2025\/01\/ilhados_nm_1.png","type":"image\/png"}],"author":"Reda\u00e7\u00e3o Aconteceu no Vale","twitter_card":"summary_large_image","twitter_creator":"@noticiadosvales","twitter_site":"@noticiadosvales","twitter_misc":{"Escrito por":"Reda\u00e7\u00e3o Aconteceu no Vale","Est. tempo de leitura":"1 minuto"},"schema":{"@context":"https:\/\/schema.org","@graph":[{"@type":"Article","@id":"https:\/\/aconteceunovale.com.br\/portal\/?p=195222#article","isPartOf":{"@id":"https:\/\/aconteceunovale.com.br\/portal\/?p=195222"},"author":{"name":"Reda\u00e7\u00e3o Aconteceu no Vale","@id":"https:\/\/aconteceunovale.com.br\/portal\/#\/schema\/person\/7d2f26d1483f8a63de73da1ee0754d35"},"headline":"Bombeiros realizam opera\u00e7\u00e3o a\u00e9rea para resgatar fam\u00edlia ilhada no Norte de Minas","datePublished":"2025-01-13T22:12:04+00:00","dateModified":"2026-09-02T21:08:15+00:00","mainEntityOfPage":{"@id":"https:\/\/aconteceunovale.com.br\/portal\/?p=195222"},"wordCount":253,"commentCount":0,"image":{"@id":"https:\/\/aconteceunovale.com.br\/portal\/?p=195222#primaryimage"},"thumbnailUrl":"https:\/\/aconteceunovale.com.br\/portal\/wp-content\/uploads\/2025\/01\/ilhados_nm_1.png","keywords":["Bombeiros realizam opera\u00e7\u00e3o a\u00e9rea para resgatar fam\u00edlia ilhada em Francisco S\u00e1","Bombeiros realizam opera\u00e7\u00e3o a\u00e9rea para resgatar fam\u00edlia ilhada no Norte de Minas","destaque","Fam\u00edlia ilhada em Francisco S\u00e1","francisco s\u00e1","Povoado de S\u00e3o Geraldo Francisco S\u00e1"],"articleSection":["Norte de Minas"],"inLanguage":"pt-BR","potentialAction":[{"@type":"CommentAction","name":"Comment","target":["https:\/\/aconteceunovale.com.br\/portal\/?p=195222#respond"]}]},{"@type":"WebPage","@id":"https:\/\/aconteceunovale.com.br\/portal\/?p=195222","url":"https:\/\/aconteceunovale.com.br\/portal\/?p=195222","name":"Bombeiros realizam opera\u00e7\u00e3o a\u00e9rea para resgatar fam\u00edlia ilhada no Norte de Minas - Aconteceu no Vale","isPartOf":{"@id":"https:\/\/aconteceunovale.com.br\/portal\/#website"},"primaryImageOfPage":{"@id":"https:\/\/aconteceunovale.com.br\/portal\/?p=195222#primaryimage"},"image":{"@id":"https:\/\/aconteceunovale.com.br\/portal\/?p=195222#primaryimage"},"thumbnailUrl":"https:\/\/aconteceunovale.com.br\/portal\/wp-content\/uploads\/2025\/01\/ilhados_nm_1.png","datePublished":"2025-01-13T22:12:04+00:00","dateModified":"2026-09-02T21:08:15+00:00","author":{"@id":"https:\/\/aconteceunovale.com.br\/portal\/#\/schema\/person\/7d2f26d1483f8a63de73da1ee0754d35"},"breadcrumb":{"@id":"https:\/\/aconteceunovale.com.br\/portal\/?p=195222#breadcrumb"},"inLanguage":"pt-BR","potentialAction":[{"@type":"ReadAction","target":["https:\/\/aconteceunovale.com.br\/portal\/?p=195222"]}]},{"@type":"ImageObject","inLanguage":"pt-BR","@id":"https:\/\/aconteceunovale.com.br\/portal\/?p=195222#primaryimage","url":"https:\/\/aconteceunovale.com.br\/portal\/wp-content\/uploads\/2025\/01\/ilhados_nm_1.png","contentUrl":"https:\/\/aconteceunovale.com.br\/portal\/wp-content\/uploads\/2025\/01\/ilhados_nm_1.png","width":678,"height":419,"caption":"Foto: ASCOM\/7\u00baBBM"},{"@type":"BreadcrumbList","@id":"https:\/\/aconteceunovale.com.br\/portal\/?p=195222#breadcrumb","itemListElement":[{"@type":"ListItem","position":1,"name":"In\u00edcio","item":"https:\/\/aconteceunovale.com.br\/portal\/"},{"@type":"ListItem","position":2,"name":"Bombeiros realizam opera\u00e7\u00e3o a\u00e9rea para resgatar fam\u00edlia ilhada no Norte de Minas"}]},{"@type":"WebSite","@id":"https:\/\/aconteceunovale.com.br\/portal\/#website","url":"https:\/\/aconteceunovale.com.br\/portal\/","name":"Aconteceu no Vale","description":"Portal de Not\u00edcias","potentialAction":[{"@type":"SearchAction","target":{"@type":"EntryPoint","urlTemplate":"https:\/\/aconteceunovale.com.br\/portal\/?s={search_term_string}"},"query-input":{"@type":"PropertyValueSpecification","valueRequired":true,"valueName":"search_term_string"}}],"inLanguage":"pt-BR"},{"@type":"Person","@id":"https:\/\/aconteceunovale.com.br\/portal\/#\/schema\/person\/7d2f26d1483f8a63de73da1ee0754d35","name":"Reda\u00e7\u00e3o Aconteceu no Vale","description":"Equipe de reportagem do Aconteceu no Vale, portal de not\u00edcias do Vale do Jequitinhonha, em Minas Gerais. Cobrimos as 51 cidades do Vale desde 2013. Sugest\u00f5es de pauta e pedidos de corre\u00e7\u00e3o: contato@aconteceunovale.com.br","url":"https:\/\/aconteceunovale.com.br\/portal\/?author=4"}]}},"_links":{"self":[{"href":"https:\/\/aconteceunovale.com.br\/portal\/index.php?rest_route=\/wp\/v2\/posts\/195222","targetHints":{"allow":["GET"]}}],"collection":[{"href":"https:\/\/aconteceunovale.com.br\/portal\/index.php?rest_route=\/wp\/v2\/posts"}],"about":[{"href":"https:\/\/aconteceunovale.com.br\/portal\/index.php?rest_route=\/wp\/v2\/types\/post"}],"author":[{"embeddable":true,"href":"https:\/\/aconteceunovale.com.br\/portal\/index.php?rest_route=\/wp\/v2\/users\/4"}],"replies":[{"embeddable":true,"href":"https:\/\/aconteceunovale.com.br\/portal\/index.php?rest_route=%2Fwp%2Fv2%2Fcomments&post=195222"}],"version-history":[{"count":1,"href":"https:\/\/aconteceunovale.com.br\/portal\/index.php?rest_route=\/wp\/v2\/posts\/195222\/revisions"}],"predecessor-version":[{"id":195226,"href":"https:\/\/aconteceunovale.com.br\/portal\/index.php?rest_route=\/wp\/v2\/posts\/195222\/revisions\/195226"}],"wp:featuredmedia":[{"embeddable":true,"href":"https:\/\/aconteceunovale.com.br\/portal\/index.php?rest_route=\/wp\/v2\/media\/195223"}],"wp:attachment":[{"href":"https:\/\/aconteceunovale.com.br\/portal\/index.php?rest_route=%2Fwp%2Fv2%2Fmedia&parent=195222"}],"wp:term":[{"taxonomy":"category","embeddable":true,"href":"https:\/\/aconteceunovale.com.br\/portal\/index.php?rest_route=%2Fwp%2Fv2%2Fcategories&post=195222"},{"taxonomy":"post_tag","embeddable":true,"href":"https:\/\/aconteceunovale.com.br\/portal\/index.php?rest_route=%2Fwp%2Fv2%2Ftags&post=195222"}],"curies":[{"name":"wp","href":"https:\/\/api.w.org\/{rel}","templated":true}]}}