{"id":195213,"date":"2025-01-13T18:17:51","date_gmt":"2025-01-13T21:17:51","guid":{"rendered":"https:\/\/aconteceunovale.com.br\/portal\/?p=195213"},"modified":"2025-01-13T18:18:19","modified_gmt":"2025-01-13T21:18:19","slug":"prefeito-de-belo-horizonte-apresenta-melhora-clinica-diz-hospital","status":"publish","type":"post","link":"https:\/\/aconteceunovale.com.br\/portal\/?p=195213","title":{"rendered":"Prefeito de Belo Horizonte apresenta melhora cl\u00ednica, diz hospital"},"content":{"rendered":"\n<p class=\"wp-block-paragraph\">O prefeito de Belo Horizonte, Fuad Noman, continua internado na Unidade de Terapia Intensiva (UTI) do Hospital Mater Dei, mas apresenta melhora cl\u00ednica gradativa, conforme boletim m\u00e9dico divulgado nesta segunda-feira (13\/1\/2025). O documento, assinado pelo m\u00e9dico Enaldo Melo de Lima, informa que Noman teve os medicamentos para manuten\u00e7\u00e3o da press\u00e3o arterial retirados e segue em reabilita\u00e7\u00e3o fisioter\u00e1pica motora e respirat\u00f3ria, com evolu\u00e7\u00e3o em parte dos movimentos volunt\u00e1rios.<\/p>\n\n\n\n<p class=\"wp-block-paragraph\">Noman foi hospitalizado no dia 3 de janeiro, ap\u00f3s apresentar insufici\u00eancia respirat\u00f3ria aguda. Desde ent\u00e3o, seu estado de sa\u00fade tem sido monitorado de perto pela equipe m\u00e9dica.<\/p>\n\n\n\n<h3 class=\"wp-block-heading\"><strong>Hist\u00f3rico de sa\u00fade e trajet\u00f3ria pol\u00edtica<\/strong><\/h3>\n\n\n\n<p class=\"wp-block-paragraph\">Problemas de sa\u00fade t\u00eam acompanhado o prefeito desde o ano passado. Em julho de 2024, Noman revelou ter sido diagnosticado com linfoma n\u00e3o Hodgkin (LNH), um tipo de c\u00e2ncer que afeta o sistema linf\u00e1tico. Apesar do diagn\u00f3stico, ele manteve sua candidatura \u00e0 reelei\u00e7\u00e3o, afirmando estar comprometido com a gest\u00e3o da capital mineira.<\/p>\n\n\n\n<p class=\"wp-block-paragraph\">Ap\u00f3s concluir o tratamento contra o c\u00e2ncer em outubro, com remiss\u00e3o total da doen\u00e7a, Noman enfrentou outros epis\u00f3dios de interna\u00e7\u00e3o: em novembro, por dores nas pernas; em dezembro, por pneumonia; e, posteriormente, por diarreia e desidrata\u00e7\u00e3o. A atual interna\u00e7\u00e3o \u00e9 a quarta registrada em menos de tr\u00eas meses.<\/p>\n\n\n\n<p class=\"wp-block-paragraph\">Fuad Noman assumiu a Prefeitura de Belo Horizonte em mar\u00e7o de 2022, ap\u00f3s a ren\u00fancia de Alexandre Kalil, que disputou o governo estadual. No ano passado, Noman foi reeleito no segundo turno, vencendo o deputado estadual Bruno Engler (PL) com 53,73% dos votos v\u00e1lidos.<\/p>\n\n\n\n<p class=\"wp-block-paragraph\">Devido \u00e0 recomenda\u00e7\u00e3o m\u00e9dica, sua posse para o novo mandato, no dia 1\u00ba de janeiro, ocorreu de forma virtual. Em sua breve apari\u00e7\u00e3o por v\u00eddeo, Noman discursou com dificuldade, mas reafirmou seu compromisso com a cidade.<\/p>\n","protected":false},"excerpt":{"rendered":"<p>O prefeito de Belo Horizonte, Fuad Noman, continua internado na Unidade de Terapia Intensiva (UTI) do Hospital Mater Dei, mas apresenta melhora cl\u00ednica gradativa, conforme boletim m\u00e9dico divulgado nesta segunda-feira (13\/1\/2025). O documento, assinado pelo m\u00e9dico Enaldo Melo de Lima, informa que Noman teve os medicamentos para manuten\u00e7\u00e3o da press\u00e3o arterial retirados e segue em [&hellip;]<\/p>\n","protected":false},"author":4,"featured_media":194575,"comment_status":"open","ping_status":"closed","sticky":false,"template":"","format":"standard","meta":{"amp_status":"","footnotes":""},"categories":[123,40240],"tags":[268833,268832,268835,268834,194,1017,1018,268808,268807,82787,269472,268806,149272,268809],"class_list":["post-195213","post","type-post","status-publish","format-standard","has-post-thumbnail","hentry","category-gerais","category-politica","tag-alvaro-damiao","tag-alvaro-damiao-assume-prefeitura-de-bh-apos-licenca-medica-de-fuad-noman","tag-alvaro-damiao-prefeito-de-belo-horizonte","tag-alvaro-damiao-prefeito-de-bh","tag-belo-horizonte","tag-bh","tag-destaque","tag-estado-de-saude-de-fuad-noman","tag-fuad-nonan","tag-prefeito-de-belo-horizonte","tag-prefeito-de-belo-horizonte-apresenta-melhora-clinica","tag-prefeito-de-belo-horizonte-e-internado-com-insuficiencia-respiratoria-aguda","tag-prefeito-de-bh","tag-saude-de-fuad-noman"],"yoast_head":"<!-- This site is optimized with the Yoast SEO plugin v28.3 - https:\/\/yoast.com\/product\/yoast-seo-wordpress\/ -->\n<title>Prefeito de Belo Horizonte apresenta melhora cl\u00ednica, diz hospital - Aconteceu no Vale<\/title>\n<meta name=\"robots\" content=\"index, follow, max-snippet:-1, max-image-preview:large, max-video-preview:-1\" \/>\n<link rel=\"canonical\" href=\"https:\/\/aconteceunovale.com.br\/portal\/?p=195213\" \/>\n<meta property=\"og:locale\" content=\"pt_BR\" \/>\n<meta property=\"og:type\" content=\"article\" \/>\n<meta property=\"og:title\" content=\"Prefeito de Belo Horizonte apresenta melhora cl\u00ednica, diz hospital - Aconteceu no Vale\" \/>\n<meta property=\"og:description\" content=\"O prefeito de Belo Horizonte, Fuad Noman, continua internado na Unidade de Terapia Intensiva (UTI) do Hospital Mater Dei, mas apresenta melhora cl\u00ednica gradativa, conforme boletim m\u00e9dico divulgado nesta segunda-feira (13\/1\/2025). O documento, assinado pelo m\u00e9dico Enaldo Melo de Lima, informa que Noman teve os medicamentos para manuten\u00e7\u00e3o da press\u00e3o arterial retirados e segue em [&hellip;]\" \/>\n<meta property=\"og:url\" content=\"https:\/\/aconteceunovale.com.br\/portal\/?p=195213\" \/>\n<meta property=\"og:site_name\" content=\"Aconteceu no Vale\" \/>\n<meta property=\"article:publisher\" content=\"https:\/\/www.facebook.com\/aconteceunovale\/\" \/>\n<meta property=\"article:published_time\" content=\"2025-01-13T21:17:51+00:00\" \/>\n<meta property=\"article:modified_time\" content=\"2025-01-13T21:18:19+00:00\" \/>\n<meta property=\"og:image\" content=\"https:\/\/aconteceunovale.com.br\/portal\/wp-content\/uploads\/2025\/01\/fuad_bh.png\" \/>\n\t<meta property=\"og:image:width\" content=\"678\" \/>\n\t<meta property=\"og:image:height\" content=\"406\" \/>\n\t<meta property=\"og:image:type\" content=\"image\/png\" \/>\n<meta name=\"author\" content=\"Reda\u00e7\u00e3o Aconteceu no Vale\" \/>\n<meta name=\"twitter:card\" content=\"summary_large_image\" \/>\n<meta name=\"twitter:creator\" content=\"@noticiadosvales\" \/>\n<meta name=\"twitter:site\" content=\"@noticiadosvales\" \/>\n<meta name=\"twitter:label1\" content=\"Escrito por\" \/>\n\t<meta name=\"twitter:data1\" content=\"Reda\u00e7\u00e3o Aconteceu no Vale\" \/>\n\t<meta name=\"twitter:label2\" content=\"Est. tempo de leitura\" \/>\n\t<meta name=\"twitter:data2\" content=\"2 minutos\" \/>\n<script type=\"application\/ld+json\" class=\"yoast-schema-graph\">{\"@context\":\"https:\\\/\\\/schema.org\",\"@graph\":[{\"@type\":\"Article\",\"@id\":\"https:\\\/\\\/aconteceunovale.com.br\\\/portal\\\/?p=195213#article\",\"isPartOf\":{\"@id\":\"https:\\\/\\\/aconteceunovale.com.br\\\/portal\\\/?p=195213\"},\"author\":{\"name\":\"Reda\u00e7\u00e3o Aconteceu no Vale\",\"@id\":\"https:\\\/\\\/aconteceunovale.com.br\\\/portal\\\/#\\\/schema\\\/person\\\/7d2f26d1483f8a63de73da1ee0754d35\"},\"headline\":\"Prefeito de Belo Horizonte apresenta melhora cl\u00ednica, diz hospital\",\"datePublished\":\"2025-01-13T21:17:51+00:00\",\"dateModified\":\"2025-01-13T21:18:19+00:00\",\"mainEntityOfPage\":{\"@id\":\"https:\\\/\\\/aconteceunovale.com.br\\\/portal\\\/?p=195213\"},\"wordCount\":326,\"commentCount\":0,\"image\":{\"@id\":\"https:\\\/\\\/aconteceunovale.com.br\\\/portal\\\/?p=195213#primaryimage\"},\"thumbnailUrl\":\"https:\\\/\\\/aconteceunovale.com.br\\\/portal\\\/wp-content\\\/uploads\\\/2025\\\/01\\\/fuad_bh.png\",\"keywords\":[\"\u00c1lvaro Dami\u00e3o\",\"\u00c1lvaro Dami\u00e3o assume Prefeitura de BH ap\u00f3s licen\u00e7a m\u00e9dica de Fuad Noman\",\"\u00c1lvaro Dami\u00e3o prefeito de Belo Horizonte\",\"\u00c1lvaro Dami\u00e3o prefeito de BH\",\"Belo Horizonte\",\"bh\",\"destaque\",\"Estado de sa\u00fade de Fuad Noman\",\"Fuad Nonan\",\"prefeito de Belo Horizonte\",\"Prefeito de Belo Horizonte apresenta melhora cl\u00ednica\",\"Prefeito de Belo Horizonte \u00e9 internado com insufici\u00eancia respirat\u00f3ria aguda\",\"Prefeito de Bh\",\"Sa\u00fade de Fuad Noman\"],\"articleSection\":[\"Minas Gerais\",\"Pol\u00edtica\"],\"inLanguage\":\"pt-BR\",\"potentialAction\":[{\"@type\":\"CommentAction\",\"name\":\"Comment\",\"target\":[\"https:\\\/\\\/aconteceunovale.com.br\\\/portal\\\/?p=195213#respond\"]}]},{\"@type\":\"WebPage\",\"@id\":\"https:\\\/\\\/aconteceunovale.com.br\\\/portal\\\/?p=195213\",\"url\":\"https:\\\/\\\/aconteceunovale.com.br\\\/portal\\\/?p=195213\",\"name\":\"Prefeito de Belo Horizonte apresenta melhora cl\u00ednica, diz hospital - Aconteceu no Vale\",\"isPartOf\":{\"@id\":\"https:\\\/\\\/aconteceunovale.com.br\\\/portal\\\/#website\"},\"primaryImageOfPage\":{\"@id\":\"https:\\\/\\\/aconteceunovale.com.br\\\/portal\\\/?p=195213#primaryimage\"},\"image\":{\"@id\":\"https:\\\/\\\/aconteceunovale.com.br\\\/portal\\\/?p=195213#primaryimage\"},\"thumbnailUrl\":\"https:\\\/\\\/aconteceunovale.com.br\\\/portal\\\/wp-content\\\/uploads\\\/2025\\\/01\\\/fuad_bh.png\",\"datePublished\":\"2025-01-13T21:17:51+00:00\",\"dateModified\":\"2025-01-13T21:18:19+00:00\",\"author\":{\"@id\":\"https:\\\/\\\/aconteceunovale.com.br\\\/portal\\\/#\\\/schema\\\/person\\\/7d2f26d1483f8a63de73da1ee0754d35\"},\"breadcrumb\":{\"@id\":\"https:\\\/\\\/aconteceunovale.com.br\\\/portal\\\/?p=195213#breadcrumb\"},\"inLanguage\":\"pt-BR\",\"potentialAction\":[{\"@type\":\"ReadAction\",\"target\":[\"https:\\\/\\\/aconteceunovale.com.br\\\/portal\\\/?p=195213\"]}]},{\"@type\":\"ImageObject\",\"inLanguage\":\"pt-BR\",\"@id\":\"https:\\\/\\\/aconteceunovale.com.br\\\/portal\\\/?p=195213#primaryimage\",\"url\":\"https:\\\/\\\/aconteceunovale.com.br\\\/portal\\\/wp-content\\\/uploads\\\/2025\\\/01\\\/fuad_bh.png\",\"contentUrl\":\"https:\\\/\\\/aconteceunovale.com.br\\\/portal\\\/wp-content\\\/uploads\\\/2025\\\/01\\\/fuad_bh.png\",\"width\":678,\"height\":406,\"caption\":\"Imagem: Reprodu\u00e7\u00e3o \\\/ Facebook Fuad Noman\"},{\"@type\":\"BreadcrumbList\",\"@id\":\"https:\\\/\\\/aconteceunovale.com.br\\\/portal\\\/?p=195213#breadcrumb\",\"itemListElement\":[{\"@type\":\"ListItem\",\"position\":1,\"name\":\"In\u00edcio\",\"item\":\"https:\\\/\\\/aconteceunovale.com.br\\\/portal\\\/\"},{\"@type\":\"ListItem\",\"position\":2,\"name\":\"Prefeito de Belo Horizonte apresenta melhora cl\u00ednica, diz hospital\"}]},{\"@type\":\"WebSite\",\"@id\":\"https:\\\/\\\/aconteceunovale.com.br\\\/portal\\\/#website\",\"url\":\"https:\\\/\\\/aconteceunovale.com.br\\\/portal\\\/\",\"name\":\"Aconteceu no Vale\",\"description\":\"Portal de Not\u00edcias\",\"potentialAction\":[{\"@type\":\"SearchAction\",\"target\":{\"@type\":\"EntryPoint\",\"urlTemplate\":\"https:\\\/\\\/aconteceunovale.com.br\\\/portal\\\/?s={search_term_string}\"},\"query-input\":{\"@type\":\"PropertyValueSpecification\",\"valueRequired\":true,\"valueName\":\"search_term_string\"}}],\"inLanguage\":\"pt-BR\"},{\"@type\":\"Person\",\"@id\":\"https:\\\/\\\/aconteceunovale.com.br\\\/portal\\\/#\\\/schema\\\/person\\\/7d2f26d1483f8a63de73da1ee0754d35\",\"name\":\"Reda\u00e7\u00e3o Aconteceu no Vale\",\"description\":\"Equipe de reportagem do Aconteceu no Vale, portal de not\u00edcias do Vale do Jequitinhonha, em Minas Gerais. Cobrimos as 51 cidades do Vale desde 2013. Sugest\u00f5es de pauta e pedidos de corre\u00e7\u00e3o: contato@aconteceunovale.com.br\",\"url\":\"https:\\\/\\\/aconteceunovale.com.br\\\/portal\\\/?author=4\"}]}<\/script>\n<!-- \/ Yoast SEO plugin. -->","yoast_head_json":{"title":"Prefeito de Belo Horizonte apresenta melhora cl\u00ednica, diz hospital - Aconteceu no Vale","robots":{"index":"index","follow":"follow","max-snippet":"max-snippet:-1","max-image-preview":"max-image-preview:large","max-video-preview":"max-video-preview:-1"},"canonical":"https:\/\/aconteceunovale.com.br\/portal\/?p=195213","og_locale":"pt_BR","og_type":"article","og_title":"Prefeito de Belo Horizonte apresenta melhora cl\u00ednica, diz hospital - Aconteceu no Vale","og_description":"O prefeito de Belo Horizonte, Fuad Noman, continua internado na Unidade de Terapia Intensiva (UTI) do Hospital Mater Dei, mas apresenta melhora cl\u00ednica gradativa, conforme boletim m\u00e9dico divulgado nesta segunda-feira (13\/1\/2025). O documento, assinado pelo m\u00e9dico Enaldo Melo de Lima, informa que Noman teve os medicamentos para manuten\u00e7\u00e3o da press\u00e3o arterial retirados e segue em [&hellip;]","og_url":"https:\/\/aconteceunovale.com.br\/portal\/?p=195213","og_site_name":"Aconteceu no Vale","article_publisher":"https:\/\/www.facebook.com\/aconteceunovale\/","article_published_time":"2025-01-13T21:17:51+00:00","article_modified_time":"2025-01-13T21:18:19+00:00","og_image":[{"width":678,"height":406,"url":"https:\/\/aconteceunovale.com.br\/portal\/wp-content\/uploads\/2025\/01\/fuad_bh.png","type":"image\/png"}],"author":"Reda\u00e7\u00e3o Aconteceu no Vale","twitter_card":"summary_large_image","twitter_creator":"@noticiadosvales","twitter_site":"@noticiadosvales","twitter_misc":{"Escrito por":"Reda\u00e7\u00e3o Aconteceu no Vale","Est. tempo de leitura":"2 minutos"},"schema":{"@context":"https:\/\/schema.org","@graph":[{"@type":"Article","@id":"https:\/\/aconteceunovale.com.br\/portal\/?p=195213#article","isPartOf":{"@id":"https:\/\/aconteceunovale.com.br\/portal\/?p=195213"},"author":{"name":"Reda\u00e7\u00e3o Aconteceu no Vale","@id":"https:\/\/aconteceunovale.com.br\/portal\/#\/schema\/person\/7d2f26d1483f8a63de73da1ee0754d35"},"headline":"Prefeito de Belo Horizonte apresenta melhora cl\u00ednica, diz hospital","datePublished":"2025-01-13T21:17:51+00:00","dateModified":"2025-01-13T21:18:19+00:00","mainEntityOfPage":{"@id":"https:\/\/aconteceunovale.com.br\/portal\/?p=195213"},"wordCount":326,"commentCount":0,"image":{"@id":"https:\/\/aconteceunovale.com.br\/portal\/?p=195213#primaryimage"},"thumbnailUrl":"https:\/\/aconteceunovale.com.br\/portal\/wp-content\/uploads\/2025\/01\/fuad_bh.png","keywords":["\u00c1lvaro Dami\u00e3o","\u00c1lvaro Dami\u00e3o assume Prefeitura de BH ap\u00f3s licen\u00e7a m\u00e9dica de Fuad Noman","\u00c1lvaro Dami\u00e3o prefeito de Belo Horizonte","\u00c1lvaro Dami\u00e3o prefeito de BH","Belo Horizonte","bh","destaque","Estado de sa\u00fade de Fuad Noman","Fuad Nonan","prefeito de Belo Horizonte","Prefeito de Belo Horizonte apresenta melhora cl\u00ednica","Prefeito de Belo Horizonte \u00e9 internado com insufici\u00eancia respirat\u00f3ria aguda","Prefeito de Bh","Sa\u00fade de Fuad Noman"],"articleSection":["Minas Gerais","Pol\u00edtica"],"inLanguage":"pt-BR","potentialAction":[{"@type":"CommentAction","name":"Comment","target":["https:\/\/aconteceunovale.com.br\/portal\/?p=195213#respond"]}]},{"@type":"WebPage","@id":"https:\/\/aconteceunovale.com.br\/portal\/?p=195213","url":"https:\/\/aconteceunovale.com.br\/portal\/?p=195213","name":"Prefeito de Belo Horizonte apresenta melhora cl\u00ednica, diz hospital - Aconteceu no Vale","isPartOf":{"@id":"https:\/\/aconteceunovale.com.br\/portal\/#website"},"primaryImageOfPage":{"@id":"https:\/\/aconteceunovale.com.br\/portal\/?p=195213#primaryimage"},"image":{"@id":"https:\/\/aconteceunovale.com.br\/portal\/?p=195213#primaryimage"},"thumbnailUrl":"https:\/\/aconteceunovale.com.br\/portal\/wp-content\/uploads\/2025\/01\/fuad_bh.png","datePublished":"2025-01-13T21:17:51+00:00","dateModified":"2025-01-13T21:18:19+00:00","author":{"@id":"https:\/\/aconteceunovale.com.br\/portal\/#\/schema\/person\/7d2f26d1483f8a63de73da1ee0754d35"},"breadcrumb":{"@id":"https:\/\/aconteceunovale.com.br\/portal\/?p=195213#breadcrumb"},"inLanguage":"pt-BR","potentialAction":[{"@type":"ReadAction","target":["https:\/\/aconteceunovale.com.br\/portal\/?p=195213"]}]},{"@type":"ImageObject","inLanguage":"pt-BR","@id":"https:\/\/aconteceunovale.com.br\/portal\/?p=195213#primaryimage","url":"https:\/\/aconteceunovale.com.br\/portal\/wp-content\/uploads\/2025\/01\/fuad_bh.png","contentUrl":"https:\/\/aconteceunovale.com.br\/portal\/wp-content\/uploads\/2025\/01\/fuad_bh.png","width":678,"height":406,"caption":"Imagem: Reprodu\u00e7\u00e3o \/ Facebook Fuad Noman"},{"@type":"BreadcrumbList","@id":"https:\/\/aconteceunovale.com.br\/portal\/?p=195213#breadcrumb","itemListElement":[{"@type":"ListItem","position":1,"name":"In\u00edcio","item":"https:\/\/aconteceunovale.com.br\/portal\/"},{"@type":"ListItem","position":2,"name":"Prefeito de Belo Horizonte apresenta melhora cl\u00ednica, diz hospital"}]},{"@type":"WebSite","@id":"https:\/\/aconteceunovale.com.br\/portal\/#website","url":"https:\/\/aconteceunovale.com.br\/portal\/","name":"Aconteceu no Vale","description":"Portal de Not\u00edcias","potentialAction":[{"@type":"SearchAction","target":{"@type":"EntryPoint","urlTemplate":"https:\/\/aconteceunovale.com.br\/portal\/?s={search_term_string}"},"query-input":{"@type":"PropertyValueSpecification","valueRequired":true,"valueName":"search_term_string"}}],"inLanguage":"pt-BR"},{"@type":"Person","@id":"https:\/\/aconteceunovale.com.br\/portal\/#\/schema\/person\/7d2f26d1483f8a63de73da1ee0754d35","name":"Reda\u00e7\u00e3o Aconteceu no Vale","description":"Equipe de reportagem do Aconteceu no Vale, portal de not\u00edcias do Vale do Jequitinhonha, em Minas Gerais. Cobrimos as 51 cidades do Vale desde 2013. Sugest\u00f5es de pauta e pedidos de corre\u00e7\u00e3o: contato@aconteceunovale.com.br","url":"https:\/\/aconteceunovale.com.br\/portal\/?author=4"}]}},"_links":{"self":[{"href":"https:\/\/aconteceunovale.com.br\/portal\/index.php?rest_route=\/wp\/v2\/posts\/195213","targetHints":{"allow":["GET"]}}],"collection":[{"href":"https:\/\/aconteceunovale.com.br\/portal\/index.php?rest_route=\/wp\/v2\/posts"}],"about":[{"href":"https:\/\/aconteceunovale.com.br\/portal\/index.php?rest_route=\/wp\/v2\/types\/post"}],"author":[{"embeddable":true,"href":"https:\/\/aconteceunovale.com.br\/portal\/index.php?rest_route=\/wp\/v2\/users\/4"}],"replies":[{"embeddable":true,"href":"https:\/\/aconteceunovale.com.br\/portal\/index.php?rest_route=%2Fwp%2Fv2%2Fcomments&post=195213"}],"version-history":[{"count":1,"href":"https:\/\/aconteceunovale.com.br\/portal\/index.php?rest_route=\/wp\/v2\/posts\/195213\/revisions"}],"predecessor-version":[{"id":195214,"href":"https:\/\/aconteceunovale.com.br\/portal\/index.php?rest_route=\/wp\/v2\/posts\/195213\/revisions\/195214"}],"wp:featuredmedia":[{"embeddable":true,"href":"https:\/\/aconteceunovale.com.br\/portal\/index.php?rest_route=\/wp\/v2\/media\/194575"}],"wp:attachment":[{"href":"https:\/\/aconteceunovale.com.br\/portal\/index.php?rest_route=%2Fwp%2Fv2%2Fmedia&parent=195213"}],"wp:term":[{"taxonomy":"category","embeddable":true,"href":"https:\/\/aconteceunovale.com.br\/portal\/index.php?rest_route=%2Fwp%2Fv2%2Fcategories&post=195213"},{"taxonomy":"post_tag","embeddable":true,"href":"https:\/\/aconteceunovale.com.br\/portal\/index.php?rest_route=%2Fwp%2Fv2%2Ftags&post=195213"}],"curies":[{"name":"wp","href":"https:\/\/api.w.org\/{rel}","templated":true}]}}