{"id":195201,"date":"2025-01-13T16:57:37","date_gmt":"2025-01-13T19:57:37","guid":{"rendered":"https:\/\/aconteceunovale.com.br\/portal\/?p=195201"},"modified":"2025-01-13T16:58:02","modified_gmt":"2025-01-13T19:58:02","slug":"presos-auxiliam-na-limpeza-de-ruas-apos-tragedia-causada-por-chuvas-em-ipatinga","status":"publish","type":"post","link":"https:\/\/aconteceunovale.com.br\/portal\/?p=195201","title":{"rendered":"Presos auxiliam na limpeza de ruas ap\u00f3s trag\u00e9dia causada por chuvas em Ipatinga"},"content":{"rendered":"\n<p class=\"wp-block-paragraph\">As fortes chuvas que atingiram Ipatinga na madrugada de domingo (12) provocaram mortes e destrui\u00e7\u00e3o, mobilizando diversas frentes de apoio para socorrer a popula\u00e7\u00e3o. Entre as a\u00e7\u00f5es, 75 presos da Penitenci\u00e1ria D\u00eanio Moreira de Carvalho, em Ipaba, iniciaram nesta segunda-feira (13) os trabalhos de desobstru\u00e7\u00e3o das ruas nos bairros Granja Vagalume e Forquilha, \u00e1reas severamente afetadas pelos alagamentos e deslizamentos.<\/p>\n\n\n\n<figure class=\"wp-block-gallery has-nested-images columns-default is-cropped wp-block-gallery-1 is-layout-flex wp-block-gallery-is-layout-flex\">\n<figure class=\"wp-block-image size-large\"><img loading=\"lazy\" decoding=\"async\" width=\"678\" height=\"421\" data-id=\"195202\" src=\"https:\/\/aconteceunovale.com.br\/portal\/wp-content\/uploads\/2025\/01\/presos_ipatinga_1.png\" alt=\"\" class=\"wp-image-195202\" srcset=\"https:\/\/aconteceunovale.com.br\/portal\/wp-content\/uploads\/2025\/01\/presos_ipatinga_1.png 678w, https:\/\/aconteceunovale.com.br\/portal\/wp-content\/uploads\/2025\/01\/presos_ipatinga_1-300x186.png 300w, https:\/\/aconteceunovale.com.br\/portal\/wp-content\/uploads\/2025\/01\/presos_ipatinga_1-356x220.png 356w, https:\/\/aconteceunovale.com.br\/portal\/wp-content\/uploads\/2025\/01\/presos_ipatinga_1-676x420.png 676w\" sizes=\"auto, (max-width: 678px) 100vw, 678px\" \/><figcaption class=\"wp-element-caption\"><em>Foto: Divulga\u00e7\u00e3o \/ Sejusp-MG<\/em><\/figcaption><\/figure>\n<\/figure>\n\n\n\n<p class=\"wp-block-paragraph\">Os detentos, autorizados judicialmente para o trabalho externo, integram a for\u00e7a-tarefa coordenada pelo Departamento Penitenci\u00e1rio de Minas Gerais (Depen-MG). O diretor regional do \u00f3rg\u00e3o na 12\u00aa Regi\u00e3o Integrada de Seguran\u00e7a P\u00fablica (Risp), Marcelo Marshal J\u00fanior, anunciou o envio de mais 80 presos para refor\u00e7ar as opera\u00e7\u00f5es nos pr\u00f3ximos dias.<\/p>\n\n\n\n<p class=\"wp-block-paragraph\">\u201cMesmo diante da trag\u00e9dia, os presos da regi\u00e3o do Vale do A\u00e7o mostram que \u00e9 poss\u00edvel transformar a dor em a\u00e7\u00e3o, unindo for\u00e7as para reconstruir e trazer esperan\u00e7a a todos que precisam&#8221;, afirmou Marcelo Marshal.<\/p>\n\n\n\n<p class=\"wp-block-paragraph\"><strong>Apoio humanit\u00e1rio e mobiliza\u00e7\u00e3o local<\/strong><\/p>\n\n\n\n<p class=\"wp-block-paragraph\">Al\u00e9m do trabalho dos presos, servidores da Secretaria de Estado de Justi\u00e7a e Seguran\u00e7a P\u00fablica (Sejusp) est\u00e3o engajados em a\u00e7\u00f5es de solidariedade. A sede da Risp, localizada na Avenida Londrina, 1.175, Bairro Veneza, foi transformada em um ponto de arrecada\u00e7\u00e3o para doa\u00e7\u00f5es. A popula\u00e7\u00e3o pode contribuir com \u00e1gua pot\u00e1vel, alimentos n\u00e3o perec\u00edveis e materiais de limpeza para as fam\u00edlias impactadas.<\/p>\n\n\n\n<p class=\"wp-block-paragraph\">O secret\u00e1rio de Administra\u00e7\u00e3o de Ipatinga, Leonardo Oliveira Rodrigues, destacou a import\u00e2ncia do apoio do Depen-MG no enfrentamento da crise. \u201cAgrade\u00e7o a sensibilidade neste momento t\u00e3o dif\u00edcil. O trabalho dos presos fortalece essa for\u00e7a-tarefa, e sou profundamente grato pela colabora\u00e7\u00e3o\u201d, declarou.<\/p>\n\n\n\n<figure class=\"wp-block-gallery has-nested-images columns-default is-cropped wp-block-gallery-2 is-layout-flex wp-block-gallery-is-layout-flex\">\n<figure class=\"wp-block-image size-large\"><img loading=\"lazy\" decoding=\"async\" width=\"678\" height=\"445\" data-id=\"195203\" src=\"https:\/\/aconteceunovale.com.br\/portal\/wp-content\/uploads\/2025\/01\/presos_ipatinga_3.png\" alt=\"\" class=\"wp-image-195203\" srcset=\"https:\/\/aconteceunovale.com.br\/portal\/wp-content\/uploads\/2025\/01\/presos_ipatinga_3.png 678w, https:\/\/aconteceunovale.com.br\/portal\/wp-content\/uploads\/2025\/01\/presos_ipatinga_3-300x197.png 300w, https:\/\/aconteceunovale.com.br\/portal\/wp-content\/uploads\/2025\/01\/presos_ipatinga_3-640x420.png 640w\" sizes=\"auto, (max-width: 678px) 100vw, 678px\" \/><figcaption class=\"wp-element-caption\"><em>Foto: Divulga\u00e7\u00e3o \/ Sejusp-MG<\/em><\/figcaption><\/figure>\n<\/figure>\n","protected":false},"excerpt":{"rendered":"<p>As fortes chuvas que atingiram Ipatinga na madrugada de domingo (12) provocaram mortes e destrui\u00e7\u00e3o, mobilizando diversas frentes de apoio para socorrer a popula\u00e7\u00e3o. Entre as a\u00e7\u00f5es, 75 presos da Penitenci\u00e1ria D\u00eanio Moreira de Carvalho, em Ipaba, iniciaram nesta segunda-feira (13) os trabalhos de desobstru\u00e7\u00e3o das ruas nos bairros Granja Vagalume e Forquilha, \u00e1reas severamente [&hellip;]<\/p>\n","protected":false},"author":4,"featured_media":195202,"comment_status":"open","ping_status":"closed","sticky":false,"template":"","format":"standard","meta":{"amp_status":"","footnotes":""},"categories":[121],"tags":[269395,236767,269392,1018,2234,201,269394,269462,269461,269390,269396,269391,135794,238340,269460,269393,100357],"class_list":["post-195201","post","type-post","status-publish","format-standard","has-post-thumbnail","hentry","category-leste","tag-caos-em-ipatinga","tag-chuvas-em-ipatinga","tag-chuvas-intensas-causam-tragedia-em-ipatinga-obitos-confirmados-e-upa-interditada","tag-destaque","tag-ipaba","tag-ipatinga","tag-ipatinga-caos","tag-limpeza-de-ruas-ipatinga","tag-limpeza-ipatinga","tag-mortes-causadas-pelas-chuvas-em-ipatinga","tag-noticias-das-chuvas-em-ipatinga","tag-obitos-causados-pelas-chuvas-em-ipatinga","tag-prefeito-de-ipatinga","tag-prefeito-gustavo-nunes","tag-presos-auxiliam-na-limpeza-de-ruas-apos-tragedia-causada-por-chuvas-em-ipatinga","tag-tragedia-causada-pela-chuva-em-ipatinga","tag-tragedia-em-ipatinga"],"yoast_head":"<!-- This site is optimized with the Yoast SEO plugin v28.3 - https:\/\/yoast.com\/product\/yoast-seo-wordpress\/ -->\n<title>Presos auxiliam na limpeza de ruas ap\u00f3s trag\u00e9dia causada por chuvas em Ipatinga - Aconteceu no Vale<\/title>\n<meta name=\"robots\" content=\"index, follow, max-snippet:-1, max-image-preview:large, max-video-preview:-1\" \/>\n<link rel=\"canonical\" href=\"https:\/\/aconteceunovale.com.br\/portal\/?p=195201\" \/>\n<meta property=\"og:locale\" content=\"pt_BR\" \/>\n<meta property=\"og:type\" content=\"article\" \/>\n<meta property=\"og:title\" content=\"Presos auxiliam na limpeza de ruas ap\u00f3s trag\u00e9dia causada por chuvas em Ipatinga - Aconteceu no Vale\" \/>\n<meta property=\"og:description\" content=\"As fortes chuvas que atingiram Ipatinga na madrugada de domingo (12) provocaram mortes e destrui\u00e7\u00e3o, mobilizando diversas frentes de apoio para socorrer a popula\u00e7\u00e3o. Entre as a\u00e7\u00f5es, 75 presos da Penitenci\u00e1ria D\u00eanio Moreira de Carvalho, em Ipaba, iniciaram nesta segunda-feira (13) os trabalhos de desobstru\u00e7\u00e3o das ruas nos bairros Granja Vagalume e Forquilha, \u00e1reas severamente [&hellip;]\" \/>\n<meta property=\"og:url\" content=\"https:\/\/aconteceunovale.com.br\/portal\/?p=195201\" \/>\n<meta property=\"og:site_name\" content=\"Aconteceu no Vale\" \/>\n<meta property=\"article:publisher\" content=\"https:\/\/www.facebook.com\/aconteceunovale\/\" \/>\n<meta property=\"article:published_time\" content=\"2025-01-13T19:57:37+00:00\" \/>\n<meta property=\"article:modified_time\" content=\"2025-01-13T19:58:02+00:00\" \/>\n<meta property=\"og:image\" content=\"https:\/\/aconteceunovale.com.br\/portal\/wp-content\/uploads\/2025\/01\/presos_ipatinga_1.png\" \/>\n\t<meta property=\"og:image:width\" content=\"678\" \/>\n\t<meta property=\"og:image:height\" content=\"421\" \/>\n\t<meta property=\"og:image:type\" content=\"image\/png\" \/>\n<meta name=\"author\" content=\"Reda\u00e7\u00e3o Aconteceu no Vale\" \/>\n<meta name=\"twitter:card\" content=\"summary_large_image\" \/>\n<meta name=\"twitter:creator\" content=\"@noticiadosvales\" \/>\n<meta name=\"twitter:site\" content=\"@noticiadosvales\" \/>\n<meta name=\"twitter:label1\" content=\"Escrito por\" \/>\n\t<meta name=\"twitter:data1\" content=\"Reda\u00e7\u00e3o Aconteceu no Vale\" \/>\n\t<meta name=\"twitter:label2\" content=\"Est. tempo de leitura\" \/>\n\t<meta name=\"twitter:data2\" content=\"1 minuto\" \/>\n<script type=\"application\/ld+json\" class=\"yoast-schema-graph\">{\"@context\":\"https:\\\/\\\/schema.org\",\"@graph\":[{\"@type\":\"Article\",\"@id\":\"https:\\\/\\\/aconteceunovale.com.br\\\/portal\\\/?p=195201#article\",\"isPartOf\":{\"@id\":\"https:\\\/\\\/aconteceunovale.com.br\\\/portal\\\/?p=195201\"},\"author\":{\"name\":\"Reda\u00e7\u00e3o Aconteceu no Vale\",\"@id\":\"https:\\\/\\\/aconteceunovale.com.br\\\/portal\\\/#\\\/schema\\\/person\\\/7d2f26d1483f8a63de73da1ee0754d35\"},\"headline\":\"Presos auxiliam na limpeza de ruas ap\u00f3s trag\u00e9dia causada por chuvas em Ipatinga\",\"datePublished\":\"2025-01-13T19:57:37+00:00\",\"dateModified\":\"2025-01-13T19:58:02+00:00\",\"mainEntityOfPage\":{\"@id\":\"https:\\\/\\\/aconteceunovale.com.br\\\/portal\\\/?p=195201\"},\"wordCount\":312,\"commentCount\":0,\"image\":{\"@id\":\"https:\\\/\\\/aconteceunovale.com.br\\\/portal\\\/?p=195201#primaryimage\"},\"thumbnailUrl\":\"https:\\\/\\\/aconteceunovale.com.br\\\/portal\\\/wp-content\\\/uploads\\\/2025\\\/01\\\/presos_ipatinga_1.png\",\"keywords\":[\"Caos em Ipatinga\",\"Chuvas em Ipatinga\",\"Chuvas intensas causam trag\u00e9dia em Ipatinga: \u00f3bitos confirmados e UPA interditada\",\"destaque\",\"Ipaba\",\"Ipatinga\",\"Ipatinga caos\",\"Limpeza de ruas Ipatinga\",\"Limpeza Ipatinga\",\"Mortes causadas pelas chuvas em Ipatinga\",\"Not\u00edcias das chuvas em Ipatinga\",\"\u00d3bitos causados pelas chuvas em Ipatinga\",\"prefeito de Ipatinga\",\"Prefeito Gustavo Nunes\",\"Presos auxiliam na limpeza de ruas ap\u00f3s trag\u00e9dia causada por chuvas em Ipatinga\",\"Trag\u00e9dia causada pela chuva em Ipatinga\",\"Trag\u00e9dia em Ipatinga\"],\"articleSection\":[\"Leste de Minas\"],\"inLanguage\":\"pt-BR\",\"potentialAction\":[{\"@type\":\"CommentAction\",\"name\":\"Comment\",\"target\":[\"https:\\\/\\\/aconteceunovale.com.br\\\/portal\\\/?p=195201#respond\"]}]},{\"@type\":\"WebPage\",\"@id\":\"https:\\\/\\\/aconteceunovale.com.br\\\/portal\\\/?p=195201\",\"url\":\"https:\\\/\\\/aconteceunovale.com.br\\\/portal\\\/?p=195201\",\"name\":\"Presos auxiliam na limpeza de ruas ap\u00f3s trag\u00e9dia causada por chuvas em Ipatinga - Aconteceu no Vale\",\"isPartOf\":{\"@id\":\"https:\\\/\\\/aconteceunovale.com.br\\\/portal\\\/#website\"},\"primaryImageOfPage\":{\"@id\":\"https:\\\/\\\/aconteceunovale.com.br\\\/portal\\\/?p=195201#primaryimage\"},\"image\":{\"@id\":\"https:\\\/\\\/aconteceunovale.com.br\\\/portal\\\/?p=195201#primaryimage\"},\"thumbnailUrl\":\"https:\\\/\\\/aconteceunovale.com.br\\\/portal\\\/wp-content\\\/uploads\\\/2025\\\/01\\\/presos_ipatinga_1.png\",\"datePublished\":\"2025-01-13T19:57:37+00:00\",\"dateModified\":\"2025-01-13T19:58:02+00:00\",\"author\":{\"@id\":\"https:\\\/\\\/aconteceunovale.com.br\\\/portal\\\/#\\\/schema\\\/person\\\/7d2f26d1483f8a63de73da1ee0754d35\"},\"breadcrumb\":{\"@id\":\"https:\\\/\\\/aconteceunovale.com.br\\\/portal\\\/?p=195201#breadcrumb\"},\"inLanguage\":\"pt-BR\",\"potentialAction\":[{\"@type\":\"ReadAction\",\"target\":[\"https:\\\/\\\/aconteceunovale.com.br\\\/portal\\\/?p=195201\"]}]},{\"@type\":\"ImageObject\",\"inLanguage\":\"pt-BR\",\"@id\":\"https:\\\/\\\/aconteceunovale.com.br\\\/portal\\\/?p=195201#primaryimage\",\"url\":\"https:\\\/\\\/aconteceunovale.com.br\\\/portal\\\/wp-content\\\/uploads\\\/2025\\\/01\\\/presos_ipatinga_1.png\",\"contentUrl\":\"https:\\\/\\\/aconteceunovale.com.br\\\/portal\\\/wp-content\\\/uploads\\\/2025\\\/01\\\/presos_ipatinga_1.png\",\"width\":678,\"height\":421,\"caption\":\"Foto: Divulga\u00e7\u00e3o \\\/ Sejusp\"},{\"@type\":\"BreadcrumbList\",\"@id\":\"https:\\\/\\\/aconteceunovale.com.br\\\/portal\\\/?p=195201#breadcrumb\",\"itemListElement\":[{\"@type\":\"ListItem\",\"position\":1,\"name\":\"In\u00edcio\",\"item\":\"https:\\\/\\\/aconteceunovale.com.br\\\/portal\\\/\"},{\"@type\":\"ListItem\",\"position\":2,\"name\":\"Presos auxiliam na limpeza de ruas ap\u00f3s trag\u00e9dia causada por chuvas em Ipatinga\"}]},{\"@type\":\"WebSite\",\"@id\":\"https:\\\/\\\/aconteceunovale.com.br\\\/portal\\\/#website\",\"url\":\"https:\\\/\\\/aconteceunovale.com.br\\\/portal\\\/\",\"name\":\"Aconteceu no Vale\",\"description\":\"Portal de Not\u00edcias\",\"potentialAction\":[{\"@type\":\"SearchAction\",\"target\":{\"@type\":\"EntryPoint\",\"urlTemplate\":\"https:\\\/\\\/aconteceunovale.com.br\\\/portal\\\/?s={search_term_string}\"},\"query-input\":{\"@type\":\"PropertyValueSpecification\",\"valueRequired\":true,\"valueName\":\"search_term_string\"}}],\"inLanguage\":\"pt-BR\"},{\"@type\":\"Person\",\"@id\":\"https:\\\/\\\/aconteceunovale.com.br\\\/portal\\\/#\\\/schema\\\/person\\\/7d2f26d1483f8a63de73da1ee0754d35\",\"name\":\"Reda\u00e7\u00e3o Aconteceu no Vale\",\"description\":\"Equipe de reportagem do Aconteceu no Vale, portal de not\u00edcias do Vale do Jequitinhonha, em Minas Gerais. Cobrimos as 51 cidades do Vale desde 2013. Sugest\u00f5es de pauta e pedidos de corre\u00e7\u00e3o: contato@aconteceunovale.com.br\",\"url\":\"https:\\\/\\\/aconteceunovale.com.br\\\/portal\\\/?author=4\"}]}<\/script>\n<!-- \/ Yoast SEO plugin. -->","yoast_head_json":{"title":"Presos auxiliam na limpeza de ruas ap\u00f3s trag\u00e9dia causada por chuvas em Ipatinga - Aconteceu no Vale","robots":{"index":"index","follow":"follow","max-snippet":"max-snippet:-1","max-image-preview":"max-image-preview:large","max-video-preview":"max-video-preview:-1"},"canonical":"https:\/\/aconteceunovale.com.br\/portal\/?p=195201","og_locale":"pt_BR","og_type":"article","og_title":"Presos auxiliam na limpeza de ruas ap\u00f3s trag\u00e9dia causada por chuvas em Ipatinga - Aconteceu no Vale","og_description":"As fortes chuvas que atingiram Ipatinga na madrugada de domingo (12) provocaram mortes e destrui\u00e7\u00e3o, mobilizando diversas frentes de apoio para socorrer a popula\u00e7\u00e3o. Entre as a\u00e7\u00f5es, 75 presos da Penitenci\u00e1ria D\u00eanio Moreira de Carvalho, em Ipaba, iniciaram nesta segunda-feira (13) os trabalhos de desobstru\u00e7\u00e3o das ruas nos bairros Granja Vagalume e Forquilha, \u00e1reas severamente [&hellip;]","og_url":"https:\/\/aconteceunovale.com.br\/portal\/?p=195201","og_site_name":"Aconteceu no Vale","article_publisher":"https:\/\/www.facebook.com\/aconteceunovale\/","article_published_time":"2025-01-13T19:57:37+00:00","article_modified_time":"2025-01-13T19:58:02+00:00","og_image":[{"width":678,"height":421,"url":"https:\/\/aconteceunovale.com.br\/portal\/wp-content\/uploads\/2025\/01\/presos_ipatinga_1.png","type":"image\/png"}],"author":"Reda\u00e7\u00e3o Aconteceu no Vale","twitter_card":"summary_large_image","twitter_creator":"@noticiadosvales","twitter_site":"@noticiadosvales","twitter_misc":{"Escrito por":"Reda\u00e7\u00e3o Aconteceu no Vale","Est. tempo de leitura":"1 minuto"},"schema":{"@context":"https:\/\/schema.org","@graph":[{"@type":"Article","@id":"https:\/\/aconteceunovale.com.br\/portal\/?p=195201#article","isPartOf":{"@id":"https:\/\/aconteceunovale.com.br\/portal\/?p=195201"},"author":{"name":"Reda\u00e7\u00e3o Aconteceu no Vale","@id":"https:\/\/aconteceunovale.com.br\/portal\/#\/schema\/person\/7d2f26d1483f8a63de73da1ee0754d35"},"headline":"Presos auxiliam na limpeza de ruas ap\u00f3s trag\u00e9dia causada por chuvas em Ipatinga","datePublished":"2025-01-13T19:57:37+00:00","dateModified":"2025-01-13T19:58:02+00:00","mainEntityOfPage":{"@id":"https:\/\/aconteceunovale.com.br\/portal\/?p=195201"},"wordCount":312,"commentCount":0,"image":{"@id":"https:\/\/aconteceunovale.com.br\/portal\/?p=195201#primaryimage"},"thumbnailUrl":"https:\/\/aconteceunovale.com.br\/portal\/wp-content\/uploads\/2025\/01\/presos_ipatinga_1.png","keywords":["Caos em Ipatinga","Chuvas em Ipatinga","Chuvas intensas causam trag\u00e9dia em Ipatinga: \u00f3bitos confirmados e UPA interditada","destaque","Ipaba","Ipatinga","Ipatinga caos","Limpeza de ruas Ipatinga","Limpeza Ipatinga","Mortes causadas pelas chuvas em Ipatinga","Not\u00edcias das chuvas em Ipatinga","\u00d3bitos causados pelas chuvas em Ipatinga","prefeito de Ipatinga","Prefeito Gustavo Nunes","Presos auxiliam na limpeza de ruas ap\u00f3s trag\u00e9dia causada por chuvas em Ipatinga","Trag\u00e9dia causada pela chuva em Ipatinga","Trag\u00e9dia em Ipatinga"],"articleSection":["Leste de Minas"],"inLanguage":"pt-BR","potentialAction":[{"@type":"CommentAction","name":"Comment","target":["https:\/\/aconteceunovale.com.br\/portal\/?p=195201#respond"]}]},{"@type":"WebPage","@id":"https:\/\/aconteceunovale.com.br\/portal\/?p=195201","url":"https:\/\/aconteceunovale.com.br\/portal\/?p=195201","name":"Presos auxiliam na limpeza de ruas ap\u00f3s trag\u00e9dia causada por chuvas em Ipatinga - Aconteceu no Vale","isPartOf":{"@id":"https:\/\/aconteceunovale.com.br\/portal\/#website"},"primaryImageOfPage":{"@id":"https:\/\/aconteceunovale.com.br\/portal\/?p=195201#primaryimage"},"image":{"@id":"https:\/\/aconteceunovale.com.br\/portal\/?p=195201#primaryimage"},"thumbnailUrl":"https:\/\/aconteceunovale.com.br\/portal\/wp-content\/uploads\/2025\/01\/presos_ipatinga_1.png","datePublished":"2025-01-13T19:57:37+00:00","dateModified":"2025-01-13T19:58:02+00:00","author":{"@id":"https:\/\/aconteceunovale.com.br\/portal\/#\/schema\/person\/7d2f26d1483f8a63de73da1ee0754d35"},"breadcrumb":{"@id":"https:\/\/aconteceunovale.com.br\/portal\/?p=195201#breadcrumb"},"inLanguage":"pt-BR","potentialAction":[{"@type":"ReadAction","target":["https:\/\/aconteceunovale.com.br\/portal\/?p=195201"]}]},{"@type":"ImageObject","inLanguage":"pt-BR","@id":"https:\/\/aconteceunovale.com.br\/portal\/?p=195201#primaryimage","url":"https:\/\/aconteceunovale.com.br\/portal\/wp-content\/uploads\/2025\/01\/presos_ipatinga_1.png","contentUrl":"https:\/\/aconteceunovale.com.br\/portal\/wp-content\/uploads\/2025\/01\/presos_ipatinga_1.png","width":678,"height":421,"caption":"Foto: Divulga\u00e7\u00e3o \/ Sejusp"},{"@type":"BreadcrumbList","@id":"https:\/\/aconteceunovale.com.br\/portal\/?p=195201#breadcrumb","itemListElement":[{"@type":"ListItem","position":1,"name":"In\u00edcio","item":"https:\/\/aconteceunovale.com.br\/portal\/"},{"@type":"ListItem","position":2,"name":"Presos auxiliam na limpeza de ruas ap\u00f3s trag\u00e9dia causada por chuvas em Ipatinga"}]},{"@type":"WebSite","@id":"https:\/\/aconteceunovale.com.br\/portal\/#website","url":"https:\/\/aconteceunovale.com.br\/portal\/","name":"Aconteceu no Vale","description":"Portal de Not\u00edcias","potentialAction":[{"@type":"SearchAction","target":{"@type":"EntryPoint","urlTemplate":"https:\/\/aconteceunovale.com.br\/portal\/?s={search_term_string}"},"query-input":{"@type":"PropertyValueSpecification","valueRequired":true,"valueName":"search_term_string"}}],"inLanguage":"pt-BR"},{"@type":"Person","@id":"https:\/\/aconteceunovale.com.br\/portal\/#\/schema\/person\/7d2f26d1483f8a63de73da1ee0754d35","name":"Reda\u00e7\u00e3o Aconteceu no Vale","description":"Equipe de reportagem do Aconteceu no Vale, portal de not\u00edcias do Vale do Jequitinhonha, em Minas Gerais. Cobrimos as 51 cidades do Vale desde 2013. Sugest\u00f5es de pauta e pedidos de corre\u00e7\u00e3o: contato@aconteceunovale.com.br","url":"https:\/\/aconteceunovale.com.br\/portal\/?author=4"}]}},"_links":{"self":[{"href":"https:\/\/aconteceunovale.com.br\/portal\/index.php?rest_route=\/wp\/v2\/posts\/195201","targetHints":{"allow":["GET"]}}],"collection":[{"href":"https:\/\/aconteceunovale.com.br\/portal\/index.php?rest_route=\/wp\/v2\/posts"}],"about":[{"href":"https:\/\/aconteceunovale.com.br\/portal\/index.php?rest_route=\/wp\/v2\/types\/post"}],"author":[{"embeddable":true,"href":"https:\/\/aconteceunovale.com.br\/portal\/index.php?rest_route=\/wp\/v2\/users\/4"}],"replies":[{"embeddable":true,"href":"https:\/\/aconteceunovale.com.br\/portal\/index.php?rest_route=%2Fwp%2Fv2%2Fcomments&post=195201"}],"version-history":[{"count":1,"href":"https:\/\/aconteceunovale.com.br\/portal\/index.php?rest_route=\/wp\/v2\/posts\/195201\/revisions"}],"predecessor-version":[{"id":195204,"href":"https:\/\/aconteceunovale.com.br\/portal\/index.php?rest_route=\/wp\/v2\/posts\/195201\/revisions\/195204"}],"wp:featuredmedia":[{"embeddable":true,"href":"https:\/\/aconteceunovale.com.br\/portal\/index.php?rest_route=\/wp\/v2\/media\/195202"}],"wp:attachment":[{"href":"https:\/\/aconteceunovale.com.br\/portal\/index.php?rest_route=%2Fwp%2Fv2%2Fmedia&parent=195201"}],"wp:term":[{"taxonomy":"category","embeddable":true,"href":"https:\/\/aconteceunovale.com.br\/portal\/index.php?rest_route=%2Fwp%2Fv2%2Fcategories&post=195201"},{"taxonomy":"post_tag","embeddable":true,"href":"https:\/\/aconteceunovale.com.br\/portal\/index.php?rest_route=%2Fwp%2Fv2%2Ftags&post=195201"}],"curies":[{"name":"wp","href":"https:\/\/api.w.org\/{rel}","templated":true}]}}