{"id":195198,"date":"2025-01-13T16:46:11","date_gmt":"2025-01-13T19:46:11","guid":{"rendered":"https:\/\/aconteceunovale.com.br\/portal\/?p=195198"},"modified":"2025-01-13T16:46:32","modified_gmt":"2025-01-13T19:46:32","slug":"governador-vistoria-areas-afetadas-por-deslizamentos-no-vale-do-aco","status":"publish","type":"post","link":"https:\/\/aconteceunovale.com.br\/portal\/?p=195198","title":{"rendered":"Governador vistoria \u00e1reas afetadas por deslizamentos no Vale do A\u00e7o"},"content":{"rendered":"\n<p class=\"wp-block-paragraph\">O governador de Minas Gerais, Romeu Zema, esteve nesta segunda-feira (13\/1\/2025) nas cidades de Ipatinga e Santana do Para\u00edso, no Vale do A\u00e7o, para acompanhar os trabalhos de resgate e assist\u00eancia \u00e0s v\u00edtimas dos deslizamentos de terra provocados pelas fortes chuvas que atingiram a regi\u00e3o no \u00faltimo fim de semana.<\/p>\n\n\n\n<figure class=\"wp-block-gallery has-nested-images columns-default is-cropped wp-block-gallery-1 is-layout-flex wp-block-gallery-is-layout-flex\">\n<figure class=\"wp-block-image size-large\"><img loading=\"lazy\" decoding=\"async\" width=\"675\" height=\"450\" data-id=\"195199\" src=\"https:\/\/aconteceunovale.com.br\/portal\/wp-content\/uploads\/2025\/01\/deslizamentos_ipatinga_2.jpeg\" alt=\"\" class=\"wp-image-195199\" srcset=\"https:\/\/aconteceunovale.com.br\/portal\/wp-content\/uploads\/2025\/01\/deslizamentos_ipatinga_2.jpeg 675w, https:\/\/aconteceunovale.com.br\/portal\/wp-content\/uploads\/2025\/01\/deslizamentos_ipatinga_2-300x200.jpeg 300w, https:\/\/aconteceunovale.com.br\/portal\/wp-content\/uploads\/2025\/01\/deslizamentos_ipatinga_2-630x420.jpeg 630w\" sizes=\"auto, (max-width: 675px) 100vw, 675px\" \/><figcaption class=\"wp-element-caption\"><em>Foto: Gil Leonardi \/ Imprensa MG<\/em><\/figcaption><\/figure>\n<\/figure>\n\n\n\n<p class=\"wp-block-paragraph\">Acompanhado do chefe do Gabinete Militar do Governador e da Coordenadoria Estadual de Defesa Civil (Cedec), coronel Paulo Roberto Bermudes Rezende, al\u00e9m de representantes das For\u00e7as de Seguran\u00e7a e das prefeituras locais, Zema visitou os bairros mais atingidos, conversou com familiares das v\u00edtimas e verificou o trabalho das equipes de resgate e assist\u00eancia humanit\u00e1ria.<\/p>\n\n\n\n<p class=\"wp-block-paragraph\">\u201cFiz quest\u00e3o de comparecer ao Vale do A\u00e7o neste momento t\u00e3o dif\u00edcil. Ontem cedo tomei conhecimento da chuva intensa que caiu durante a madrugada e que, infelizmente, resultou em 11 \u00f3bitos nas cidades de Ipatinga e Santana do Para\u00edso\u201d, declarou o governador.<\/p>\n\n\n\n<p class=\"wp-block-paragraph\"><strong>Impacto das chuvas<\/strong><\/p>\n\n\n\n<p class=\"wp-block-paragraph\">As chuvas deixaram um saldo de 11 mortes, sendo dez em Ipatinga e uma em Santana do Para\u00edso. Entre as v\u00edtimas de Ipatinga, cinco pertenciam \u00e0 mesma fam\u00edlia, incluindo uma crian\u00e7a. No munic\u00edpio, 150 pessoas ficaram desalojadas e 37 desabrigadas, sendo acolhidas em um abrigo tempor\u00e1rio montado no est\u00e1dio Ipating\u00e3o.<\/p>\n\n\n\n<p class=\"wp-block-paragraph\">\u201cDesde o primeiro momento, o Governo de Minas atuou na busca das v\u00edtimas, todas j\u00e1 identificadas. Agora, estamos em um segundo momento, oferecendo ajuda humanit\u00e1ria \u00e0s fam\u00edlias desabrigadas e desalojadas\u201d, afirmou Zema.<\/p>\n\n\n\n<p class=\"wp-block-paragraph\">A Defesa Civil Estadual alertou para a possibilidade de novas chuvas nos pr\u00f3ximos dias e destacou a gravidade das ocorr\u00eancias. \u201cForam oito horas de chuvas ininterruptas, o que exige aten\u00e7\u00e3o redobrada da popula\u00e7\u00e3o\u201d, disse o coronel Bermudes, que tamb\u00e9m ressaltou a r\u00e1pida mobiliza\u00e7\u00e3o das equipes estaduais para organizar e centralizar os esfor\u00e7os de resposta.<\/p>\n\n\n\n<p class=\"wp-block-paragraph\"><strong>Opera\u00e7\u00f5es de resgate e limpeza<\/strong><\/p>\n\n\n\n<p class=\"wp-block-paragraph\">O Corpo de Bombeiros Militar de Minas Gerais (CBMMG) segue atuando de forma ininterrupta desde o registro das primeiras ocorr\u00eancias. Segundo o major Hoberdan In\u00e1cio, que coordenou as opera\u00e7\u00f5es, as equipes enfrentaram desafios como o dif\u00edcil acesso \u00e0s \u00e1reas atingidas e a gravidade das ocorr\u00eancias.<\/p>\n\n\n\n<p class=\"wp-block-paragraph\">Al\u00e9m disso, 80 detentos, com autoriza\u00e7\u00e3o judicial, est\u00e3o participando dos trabalhos de limpeza das \u00e1reas afetadas. A a\u00e7\u00e3o, supervisionada por policiais penais, gera remiss\u00e3o de pena, com um dia reduzido a cada tr\u00eas trabalhados.<\/p>\n\n\n\n<p class=\"wp-block-paragraph\">A Secretaria de Estado de Justi\u00e7a e Seguran\u00e7a P\u00fablica (Sejusp) mobilizou servidores para coletar doa\u00e7\u00f5es destinadas \u00e0s fam\u00edlias impactadas. A sede da Regi\u00e3o Integrada de Seguran\u00e7a P\u00fablica (Risp), em Ipatinga, est\u00e1 funcionando como ponto de arrecada\u00e7\u00e3o para \u00e1gua, alimentos n\u00e3o perec\u00edveis e materiais de limpeza.<\/p>\n\n\n\n<p class=\"wp-block-paragraph\"><strong>Infraestrutura e mobiliza\u00e7\u00e3o<\/strong><\/p>\n\n\n\n<p class=\"wp-block-paragraph\">As For\u00e7as de Seguran\u00e7a do Estado seguem mobilizadas. A Defesa Civil est\u00e1 atuando com equipes de resposta e material de ajuda humanit\u00e1ria. O Departamento de Estradas de Rodagem de Minas Gerais (DER-MG) j\u00e1 liberou parcialmente os nove pontos de interdi\u00e7\u00e3o na MG-232, permitindo o tr\u00e1fego em esquema de pare e siga, enquanto trabalha na libera\u00e7\u00e3o total da rodovia.<\/p>\n","protected":false},"excerpt":{"rendered":"<p>O governador de Minas Gerais, Romeu Zema, esteve nesta segunda-feira (13\/1\/2025) nas cidades de Ipatinga e Santana do Para\u00edso, no Vale do A\u00e7o, para acompanhar os trabalhos de resgate e assist\u00eancia \u00e0s v\u00edtimas dos deslizamentos de terra provocados pelas fortes chuvas que atingiram a regi\u00e3o no \u00faltimo fim de semana. Acompanhado do chefe do Gabinete [&hellip;]<\/p>\n","protected":false},"author":4,"featured_media":195199,"comment_status":"open","ping_status":"closed","sticky":false,"template":"","format":"standard","meta":{"amp_status":"","footnotes":""},"categories":[121,40240],"tags":[269395,236767,269392,1018,201,269394,269390,269396,269391,135794,238340,269393,100357],"class_list":["post-195198","post","type-post","status-publish","format-standard","has-post-thumbnail","hentry","category-leste","category-politica","tag-caos-em-ipatinga","tag-chuvas-em-ipatinga","tag-chuvas-intensas-causam-tragedia-em-ipatinga-obitos-confirmados-e-upa-interditada","tag-destaque","tag-ipatinga","tag-ipatinga-caos","tag-mortes-causadas-pelas-chuvas-em-ipatinga","tag-noticias-das-chuvas-em-ipatinga","tag-obitos-causados-pelas-chuvas-em-ipatinga","tag-prefeito-de-ipatinga","tag-prefeito-gustavo-nunes","tag-tragedia-causada-pela-chuva-em-ipatinga","tag-tragedia-em-ipatinga"],"yoast_head":"<!-- This site is optimized with the Yoast SEO plugin v28.3 - https:\/\/yoast.com\/product\/yoast-seo-wordpress\/ -->\n<title>Governador vistoria \u00e1reas afetadas por deslizamentos no Vale do A\u00e7o - Aconteceu no Vale<\/title>\n<meta name=\"robots\" content=\"index, follow, max-snippet:-1, max-image-preview:large, max-video-preview:-1\" \/>\n<link rel=\"canonical\" href=\"https:\/\/aconteceunovale.com.br\/portal\/?p=195198\" \/>\n<meta property=\"og:locale\" content=\"pt_BR\" \/>\n<meta property=\"og:type\" content=\"article\" \/>\n<meta property=\"og:title\" content=\"Governador vistoria \u00e1reas afetadas por deslizamentos no Vale do A\u00e7o - Aconteceu no Vale\" \/>\n<meta property=\"og:description\" content=\"O governador de Minas Gerais, Romeu Zema, esteve nesta segunda-feira (13\/1\/2025) nas cidades de Ipatinga e Santana do Para\u00edso, no Vale do A\u00e7o, para acompanhar os trabalhos de resgate e assist\u00eancia \u00e0s v\u00edtimas dos deslizamentos de terra provocados pelas fortes chuvas que atingiram a regi\u00e3o no \u00faltimo fim de semana. Acompanhado do chefe do Gabinete [&hellip;]\" \/>\n<meta property=\"og:url\" content=\"https:\/\/aconteceunovale.com.br\/portal\/?p=195198\" \/>\n<meta property=\"og:site_name\" content=\"Aconteceu no Vale\" \/>\n<meta property=\"article:publisher\" content=\"https:\/\/www.facebook.com\/aconteceunovale\/\" \/>\n<meta property=\"article:published_time\" content=\"2025-01-13T19:46:11+00:00\" \/>\n<meta property=\"article:modified_time\" content=\"2025-01-13T19:46:32+00:00\" \/>\n<meta property=\"og:image\" content=\"https:\/\/aconteceunovale.com.br\/portal\/wp-content\/uploads\/2025\/01\/deslizamentos_ipatinga_2.jpeg\" \/>\n\t<meta property=\"og:image:width\" content=\"675\" \/>\n\t<meta property=\"og:image:height\" content=\"450\" \/>\n\t<meta property=\"og:image:type\" content=\"image\/jpeg\" \/>\n<meta name=\"author\" content=\"Reda\u00e7\u00e3o Aconteceu no Vale\" \/>\n<meta name=\"twitter:card\" content=\"summary_large_image\" \/>\n<meta name=\"twitter:creator\" content=\"@noticiadosvales\" \/>\n<meta name=\"twitter:site\" content=\"@noticiadosvales\" \/>\n<meta name=\"twitter:label1\" content=\"Escrito por\" \/>\n\t<meta name=\"twitter:data1\" content=\"Reda\u00e7\u00e3o Aconteceu no Vale\" \/>\n\t<meta name=\"twitter:label2\" content=\"Est. tempo de leitura\" \/>\n\t<meta name=\"twitter:data2\" content=\"3 minutos\" \/>\n<script type=\"application\/ld+json\" class=\"yoast-schema-graph\">{\"@context\":\"https:\\\/\\\/schema.org\",\"@graph\":[{\"@type\":\"Article\",\"@id\":\"https:\\\/\\\/aconteceunovale.com.br\\\/portal\\\/?p=195198#article\",\"isPartOf\":{\"@id\":\"https:\\\/\\\/aconteceunovale.com.br\\\/portal\\\/?p=195198\"},\"author\":{\"name\":\"Reda\u00e7\u00e3o Aconteceu no Vale\",\"@id\":\"https:\\\/\\\/aconteceunovale.com.br\\\/portal\\\/#\\\/schema\\\/person\\\/7d2f26d1483f8a63de73da1ee0754d35\"},\"headline\":\"Governador vistoria \u00e1reas afetadas por deslizamentos no Vale do A\u00e7o\",\"datePublished\":\"2025-01-13T19:46:11+00:00\",\"dateModified\":\"2025-01-13T19:46:32+00:00\",\"mainEntityOfPage\":{\"@id\":\"https:\\\/\\\/aconteceunovale.com.br\\\/portal\\\/?p=195198\"},\"wordCount\":549,\"commentCount\":0,\"image\":{\"@id\":\"https:\\\/\\\/aconteceunovale.com.br\\\/portal\\\/?p=195198#primaryimage\"},\"thumbnailUrl\":\"https:\\\/\\\/aconteceunovale.com.br\\\/portal\\\/wp-content\\\/uploads\\\/2025\\\/01\\\/deslizamentos_ipatinga_2.jpeg\",\"keywords\":[\"Caos em Ipatinga\",\"Chuvas em Ipatinga\",\"Chuvas intensas causam trag\u00e9dia em Ipatinga: \u00f3bitos confirmados e UPA interditada\",\"destaque\",\"Ipatinga\",\"Ipatinga caos\",\"Mortes causadas pelas chuvas em Ipatinga\",\"Not\u00edcias das chuvas em Ipatinga\",\"\u00d3bitos causados pelas chuvas em Ipatinga\",\"prefeito de Ipatinga\",\"Prefeito Gustavo Nunes\",\"Trag\u00e9dia causada pela chuva em Ipatinga\",\"Trag\u00e9dia em Ipatinga\"],\"articleSection\":[\"Leste de Minas\",\"Pol\u00edtica\"],\"inLanguage\":\"pt-BR\",\"potentialAction\":[{\"@type\":\"CommentAction\",\"name\":\"Comment\",\"target\":[\"https:\\\/\\\/aconteceunovale.com.br\\\/portal\\\/?p=195198#respond\"]}]},{\"@type\":\"WebPage\",\"@id\":\"https:\\\/\\\/aconteceunovale.com.br\\\/portal\\\/?p=195198\",\"url\":\"https:\\\/\\\/aconteceunovale.com.br\\\/portal\\\/?p=195198\",\"name\":\"Governador vistoria \u00e1reas afetadas por deslizamentos no Vale do A\u00e7o - Aconteceu no Vale\",\"isPartOf\":{\"@id\":\"https:\\\/\\\/aconteceunovale.com.br\\\/portal\\\/#website\"},\"primaryImageOfPage\":{\"@id\":\"https:\\\/\\\/aconteceunovale.com.br\\\/portal\\\/?p=195198#primaryimage\"},\"image\":{\"@id\":\"https:\\\/\\\/aconteceunovale.com.br\\\/portal\\\/?p=195198#primaryimage\"},\"thumbnailUrl\":\"https:\\\/\\\/aconteceunovale.com.br\\\/portal\\\/wp-content\\\/uploads\\\/2025\\\/01\\\/deslizamentos_ipatinga_2.jpeg\",\"datePublished\":\"2025-01-13T19:46:11+00:00\",\"dateModified\":\"2025-01-13T19:46:32+00:00\",\"author\":{\"@id\":\"https:\\\/\\\/aconteceunovale.com.br\\\/portal\\\/#\\\/schema\\\/person\\\/7d2f26d1483f8a63de73da1ee0754d35\"},\"breadcrumb\":{\"@id\":\"https:\\\/\\\/aconteceunovale.com.br\\\/portal\\\/?p=195198#breadcrumb\"},\"inLanguage\":\"pt-BR\",\"potentialAction\":[{\"@type\":\"ReadAction\",\"target\":[\"https:\\\/\\\/aconteceunovale.com.br\\\/portal\\\/?p=195198\"]}]},{\"@type\":\"ImageObject\",\"inLanguage\":\"pt-BR\",\"@id\":\"https:\\\/\\\/aconteceunovale.com.br\\\/portal\\\/?p=195198#primaryimage\",\"url\":\"https:\\\/\\\/aconteceunovale.com.br\\\/portal\\\/wp-content\\\/uploads\\\/2025\\\/01\\\/deslizamentos_ipatinga_2.jpeg\",\"contentUrl\":\"https:\\\/\\\/aconteceunovale.com.br\\\/portal\\\/wp-content\\\/uploads\\\/2025\\\/01\\\/deslizamentos_ipatinga_2.jpeg\",\"width\":675,\"height\":450,\"caption\":\"Foto: Gil Leonardi \\\/ Imprensa MG\"},{\"@type\":\"BreadcrumbList\",\"@id\":\"https:\\\/\\\/aconteceunovale.com.br\\\/portal\\\/?p=195198#breadcrumb\",\"itemListElement\":[{\"@type\":\"ListItem\",\"position\":1,\"name\":\"In\u00edcio\",\"item\":\"https:\\\/\\\/aconteceunovale.com.br\\\/portal\\\/\"},{\"@type\":\"ListItem\",\"position\":2,\"name\":\"Governador vistoria \u00e1reas afetadas por deslizamentos no Vale do A\u00e7o\"}]},{\"@type\":\"WebSite\",\"@id\":\"https:\\\/\\\/aconteceunovale.com.br\\\/portal\\\/#website\",\"url\":\"https:\\\/\\\/aconteceunovale.com.br\\\/portal\\\/\",\"name\":\"Aconteceu no Vale\",\"description\":\"Portal de Not\u00edcias\",\"potentialAction\":[{\"@type\":\"SearchAction\",\"target\":{\"@type\":\"EntryPoint\",\"urlTemplate\":\"https:\\\/\\\/aconteceunovale.com.br\\\/portal\\\/?s={search_term_string}\"},\"query-input\":{\"@type\":\"PropertyValueSpecification\",\"valueRequired\":true,\"valueName\":\"search_term_string\"}}],\"inLanguage\":\"pt-BR\"},{\"@type\":\"Person\",\"@id\":\"https:\\\/\\\/aconteceunovale.com.br\\\/portal\\\/#\\\/schema\\\/person\\\/7d2f26d1483f8a63de73da1ee0754d35\",\"name\":\"Reda\u00e7\u00e3o Aconteceu no Vale\",\"description\":\"Equipe de reportagem do Aconteceu no Vale, portal de not\u00edcias do Vale do Jequitinhonha, em Minas Gerais. Cobrimos as 51 cidades do Vale desde 2013. Sugest\u00f5es de pauta e pedidos de corre\u00e7\u00e3o: contato@aconteceunovale.com.br\",\"url\":\"https:\\\/\\\/aconteceunovale.com.br\\\/portal\\\/?author=4\"}]}<\/script>\n<!-- \/ Yoast SEO plugin. -->","yoast_head_json":{"title":"Governador vistoria \u00e1reas afetadas por deslizamentos no Vale do A\u00e7o - Aconteceu no Vale","robots":{"index":"index","follow":"follow","max-snippet":"max-snippet:-1","max-image-preview":"max-image-preview:large","max-video-preview":"max-video-preview:-1"},"canonical":"https:\/\/aconteceunovale.com.br\/portal\/?p=195198","og_locale":"pt_BR","og_type":"article","og_title":"Governador vistoria \u00e1reas afetadas por deslizamentos no Vale do A\u00e7o - Aconteceu no Vale","og_description":"O governador de Minas Gerais, Romeu Zema, esteve nesta segunda-feira (13\/1\/2025) nas cidades de Ipatinga e Santana do Para\u00edso, no Vale do A\u00e7o, para acompanhar os trabalhos de resgate e assist\u00eancia \u00e0s v\u00edtimas dos deslizamentos de terra provocados pelas fortes chuvas que atingiram a regi\u00e3o no \u00faltimo fim de semana. Acompanhado do chefe do Gabinete [&hellip;]","og_url":"https:\/\/aconteceunovale.com.br\/portal\/?p=195198","og_site_name":"Aconteceu no Vale","article_publisher":"https:\/\/www.facebook.com\/aconteceunovale\/","article_published_time":"2025-01-13T19:46:11+00:00","article_modified_time":"2025-01-13T19:46:32+00:00","og_image":[{"width":675,"height":450,"url":"https:\/\/aconteceunovale.com.br\/portal\/wp-content\/uploads\/2025\/01\/deslizamentos_ipatinga_2.jpeg","type":"image\/jpeg"}],"author":"Reda\u00e7\u00e3o Aconteceu no Vale","twitter_card":"summary_large_image","twitter_creator":"@noticiadosvales","twitter_site":"@noticiadosvales","twitter_misc":{"Escrito por":"Reda\u00e7\u00e3o Aconteceu no Vale","Est. tempo de leitura":"3 minutos"},"schema":{"@context":"https:\/\/schema.org","@graph":[{"@type":"Article","@id":"https:\/\/aconteceunovale.com.br\/portal\/?p=195198#article","isPartOf":{"@id":"https:\/\/aconteceunovale.com.br\/portal\/?p=195198"},"author":{"name":"Reda\u00e7\u00e3o Aconteceu no Vale","@id":"https:\/\/aconteceunovale.com.br\/portal\/#\/schema\/person\/7d2f26d1483f8a63de73da1ee0754d35"},"headline":"Governador vistoria \u00e1reas afetadas por deslizamentos no Vale do A\u00e7o","datePublished":"2025-01-13T19:46:11+00:00","dateModified":"2025-01-13T19:46:32+00:00","mainEntityOfPage":{"@id":"https:\/\/aconteceunovale.com.br\/portal\/?p=195198"},"wordCount":549,"commentCount":0,"image":{"@id":"https:\/\/aconteceunovale.com.br\/portal\/?p=195198#primaryimage"},"thumbnailUrl":"https:\/\/aconteceunovale.com.br\/portal\/wp-content\/uploads\/2025\/01\/deslizamentos_ipatinga_2.jpeg","keywords":["Caos em Ipatinga","Chuvas em Ipatinga","Chuvas intensas causam trag\u00e9dia em Ipatinga: \u00f3bitos confirmados e UPA interditada","destaque","Ipatinga","Ipatinga caos","Mortes causadas pelas chuvas em Ipatinga","Not\u00edcias das chuvas em Ipatinga","\u00d3bitos causados pelas chuvas em Ipatinga","prefeito de Ipatinga","Prefeito Gustavo Nunes","Trag\u00e9dia causada pela chuva em Ipatinga","Trag\u00e9dia em Ipatinga"],"articleSection":["Leste de Minas","Pol\u00edtica"],"inLanguage":"pt-BR","potentialAction":[{"@type":"CommentAction","name":"Comment","target":["https:\/\/aconteceunovale.com.br\/portal\/?p=195198#respond"]}]},{"@type":"WebPage","@id":"https:\/\/aconteceunovale.com.br\/portal\/?p=195198","url":"https:\/\/aconteceunovale.com.br\/portal\/?p=195198","name":"Governador vistoria \u00e1reas afetadas por deslizamentos no Vale do A\u00e7o - Aconteceu no Vale","isPartOf":{"@id":"https:\/\/aconteceunovale.com.br\/portal\/#website"},"primaryImageOfPage":{"@id":"https:\/\/aconteceunovale.com.br\/portal\/?p=195198#primaryimage"},"image":{"@id":"https:\/\/aconteceunovale.com.br\/portal\/?p=195198#primaryimage"},"thumbnailUrl":"https:\/\/aconteceunovale.com.br\/portal\/wp-content\/uploads\/2025\/01\/deslizamentos_ipatinga_2.jpeg","datePublished":"2025-01-13T19:46:11+00:00","dateModified":"2025-01-13T19:46:32+00:00","author":{"@id":"https:\/\/aconteceunovale.com.br\/portal\/#\/schema\/person\/7d2f26d1483f8a63de73da1ee0754d35"},"breadcrumb":{"@id":"https:\/\/aconteceunovale.com.br\/portal\/?p=195198#breadcrumb"},"inLanguage":"pt-BR","potentialAction":[{"@type":"ReadAction","target":["https:\/\/aconteceunovale.com.br\/portal\/?p=195198"]}]},{"@type":"ImageObject","inLanguage":"pt-BR","@id":"https:\/\/aconteceunovale.com.br\/portal\/?p=195198#primaryimage","url":"https:\/\/aconteceunovale.com.br\/portal\/wp-content\/uploads\/2025\/01\/deslizamentos_ipatinga_2.jpeg","contentUrl":"https:\/\/aconteceunovale.com.br\/portal\/wp-content\/uploads\/2025\/01\/deslizamentos_ipatinga_2.jpeg","width":675,"height":450,"caption":"Foto: Gil Leonardi \/ Imprensa MG"},{"@type":"BreadcrumbList","@id":"https:\/\/aconteceunovale.com.br\/portal\/?p=195198#breadcrumb","itemListElement":[{"@type":"ListItem","position":1,"name":"In\u00edcio","item":"https:\/\/aconteceunovale.com.br\/portal\/"},{"@type":"ListItem","position":2,"name":"Governador vistoria \u00e1reas afetadas por deslizamentos no Vale do A\u00e7o"}]},{"@type":"WebSite","@id":"https:\/\/aconteceunovale.com.br\/portal\/#website","url":"https:\/\/aconteceunovale.com.br\/portal\/","name":"Aconteceu no Vale","description":"Portal de Not\u00edcias","potentialAction":[{"@type":"SearchAction","target":{"@type":"EntryPoint","urlTemplate":"https:\/\/aconteceunovale.com.br\/portal\/?s={search_term_string}"},"query-input":{"@type":"PropertyValueSpecification","valueRequired":true,"valueName":"search_term_string"}}],"inLanguage":"pt-BR"},{"@type":"Person","@id":"https:\/\/aconteceunovale.com.br\/portal\/#\/schema\/person\/7d2f26d1483f8a63de73da1ee0754d35","name":"Reda\u00e7\u00e3o Aconteceu no Vale","description":"Equipe de reportagem do Aconteceu no Vale, portal de not\u00edcias do Vale do Jequitinhonha, em Minas Gerais. Cobrimos as 51 cidades do Vale desde 2013. Sugest\u00f5es de pauta e pedidos de corre\u00e7\u00e3o: contato@aconteceunovale.com.br","url":"https:\/\/aconteceunovale.com.br\/portal\/?author=4"}]}},"_links":{"self":[{"href":"https:\/\/aconteceunovale.com.br\/portal\/index.php?rest_route=\/wp\/v2\/posts\/195198","targetHints":{"allow":["GET"]}}],"collection":[{"href":"https:\/\/aconteceunovale.com.br\/portal\/index.php?rest_route=\/wp\/v2\/posts"}],"about":[{"href":"https:\/\/aconteceunovale.com.br\/portal\/index.php?rest_route=\/wp\/v2\/types\/post"}],"author":[{"embeddable":true,"href":"https:\/\/aconteceunovale.com.br\/portal\/index.php?rest_route=\/wp\/v2\/users\/4"}],"replies":[{"embeddable":true,"href":"https:\/\/aconteceunovale.com.br\/portal\/index.php?rest_route=%2Fwp%2Fv2%2Fcomments&post=195198"}],"version-history":[{"count":1,"href":"https:\/\/aconteceunovale.com.br\/portal\/index.php?rest_route=\/wp\/v2\/posts\/195198\/revisions"}],"predecessor-version":[{"id":195200,"href":"https:\/\/aconteceunovale.com.br\/portal\/index.php?rest_route=\/wp\/v2\/posts\/195198\/revisions\/195200"}],"wp:featuredmedia":[{"embeddable":true,"href":"https:\/\/aconteceunovale.com.br\/portal\/index.php?rest_route=\/wp\/v2\/media\/195199"}],"wp:attachment":[{"href":"https:\/\/aconteceunovale.com.br\/portal\/index.php?rest_route=%2Fwp%2Fv2%2Fmedia&parent=195198"}],"wp:term":[{"taxonomy":"category","embeddable":true,"href":"https:\/\/aconteceunovale.com.br\/portal\/index.php?rest_route=%2Fwp%2Fv2%2Fcategories&post=195198"},{"taxonomy":"post_tag","embeddable":true,"href":"https:\/\/aconteceunovale.com.br\/portal\/index.php?rest_route=%2Fwp%2Fv2%2Ftags&post=195198"}],"curies":[{"name":"wp","href":"https:\/\/api.w.org\/{rel}","templated":true}]}}