{"id":195195,"date":"2025-01-13T16:39:20","date_gmt":"2025-01-13T19:39:20","guid":{"rendered":"https:\/\/aconteceunovale.com.br\/portal\/?p=195195"},"modified":"2025-01-13T16:40:03","modified_gmt":"2025-01-13T19:40:03","slug":"leilao-revela-oportunidades-de-negocios-no-norte-de-minas","status":"publish","type":"post","link":"https:\/\/aconteceunovale.com.br\/portal\/?p=195195","title":{"rendered":"Leil\u00e3o revela oportunidades de neg\u00f3cios no Norte de Minas"},"content":{"rendered":"\n<p class=\"wp-block-paragraph\">O\u00a0Governo do Estado de Minas Gerais, por meio da\u00a0MGI (Minas Gerais Participa\u00e7\u00f5es S.A)\u00a0&#8211; empresa estatal integrante da Administra\u00e7\u00e3o P\u00fablica Indireta do Estado &#8211; lan\u00e7ou, ao fim do ano de 2024, o edital do leil\u00e3o eletr\u00f4nico exclusivamente com im\u00f3veis da carteira da\u00a0Companhia Energ\u00e9tica de Minas Gerais (Cemig). O edital inclui im\u00f3veis urbanos e rurais em diversas regi\u00f5es do Estado, em especial a regi\u00e3o Norte de Minas.<\/p>\n\n\n\n<p class=\"wp-block-paragraph\">Entre os munic\u00edpios com im\u00f3veis dispon\u00edveis no certame destacam-se Montes Claros, Jana\u00faba, Botumirim e Crist\u00e1lia. Em Montes Claros, principal centro econ\u00f4mico da regi\u00e3o, o im\u00f3vel urbano se destaca por seu enorme potencial de valoriza\u00e7\u00e3o, dispondo de 5 edifica\u00e7\u00f5es e \u00e1rea total de mais de&nbsp;2 mil&nbsp;m2, bem no centro da cidade.<\/p>\n\n\n\n<p class=\"wp-block-paragraph\">As demais propriedades rurais se sobressaem por suas amplas metragens que variam de 42 hectares&nbsp;a 514 hectares, oferecendo oportunidades de investimentos em diversos setores. No turismo, paisagens naturais e atrativos culturais. No agroneg\u00f3cio, vastas \u00e1reas para cultivo e cria\u00e7\u00e3o de animais. E, no setor de energias renov\u00e1veis, principalmente a solar fotovoltaica, uma enorme oportunidade para investimento em gera\u00e7\u00e3o de energia.<\/p>\n\n\n\n<p class=\"wp-block-paragraph\">Com dura\u00e7\u00e3o de dois meses, o certame segue dispon\u00edvel at\u00e9 o dia 21\/2\/2025 atrav\u00e9s do site do&nbsp;<a href=\"http:\/\/www.mgileiloes.com.br\/\" target=\"_blank\" rel=\"noreferrer noopener\">MG Leil\u00f5es<\/a>, estabelecendo valores iniciais que variam de R$ 90 mil a R$ 5,7 milh\u00f5es&nbsp;para os im\u00f3veis da regi\u00e3o Norte. Os leil\u00f5es s\u00e3o realizados virtualmente, e para participar basta cadastrar e fazer seus lances nos im\u00f3veis dispon\u00edveis. Consulte os editais para mais informa\u00e7\u00f5es e prazos.<\/p>\n\n\n\n<p class=\"wp-block-paragraph\"><strong>MGI<\/strong><\/p>\n\n\n\n<p class=\"wp-block-paragraph\">A MGI \u00e9 uma empresa com 47 anos de experi\u00eancia no mercado, que tem o objetivo de trazer solu\u00e7\u00f5es para a \u00e1rea financeira do Estado, usando estrat\u00e9gias para a comercializa\u00e7\u00e3o de im\u00f3veis em Minas Gerais e em diversas regi\u00f5es do pa\u00eds, seguindo os princ\u00edpios da \u00e9tica e transpar\u00eancia em suas a\u00e7\u00f5es e negocia\u00e7\u00f5es.<\/p>\n\n\n\n<p class=\"wp-block-paragraph\">Antes de publicar os editais, a MGI analisa e acompanha a precifica\u00e7\u00e3o e regulariza\u00e7\u00e3o dos im\u00f3veis buscando oferecer seguran\u00e7a e confiabilidade ao processo. Com o intuito de oferecer o melhor servi\u00e7o aos clientes, a empresa possui colaboradores especializados que atuam no sentido de dar todas as informa\u00e7\u00f5es necess\u00e1rias referentes \u00e0s etapas de aquisi\u00e7\u00e3o. Al\u00e9m disso, na fase de p\u00f3s-venda, a empresa oferece ao arrematante todo o suporte com a documenta\u00e7\u00e3o necess\u00e1ria visando sua completa satisfa\u00e7\u00e3o no processo.&nbsp;<\/p>\n","protected":false},"excerpt":{"rendered":"<p>O\u00a0Governo do Estado de Minas Gerais, por meio da\u00a0MGI (Minas Gerais Participa\u00e7\u00f5es S.A)\u00a0&#8211; empresa estatal integrante da Administra\u00e7\u00e3o P\u00fablica Indireta do Estado &#8211; lan\u00e7ou, ao fim do ano de 2024, o edital do leil\u00e3o eletr\u00f4nico exclusivamente com im\u00f3veis da carteira da\u00a0Companhia Energ\u00e9tica de Minas Gerais (Cemig). O edital inclui im\u00f3veis urbanos e rurais em diversas [&hellip;]<\/p>\n","protected":false},"author":4,"featured_media":195196,"comment_status":"open","ping_status":"closed","sticky":false,"template":"","format":"standard","meta":{"amp_status":"","footnotes":""},"categories":[155260,1236],"tags":[1714,1715,269458,204,269459,269457,269456,68986,210,145],"class_list":["post-195195","post","type-post","status-publish","format-standard","has-post-thumbnail","hentry","category-editais","category-norte_de_minas","tag-botumirim","tag-cristalia","tag-edital-de-leilao-no-norte-de-minas","tag-janauba","tag-leilao-de-imoveis-da-cemig-no-norte-de-minas","tag-leilao-no-norte-de-minas","tag-leilao-revela-oportunidades-de-negocios-no-norte-de-minas","tag-mgi","tag-montes-claros","tag-norte-de-minas"],"yoast_head":"<!-- This site is optimized with the Yoast SEO plugin v28.3 - https:\/\/yoast.com\/product\/yoast-seo-wordpress\/ -->\n<title>Leil\u00e3o revela oportunidades de neg\u00f3cios no Norte de Minas - Aconteceu no Vale<\/title>\n<meta name=\"robots\" content=\"index, follow, max-snippet:-1, max-image-preview:large, max-video-preview:-1\" \/>\n<link rel=\"canonical\" href=\"https:\/\/aconteceunovale.com.br\/portal\/?p=195195\" \/>\n<meta property=\"og:locale\" content=\"pt_BR\" \/>\n<meta property=\"og:type\" content=\"article\" \/>\n<meta property=\"og:title\" content=\"Leil\u00e3o revela oportunidades de neg\u00f3cios no Norte de Minas - Aconteceu no Vale\" \/>\n<meta property=\"og:description\" content=\"O\u00a0Governo do Estado de Minas Gerais, por meio da\u00a0MGI (Minas Gerais Participa\u00e7\u00f5es S.A)\u00a0&#8211; empresa estatal integrante da Administra\u00e7\u00e3o P\u00fablica Indireta do Estado &#8211; lan\u00e7ou, ao fim do ano de 2024, o edital do leil\u00e3o eletr\u00f4nico exclusivamente com im\u00f3veis da carteira da\u00a0Companhia Energ\u00e9tica de Minas Gerais (Cemig). O edital inclui im\u00f3veis urbanos e rurais em diversas [&hellip;]\" \/>\n<meta property=\"og:url\" content=\"https:\/\/aconteceunovale.com.br\/portal\/?p=195195\" \/>\n<meta property=\"og:site_name\" content=\"Aconteceu no Vale\" \/>\n<meta property=\"article:publisher\" content=\"https:\/\/www.facebook.com\/aconteceunovale\/\" \/>\n<meta property=\"article:published_time\" content=\"2025-01-13T19:39:20+00:00\" \/>\n<meta property=\"article:modified_time\" content=\"2025-01-13T19:40:03+00:00\" \/>\n<meta property=\"og:image\" content=\"https:\/\/aconteceunovale.com.br\/portal\/wp-content\/uploads\/2025\/01\/cemig.jpg\" \/>\n\t<meta property=\"og:image:width\" content=\"678\" \/>\n\t<meta property=\"og:image:height\" content=\"252\" \/>\n\t<meta property=\"og:image:type\" content=\"image\/jpeg\" \/>\n<meta name=\"author\" content=\"Reda\u00e7\u00e3o Aconteceu no Vale\" \/>\n<meta name=\"twitter:card\" content=\"summary_large_image\" \/>\n<meta name=\"twitter:creator\" content=\"@noticiadosvales\" \/>\n<meta name=\"twitter:site\" content=\"@noticiadosvales\" \/>\n<meta name=\"twitter:label1\" content=\"Escrito por\" \/>\n\t<meta name=\"twitter:data1\" content=\"Reda\u00e7\u00e3o Aconteceu no Vale\" \/>\n\t<meta name=\"twitter:label2\" content=\"Est. tempo de leitura\" \/>\n\t<meta name=\"twitter:data2\" content=\"2 minutos\" \/>\n<script type=\"application\/ld+json\" class=\"yoast-schema-graph\">{\"@context\":\"https:\\\/\\\/schema.org\",\"@graph\":[{\"@type\":\"Article\",\"@id\":\"https:\\\/\\\/aconteceunovale.com.br\\\/portal\\\/?p=195195#article\",\"isPartOf\":{\"@id\":\"https:\\\/\\\/aconteceunovale.com.br\\\/portal\\\/?p=195195\"},\"author\":{\"name\":\"Reda\u00e7\u00e3o Aconteceu no Vale\",\"@id\":\"https:\\\/\\\/aconteceunovale.com.br\\\/portal\\\/#\\\/schema\\\/person\\\/7d2f26d1483f8a63de73da1ee0754d35\"},\"headline\":\"Leil\u00e3o revela oportunidades de neg\u00f3cios no Norte de Minas\",\"datePublished\":\"2025-01-13T19:39:20+00:00\",\"dateModified\":\"2025-01-13T19:40:03+00:00\",\"mainEntityOfPage\":{\"@id\":\"https:\\\/\\\/aconteceunovale.com.br\\\/portal\\\/?p=195195\"},\"wordCount\":445,\"commentCount\":0,\"image\":{\"@id\":\"https:\\\/\\\/aconteceunovale.com.br\\\/portal\\\/?p=195195#primaryimage\"},\"thumbnailUrl\":\"https:\\\/\\\/aconteceunovale.com.br\\\/portal\\\/wp-content\\\/uploads\\\/2025\\\/01\\\/cemig.jpg\",\"keywords\":[\"Botumirim\",\"Crist\u00e1lia\",\"Edital de leil\u00e3o no Norte de Minas\",\"Jana\u00faba\",\"Leil\u00e3o de im\u00f3veis da Cemig no Norte de Minas\",\"Leil\u00e3o no Norte de Minas\",\"Leil\u00e3o revela oportunidades de neg\u00f3cios no Norte de Minas\",\"MGi\",\"Montes Claros\",\"Norte de Minas\"],\"articleSection\":[\"Editais\",\"Norte de Minas\"],\"inLanguage\":\"pt-BR\",\"potentialAction\":[{\"@type\":\"CommentAction\",\"name\":\"Comment\",\"target\":[\"https:\\\/\\\/aconteceunovale.com.br\\\/portal\\\/?p=195195#respond\"]}]},{\"@type\":\"WebPage\",\"@id\":\"https:\\\/\\\/aconteceunovale.com.br\\\/portal\\\/?p=195195\",\"url\":\"https:\\\/\\\/aconteceunovale.com.br\\\/portal\\\/?p=195195\",\"name\":\"Leil\u00e3o revela oportunidades de neg\u00f3cios no Norte de Minas - Aconteceu no Vale\",\"isPartOf\":{\"@id\":\"https:\\\/\\\/aconteceunovale.com.br\\\/portal\\\/#website\"},\"primaryImageOfPage\":{\"@id\":\"https:\\\/\\\/aconteceunovale.com.br\\\/portal\\\/?p=195195#primaryimage\"},\"image\":{\"@id\":\"https:\\\/\\\/aconteceunovale.com.br\\\/portal\\\/?p=195195#primaryimage\"},\"thumbnailUrl\":\"https:\\\/\\\/aconteceunovale.com.br\\\/portal\\\/wp-content\\\/uploads\\\/2025\\\/01\\\/cemig.jpg\",\"datePublished\":\"2025-01-13T19:39:20+00:00\",\"dateModified\":\"2025-01-13T19:40:03+00:00\",\"author\":{\"@id\":\"https:\\\/\\\/aconteceunovale.com.br\\\/portal\\\/#\\\/schema\\\/person\\\/7d2f26d1483f8a63de73da1ee0754d35\"},\"breadcrumb\":{\"@id\":\"https:\\\/\\\/aconteceunovale.com.br\\\/portal\\\/?p=195195#breadcrumb\"},\"inLanguage\":\"pt-BR\",\"potentialAction\":[{\"@type\":\"ReadAction\",\"target\":[\"https:\\\/\\\/aconteceunovale.com.br\\\/portal\\\/?p=195195\"]}]},{\"@type\":\"ImageObject\",\"inLanguage\":\"pt-BR\",\"@id\":\"https:\\\/\\\/aconteceunovale.com.br\\\/portal\\\/?p=195195#primaryimage\",\"url\":\"https:\\\/\\\/aconteceunovale.com.br\\\/portal\\\/wp-content\\\/uploads\\\/2025\\\/01\\\/cemig.jpg\",\"contentUrl\":\"https:\\\/\\\/aconteceunovale.com.br\\\/portal\\\/wp-content\\\/uploads\\\/2025\\\/01\\\/cemig.jpg\",\"width\":678,\"height\":252},{\"@type\":\"BreadcrumbList\",\"@id\":\"https:\\\/\\\/aconteceunovale.com.br\\\/portal\\\/?p=195195#breadcrumb\",\"itemListElement\":[{\"@type\":\"ListItem\",\"position\":1,\"name\":\"In\u00edcio\",\"item\":\"https:\\\/\\\/aconteceunovale.com.br\\\/portal\\\/\"},{\"@type\":\"ListItem\",\"position\":2,\"name\":\"Leil\u00e3o revela oportunidades de neg\u00f3cios no Norte de Minas\"}]},{\"@type\":\"WebSite\",\"@id\":\"https:\\\/\\\/aconteceunovale.com.br\\\/portal\\\/#website\",\"url\":\"https:\\\/\\\/aconteceunovale.com.br\\\/portal\\\/\",\"name\":\"Aconteceu no Vale\",\"description\":\"Portal de Not\u00edcias\",\"potentialAction\":[{\"@type\":\"SearchAction\",\"target\":{\"@type\":\"EntryPoint\",\"urlTemplate\":\"https:\\\/\\\/aconteceunovale.com.br\\\/portal\\\/?s={search_term_string}\"},\"query-input\":{\"@type\":\"PropertyValueSpecification\",\"valueRequired\":true,\"valueName\":\"search_term_string\"}}],\"inLanguage\":\"pt-BR\"},{\"@type\":\"Person\",\"@id\":\"https:\\\/\\\/aconteceunovale.com.br\\\/portal\\\/#\\\/schema\\\/person\\\/7d2f26d1483f8a63de73da1ee0754d35\",\"name\":\"Reda\u00e7\u00e3o Aconteceu no Vale\",\"description\":\"Equipe de reportagem do Aconteceu no Vale, portal de not\u00edcias do Vale do Jequitinhonha, em Minas Gerais. Cobrimos as 51 cidades do Vale desde 2013. Sugest\u00f5es de pauta e pedidos de corre\u00e7\u00e3o: contato@aconteceunovale.com.br\",\"url\":\"https:\\\/\\\/aconteceunovale.com.br\\\/portal\\\/?author=4\"}]}<\/script>\n<!-- \/ Yoast SEO plugin. -->","yoast_head_json":{"title":"Leil\u00e3o revela oportunidades de neg\u00f3cios no Norte de Minas - Aconteceu no Vale","robots":{"index":"index","follow":"follow","max-snippet":"max-snippet:-1","max-image-preview":"max-image-preview:large","max-video-preview":"max-video-preview:-1"},"canonical":"https:\/\/aconteceunovale.com.br\/portal\/?p=195195","og_locale":"pt_BR","og_type":"article","og_title":"Leil\u00e3o revela oportunidades de neg\u00f3cios no Norte de Minas - Aconteceu no Vale","og_description":"O\u00a0Governo do Estado de Minas Gerais, por meio da\u00a0MGI (Minas Gerais Participa\u00e7\u00f5es S.A)\u00a0&#8211; empresa estatal integrante da Administra\u00e7\u00e3o P\u00fablica Indireta do Estado &#8211; lan\u00e7ou, ao fim do ano de 2024, o edital do leil\u00e3o eletr\u00f4nico exclusivamente com im\u00f3veis da carteira da\u00a0Companhia Energ\u00e9tica de Minas Gerais (Cemig). O edital inclui im\u00f3veis urbanos e rurais em diversas [&hellip;]","og_url":"https:\/\/aconteceunovale.com.br\/portal\/?p=195195","og_site_name":"Aconteceu no Vale","article_publisher":"https:\/\/www.facebook.com\/aconteceunovale\/","article_published_time":"2025-01-13T19:39:20+00:00","article_modified_time":"2025-01-13T19:40:03+00:00","og_image":[{"width":678,"height":252,"url":"https:\/\/aconteceunovale.com.br\/portal\/wp-content\/uploads\/2025\/01\/cemig.jpg","type":"image\/jpeg"}],"author":"Reda\u00e7\u00e3o Aconteceu no Vale","twitter_card":"summary_large_image","twitter_creator":"@noticiadosvales","twitter_site":"@noticiadosvales","twitter_misc":{"Escrito por":"Reda\u00e7\u00e3o Aconteceu no Vale","Est. tempo de leitura":"2 minutos"},"schema":{"@context":"https:\/\/schema.org","@graph":[{"@type":"Article","@id":"https:\/\/aconteceunovale.com.br\/portal\/?p=195195#article","isPartOf":{"@id":"https:\/\/aconteceunovale.com.br\/portal\/?p=195195"},"author":{"name":"Reda\u00e7\u00e3o Aconteceu no Vale","@id":"https:\/\/aconteceunovale.com.br\/portal\/#\/schema\/person\/7d2f26d1483f8a63de73da1ee0754d35"},"headline":"Leil\u00e3o revela oportunidades de neg\u00f3cios no Norte de Minas","datePublished":"2025-01-13T19:39:20+00:00","dateModified":"2025-01-13T19:40:03+00:00","mainEntityOfPage":{"@id":"https:\/\/aconteceunovale.com.br\/portal\/?p=195195"},"wordCount":445,"commentCount":0,"image":{"@id":"https:\/\/aconteceunovale.com.br\/portal\/?p=195195#primaryimage"},"thumbnailUrl":"https:\/\/aconteceunovale.com.br\/portal\/wp-content\/uploads\/2025\/01\/cemig.jpg","keywords":["Botumirim","Crist\u00e1lia","Edital de leil\u00e3o no Norte de Minas","Jana\u00faba","Leil\u00e3o de im\u00f3veis da Cemig no Norte de Minas","Leil\u00e3o no Norte de Minas","Leil\u00e3o revela oportunidades de neg\u00f3cios no Norte de Minas","MGi","Montes Claros","Norte de Minas"],"articleSection":["Editais","Norte de Minas"],"inLanguage":"pt-BR","potentialAction":[{"@type":"CommentAction","name":"Comment","target":["https:\/\/aconteceunovale.com.br\/portal\/?p=195195#respond"]}]},{"@type":"WebPage","@id":"https:\/\/aconteceunovale.com.br\/portal\/?p=195195","url":"https:\/\/aconteceunovale.com.br\/portal\/?p=195195","name":"Leil\u00e3o revela oportunidades de neg\u00f3cios no Norte de Minas - Aconteceu no Vale","isPartOf":{"@id":"https:\/\/aconteceunovale.com.br\/portal\/#website"},"primaryImageOfPage":{"@id":"https:\/\/aconteceunovale.com.br\/portal\/?p=195195#primaryimage"},"image":{"@id":"https:\/\/aconteceunovale.com.br\/portal\/?p=195195#primaryimage"},"thumbnailUrl":"https:\/\/aconteceunovale.com.br\/portal\/wp-content\/uploads\/2025\/01\/cemig.jpg","datePublished":"2025-01-13T19:39:20+00:00","dateModified":"2025-01-13T19:40:03+00:00","author":{"@id":"https:\/\/aconteceunovale.com.br\/portal\/#\/schema\/person\/7d2f26d1483f8a63de73da1ee0754d35"},"breadcrumb":{"@id":"https:\/\/aconteceunovale.com.br\/portal\/?p=195195#breadcrumb"},"inLanguage":"pt-BR","potentialAction":[{"@type":"ReadAction","target":["https:\/\/aconteceunovale.com.br\/portal\/?p=195195"]}]},{"@type":"ImageObject","inLanguage":"pt-BR","@id":"https:\/\/aconteceunovale.com.br\/portal\/?p=195195#primaryimage","url":"https:\/\/aconteceunovale.com.br\/portal\/wp-content\/uploads\/2025\/01\/cemig.jpg","contentUrl":"https:\/\/aconteceunovale.com.br\/portal\/wp-content\/uploads\/2025\/01\/cemig.jpg","width":678,"height":252},{"@type":"BreadcrumbList","@id":"https:\/\/aconteceunovale.com.br\/portal\/?p=195195#breadcrumb","itemListElement":[{"@type":"ListItem","position":1,"name":"In\u00edcio","item":"https:\/\/aconteceunovale.com.br\/portal\/"},{"@type":"ListItem","position":2,"name":"Leil\u00e3o revela oportunidades de neg\u00f3cios no Norte de Minas"}]},{"@type":"WebSite","@id":"https:\/\/aconteceunovale.com.br\/portal\/#website","url":"https:\/\/aconteceunovale.com.br\/portal\/","name":"Aconteceu no Vale","description":"Portal de Not\u00edcias","potentialAction":[{"@type":"SearchAction","target":{"@type":"EntryPoint","urlTemplate":"https:\/\/aconteceunovale.com.br\/portal\/?s={search_term_string}"},"query-input":{"@type":"PropertyValueSpecification","valueRequired":true,"valueName":"search_term_string"}}],"inLanguage":"pt-BR"},{"@type":"Person","@id":"https:\/\/aconteceunovale.com.br\/portal\/#\/schema\/person\/7d2f26d1483f8a63de73da1ee0754d35","name":"Reda\u00e7\u00e3o Aconteceu no Vale","description":"Equipe de reportagem do Aconteceu no Vale, portal de not\u00edcias do Vale do Jequitinhonha, em Minas Gerais. Cobrimos as 51 cidades do Vale desde 2013. Sugest\u00f5es de pauta e pedidos de corre\u00e7\u00e3o: contato@aconteceunovale.com.br","url":"https:\/\/aconteceunovale.com.br\/portal\/?author=4"}]}},"_links":{"self":[{"href":"https:\/\/aconteceunovale.com.br\/portal\/index.php?rest_route=\/wp\/v2\/posts\/195195","targetHints":{"allow":["GET"]}}],"collection":[{"href":"https:\/\/aconteceunovale.com.br\/portal\/index.php?rest_route=\/wp\/v2\/posts"}],"about":[{"href":"https:\/\/aconteceunovale.com.br\/portal\/index.php?rest_route=\/wp\/v2\/types\/post"}],"author":[{"embeddable":true,"href":"https:\/\/aconteceunovale.com.br\/portal\/index.php?rest_route=\/wp\/v2\/users\/4"}],"replies":[{"embeddable":true,"href":"https:\/\/aconteceunovale.com.br\/portal\/index.php?rest_route=%2Fwp%2Fv2%2Fcomments&post=195195"}],"version-history":[{"count":1,"href":"https:\/\/aconteceunovale.com.br\/portal\/index.php?rest_route=\/wp\/v2\/posts\/195195\/revisions"}],"predecessor-version":[{"id":195197,"href":"https:\/\/aconteceunovale.com.br\/portal\/index.php?rest_route=\/wp\/v2\/posts\/195195\/revisions\/195197"}],"wp:featuredmedia":[{"embeddable":true,"href":"https:\/\/aconteceunovale.com.br\/portal\/index.php?rest_route=\/wp\/v2\/media\/195196"}],"wp:attachment":[{"href":"https:\/\/aconteceunovale.com.br\/portal\/index.php?rest_route=%2Fwp%2Fv2%2Fmedia&parent=195195"}],"wp:term":[{"taxonomy":"category","embeddable":true,"href":"https:\/\/aconteceunovale.com.br\/portal\/index.php?rest_route=%2Fwp%2Fv2%2Fcategories&post=195195"},{"taxonomy":"post_tag","embeddable":true,"href":"https:\/\/aconteceunovale.com.br\/portal\/index.php?rest_route=%2Fwp%2Fv2%2Ftags&post=195195"}],"curies":[{"name":"wp","href":"https:\/\/api.w.org\/{rel}","templated":true}]}}