{"id":195190,"date":"2025-01-13T16:13:18","date_gmt":"2025-01-13T19:13:18","guid":{"rendered":"https:\/\/aconteceunovale.com.br\/portal\/?p=195190"},"modified":"2025-01-13T16:13:45","modified_gmt":"2025-01-13T19:13:45","slug":"policia-militar-apreende-34-kg-de-drogas-em-montes-claros","status":"publish","type":"post","link":"https:\/\/aconteceunovale.com.br\/portal\/?p=195190","title":{"rendered":"Pol\u00edcia Militar apreende 34 kg de drogas em Montes Claros"},"content":{"rendered":"\n<p class=\"wp-block-paragraph\">Tr\u00eas pessoas foram presas na madrugada desta segunda-feira (13\/1\/2025) em Montes Claros, no Norte de Minas, ap\u00f3s serem flagradas transportando mais de 30 kg de drogas em um carro. A apreens\u00e3o ocorreu durante uma opera\u00e7\u00e3o de combate ao tr\u00e1fico de drogas no bairro Santos Reis.<\/p>\n\n\n\n<figure class=\"wp-block-gallery has-nested-images columns-default is-cropped wp-block-gallery-1 is-layout-flex wp-block-gallery-is-layout-flex\">\n<figure class=\"wp-block-image size-large\"><img loading=\"lazy\" decoding=\"async\" width=\"678\" height=\"431\" data-id=\"195191\" src=\"https:\/\/aconteceunovale.com.br\/portal\/wp-content\/uploads\/2025\/01\/trafico_moc.png\" alt=\"\" class=\"wp-image-195191\" srcset=\"https:\/\/aconteceunovale.com.br\/portal\/wp-content\/uploads\/2025\/01\/trafico_moc.png 678w, https:\/\/aconteceunovale.com.br\/portal\/wp-content\/uploads\/2025\/01\/trafico_moc-300x191.png 300w, https:\/\/aconteceunovale.com.br\/portal\/wp-content\/uploads\/2025\/01\/trafico_moc-661x420.png 661w\" sizes=\"auto, (max-width: 678px) 100vw, 678px\" \/><figcaption class=\"wp-element-caption\"><em>Foto: Divulga\u00e7\u00e3o \/ PMMG<\/em><\/figcaption><\/figure>\n<\/figure>\n\n\n\n<p class=\"wp-block-paragraph\">De acordo com informa\u00e7\u00f5es divulgadas pela Pol\u00edcia Militar, o ve\u00edculo foi avistado em atitude suspeita e abordado pelos agentes. Durante a vistoria, foram encontrados 32 kg de coca\u00edna e 2 kg de crack no interior do autom\u00f3vel.<\/p>\n\n\n\n<p class=\"wp-block-paragraph\">Os ocupantes do carro, dois homens e uma mulher, foram presos em flagrante. A PM informou que dois dos envolvidos j\u00e1 possuem passagens pela pol\u00edcia por tr\u00e1fico de drogas. Todos foram encaminhados para a delegacia de Montes Claros, onde permanecem \u00e0 disposi\u00e7\u00e3o da Justi\u00e7a.<\/p>\n\n\n\n<p class=\"wp-block-paragraph\">O ve\u00edculo utilizado no transporte dos entorpecentes foi apreendido.<\/p>\n","protected":false},"excerpt":{"rendered":"<p>Tr\u00eas pessoas foram presas na madrugada desta segunda-feira (13\/1\/2025) em Montes Claros, no Norte de Minas, ap\u00f3s serem flagradas transportando mais de 30 kg de drogas em um carro. A apreens\u00e3o ocorreu durante uma opera\u00e7\u00e3o de combate ao tr\u00e1fico de drogas no bairro Santos Reis. De acordo com informa\u00e7\u00f5es divulgadas pela Pol\u00edcia Militar, o ve\u00edculo [&hellip;]<\/p>\n","protected":false},"author":4,"featured_media":195191,"comment_status":"open","ping_status":"closed","sticky":false,"template":"","format":"standard","meta":{"amp_status":"","footnotes":""},"categories":[1236],"tags":[84150,1018,81953,210,269450,127098,114703],"class_list":["post-195190","post","type-post","status-publish","format-standard","has-post-thumbnail","hentry","category-norte_de_minas","tag-apreensao-de-drogas-em-montes-claros","tag-destaque","tag-drogas-apreendidas-em-montes-claros","tag-montes-claros","tag-policia-militar-apreende-34-kg-de-drogas-em-montes-claros","tag-presos-com-drogas-em-montes-claros","tag-traficantes-presos-em-montes-claros"],"yoast_head":"<!-- This site is optimized with the Yoast SEO plugin v28.3 - https:\/\/yoast.com\/product\/yoast-seo-wordpress\/ -->\n<title>Pol\u00edcia Militar apreende 34 kg de drogas em Montes Claros - Aconteceu no Vale<\/title>\n<meta name=\"robots\" content=\"index, follow, max-snippet:-1, max-image-preview:large, max-video-preview:-1\" \/>\n<link rel=\"canonical\" href=\"https:\/\/aconteceunovale.com.br\/portal\/?p=195190\" \/>\n<meta property=\"og:locale\" content=\"pt_BR\" \/>\n<meta property=\"og:type\" content=\"article\" \/>\n<meta property=\"og:title\" content=\"Pol\u00edcia Militar apreende 34 kg de drogas em Montes Claros - Aconteceu no Vale\" \/>\n<meta property=\"og:description\" content=\"Tr\u00eas pessoas foram presas na madrugada desta segunda-feira (13\/1\/2025) em Montes Claros, no Norte de Minas, ap\u00f3s serem flagradas transportando mais de 30 kg de drogas em um carro. A apreens\u00e3o ocorreu durante uma opera\u00e7\u00e3o de combate ao tr\u00e1fico de drogas no bairro Santos Reis. De acordo com informa\u00e7\u00f5es divulgadas pela Pol\u00edcia Militar, o ve\u00edculo [&hellip;]\" \/>\n<meta property=\"og:url\" content=\"https:\/\/aconteceunovale.com.br\/portal\/?p=195190\" \/>\n<meta property=\"og:site_name\" content=\"Aconteceu no Vale\" \/>\n<meta property=\"article:publisher\" content=\"https:\/\/www.facebook.com\/aconteceunovale\/\" \/>\n<meta property=\"article:published_time\" content=\"2025-01-13T19:13:18+00:00\" \/>\n<meta property=\"article:modified_time\" content=\"2025-01-13T19:13:45+00:00\" \/>\n<meta property=\"og:image\" content=\"https:\/\/aconteceunovale.com.br\/portal\/wp-content\/uploads\/2025\/01\/trafico_moc.png\" \/>\n\t<meta property=\"og:image:width\" content=\"678\" \/>\n\t<meta property=\"og:image:height\" content=\"431\" \/>\n\t<meta property=\"og:image:type\" content=\"image\/png\" \/>\n<meta name=\"author\" content=\"Reda\u00e7\u00e3o Aconteceu no Vale\" \/>\n<meta name=\"twitter:card\" content=\"summary_large_image\" \/>\n<meta name=\"twitter:creator\" content=\"@noticiadosvales\" \/>\n<meta name=\"twitter:site\" content=\"@noticiadosvales\" \/>\n<meta name=\"twitter:label1\" content=\"Escrito por\" \/>\n\t<meta name=\"twitter:data1\" content=\"Reda\u00e7\u00e3o Aconteceu no Vale\" \/>\n\t<meta name=\"twitter:label2\" content=\"Est. tempo de leitura\" \/>\n\t<meta name=\"twitter:data2\" content=\"1 minuto\" \/>\n<script type=\"application\/ld+json\" class=\"yoast-schema-graph\">{\"@context\":\"https:\\\/\\\/schema.org\",\"@graph\":[{\"@type\":\"Article\",\"@id\":\"https:\\\/\\\/aconteceunovale.com.br\\\/portal\\\/?p=195190#article\",\"isPartOf\":{\"@id\":\"https:\\\/\\\/aconteceunovale.com.br\\\/portal\\\/?p=195190\"},\"author\":{\"name\":\"Reda\u00e7\u00e3o Aconteceu no Vale\",\"@id\":\"https:\\\/\\\/aconteceunovale.com.br\\\/portal\\\/#\\\/schema\\\/person\\\/7d2f26d1483f8a63de73da1ee0754d35\"},\"headline\":\"Pol\u00edcia Militar apreende 34 kg de drogas em Montes Claros\",\"datePublished\":\"2025-01-13T19:13:18+00:00\",\"dateModified\":\"2025-01-13T19:13:45+00:00\",\"mainEntityOfPage\":{\"@id\":\"https:\\\/\\\/aconteceunovale.com.br\\\/portal\\\/?p=195190\"},\"wordCount\":159,\"commentCount\":0,\"image\":{\"@id\":\"https:\\\/\\\/aconteceunovale.com.br\\\/portal\\\/?p=195190#primaryimage\"},\"thumbnailUrl\":\"https:\\\/\\\/aconteceunovale.com.br\\\/portal\\\/wp-content\\\/uploads\\\/2025\\\/01\\\/trafico_moc.png\",\"keywords\":[\"apreens\u00e3o de drogas em montes claros\",\"destaque\",\"drogas apreendidas em montes claros\",\"Montes Claros\",\"Pol\u00edcia Militar apreende 34 kg de drogas em Montes Claros\",\"presos com drogas em montes claros\",\"traficantes presos em Montes Claros\"],\"articleSection\":[\"Norte de Minas\"],\"inLanguage\":\"pt-BR\",\"potentialAction\":[{\"@type\":\"CommentAction\",\"name\":\"Comment\",\"target\":[\"https:\\\/\\\/aconteceunovale.com.br\\\/portal\\\/?p=195190#respond\"]}]},{\"@type\":\"WebPage\",\"@id\":\"https:\\\/\\\/aconteceunovale.com.br\\\/portal\\\/?p=195190\",\"url\":\"https:\\\/\\\/aconteceunovale.com.br\\\/portal\\\/?p=195190\",\"name\":\"Pol\u00edcia Militar apreende 34 kg de drogas em Montes Claros - Aconteceu no Vale\",\"isPartOf\":{\"@id\":\"https:\\\/\\\/aconteceunovale.com.br\\\/portal\\\/#website\"},\"primaryImageOfPage\":{\"@id\":\"https:\\\/\\\/aconteceunovale.com.br\\\/portal\\\/?p=195190#primaryimage\"},\"image\":{\"@id\":\"https:\\\/\\\/aconteceunovale.com.br\\\/portal\\\/?p=195190#primaryimage\"},\"thumbnailUrl\":\"https:\\\/\\\/aconteceunovale.com.br\\\/portal\\\/wp-content\\\/uploads\\\/2025\\\/01\\\/trafico_moc.png\",\"datePublished\":\"2025-01-13T19:13:18+00:00\",\"dateModified\":\"2025-01-13T19:13:45+00:00\",\"author\":{\"@id\":\"https:\\\/\\\/aconteceunovale.com.br\\\/portal\\\/#\\\/schema\\\/person\\\/7d2f26d1483f8a63de73da1ee0754d35\"},\"breadcrumb\":{\"@id\":\"https:\\\/\\\/aconteceunovale.com.br\\\/portal\\\/?p=195190#breadcrumb\"},\"inLanguage\":\"pt-BR\",\"potentialAction\":[{\"@type\":\"ReadAction\",\"target\":[\"https:\\\/\\\/aconteceunovale.com.br\\\/portal\\\/?p=195190\"]}]},{\"@type\":\"ImageObject\",\"inLanguage\":\"pt-BR\",\"@id\":\"https:\\\/\\\/aconteceunovale.com.br\\\/portal\\\/?p=195190#primaryimage\",\"url\":\"https:\\\/\\\/aconteceunovale.com.br\\\/portal\\\/wp-content\\\/uploads\\\/2025\\\/01\\\/trafico_moc.png\",\"contentUrl\":\"https:\\\/\\\/aconteceunovale.com.br\\\/portal\\\/wp-content\\\/uploads\\\/2025\\\/01\\\/trafico_moc.png\",\"width\":678,\"height\":431,\"caption\":\"Foto: Divulga\u00e7\u00e3o \\\/ PMMG\"},{\"@type\":\"BreadcrumbList\",\"@id\":\"https:\\\/\\\/aconteceunovale.com.br\\\/portal\\\/?p=195190#breadcrumb\",\"itemListElement\":[{\"@type\":\"ListItem\",\"position\":1,\"name\":\"In\u00edcio\",\"item\":\"https:\\\/\\\/aconteceunovale.com.br\\\/portal\\\/\"},{\"@type\":\"ListItem\",\"position\":2,\"name\":\"Pol\u00edcia Militar apreende 34 kg de drogas em Montes Claros\"}]},{\"@type\":\"WebSite\",\"@id\":\"https:\\\/\\\/aconteceunovale.com.br\\\/portal\\\/#website\",\"url\":\"https:\\\/\\\/aconteceunovale.com.br\\\/portal\\\/\",\"name\":\"Aconteceu no Vale\",\"description\":\"Portal de Not\u00edcias\",\"potentialAction\":[{\"@type\":\"SearchAction\",\"target\":{\"@type\":\"EntryPoint\",\"urlTemplate\":\"https:\\\/\\\/aconteceunovale.com.br\\\/portal\\\/?s={search_term_string}\"},\"query-input\":{\"@type\":\"PropertyValueSpecification\",\"valueRequired\":true,\"valueName\":\"search_term_string\"}}],\"inLanguage\":\"pt-BR\"},{\"@type\":\"Person\",\"@id\":\"https:\\\/\\\/aconteceunovale.com.br\\\/portal\\\/#\\\/schema\\\/person\\\/7d2f26d1483f8a63de73da1ee0754d35\",\"name\":\"Reda\u00e7\u00e3o Aconteceu no Vale\",\"description\":\"Equipe de reportagem do Aconteceu no Vale, portal de not\u00edcias do Vale do Jequitinhonha, em Minas Gerais. Cobrimos as 51 cidades do Vale desde 2013. Sugest\u00f5es de pauta e pedidos de corre\u00e7\u00e3o: contato@aconteceunovale.com.br\",\"url\":\"https:\\\/\\\/aconteceunovale.com.br\\\/portal\\\/?author=4\"}]}<\/script>\n<!-- \/ Yoast SEO plugin. -->","yoast_head_json":{"title":"Pol\u00edcia Militar apreende 34 kg de drogas em Montes Claros - Aconteceu no Vale","robots":{"index":"index","follow":"follow","max-snippet":"max-snippet:-1","max-image-preview":"max-image-preview:large","max-video-preview":"max-video-preview:-1"},"canonical":"https:\/\/aconteceunovale.com.br\/portal\/?p=195190","og_locale":"pt_BR","og_type":"article","og_title":"Pol\u00edcia Militar apreende 34 kg de drogas em Montes Claros - Aconteceu no Vale","og_description":"Tr\u00eas pessoas foram presas na madrugada desta segunda-feira (13\/1\/2025) em Montes Claros, no Norte de Minas, ap\u00f3s serem flagradas transportando mais de 30 kg de drogas em um carro. A apreens\u00e3o ocorreu durante uma opera\u00e7\u00e3o de combate ao tr\u00e1fico de drogas no bairro Santos Reis. De acordo com informa\u00e7\u00f5es divulgadas pela Pol\u00edcia Militar, o ve\u00edculo [&hellip;]","og_url":"https:\/\/aconteceunovale.com.br\/portal\/?p=195190","og_site_name":"Aconteceu no Vale","article_publisher":"https:\/\/www.facebook.com\/aconteceunovale\/","article_published_time":"2025-01-13T19:13:18+00:00","article_modified_time":"2025-01-13T19:13:45+00:00","og_image":[{"width":678,"height":431,"url":"https:\/\/aconteceunovale.com.br\/portal\/wp-content\/uploads\/2025\/01\/trafico_moc.png","type":"image\/png"}],"author":"Reda\u00e7\u00e3o Aconteceu no Vale","twitter_card":"summary_large_image","twitter_creator":"@noticiadosvales","twitter_site":"@noticiadosvales","twitter_misc":{"Escrito por":"Reda\u00e7\u00e3o Aconteceu no Vale","Est. tempo de leitura":"1 minuto"},"schema":{"@context":"https:\/\/schema.org","@graph":[{"@type":"Article","@id":"https:\/\/aconteceunovale.com.br\/portal\/?p=195190#article","isPartOf":{"@id":"https:\/\/aconteceunovale.com.br\/portal\/?p=195190"},"author":{"name":"Reda\u00e7\u00e3o Aconteceu no Vale","@id":"https:\/\/aconteceunovale.com.br\/portal\/#\/schema\/person\/7d2f26d1483f8a63de73da1ee0754d35"},"headline":"Pol\u00edcia Militar apreende 34 kg de drogas em Montes Claros","datePublished":"2025-01-13T19:13:18+00:00","dateModified":"2025-01-13T19:13:45+00:00","mainEntityOfPage":{"@id":"https:\/\/aconteceunovale.com.br\/portal\/?p=195190"},"wordCount":159,"commentCount":0,"image":{"@id":"https:\/\/aconteceunovale.com.br\/portal\/?p=195190#primaryimage"},"thumbnailUrl":"https:\/\/aconteceunovale.com.br\/portal\/wp-content\/uploads\/2025\/01\/trafico_moc.png","keywords":["apreens\u00e3o de drogas em montes claros","destaque","drogas apreendidas em montes claros","Montes Claros","Pol\u00edcia Militar apreende 34 kg de drogas em Montes Claros","presos com drogas em montes claros","traficantes presos em Montes Claros"],"articleSection":["Norte de Minas"],"inLanguage":"pt-BR","potentialAction":[{"@type":"CommentAction","name":"Comment","target":["https:\/\/aconteceunovale.com.br\/portal\/?p=195190#respond"]}]},{"@type":"WebPage","@id":"https:\/\/aconteceunovale.com.br\/portal\/?p=195190","url":"https:\/\/aconteceunovale.com.br\/portal\/?p=195190","name":"Pol\u00edcia Militar apreende 34 kg de drogas em Montes Claros - Aconteceu no Vale","isPartOf":{"@id":"https:\/\/aconteceunovale.com.br\/portal\/#website"},"primaryImageOfPage":{"@id":"https:\/\/aconteceunovale.com.br\/portal\/?p=195190#primaryimage"},"image":{"@id":"https:\/\/aconteceunovale.com.br\/portal\/?p=195190#primaryimage"},"thumbnailUrl":"https:\/\/aconteceunovale.com.br\/portal\/wp-content\/uploads\/2025\/01\/trafico_moc.png","datePublished":"2025-01-13T19:13:18+00:00","dateModified":"2025-01-13T19:13:45+00:00","author":{"@id":"https:\/\/aconteceunovale.com.br\/portal\/#\/schema\/person\/7d2f26d1483f8a63de73da1ee0754d35"},"breadcrumb":{"@id":"https:\/\/aconteceunovale.com.br\/portal\/?p=195190#breadcrumb"},"inLanguage":"pt-BR","potentialAction":[{"@type":"ReadAction","target":["https:\/\/aconteceunovale.com.br\/portal\/?p=195190"]}]},{"@type":"ImageObject","inLanguage":"pt-BR","@id":"https:\/\/aconteceunovale.com.br\/portal\/?p=195190#primaryimage","url":"https:\/\/aconteceunovale.com.br\/portal\/wp-content\/uploads\/2025\/01\/trafico_moc.png","contentUrl":"https:\/\/aconteceunovale.com.br\/portal\/wp-content\/uploads\/2025\/01\/trafico_moc.png","width":678,"height":431,"caption":"Foto: Divulga\u00e7\u00e3o \/ PMMG"},{"@type":"BreadcrumbList","@id":"https:\/\/aconteceunovale.com.br\/portal\/?p=195190#breadcrumb","itemListElement":[{"@type":"ListItem","position":1,"name":"In\u00edcio","item":"https:\/\/aconteceunovale.com.br\/portal\/"},{"@type":"ListItem","position":2,"name":"Pol\u00edcia Militar apreende 34 kg de drogas em Montes Claros"}]},{"@type":"WebSite","@id":"https:\/\/aconteceunovale.com.br\/portal\/#website","url":"https:\/\/aconteceunovale.com.br\/portal\/","name":"Aconteceu no Vale","description":"Portal de Not\u00edcias","potentialAction":[{"@type":"SearchAction","target":{"@type":"EntryPoint","urlTemplate":"https:\/\/aconteceunovale.com.br\/portal\/?s={search_term_string}"},"query-input":{"@type":"PropertyValueSpecification","valueRequired":true,"valueName":"search_term_string"}}],"inLanguage":"pt-BR"},{"@type":"Person","@id":"https:\/\/aconteceunovale.com.br\/portal\/#\/schema\/person\/7d2f26d1483f8a63de73da1ee0754d35","name":"Reda\u00e7\u00e3o Aconteceu no Vale","description":"Equipe de reportagem do Aconteceu no Vale, portal de not\u00edcias do Vale do Jequitinhonha, em Minas Gerais. Cobrimos as 51 cidades do Vale desde 2013. Sugest\u00f5es de pauta e pedidos de corre\u00e7\u00e3o: contato@aconteceunovale.com.br","url":"https:\/\/aconteceunovale.com.br\/portal\/?author=4"}]}},"_links":{"self":[{"href":"https:\/\/aconteceunovale.com.br\/portal\/index.php?rest_route=\/wp\/v2\/posts\/195190","targetHints":{"allow":["GET"]}}],"collection":[{"href":"https:\/\/aconteceunovale.com.br\/portal\/index.php?rest_route=\/wp\/v2\/posts"}],"about":[{"href":"https:\/\/aconteceunovale.com.br\/portal\/index.php?rest_route=\/wp\/v2\/types\/post"}],"author":[{"embeddable":true,"href":"https:\/\/aconteceunovale.com.br\/portal\/index.php?rest_route=\/wp\/v2\/users\/4"}],"replies":[{"embeddable":true,"href":"https:\/\/aconteceunovale.com.br\/portal\/index.php?rest_route=%2Fwp%2Fv2%2Fcomments&post=195190"}],"version-history":[{"count":1,"href":"https:\/\/aconteceunovale.com.br\/portal\/index.php?rest_route=\/wp\/v2\/posts\/195190\/revisions"}],"predecessor-version":[{"id":195192,"href":"https:\/\/aconteceunovale.com.br\/portal\/index.php?rest_route=\/wp\/v2\/posts\/195190\/revisions\/195192"}],"wp:featuredmedia":[{"embeddable":true,"href":"https:\/\/aconteceunovale.com.br\/portal\/index.php?rest_route=\/wp\/v2\/media\/195191"}],"wp:attachment":[{"href":"https:\/\/aconteceunovale.com.br\/portal\/index.php?rest_route=%2Fwp%2Fv2%2Fmedia&parent=195190"}],"wp:term":[{"taxonomy":"category","embeddable":true,"href":"https:\/\/aconteceunovale.com.br\/portal\/index.php?rest_route=%2Fwp%2Fv2%2Fcategories&post=195190"},{"taxonomy":"post_tag","embeddable":true,"href":"https:\/\/aconteceunovale.com.br\/portal\/index.php?rest_route=%2Fwp%2Fv2%2Ftags&post=195190"}],"curies":[{"name":"wp","href":"https:\/\/api.w.org\/{rel}","templated":true}]}}