{"id":195180,"date":"2025-01-13T15:04:41","date_gmt":"2025-01-13T18:04:41","guid":{"rendered":"https:\/\/aconteceunovale.com.br\/portal\/?p=195180"},"modified":"2025-01-13T15:04:58","modified_gmt":"2025-01-13T18:04:58","slug":"enem-2024-registra-12-redacoes-com-nota-maxima-destaque-para-aluno-de-escola-publica-em-minas-gerais","status":"publish","type":"post","link":"https:\/\/aconteceunovale.com.br\/portal\/?p=195180","title":{"rendered":"Enem 2024 registra 12 reda\u00e7\u00f5es com nota m\u00e1xima; destaque para aluno de escola p\u00fablica em Minas Gerais"},"content":{"rendered":"\n<p class=\"wp-block-paragraph\">A edi\u00e7\u00e3o de 2024 do Exame Nacional do Ensino M\u00e9dio (Enem) registrou 12 participantes com nota m\u00e1xima, ou nota mil, na reda\u00e7\u00e3o. Entre os destaques, apenas um dos estudantes \u00e9 proveniente de escola p\u00fablica, localizado em Minas Gerais. Os demais participantes com desempenho perfeito s\u00e3o de Alagoas, Cear\u00e1, Goi\u00e1s, Maranh\u00e3o, Pernambuco, Rio de Janeiro, Rio Grande do Norte, S\u00e3o Paulo e Distrito Federal.<\/p>\n\n\n\n<h3 class=\"wp-block-heading\"><strong>Reconhecimento aos esfor\u00e7os na educa\u00e7\u00e3o<\/strong><\/h3>\n\n\n\n<p class=\"wp-block-paragraph\">Durante coletiva de imprensa realizada nesta segunda-feira (13), o ministro da Educa\u00e7\u00e3o, Camilo Santana, anunciou que o governo federal ir\u00e1 lan\u00e7ar um pr\u00eamio de reconhecimento aos resultados da educa\u00e7\u00e3o b\u00e1sica no Brasil, incluindo o desempenho no Enem.<\/p>\n\n\n\n<p class=\"wp-block-paragraph\">\u201cEm breve, vamos divulgar as categorias que premiar\u00e3o os esfor\u00e7os de melhoria da qualidade da educa\u00e7\u00e3o b\u00e1sica no pa\u00eds, considerando munic\u00edpios, estados, redes de ensino e escolas. Essa \u00e9 uma forma de dar ainda mais transpar\u00eancia e reconhecer os avan\u00e7os nas redes educacionais de todo o Brasil\u201d, afirmou o ministro.<\/p>\n\n\n\n<h3 class=\"wp-block-heading\"><strong>Aumento na m\u00e9dia da reda\u00e7\u00e3o<\/strong><\/h3>\n\n\n\n<p class=\"wp-block-paragraph\">Outro ponto destacado por Camilo Santana foi o aumento na m\u00e9dia das notas de reda\u00e7\u00e3o do exame. Em 2024, a m\u00e9dia foi de 660 pontos, 15 pontos acima da registrada na edi\u00e7\u00e3o anterior, que foi de 645 pontos. \u201cEsse aumento na profici\u00eancia m\u00e9dia \u00e9 significativo e reflete avan\u00e7os na prepara\u00e7\u00e3o dos estudantes\u201d, avaliou o ministro.<\/p>\n","protected":false},"excerpt":{"rendered":"<p>A edi\u00e7\u00e3o de 2024 do Exame Nacional do Ensino M\u00e9dio (Enem) registrou 12 participantes com nota m\u00e1xima, ou nota mil, na reda\u00e7\u00e3o. Entre os destaques, apenas um dos estudantes \u00e9 proveniente de escola p\u00fablica, localizado em Minas Gerais. Os demais participantes com desempenho perfeito s\u00e3o de Alagoas, Cear\u00e1, Goi\u00e1s, Maranh\u00e3o, Pernambuco, Rio de Janeiro, Rio [&hellip;]<\/p>\n","protected":false},"author":4,"featured_media":195181,"comment_status":"open","ping_status":"closed","sticky":false,"template":"","format":"standard","meta":{"amp_status":"","footnotes":""},"categories":[6,40238,123],"tags":[1018,524,269420,269443,1168,22390,167543,269419,269418,269432],"class_list":["post-195180","post","type-post","status-publish","format-standard","has-post-thumbnail","hentry","category-br","category-educacao-2","category-gerais","tag-destaque","tag-enem","tag-enem-2024","tag-enem-2024-registra-12-redacoes-com-nota-maxima-destaque-para-aluno-de-escola-publica-em-minas-gerais","tag-mec","tag-ministerio-da-educacao","tag-resultado-do-enem","tag-resultado-do-enem-2024","tag-resultado-do-enem-2024-sera-divulgado-nesta-segunda","tag-resultados-do-enem-ja-estao-disponiveis"],"yoast_head":"<!-- This site is optimized with the Yoast SEO plugin v28.3 - https:\/\/yoast.com\/product\/yoast-seo-wordpress\/ -->\n<title>Enem 2024 registra 12 reda\u00e7\u00f5es com nota m\u00e1xima; destaque para aluno de escola p\u00fablica em Minas Gerais - Aconteceu no Vale<\/title>\n<meta name=\"robots\" content=\"index, follow, max-snippet:-1, max-image-preview:large, max-video-preview:-1\" \/>\n<link rel=\"canonical\" href=\"https:\/\/aconteceunovale.com.br\/portal\/?p=195180\" \/>\n<meta property=\"og:locale\" content=\"pt_BR\" \/>\n<meta property=\"og:type\" content=\"article\" \/>\n<meta property=\"og:title\" content=\"Enem 2024 registra 12 reda\u00e7\u00f5es com nota m\u00e1xima; destaque para aluno de escola p\u00fablica em Minas Gerais - Aconteceu no Vale\" \/>\n<meta property=\"og:description\" content=\"A edi\u00e7\u00e3o de 2024 do Exame Nacional do Ensino M\u00e9dio (Enem) registrou 12 participantes com nota m\u00e1xima, ou nota mil, na reda\u00e7\u00e3o. Entre os destaques, apenas um dos estudantes \u00e9 proveniente de escola p\u00fablica, localizado em Minas Gerais. Os demais participantes com desempenho perfeito s\u00e3o de Alagoas, Cear\u00e1, Goi\u00e1s, Maranh\u00e3o, Pernambuco, Rio de Janeiro, Rio [&hellip;]\" \/>\n<meta property=\"og:url\" content=\"https:\/\/aconteceunovale.com.br\/portal\/?p=195180\" \/>\n<meta property=\"og:site_name\" content=\"Aconteceu no Vale\" \/>\n<meta property=\"article:publisher\" content=\"https:\/\/www.facebook.com\/aconteceunovale\/\" \/>\n<meta property=\"article:published_time\" content=\"2025-01-13T18:04:41+00:00\" \/>\n<meta property=\"article:modified_time\" content=\"2025-01-13T18:04:58+00:00\" \/>\n<meta property=\"og:image\" content=\"https:\/\/aconteceunovale.com.br\/portal\/wp-content\/uploads\/2025\/01\/redacao_enem.png\" \/>\n\t<meta property=\"og:image:width\" content=\"675\" \/>\n\t<meta property=\"og:image:height\" content=\"450\" \/>\n\t<meta property=\"og:image:type\" content=\"image\/png\" \/>\n<meta name=\"author\" content=\"Reda\u00e7\u00e3o Aconteceu no Vale\" \/>\n<meta name=\"twitter:card\" content=\"summary_large_image\" \/>\n<meta name=\"twitter:creator\" content=\"@noticiadosvales\" \/>\n<meta name=\"twitter:site\" content=\"@noticiadosvales\" \/>\n<meta name=\"twitter:label1\" content=\"Escrito por\" \/>\n\t<meta name=\"twitter:data1\" content=\"Reda\u00e7\u00e3o Aconteceu no Vale\" \/>\n\t<meta name=\"twitter:label2\" content=\"Est. tempo de leitura\" \/>\n\t<meta name=\"twitter:data2\" content=\"1 minuto\" \/>\n<script type=\"application\/ld+json\" class=\"yoast-schema-graph\">{\"@context\":\"https:\\\/\\\/schema.org\",\"@graph\":[{\"@type\":\"Article\",\"@id\":\"https:\\\/\\\/aconteceunovale.com.br\\\/portal\\\/?p=195180#article\",\"isPartOf\":{\"@id\":\"https:\\\/\\\/aconteceunovale.com.br\\\/portal\\\/?p=195180\"},\"author\":{\"name\":\"Reda\u00e7\u00e3o Aconteceu no Vale\",\"@id\":\"https:\\\/\\\/aconteceunovale.com.br\\\/portal\\\/#\\\/schema\\\/person\\\/7d2f26d1483f8a63de73da1ee0754d35\"},\"headline\":\"Enem 2024 registra 12 reda\u00e7\u00f5es com nota m\u00e1xima; destaque para aluno de escola p\u00fablica em Minas Gerais\",\"datePublished\":\"2025-01-13T18:04:41+00:00\",\"dateModified\":\"2025-01-13T18:04:58+00:00\",\"mainEntityOfPage\":{\"@id\":\"https:\\\/\\\/aconteceunovale.com.br\\\/portal\\\/?p=195180\"},\"wordCount\":257,\"commentCount\":0,\"image\":{\"@id\":\"https:\\\/\\\/aconteceunovale.com.br\\\/portal\\\/?p=195180#primaryimage\"},\"thumbnailUrl\":\"https:\\\/\\\/aconteceunovale.com.br\\\/portal\\\/wp-content\\\/uploads\\\/2025\\\/01\\\/redacao_enem.png\",\"keywords\":[\"destaque\",\"Enem\",\"Enem 2024\",\"Enem 2024 registra 12 reda\u00e7\u00f5es com nota m\u00e1xima; destaque para aluno de escola p\u00fablica em Minas Gerais\",\"mec\",\"Minist\u00e9rio da Educa\u00e7\u00e3o\",\"resultado do Enem\",\"Resultado do Enem 2024\",\"Resultado do Enem 2024 ser\u00e1 divulgado nesta segunda\",\"Resultados do Enem j\u00e1 est\u00e3o dispon\u00edveis\"],\"articleSection\":[\"Brasil\",\"Educa\u00e7\u00e3o\",\"Minas Gerais\"],\"inLanguage\":\"pt-BR\",\"potentialAction\":[{\"@type\":\"CommentAction\",\"name\":\"Comment\",\"target\":[\"https:\\\/\\\/aconteceunovale.com.br\\\/portal\\\/?p=195180#respond\"]}]},{\"@type\":\"WebPage\",\"@id\":\"https:\\\/\\\/aconteceunovale.com.br\\\/portal\\\/?p=195180\",\"url\":\"https:\\\/\\\/aconteceunovale.com.br\\\/portal\\\/?p=195180\",\"name\":\"Enem 2024 registra 12 reda\u00e7\u00f5es com nota m\u00e1xima; destaque para aluno de escola p\u00fablica em Minas Gerais - Aconteceu no Vale\",\"isPartOf\":{\"@id\":\"https:\\\/\\\/aconteceunovale.com.br\\\/portal\\\/#website\"},\"primaryImageOfPage\":{\"@id\":\"https:\\\/\\\/aconteceunovale.com.br\\\/portal\\\/?p=195180#primaryimage\"},\"image\":{\"@id\":\"https:\\\/\\\/aconteceunovale.com.br\\\/portal\\\/?p=195180#primaryimage\"},\"thumbnailUrl\":\"https:\\\/\\\/aconteceunovale.com.br\\\/portal\\\/wp-content\\\/uploads\\\/2025\\\/01\\\/redacao_enem.png\",\"datePublished\":\"2025-01-13T18:04:41+00:00\",\"dateModified\":\"2025-01-13T18:04:58+00:00\",\"author\":{\"@id\":\"https:\\\/\\\/aconteceunovale.com.br\\\/portal\\\/#\\\/schema\\\/person\\\/7d2f26d1483f8a63de73da1ee0754d35\"},\"breadcrumb\":{\"@id\":\"https:\\\/\\\/aconteceunovale.com.br\\\/portal\\\/?p=195180#breadcrumb\"},\"inLanguage\":\"pt-BR\",\"potentialAction\":[{\"@type\":\"ReadAction\",\"target\":[\"https:\\\/\\\/aconteceunovale.com.br\\\/portal\\\/?p=195180\"]}]},{\"@type\":\"ImageObject\",\"inLanguage\":\"pt-BR\",\"@id\":\"https:\\\/\\\/aconteceunovale.com.br\\\/portal\\\/?p=195180#primaryimage\",\"url\":\"https:\\\/\\\/aconteceunovale.com.br\\\/portal\\\/wp-content\\\/uploads\\\/2025\\\/01\\\/redacao_enem.png\",\"contentUrl\":\"https:\\\/\\\/aconteceunovale.com.br\\\/portal\\\/wp-content\\\/uploads\\\/2025\\\/01\\\/redacao_enem.png\",\"width\":675,\"height\":450,\"caption\":\"Foto: Karolina Monte\\\/Guia do Estudante\"},{\"@type\":\"BreadcrumbList\",\"@id\":\"https:\\\/\\\/aconteceunovale.com.br\\\/portal\\\/?p=195180#breadcrumb\",\"itemListElement\":[{\"@type\":\"ListItem\",\"position\":1,\"name\":\"In\u00edcio\",\"item\":\"https:\\\/\\\/aconteceunovale.com.br\\\/portal\\\/\"},{\"@type\":\"ListItem\",\"position\":2,\"name\":\"Enem 2024 registra 12 reda\u00e7\u00f5es com nota m\u00e1xima; destaque para aluno de escola p\u00fablica em Minas Gerais\"}]},{\"@type\":\"WebSite\",\"@id\":\"https:\\\/\\\/aconteceunovale.com.br\\\/portal\\\/#website\",\"url\":\"https:\\\/\\\/aconteceunovale.com.br\\\/portal\\\/\",\"name\":\"Aconteceu no Vale\",\"description\":\"Portal de Not\u00edcias\",\"potentialAction\":[{\"@type\":\"SearchAction\",\"target\":{\"@type\":\"EntryPoint\",\"urlTemplate\":\"https:\\\/\\\/aconteceunovale.com.br\\\/portal\\\/?s={search_term_string}\"},\"query-input\":{\"@type\":\"PropertyValueSpecification\",\"valueRequired\":true,\"valueName\":\"search_term_string\"}}],\"inLanguage\":\"pt-BR\"},{\"@type\":\"Person\",\"@id\":\"https:\\\/\\\/aconteceunovale.com.br\\\/portal\\\/#\\\/schema\\\/person\\\/7d2f26d1483f8a63de73da1ee0754d35\",\"name\":\"Reda\u00e7\u00e3o Aconteceu no Vale\",\"description\":\"Equipe de reportagem do Aconteceu no Vale, portal de not\u00edcias do Vale do Jequitinhonha, em Minas Gerais. Cobrimos as 51 cidades do Vale desde 2013. Sugest\u00f5es de pauta e pedidos de corre\u00e7\u00e3o: contato@aconteceunovale.com.br\",\"url\":\"https:\\\/\\\/aconteceunovale.com.br\\\/portal\\\/?author=4\"}]}<\/script>\n<!-- \/ Yoast SEO plugin. -->","yoast_head_json":{"title":"Enem 2024 registra 12 reda\u00e7\u00f5es com nota m\u00e1xima; destaque para aluno de escola p\u00fablica em Minas Gerais - Aconteceu no Vale","robots":{"index":"index","follow":"follow","max-snippet":"max-snippet:-1","max-image-preview":"max-image-preview:large","max-video-preview":"max-video-preview:-1"},"canonical":"https:\/\/aconteceunovale.com.br\/portal\/?p=195180","og_locale":"pt_BR","og_type":"article","og_title":"Enem 2024 registra 12 reda\u00e7\u00f5es com nota m\u00e1xima; destaque para aluno de escola p\u00fablica em Minas Gerais - Aconteceu no Vale","og_description":"A edi\u00e7\u00e3o de 2024 do Exame Nacional do Ensino M\u00e9dio (Enem) registrou 12 participantes com nota m\u00e1xima, ou nota mil, na reda\u00e7\u00e3o. Entre os destaques, apenas um dos estudantes \u00e9 proveniente de escola p\u00fablica, localizado em Minas Gerais. Os demais participantes com desempenho perfeito s\u00e3o de Alagoas, Cear\u00e1, Goi\u00e1s, Maranh\u00e3o, Pernambuco, Rio de Janeiro, Rio [&hellip;]","og_url":"https:\/\/aconteceunovale.com.br\/portal\/?p=195180","og_site_name":"Aconteceu no Vale","article_publisher":"https:\/\/www.facebook.com\/aconteceunovale\/","article_published_time":"2025-01-13T18:04:41+00:00","article_modified_time":"2025-01-13T18:04:58+00:00","og_image":[{"width":675,"height":450,"url":"https:\/\/aconteceunovale.com.br\/portal\/wp-content\/uploads\/2025\/01\/redacao_enem.png","type":"image\/png"}],"author":"Reda\u00e7\u00e3o Aconteceu no Vale","twitter_card":"summary_large_image","twitter_creator":"@noticiadosvales","twitter_site":"@noticiadosvales","twitter_misc":{"Escrito por":"Reda\u00e7\u00e3o Aconteceu no Vale","Est. tempo de leitura":"1 minuto"},"schema":{"@context":"https:\/\/schema.org","@graph":[{"@type":"Article","@id":"https:\/\/aconteceunovale.com.br\/portal\/?p=195180#article","isPartOf":{"@id":"https:\/\/aconteceunovale.com.br\/portal\/?p=195180"},"author":{"name":"Reda\u00e7\u00e3o Aconteceu no Vale","@id":"https:\/\/aconteceunovale.com.br\/portal\/#\/schema\/person\/7d2f26d1483f8a63de73da1ee0754d35"},"headline":"Enem 2024 registra 12 reda\u00e7\u00f5es com nota m\u00e1xima; destaque para aluno de escola p\u00fablica em Minas Gerais","datePublished":"2025-01-13T18:04:41+00:00","dateModified":"2025-01-13T18:04:58+00:00","mainEntityOfPage":{"@id":"https:\/\/aconteceunovale.com.br\/portal\/?p=195180"},"wordCount":257,"commentCount":0,"image":{"@id":"https:\/\/aconteceunovale.com.br\/portal\/?p=195180#primaryimage"},"thumbnailUrl":"https:\/\/aconteceunovale.com.br\/portal\/wp-content\/uploads\/2025\/01\/redacao_enem.png","keywords":["destaque","Enem","Enem 2024","Enem 2024 registra 12 reda\u00e7\u00f5es com nota m\u00e1xima; destaque para aluno de escola p\u00fablica em Minas Gerais","mec","Minist\u00e9rio da Educa\u00e7\u00e3o","resultado do Enem","Resultado do Enem 2024","Resultado do Enem 2024 ser\u00e1 divulgado nesta segunda","Resultados do Enem j\u00e1 est\u00e3o dispon\u00edveis"],"articleSection":["Brasil","Educa\u00e7\u00e3o","Minas Gerais"],"inLanguage":"pt-BR","potentialAction":[{"@type":"CommentAction","name":"Comment","target":["https:\/\/aconteceunovale.com.br\/portal\/?p=195180#respond"]}]},{"@type":"WebPage","@id":"https:\/\/aconteceunovale.com.br\/portal\/?p=195180","url":"https:\/\/aconteceunovale.com.br\/portal\/?p=195180","name":"Enem 2024 registra 12 reda\u00e7\u00f5es com nota m\u00e1xima; destaque para aluno de escola p\u00fablica em Minas Gerais - Aconteceu no Vale","isPartOf":{"@id":"https:\/\/aconteceunovale.com.br\/portal\/#website"},"primaryImageOfPage":{"@id":"https:\/\/aconteceunovale.com.br\/portal\/?p=195180#primaryimage"},"image":{"@id":"https:\/\/aconteceunovale.com.br\/portal\/?p=195180#primaryimage"},"thumbnailUrl":"https:\/\/aconteceunovale.com.br\/portal\/wp-content\/uploads\/2025\/01\/redacao_enem.png","datePublished":"2025-01-13T18:04:41+00:00","dateModified":"2025-01-13T18:04:58+00:00","author":{"@id":"https:\/\/aconteceunovale.com.br\/portal\/#\/schema\/person\/7d2f26d1483f8a63de73da1ee0754d35"},"breadcrumb":{"@id":"https:\/\/aconteceunovale.com.br\/portal\/?p=195180#breadcrumb"},"inLanguage":"pt-BR","potentialAction":[{"@type":"ReadAction","target":["https:\/\/aconteceunovale.com.br\/portal\/?p=195180"]}]},{"@type":"ImageObject","inLanguage":"pt-BR","@id":"https:\/\/aconteceunovale.com.br\/portal\/?p=195180#primaryimage","url":"https:\/\/aconteceunovale.com.br\/portal\/wp-content\/uploads\/2025\/01\/redacao_enem.png","contentUrl":"https:\/\/aconteceunovale.com.br\/portal\/wp-content\/uploads\/2025\/01\/redacao_enem.png","width":675,"height":450,"caption":"Foto: Karolina Monte\/Guia do Estudante"},{"@type":"BreadcrumbList","@id":"https:\/\/aconteceunovale.com.br\/portal\/?p=195180#breadcrumb","itemListElement":[{"@type":"ListItem","position":1,"name":"In\u00edcio","item":"https:\/\/aconteceunovale.com.br\/portal\/"},{"@type":"ListItem","position":2,"name":"Enem 2024 registra 12 reda\u00e7\u00f5es com nota m\u00e1xima; destaque para aluno de escola p\u00fablica em Minas Gerais"}]},{"@type":"WebSite","@id":"https:\/\/aconteceunovale.com.br\/portal\/#website","url":"https:\/\/aconteceunovale.com.br\/portal\/","name":"Aconteceu no Vale","description":"Portal de Not\u00edcias","potentialAction":[{"@type":"SearchAction","target":{"@type":"EntryPoint","urlTemplate":"https:\/\/aconteceunovale.com.br\/portal\/?s={search_term_string}"},"query-input":{"@type":"PropertyValueSpecification","valueRequired":true,"valueName":"search_term_string"}}],"inLanguage":"pt-BR"},{"@type":"Person","@id":"https:\/\/aconteceunovale.com.br\/portal\/#\/schema\/person\/7d2f26d1483f8a63de73da1ee0754d35","name":"Reda\u00e7\u00e3o Aconteceu no Vale","description":"Equipe de reportagem do Aconteceu no Vale, portal de not\u00edcias do Vale do Jequitinhonha, em Minas Gerais. Cobrimos as 51 cidades do Vale desde 2013. Sugest\u00f5es de pauta e pedidos de corre\u00e7\u00e3o: contato@aconteceunovale.com.br","url":"https:\/\/aconteceunovale.com.br\/portal\/?author=4"}]}},"_links":{"self":[{"href":"https:\/\/aconteceunovale.com.br\/portal\/index.php?rest_route=\/wp\/v2\/posts\/195180","targetHints":{"allow":["GET"]}}],"collection":[{"href":"https:\/\/aconteceunovale.com.br\/portal\/index.php?rest_route=\/wp\/v2\/posts"}],"about":[{"href":"https:\/\/aconteceunovale.com.br\/portal\/index.php?rest_route=\/wp\/v2\/types\/post"}],"author":[{"embeddable":true,"href":"https:\/\/aconteceunovale.com.br\/portal\/index.php?rest_route=\/wp\/v2\/users\/4"}],"replies":[{"embeddable":true,"href":"https:\/\/aconteceunovale.com.br\/portal\/index.php?rest_route=%2Fwp%2Fv2%2Fcomments&post=195180"}],"version-history":[{"count":1,"href":"https:\/\/aconteceunovale.com.br\/portal\/index.php?rest_route=\/wp\/v2\/posts\/195180\/revisions"}],"predecessor-version":[{"id":195182,"href":"https:\/\/aconteceunovale.com.br\/portal\/index.php?rest_route=\/wp\/v2\/posts\/195180\/revisions\/195182"}],"wp:featuredmedia":[{"embeddable":true,"href":"https:\/\/aconteceunovale.com.br\/portal\/index.php?rest_route=\/wp\/v2\/media\/195181"}],"wp:attachment":[{"href":"https:\/\/aconteceunovale.com.br\/portal\/index.php?rest_route=%2Fwp%2Fv2%2Fmedia&parent=195180"}],"wp:term":[{"taxonomy":"category","embeddable":true,"href":"https:\/\/aconteceunovale.com.br\/portal\/index.php?rest_route=%2Fwp%2Fv2%2Fcategories&post=195180"},{"taxonomy":"post_tag","embeddable":true,"href":"https:\/\/aconteceunovale.com.br\/portal\/index.php?rest_route=%2Fwp%2Fv2%2Ftags&post=195180"}],"curies":[{"name":"wp","href":"https:\/\/api.w.org\/{rel}","templated":true}]}}