{"id":195174,"date":"2025-01-13T11:02:00","date_gmt":"2025-01-13T14:02:00","guid":{"rendered":"https:\/\/aconteceunovale.com.br\/portal\/?p=195174"},"modified":"2025-01-13T11:06:32","modified_gmt":"2025-01-13T14:06:32","slug":"vosale-temperos-o-sabor-de-minas-gerais-que-conquista-coracoes","status":"publish","type":"post","link":"https:\/\/aconteceunovale.com.br\/portal\/?p=195174","title":{"rendered":"Vosale Temperos: o sabor de Minas Gerais que conquista cora\u00e7\u00f5es"},"content":{"rendered":"\n<p class=\"wp-block-paragraph\">Localizada no cora\u00e7\u00e3o do Vale do Jequitinhonha, na cidade de Capelinha, a Vosale Temperos \u00e9 uma ind\u00fastria dedicada \u00e0 produ\u00e7\u00e3o de temperos naturais, condimentos, especiarias e molhos artesanais. A empresa se destaca pela qualidade dos seus produtos e pelo compromisso com uma alimenta\u00e7\u00e3o saud\u00e1vel.<\/p>\n\n\n\n<figure class=\"wp-block-gallery has-nested-images columns-default is-cropped wp-block-gallery-1 is-layout-flex wp-block-gallery-is-layout-flex\">\n<figure class=\"wp-block-image size-large\"><img loading=\"lazy\" decoding=\"async\" width=\"678\" height=\"270\" data-id=\"195175\" src=\"https:\/\/aconteceunovale.com.br\/portal\/wp-content\/uploads\/2025\/01\/temperos_vosale.webp\" alt=\"\" class=\"wp-image-195175\" srcset=\"https:\/\/aconteceunovale.com.br\/portal\/wp-content\/uploads\/2025\/01\/temperos_vosale.webp 678w, https:\/\/aconteceunovale.com.br\/portal\/wp-content\/uploads\/2025\/01\/temperos_vosale-300x119.webp 300w\" sizes=\"auto, (max-width: 678px) 100vw, 678px\" \/><\/figure>\n<\/figure>\n\n\n\n<h3 class=\"wp-block-heading\"><strong>O tempero da comida mineira<\/strong><\/h3>\n\n\n\n<p class=\"wp-block-paragraph\">A Vosale Temperos \u00e9 conhecida por preservar o sabor t\u00edpico da comida mineira, aquele que remete \u00e0 comida caseira e ao &#8220;gostinho de comida de v\u00f3&#8221;. A empresa se orgulha de produzir alimentos sem conservantes ou aditivos industrializados, oferecendo aos consumidores produtos de alta qualidade e valor nutritivo.<\/p>\n\n\n\n<h3 class=\"wp-block-heading\"><strong>Miss\u00e3o e vis\u00e3o<\/strong><\/h3>\n\n\n\n<p class=\"wp-block-paragraph\">A miss\u00e3o da Vosale \u00e9 clara: produzir temperos naturais de excel\u00eancia, garantir uma log\u00edstica eficiente e proporcionar uma experi\u00eancia \u00fanica na cozinha dos seus clientes. A vis\u00e3o da empresa vai al\u00e9m das fronteiras regionais, buscando se tornar refer\u00eancia nacional em qualidade e sabor.<\/p>\n\n\n\n<h3 class=\"wp-block-heading\"><strong>Presen\u00e7a regional e log\u00edstica eficiente<\/strong><\/h3>\n\n\n\n<p class=\"wp-block-paragraph\">A Vosale atende as regi\u00f5es do Vale do Jequitinhonha, Vale do Rio Doce e Mucuri, comercializando seus produtos em supermercados, mercearias, grandes redes e restaurantes. Com um cat\u00e1logo de mais de 100 itens, a empresa opera por meio de um sistema de pr\u00e9-venda, garantindo entrega em at\u00e9 cinco dias \u00fateis por meio de log\u00edstica pr\u00f3pria.<\/p>\n\n\n\n<h3 class=\"wp-block-heading\"><strong>Produtos que encantam<\/strong><\/h3>\n\n\n\n<p class=\"wp-block-paragraph\">Entre os produtos oferecidos est\u00e3o o molho cremoso de alho, coco ralado sem a\u00e7\u00facar, canela mo\u00edda, noz-moscada, pimenta calabresa, or\u00e9gano, manjeric\u00e3o e molhos de pimenta, al\u00e9m de outros itens que comp\u00f5em o rico cat\u00e1logo da Vosale. A empresa tamb\u00e9m oferece expositores personalizados para atender \u00e0s necessidades de com\u00e9rcios parceiros.<\/p>\n\n\n\n<h3 class=\"wp-block-heading\"><strong>Venda online e atendimento personalizado<\/strong><\/h3>\n\n\n\n<p class=\"wp-block-paragraph\">Para quem n\u00e3o encontra os produtos da Vosale na sua cidade, a empresa disponibiliza atendimento online para facilitar as compras e levar o &#8220;tempero do cora\u00e7\u00e3o&#8221; diretamente \u00e0 casa dos consumidores.<\/p>\n\n\n\n<p class=\"wp-block-paragraph\"><strong>Site oficial<\/strong>: <a href=\"https:\/\/temperosvosale.com.br\/\" target=\"_blank\" rel=\"noreferrer noopener\">temperosvosale.com.br<\/a><br><strong>Instagram: <\/strong><a href=\"https:\/\/www.instagram.com\/temperosvosale\" target=\"_blank\" rel=\"noreferrer noopener\">@temperosvosale<\/a><br><strong>Endere\u00e7o da ind\u00fastria:<\/strong> Rua Top\u00e1zio, n\u00ba 261 &#8211; Capelinha\/MG<br><strong>Compre pelo WhatsApp<\/strong>: <a href=\"https:\/\/api.whatsapp.com\/send?phone=553335162301\" target=\"_blank\" rel=\"noreferrer noopener\">Clique aqui<\/a><\/p>\n","protected":false},"excerpt":{"rendered":"<p>Localizada no cora\u00e7\u00e3o do Vale do Jequitinhonha, na cidade de Capelinha, a Vosale Temperos \u00e9 uma ind\u00fastria dedicada \u00e0 produ\u00e7\u00e3o de temperos naturais, condimentos, especiarias e molhos artesanais. A empresa se destaca pela qualidade dos seus produtos e pelo compromisso com uma alimenta\u00e7\u00e3o saud\u00e1vel. O tempero da comida mineira A Vosale Temperos \u00e9 conhecida por [&hellip;]<\/p>\n","protected":false},"author":4,"featured_media":195176,"comment_status":"open","ping_status":"closed","sticky":false,"template":"","format":"standard","meta":{"amp_status":"","footnotes":""},"categories":[120],"tags":[132,269436,269440,269435,269439,269438,269441,269442,269437,269434,269433],"class_list":["post-195174","post","type-post","status-publish","format-standard","has-post-thumbnail","hentry","category-jequi","tag-capelinha","tag-conheca-a-vosale-temperos","tag-gostinho-de-comida-de-vo","tag-sobre-a-vosale-temperos","tag-tempero-com-gostinho-de-comida-de-vo","tag-tempero-da-comida-mineira","tag-temperos-naturais","tag-temperos-sem-conservantes","tag-vosale","tag-vosale-temperos","tag-vosale-temperos-o-sabor-de-minas-gerais-que-conquista-coracoes"],"yoast_head":"<!-- This site is optimized with the Yoast SEO plugin v28.3 - https:\/\/yoast.com\/product\/yoast-seo-wordpress\/ -->\n<title>Vosale Temperos: o sabor de Minas Gerais que conquista cora\u00e7\u00f5es - Aconteceu no Vale<\/title>\n<meta name=\"robots\" content=\"index, follow, max-snippet:-1, max-image-preview:large, max-video-preview:-1\" \/>\n<link rel=\"canonical\" href=\"https:\/\/aconteceunovale.com.br\/portal\/?p=195174\" \/>\n<meta property=\"og:locale\" content=\"pt_BR\" \/>\n<meta property=\"og:type\" content=\"article\" \/>\n<meta property=\"og:title\" content=\"Vosale Temperos: o sabor de Minas Gerais que conquista cora\u00e7\u00f5es - Aconteceu no Vale\" \/>\n<meta property=\"og:description\" content=\"Localizada no cora\u00e7\u00e3o do Vale do Jequitinhonha, na cidade de Capelinha, a Vosale Temperos \u00e9 uma ind\u00fastria dedicada \u00e0 produ\u00e7\u00e3o de temperos naturais, condimentos, especiarias e molhos artesanais. A empresa se destaca pela qualidade dos seus produtos e pelo compromisso com uma alimenta\u00e7\u00e3o saud\u00e1vel. O tempero da comida mineira A Vosale Temperos \u00e9 conhecida por [&hellip;]\" \/>\n<meta property=\"og:url\" content=\"https:\/\/aconteceunovale.com.br\/portal\/?p=195174\" \/>\n<meta property=\"og:site_name\" content=\"Aconteceu no Vale\" \/>\n<meta property=\"article:publisher\" content=\"https:\/\/www.facebook.com\/aconteceunovale\/\" \/>\n<meta property=\"article:published_time\" content=\"2025-01-13T14:02:00+00:00\" \/>\n<meta property=\"article:modified_time\" content=\"2025-01-13T14:06:32+00:00\" \/>\n<meta property=\"og:image\" content=\"https:\/\/aconteceunovale.com.br\/portal\/wp-content\/uploads\/2025\/01\/vosale_temperos.png\" \/>\n\t<meta property=\"og:image:width\" content=\"678\" \/>\n\t<meta property=\"og:image:height\" content=\"418\" \/>\n\t<meta property=\"og:image:type\" content=\"image\/png\" \/>\n<meta name=\"author\" content=\"Reda\u00e7\u00e3o Aconteceu no Vale\" \/>\n<meta name=\"twitter:card\" content=\"summary_large_image\" \/>\n<meta name=\"twitter:creator\" content=\"@noticiadosvales\" \/>\n<meta name=\"twitter:site\" content=\"@noticiadosvales\" \/>\n<meta name=\"twitter:label1\" content=\"Escrito por\" \/>\n\t<meta name=\"twitter:data1\" content=\"Reda\u00e7\u00e3o Aconteceu no Vale\" \/>\n\t<meta name=\"twitter:label2\" content=\"Est. tempo de leitura\" \/>\n\t<meta name=\"twitter:data2\" content=\"2 minutos\" \/>\n<script type=\"application\/ld+json\" class=\"yoast-schema-graph\">{\"@context\":\"https:\\\/\\\/schema.org\",\"@graph\":[{\"@type\":\"Article\",\"@id\":\"https:\\\/\\\/aconteceunovale.com.br\\\/portal\\\/?p=195174#article\",\"isPartOf\":{\"@id\":\"https:\\\/\\\/aconteceunovale.com.br\\\/portal\\\/?p=195174\"},\"author\":{\"name\":\"Reda\u00e7\u00e3o Aconteceu no Vale\",\"@id\":\"https:\\\/\\\/aconteceunovale.com.br\\\/portal\\\/#\\\/schema\\\/person\\\/7d2f26d1483f8a63de73da1ee0754d35\"},\"headline\":\"Vosale Temperos: o sabor de Minas Gerais que conquista cora\u00e7\u00f5es\",\"datePublished\":\"2025-01-13T14:02:00+00:00\",\"dateModified\":\"2025-01-13T14:06:32+00:00\",\"mainEntityOfPage\":{\"@id\":\"https:\\\/\\\/aconteceunovale.com.br\\\/portal\\\/?p=195174\"},\"wordCount\":353,\"commentCount\":0,\"image\":{\"@id\":\"https:\\\/\\\/aconteceunovale.com.br\\\/portal\\\/?p=195174#primaryimage\"},\"thumbnailUrl\":\"https:\\\/\\\/aconteceunovale.com.br\\\/portal\\\/wp-content\\\/uploads\\\/2025\\\/01\\\/vosale_temperos.png\",\"keywords\":[\"Capelinha\",\"Conhe\u00e7a a Vosale Temperos\",\"Gostinho de comida de v\u00f3\",\"Sobre a Vosale Temperos\",\"Tempero com gostinho de comida de v\u00f3\",\"Tempero da comida mineira\",\"Temperos naturais\",\"Temperos sem conservantes\",\"Vosale\",\"Vosale Temperos\",\"Vosale Temperos: o sabor de Minas Gerais que conquista cora\u00e7\u00f5es\"],\"articleSection\":[\"Vale do Jequitinhonha\"],\"inLanguage\":\"pt-BR\",\"potentialAction\":[{\"@type\":\"CommentAction\",\"name\":\"Comment\",\"target\":[\"https:\\\/\\\/aconteceunovale.com.br\\\/portal\\\/?p=195174#respond\"]}]},{\"@type\":\"WebPage\",\"@id\":\"https:\\\/\\\/aconteceunovale.com.br\\\/portal\\\/?p=195174\",\"url\":\"https:\\\/\\\/aconteceunovale.com.br\\\/portal\\\/?p=195174\",\"name\":\"Vosale Temperos: o sabor de Minas Gerais que conquista cora\u00e7\u00f5es - Aconteceu no Vale\",\"isPartOf\":{\"@id\":\"https:\\\/\\\/aconteceunovale.com.br\\\/portal\\\/#website\"},\"primaryImageOfPage\":{\"@id\":\"https:\\\/\\\/aconteceunovale.com.br\\\/portal\\\/?p=195174#primaryimage\"},\"image\":{\"@id\":\"https:\\\/\\\/aconteceunovale.com.br\\\/portal\\\/?p=195174#primaryimage\"},\"thumbnailUrl\":\"https:\\\/\\\/aconteceunovale.com.br\\\/portal\\\/wp-content\\\/uploads\\\/2025\\\/01\\\/vosale_temperos.png\",\"datePublished\":\"2025-01-13T14:02:00+00:00\",\"dateModified\":\"2025-01-13T14:06:32+00:00\",\"author\":{\"@id\":\"https:\\\/\\\/aconteceunovale.com.br\\\/portal\\\/#\\\/schema\\\/person\\\/7d2f26d1483f8a63de73da1ee0754d35\"},\"breadcrumb\":{\"@id\":\"https:\\\/\\\/aconteceunovale.com.br\\\/portal\\\/?p=195174#breadcrumb\"},\"inLanguage\":\"pt-BR\",\"potentialAction\":[{\"@type\":\"ReadAction\",\"target\":[\"https:\\\/\\\/aconteceunovale.com.br\\\/portal\\\/?p=195174\"]}]},{\"@type\":\"ImageObject\",\"inLanguage\":\"pt-BR\",\"@id\":\"https:\\\/\\\/aconteceunovale.com.br\\\/portal\\\/?p=195174#primaryimage\",\"url\":\"https:\\\/\\\/aconteceunovale.com.br\\\/portal\\\/wp-content\\\/uploads\\\/2025\\\/01\\\/vosale_temperos.png\",\"contentUrl\":\"https:\\\/\\\/aconteceunovale.com.br\\\/portal\\\/wp-content\\\/uploads\\\/2025\\\/01\\\/vosale_temperos.png\",\"width\":678,\"height\":418},{\"@type\":\"BreadcrumbList\",\"@id\":\"https:\\\/\\\/aconteceunovale.com.br\\\/portal\\\/?p=195174#breadcrumb\",\"itemListElement\":[{\"@type\":\"ListItem\",\"position\":1,\"name\":\"In\u00edcio\",\"item\":\"https:\\\/\\\/aconteceunovale.com.br\\\/portal\\\/\"},{\"@type\":\"ListItem\",\"position\":2,\"name\":\"Vosale Temperos: o sabor de Minas Gerais que conquista cora\u00e7\u00f5es\"}]},{\"@type\":\"WebSite\",\"@id\":\"https:\\\/\\\/aconteceunovale.com.br\\\/portal\\\/#website\",\"url\":\"https:\\\/\\\/aconteceunovale.com.br\\\/portal\\\/\",\"name\":\"Aconteceu no Vale\",\"description\":\"Portal de Not\u00edcias\",\"potentialAction\":[{\"@type\":\"SearchAction\",\"target\":{\"@type\":\"EntryPoint\",\"urlTemplate\":\"https:\\\/\\\/aconteceunovale.com.br\\\/portal\\\/?s={search_term_string}\"},\"query-input\":{\"@type\":\"PropertyValueSpecification\",\"valueRequired\":true,\"valueName\":\"search_term_string\"}}],\"inLanguage\":\"pt-BR\"},{\"@type\":\"Person\",\"@id\":\"https:\\\/\\\/aconteceunovale.com.br\\\/portal\\\/#\\\/schema\\\/person\\\/7d2f26d1483f8a63de73da1ee0754d35\",\"name\":\"Reda\u00e7\u00e3o Aconteceu no Vale\",\"description\":\"Equipe de reportagem do Aconteceu no Vale, portal de not\u00edcias do Vale do Jequitinhonha, em Minas Gerais. Cobrimos as 51 cidades do Vale desde 2013. Sugest\u00f5es de pauta e pedidos de corre\u00e7\u00e3o: contato@aconteceunovale.com.br\",\"url\":\"https:\\\/\\\/aconteceunovale.com.br\\\/portal\\\/?author=4\"}]}<\/script>\n<!-- \/ Yoast SEO plugin. -->","yoast_head_json":{"title":"Vosale Temperos: o sabor de Minas Gerais que conquista cora\u00e7\u00f5es - Aconteceu no Vale","robots":{"index":"index","follow":"follow","max-snippet":"max-snippet:-1","max-image-preview":"max-image-preview:large","max-video-preview":"max-video-preview:-1"},"canonical":"https:\/\/aconteceunovale.com.br\/portal\/?p=195174","og_locale":"pt_BR","og_type":"article","og_title":"Vosale Temperos: o sabor de Minas Gerais que conquista cora\u00e7\u00f5es - Aconteceu no Vale","og_description":"Localizada no cora\u00e7\u00e3o do Vale do Jequitinhonha, na cidade de Capelinha, a Vosale Temperos \u00e9 uma ind\u00fastria dedicada \u00e0 produ\u00e7\u00e3o de temperos naturais, condimentos, especiarias e molhos artesanais. A empresa se destaca pela qualidade dos seus produtos e pelo compromisso com uma alimenta\u00e7\u00e3o saud\u00e1vel. O tempero da comida mineira A Vosale Temperos \u00e9 conhecida por [&hellip;]","og_url":"https:\/\/aconteceunovale.com.br\/portal\/?p=195174","og_site_name":"Aconteceu no Vale","article_publisher":"https:\/\/www.facebook.com\/aconteceunovale\/","article_published_time":"2025-01-13T14:02:00+00:00","article_modified_time":"2025-01-13T14:06:32+00:00","og_image":[{"width":678,"height":418,"url":"https:\/\/aconteceunovale.com.br\/portal\/wp-content\/uploads\/2025\/01\/vosale_temperos.png","type":"image\/png"}],"author":"Reda\u00e7\u00e3o Aconteceu no Vale","twitter_card":"summary_large_image","twitter_creator":"@noticiadosvales","twitter_site":"@noticiadosvales","twitter_misc":{"Escrito por":"Reda\u00e7\u00e3o Aconteceu no Vale","Est. tempo de leitura":"2 minutos"},"schema":{"@context":"https:\/\/schema.org","@graph":[{"@type":"Article","@id":"https:\/\/aconteceunovale.com.br\/portal\/?p=195174#article","isPartOf":{"@id":"https:\/\/aconteceunovale.com.br\/portal\/?p=195174"},"author":{"name":"Reda\u00e7\u00e3o Aconteceu no Vale","@id":"https:\/\/aconteceunovale.com.br\/portal\/#\/schema\/person\/7d2f26d1483f8a63de73da1ee0754d35"},"headline":"Vosale Temperos: o sabor de Minas Gerais que conquista cora\u00e7\u00f5es","datePublished":"2025-01-13T14:02:00+00:00","dateModified":"2025-01-13T14:06:32+00:00","mainEntityOfPage":{"@id":"https:\/\/aconteceunovale.com.br\/portal\/?p=195174"},"wordCount":353,"commentCount":0,"image":{"@id":"https:\/\/aconteceunovale.com.br\/portal\/?p=195174#primaryimage"},"thumbnailUrl":"https:\/\/aconteceunovale.com.br\/portal\/wp-content\/uploads\/2025\/01\/vosale_temperos.png","keywords":["Capelinha","Conhe\u00e7a a Vosale Temperos","Gostinho de comida de v\u00f3","Sobre a Vosale Temperos","Tempero com gostinho de comida de v\u00f3","Tempero da comida mineira","Temperos naturais","Temperos sem conservantes","Vosale","Vosale Temperos","Vosale Temperos: o sabor de Minas Gerais que conquista cora\u00e7\u00f5es"],"articleSection":["Vale do Jequitinhonha"],"inLanguage":"pt-BR","potentialAction":[{"@type":"CommentAction","name":"Comment","target":["https:\/\/aconteceunovale.com.br\/portal\/?p=195174#respond"]}]},{"@type":"WebPage","@id":"https:\/\/aconteceunovale.com.br\/portal\/?p=195174","url":"https:\/\/aconteceunovale.com.br\/portal\/?p=195174","name":"Vosale Temperos: o sabor de Minas Gerais que conquista cora\u00e7\u00f5es - Aconteceu no Vale","isPartOf":{"@id":"https:\/\/aconteceunovale.com.br\/portal\/#website"},"primaryImageOfPage":{"@id":"https:\/\/aconteceunovale.com.br\/portal\/?p=195174#primaryimage"},"image":{"@id":"https:\/\/aconteceunovale.com.br\/portal\/?p=195174#primaryimage"},"thumbnailUrl":"https:\/\/aconteceunovale.com.br\/portal\/wp-content\/uploads\/2025\/01\/vosale_temperos.png","datePublished":"2025-01-13T14:02:00+00:00","dateModified":"2025-01-13T14:06:32+00:00","author":{"@id":"https:\/\/aconteceunovale.com.br\/portal\/#\/schema\/person\/7d2f26d1483f8a63de73da1ee0754d35"},"breadcrumb":{"@id":"https:\/\/aconteceunovale.com.br\/portal\/?p=195174#breadcrumb"},"inLanguage":"pt-BR","potentialAction":[{"@type":"ReadAction","target":["https:\/\/aconteceunovale.com.br\/portal\/?p=195174"]}]},{"@type":"ImageObject","inLanguage":"pt-BR","@id":"https:\/\/aconteceunovale.com.br\/portal\/?p=195174#primaryimage","url":"https:\/\/aconteceunovale.com.br\/portal\/wp-content\/uploads\/2025\/01\/vosale_temperos.png","contentUrl":"https:\/\/aconteceunovale.com.br\/portal\/wp-content\/uploads\/2025\/01\/vosale_temperos.png","width":678,"height":418},{"@type":"BreadcrumbList","@id":"https:\/\/aconteceunovale.com.br\/portal\/?p=195174#breadcrumb","itemListElement":[{"@type":"ListItem","position":1,"name":"In\u00edcio","item":"https:\/\/aconteceunovale.com.br\/portal\/"},{"@type":"ListItem","position":2,"name":"Vosale Temperos: o sabor de Minas Gerais que conquista cora\u00e7\u00f5es"}]},{"@type":"WebSite","@id":"https:\/\/aconteceunovale.com.br\/portal\/#website","url":"https:\/\/aconteceunovale.com.br\/portal\/","name":"Aconteceu no Vale","description":"Portal de Not\u00edcias","potentialAction":[{"@type":"SearchAction","target":{"@type":"EntryPoint","urlTemplate":"https:\/\/aconteceunovale.com.br\/portal\/?s={search_term_string}"},"query-input":{"@type":"PropertyValueSpecification","valueRequired":true,"valueName":"search_term_string"}}],"inLanguage":"pt-BR"},{"@type":"Person","@id":"https:\/\/aconteceunovale.com.br\/portal\/#\/schema\/person\/7d2f26d1483f8a63de73da1ee0754d35","name":"Reda\u00e7\u00e3o Aconteceu no Vale","description":"Equipe de reportagem do Aconteceu no Vale, portal de not\u00edcias do Vale do Jequitinhonha, em Minas Gerais. Cobrimos as 51 cidades do Vale desde 2013. Sugest\u00f5es de pauta e pedidos de corre\u00e7\u00e3o: contato@aconteceunovale.com.br","url":"https:\/\/aconteceunovale.com.br\/portal\/?author=4"}]}},"_links":{"self":[{"href":"https:\/\/aconteceunovale.com.br\/portal\/index.php?rest_route=\/wp\/v2\/posts\/195174","targetHints":{"allow":["GET"]}}],"collection":[{"href":"https:\/\/aconteceunovale.com.br\/portal\/index.php?rest_route=\/wp\/v2\/posts"}],"about":[{"href":"https:\/\/aconteceunovale.com.br\/portal\/index.php?rest_route=\/wp\/v2\/types\/post"}],"author":[{"embeddable":true,"href":"https:\/\/aconteceunovale.com.br\/portal\/index.php?rest_route=\/wp\/v2\/users\/4"}],"replies":[{"embeddable":true,"href":"https:\/\/aconteceunovale.com.br\/portal\/index.php?rest_route=%2Fwp%2Fv2%2Fcomments&post=195174"}],"version-history":[{"count":3,"href":"https:\/\/aconteceunovale.com.br\/portal\/index.php?rest_route=\/wp\/v2\/posts\/195174\/revisions"}],"predecessor-version":[{"id":195179,"href":"https:\/\/aconteceunovale.com.br\/portal\/index.php?rest_route=\/wp\/v2\/posts\/195174\/revisions\/195179"}],"wp:featuredmedia":[{"embeddable":true,"href":"https:\/\/aconteceunovale.com.br\/portal\/index.php?rest_route=\/wp\/v2\/media\/195176"}],"wp:attachment":[{"href":"https:\/\/aconteceunovale.com.br\/portal\/index.php?rest_route=%2Fwp%2Fv2%2Fmedia&parent=195174"}],"wp:term":[{"taxonomy":"category","embeddable":true,"href":"https:\/\/aconteceunovale.com.br\/portal\/index.php?rest_route=%2Fwp%2Fv2%2Fcategories&post=195174"},{"taxonomy":"post_tag","embeddable":true,"href":"https:\/\/aconteceunovale.com.br\/portal\/index.php?rest_route=%2Fwp%2Fv2%2Ftags&post=195174"}],"curies":[{"name":"wp","href":"https:\/\/api.w.org\/{rel}","templated":true}]}}