{"id":195168,"date":"2025-01-12T22:06:00","date_gmt":"2025-01-13T01:06:00","guid":{"rendered":"https:\/\/aconteceunovale.com.br\/portal\/?p=195168"},"modified":"2025-01-14T09:29:28","modified_gmt":"2025-01-14T12:29:28","slug":"tragedia-em-ipatinga-numero-de-obitos-sobe-para-dez","status":"publish","type":"post","link":"https:\/\/aconteceunovale.com.br\/portal\/?p=195168","title":{"rendered":"Trag\u00e9dia em Ipatinga: n\u00famero de \u00f3bitos sobe para dez"},"content":{"rendered":"\n<p class=\"wp-block-paragraph\">O n\u00famero de mortos em decorr\u00eancia das chuvas intensas que atingiram Ipatinga, no Vale do A\u00e7o, subiu para dez. A atualiza\u00e7\u00e3o foi confirmada pelo prefeito Gustavo Nunes (PL) em uma postagem nas redes sociais na noite deste domingo (12). Entre as v\u00edtimas est\u00e3o duas crian\u00e7as e cinco membros de uma mesma fam\u00edlia.<\/p>\n\n\n\n<h3 class=\"wp-block-heading\"><strong>Desabamentos e v\u00edtimas<\/strong><\/h3>\n\n\n\n<p class=\"wp-block-paragraph\">As mortes ocorreram em diferentes pontos da cidade, principalmente em \u00e1reas afetadas por deslizamentos de terra e desabamentos de resid\u00eancias. Na rua Turim, no bairro Beth\u00e2nia, uma \u00e1rea inst\u00e1vel cedeu, soterrando cinco pessoas de uma mesma fam\u00edlia.<\/p>\n\n\n\n<p class=\"wp-block-paragraph\">Outros casos foram registrados em diversos endere\u00e7os:<\/p>\n\n\n\n<ul class=\"wp-block-list\">\n<li><strong>Rua Boston<\/strong>: Um menino de 8 anos perdeu a vida.<\/li>\n\n\n\n<li><strong>Rua Turim, n\u00ba 225<\/strong>: Uma pessoa morreu.<\/li>\n\n\n\n<li><strong>Rua Salom\u00e3o<\/strong>: Um homem de 30 anos foi encontrado sem vida.<\/li>\n\n\n\n<li><strong>Rua Tucanu\u00e7u<\/strong>: Um casal de idosos, ambos de 70 anos, foi atingido. O homem chegou a ser resgatado com vida, mas faleceu no hospital.<\/li>\n<\/ul>\n\n\n\n<h3 class=\"wp-block-heading\"><strong>Desalojados e medidas emergenciais<\/strong><\/h3>\n\n\n\n<p class=\"wp-block-paragraph\">As chuvas tamb\u00e9m deixaram 150 pessoas desalojadas, que foram encaminhadas ao Est\u00e1dio Municipal Jo\u00e3o Lamego Netto, conhecido como Ipating\u00e3o. O local est\u00e1 sendo usado como abrigo provis\u00f3rio.<\/p>\n\n\n\n<p class=\"wp-block-paragraph\">Segundo o prefeito Gustavo Nunes, a cidade enfrentou um volume excepcional de chuva em um curto per\u00edodo de tempo, causando alagamentos, interrup\u00e7\u00f5es de servi\u00e7os essenciais e deslizamentos. &#8220;Estamos mobilizados para atender as fam\u00edlias afetadas e minimizar os impactos dessa trag\u00e9dia&#8221;, declarou o prefeito.<\/p>\n\n\n\n<h3 class=\"wp-block-heading\"><strong>Regi\u00e3o afetada<\/strong><\/h3>\n\n\n\n<p class=\"wp-block-paragraph\">Al\u00e9m de Ipatinga, a cidade vizinha de Santana do Para\u00edso tamb\u00e9m registrou uma morte em decorr\u00eancia das chuvas.<\/p>\n\n\n\n<h2 class=\"wp-block-heading\">Identifica\u00e7\u00e3o das v\u00edtimas:<\/h2>\n\n\n\n<p class=\"wp-block-paragraph\"><strong>Ipatinga:<\/strong><\/p>\n\n\n\n<ul class=\"wp-block-list\">\n<li>Hiago Vitor Ros\u00e1rio, de 8 anos<\/li>\n\n\n\n<li>Neuza Jacinto Geraldo, de 68 anos<\/li>\n\n\n\n<li>Adenilson Dias da Silva, de 31 anos<\/li>\n\n\n\n<li>Eva Pereira Angelina, de 69 anos<\/li>\n\n\n\n<li>Sebasti\u00e3o Pereira Angelino, de 78 anos<\/li>\n\n\n\n<li>Sofia Vit\u00f3ria de Oliveira da Silva, de 7 anos<\/li>\n\n\n\n<li>Simone Maria de Oliveira Silva, de 40 anos<\/li>\n\n\n\n<li>Diane Granja, de 48 anos<\/li>\n\n\n\n<li>Alvani Granja Silva, de 55 anos<\/li>\n\n\n\n<li>Maria das Dores Granja Silva, de 75 anos<\/li>\n<\/ul>\n\n\n\n<p class=\"wp-block-paragraph\"><strong>Santana do Para\u00edso:<\/strong><\/p>\n\n\n\n<ul class=\"wp-block-list\">\n<li>Viviane Dias da Silva Santos, de 36 anos<\/li>\n<\/ul>\n","protected":false},"excerpt":{"rendered":"<p>O n\u00famero de mortos em decorr\u00eancia das chuvas intensas que atingiram Ipatinga, no Vale do A\u00e7o, subiu para dez. A atualiza\u00e7\u00e3o foi confirmada pelo prefeito Gustavo Nunes (PL) em uma postagem nas redes sociais na noite deste domingo (12). Entre as v\u00edtimas est\u00e3o duas crian\u00e7as e cinco membros de uma mesma fam\u00edlia. Desabamentos e v\u00edtimas [&hellip;]<\/p>\n","protected":false},"author":4,"featured_media":195170,"comment_status":"open","ping_status":"closed","sticky":false,"template":"","format":"standard","meta":{"amp_status":"","footnotes":""},"categories":[121],"tags":[269395,236767,1899,269424,269392,75744,1018,201,269394,269390,269396,269391,135794,238340,269393,100357,269431],"class_list":["post-195168","post","type-post","status-publish","format-standard","has-post-thumbnail","hentry","category-leste","tag-caos-em-ipatinga","tag-chuvas-em-ipatinga","tag-chuvas-em-minas","tag-chuvas-intensas-causam-mortes-e-prejuizos-em-minas-gerais","tag-chuvas-intensas-causam-tragedia-em-ipatinga-obitos-confirmados-e-upa-interditada","tag-chuvas-intensas-em-minas-gerais","tag-destaque","tag-ipatinga","tag-ipatinga-caos","tag-mortes-causadas-pelas-chuvas-em-ipatinga","tag-noticias-das-chuvas-em-ipatinga","tag-obitos-causados-pelas-chuvas-em-ipatinga","tag-prefeito-de-ipatinga","tag-prefeito-gustavo-nunes","tag-tragedia-causada-pela-chuva-em-ipatinga","tag-tragedia-em-ipatinga","tag-tragedia-em-ipatinga-numero-de-obitos-sobe-para-dez"],"yoast_head":"<!-- This site is optimized with the Yoast SEO plugin v28.3 - https:\/\/yoast.com\/product\/yoast-seo-wordpress\/ -->\n<title>Trag\u00e9dia em Ipatinga: n\u00famero de \u00f3bitos sobe para dez - Aconteceu no Vale<\/title>\n<meta name=\"robots\" content=\"index, follow, max-snippet:-1, max-image-preview:large, max-video-preview:-1\" \/>\n<link rel=\"canonical\" href=\"https:\/\/aconteceunovale.com.br\/portal\/?p=195168\" \/>\n<meta property=\"og:locale\" content=\"pt_BR\" \/>\n<meta property=\"og:type\" content=\"article\" \/>\n<meta property=\"og:title\" content=\"Trag\u00e9dia em Ipatinga: n\u00famero de \u00f3bitos sobe para dez - Aconteceu no Vale\" \/>\n<meta property=\"og:description\" content=\"O n\u00famero de mortos em decorr\u00eancia das chuvas intensas que atingiram Ipatinga, no Vale do A\u00e7o, subiu para dez. A atualiza\u00e7\u00e3o foi confirmada pelo prefeito Gustavo Nunes (PL) em uma postagem nas redes sociais na noite deste domingo (12). Entre as v\u00edtimas est\u00e3o duas crian\u00e7as e cinco membros de uma mesma fam\u00edlia. Desabamentos e v\u00edtimas [&hellip;]\" \/>\n<meta property=\"og:url\" content=\"https:\/\/aconteceunovale.com.br\/portal\/?p=195168\" \/>\n<meta property=\"og:site_name\" content=\"Aconteceu no Vale\" \/>\n<meta property=\"article:publisher\" content=\"https:\/\/www.facebook.com\/aconteceunovale\/\" \/>\n<meta property=\"article:published_time\" content=\"2025-01-13T01:06:00+00:00\" \/>\n<meta property=\"article:modified_time\" content=\"2025-01-14T12:29:28+00:00\" \/>\n<meta property=\"og:image\" content=\"https:\/\/aconteceunovale.com.br\/portal\/wp-content\/uploads\/2025\/01\/tragedia_ipatinga.png\" \/>\n\t<meta property=\"og:image:width\" content=\"678\" \/>\n\t<meta property=\"og:image:height\" content=\"375\" \/>\n\t<meta property=\"og:image:type\" content=\"image\/png\" \/>\n<meta name=\"author\" content=\"Reda\u00e7\u00e3o Aconteceu no Vale\" \/>\n<meta name=\"twitter:card\" content=\"summary_large_image\" \/>\n<meta name=\"twitter:creator\" content=\"@noticiadosvales\" \/>\n<meta name=\"twitter:site\" content=\"@noticiadosvales\" \/>\n<meta name=\"twitter:label1\" content=\"Escrito por\" \/>\n\t<meta name=\"twitter:data1\" content=\"Reda\u00e7\u00e3o Aconteceu no Vale\" \/>\n\t<meta name=\"twitter:label2\" content=\"Est. tempo de leitura\" \/>\n\t<meta name=\"twitter:data2\" content=\"2 minutos\" \/>\n<script type=\"application\/ld+json\" class=\"yoast-schema-graph\">{\"@context\":\"https:\\\/\\\/schema.org\",\"@graph\":[{\"@type\":\"Article\",\"@id\":\"https:\\\/\\\/aconteceunovale.com.br\\\/portal\\\/?p=195168#article\",\"isPartOf\":{\"@id\":\"https:\\\/\\\/aconteceunovale.com.br\\\/portal\\\/?p=195168\"},\"author\":{\"name\":\"Reda\u00e7\u00e3o Aconteceu no Vale\",\"@id\":\"https:\\\/\\\/aconteceunovale.com.br\\\/portal\\\/#\\\/schema\\\/person\\\/7d2f26d1483f8a63de73da1ee0754d35\"},\"headline\":\"Trag\u00e9dia em Ipatinga: n\u00famero de \u00f3bitos sobe para dez\",\"datePublished\":\"2025-01-13T01:06:00+00:00\",\"dateModified\":\"2025-01-14T12:29:28+00:00\",\"mainEntityOfPage\":{\"@id\":\"https:\\\/\\\/aconteceunovale.com.br\\\/portal\\\/?p=195168\"},\"wordCount\":358,\"commentCount\":0,\"image\":{\"@id\":\"https:\\\/\\\/aconteceunovale.com.br\\\/portal\\\/?p=195168#primaryimage\"},\"thumbnailUrl\":\"https:\\\/\\\/aconteceunovale.com.br\\\/portal\\\/wp-content\\\/uploads\\\/2025\\\/01\\\/tragedia_ipatinga.png\",\"keywords\":[\"Caos em Ipatinga\",\"Chuvas em Ipatinga\",\"chuvas em minas\",\"Chuvas intensas causam mortes e preju\u00edzos em Minas Gerais\",\"Chuvas intensas causam trag\u00e9dia em Ipatinga: \u00f3bitos confirmados e UPA interditada\",\"chuvas intensas em minas gerais\",\"destaque\",\"Ipatinga\",\"Ipatinga caos\",\"Mortes causadas pelas chuvas em Ipatinga\",\"Not\u00edcias das chuvas em Ipatinga\",\"\u00d3bitos causados pelas chuvas em Ipatinga\",\"prefeito de Ipatinga\",\"Prefeito Gustavo Nunes\",\"Trag\u00e9dia causada pela chuva em Ipatinga\",\"Trag\u00e9dia em Ipatinga\",\"Trag\u00e9dia em Ipatinga: n\u00famero de \u00f3bitos sobe para dez\"],\"articleSection\":[\"Leste de Minas\"],\"inLanguage\":\"pt-BR\",\"potentialAction\":[{\"@type\":\"CommentAction\",\"name\":\"Comment\",\"target\":[\"https:\\\/\\\/aconteceunovale.com.br\\\/portal\\\/?p=195168#respond\"]}]},{\"@type\":\"WebPage\",\"@id\":\"https:\\\/\\\/aconteceunovale.com.br\\\/portal\\\/?p=195168\",\"url\":\"https:\\\/\\\/aconteceunovale.com.br\\\/portal\\\/?p=195168\",\"name\":\"Trag\u00e9dia em Ipatinga: n\u00famero de \u00f3bitos sobe para dez - Aconteceu no Vale\",\"isPartOf\":{\"@id\":\"https:\\\/\\\/aconteceunovale.com.br\\\/portal\\\/#website\"},\"primaryImageOfPage\":{\"@id\":\"https:\\\/\\\/aconteceunovale.com.br\\\/portal\\\/?p=195168#primaryimage\"},\"image\":{\"@id\":\"https:\\\/\\\/aconteceunovale.com.br\\\/portal\\\/?p=195168#primaryimage\"},\"thumbnailUrl\":\"https:\\\/\\\/aconteceunovale.com.br\\\/portal\\\/wp-content\\\/uploads\\\/2025\\\/01\\\/tragedia_ipatinga.png\",\"datePublished\":\"2025-01-13T01:06:00+00:00\",\"dateModified\":\"2025-01-14T12:29:28+00:00\",\"author\":{\"@id\":\"https:\\\/\\\/aconteceunovale.com.br\\\/portal\\\/#\\\/schema\\\/person\\\/7d2f26d1483f8a63de73da1ee0754d35\"},\"breadcrumb\":{\"@id\":\"https:\\\/\\\/aconteceunovale.com.br\\\/portal\\\/?p=195168#breadcrumb\"},\"inLanguage\":\"pt-BR\",\"potentialAction\":[{\"@type\":\"ReadAction\",\"target\":[\"https:\\\/\\\/aconteceunovale.com.br\\\/portal\\\/?p=195168\"]}]},{\"@type\":\"ImageObject\",\"inLanguage\":\"pt-BR\",\"@id\":\"https:\\\/\\\/aconteceunovale.com.br\\\/portal\\\/?p=195168#primaryimage\",\"url\":\"https:\\\/\\\/aconteceunovale.com.br\\\/portal\\\/wp-content\\\/uploads\\\/2025\\\/01\\\/tragedia_ipatinga.png\",\"contentUrl\":\"https:\\\/\\\/aconteceunovale.com.br\\\/portal\\\/wp-content\\\/uploads\\\/2025\\\/01\\\/tragedia_ipatinga.png\",\"width\":678,\"height\":375},{\"@type\":\"BreadcrumbList\",\"@id\":\"https:\\\/\\\/aconteceunovale.com.br\\\/portal\\\/?p=195168#breadcrumb\",\"itemListElement\":[{\"@type\":\"ListItem\",\"position\":1,\"name\":\"In\u00edcio\",\"item\":\"https:\\\/\\\/aconteceunovale.com.br\\\/portal\\\/\"},{\"@type\":\"ListItem\",\"position\":2,\"name\":\"Trag\u00e9dia em Ipatinga: n\u00famero de \u00f3bitos sobe para dez\"}]},{\"@type\":\"WebSite\",\"@id\":\"https:\\\/\\\/aconteceunovale.com.br\\\/portal\\\/#website\",\"url\":\"https:\\\/\\\/aconteceunovale.com.br\\\/portal\\\/\",\"name\":\"Aconteceu no Vale\",\"description\":\"Portal de Not\u00edcias\",\"potentialAction\":[{\"@type\":\"SearchAction\",\"target\":{\"@type\":\"EntryPoint\",\"urlTemplate\":\"https:\\\/\\\/aconteceunovale.com.br\\\/portal\\\/?s={search_term_string}\"},\"query-input\":{\"@type\":\"PropertyValueSpecification\",\"valueRequired\":true,\"valueName\":\"search_term_string\"}}],\"inLanguage\":\"pt-BR\"},{\"@type\":\"Person\",\"@id\":\"https:\\\/\\\/aconteceunovale.com.br\\\/portal\\\/#\\\/schema\\\/person\\\/7d2f26d1483f8a63de73da1ee0754d35\",\"name\":\"Reda\u00e7\u00e3o Aconteceu no Vale\",\"description\":\"Equipe de reportagem do Aconteceu no Vale, portal de not\u00edcias do Vale do Jequitinhonha, em Minas Gerais. Cobrimos as 51 cidades do Vale desde 2013. Sugest\u00f5es de pauta e pedidos de corre\u00e7\u00e3o: contato@aconteceunovale.com.br\",\"url\":\"https:\\\/\\\/aconteceunovale.com.br\\\/portal\\\/?author=4\"}]}<\/script>\n<!-- \/ Yoast SEO plugin. -->","yoast_head_json":{"title":"Trag\u00e9dia em Ipatinga: n\u00famero de \u00f3bitos sobe para dez - Aconteceu no Vale","robots":{"index":"index","follow":"follow","max-snippet":"max-snippet:-1","max-image-preview":"max-image-preview:large","max-video-preview":"max-video-preview:-1"},"canonical":"https:\/\/aconteceunovale.com.br\/portal\/?p=195168","og_locale":"pt_BR","og_type":"article","og_title":"Trag\u00e9dia em Ipatinga: n\u00famero de \u00f3bitos sobe para dez - Aconteceu no Vale","og_description":"O n\u00famero de mortos em decorr\u00eancia das chuvas intensas que atingiram Ipatinga, no Vale do A\u00e7o, subiu para dez. A atualiza\u00e7\u00e3o foi confirmada pelo prefeito Gustavo Nunes (PL) em uma postagem nas redes sociais na noite deste domingo (12). Entre as v\u00edtimas est\u00e3o duas crian\u00e7as e cinco membros de uma mesma fam\u00edlia. Desabamentos e v\u00edtimas [&hellip;]","og_url":"https:\/\/aconteceunovale.com.br\/portal\/?p=195168","og_site_name":"Aconteceu no Vale","article_publisher":"https:\/\/www.facebook.com\/aconteceunovale\/","article_published_time":"2025-01-13T01:06:00+00:00","article_modified_time":"2025-01-14T12:29:28+00:00","og_image":[{"width":678,"height":375,"url":"https:\/\/aconteceunovale.com.br\/portal\/wp-content\/uploads\/2025\/01\/tragedia_ipatinga.png","type":"image\/png"}],"author":"Reda\u00e7\u00e3o Aconteceu no Vale","twitter_card":"summary_large_image","twitter_creator":"@noticiadosvales","twitter_site":"@noticiadosvales","twitter_misc":{"Escrito por":"Reda\u00e7\u00e3o Aconteceu no Vale","Est. tempo de leitura":"2 minutos"},"schema":{"@context":"https:\/\/schema.org","@graph":[{"@type":"Article","@id":"https:\/\/aconteceunovale.com.br\/portal\/?p=195168#article","isPartOf":{"@id":"https:\/\/aconteceunovale.com.br\/portal\/?p=195168"},"author":{"name":"Reda\u00e7\u00e3o Aconteceu no Vale","@id":"https:\/\/aconteceunovale.com.br\/portal\/#\/schema\/person\/7d2f26d1483f8a63de73da1ee0754d35"},"headline":"Trag\u00e9dia em Ipatinga: n\u00famero de \u00f3bitos sobe para dez","datePublished":"2025-01-13T01:06:00+00:00","dateModified":"2025-01-14T12:29:28+00:00","mainEntityOfPage":{"@id":"https:\/\/aconteceunovale.com.br\/portal\/?p=195168"},"wordCount":358,"commentCount":0,"image":{"@id":"https:\/\/aconteceunovale.com.br\/portal\/?p=195168#primaryimage"},"thumbnailUrl":"https:\/\/aconteceunovale.com.br\/portal\/wp-content\/uploads\/2025\/01\/tragedia_ipatinga.png","keywords":["Caos em Ipatinga","Chuvas em Ipatinga","chuvas em minas","Chuvas intensas causam mortes e preju\u00edzos em Minas Gerais","Chuvas intensas causam trag\u00e9dia em Ipatinga: \u00f3bitos confirmados e UPA interditada","chuvas intensas em minas gerais","destaque","Ipatinga","Ipatinga caos","Mortes causadas pelas chuvas em Ipatinga","Not\u00edcias das chuvas em Ipatinga","\u00d3bitos causados pelas chuvas em Ipatinga","prefeito de Ipatinga","Prefeito Gustavo Nunes","Trag\u00e9dia causada pela chuva em Ipatinga","Trag\u00e9dia em Ipatinga","Trag\u00e9dia em Ipatinga: n\u00famero de \u00f3bitos sobe para dez"],"articleSection":["Leste de Minas"],"inLanguage":"pt-BR","potentialAction":[{"@type":"CommentAction","name":"Comment","target":["https:\/\/aconteceunovale.com.br\/portal\/?p=195168#respond"]}]},{"@type":"WebPage","@id":"https:\/\/aconteceunovale.com.br\/portal\/?p=195168","url":"https:\/\/aconteceunovale.com.br\/portal\/?p=195168","name":"Trag\u00e9dia em Ipatinga: n\u00famero de \u00f3bitos sobe para dez - Aconteceu no Vale","isPartOf":{"@id":"https:\/\/aconteceunovale.com.br\/portal\/#website"},"primaryImageOfPage":{"@id":"https:\/\/aconteceunovale.com.br\/portal\/?p=195168#primaryimage"},"image":{"@id":"https:\/\/aconteceunovale.com.br\/portal\/?p=195168#primaryimage"},"thumbnailUrl":"https:\/\/aconteceunovale.com.br\/portal\/wp-content\/uploads\/2025\/01\/tragedia_ipatinga.png","datePublished":"2025-01-13T01:06:00+00:00","dateModified":"2025-01-14T12:29:28+00:00","author":{"@id":"https:\/\/aconteceunovale.com.br\/portal\/#\/schema\/person\/7d2f26d1483f8a63de73da1ee0754d35"},"breadcrumb":{"@id":"https:\/\/aconteceunovale.com.br\/portal\/?p=195168#breadcrumb"},"inLanguage":"pt-BR","potentialAction":[{"@type":"ReadAction","target":["https:\/\/aconteceunovale.com.br\/portal\/?p=195168"]}]},{"@type":"ImageObject","inLanguage":"pt-BR","@id":"https:\/\/aconteceunovale.com.br\/portal\/?p=195168#primaryimage","url":"https:\/\/aconteceunovale.com.br\/portal\/wp-content\/uploads\/2025\/01\/tragedia_ipatinga.png","contentUrl":"https:\/\/aconteceunovale.com.br\/portal\/wp-content\/uploads\/2025\/01\/tragedia_ipatinga.png","width":678,"height":375},{"@type":"BreadcrumbList","@id":"https:\/\/aconteceunovale.com.br\/portal\/?p=195168#breadcrumb","itemListElement":[{"@type":"ListItem","position":1,"name":"In\u00edcio","item":"https:\/\/aconteceunovale.com.br\/portal\/"},{"@type":"ListItem","position":2,"name":"Trag\u00e9dia em Ipatinga: n\u00famero de \u00f3bitos sobe para dez"}]},{"@type":"WebSite","@id":"https:\/\/aconteceunovale.com.br\/portal\/#website","url":"https:\/\/aconteceunovale.com.br\/portal\/","name":"Aconteceu no Vale","description":"Portal de Not\u00edcias","potentialAction":[{"@type":"SearchAction","target":{"@type":"EntryPoint","urlTemplate":"https:\/\/aconteceunovale.com.br\/portal\/?s={search_term_string}"},"query-input":{"@type":"PropertyValueSpecification","valueRequired":true,"valueName":"search_term_string"}}],"inLanguage":"pt-BR"},{"@type":"Person","@id":"https:\/\/aconteceunovale.com.br\/portal\/#\/schema\/person\/7d2f26d1483f8a63de73da1ee0754d35","name":"Reda\u00e7\u00e3o Aconteceu no Vale","description":"Equipe de reportagem do Aconteceu no Vale, portal de not\u00edcias do Vale do Jequitinhonha, em Minas Gerais. Cobrimos as 51 cidades do Vale desde 2013. Sugest\u00f5es de pauta e pedidos de corre\u00e7\u00e3o: contato@aconteceunovale.com.br","url":"https:\/\/aconteceunovale.com.br\/portal\/?author=4"}]}},"_links":{"self":[{"href":"https:\/\/aconteceunovale.com.br\/portal\/index.php?rest_route=\/wp\/v2\/posts\/195168","targetHints":{"allow":["GET"]}}],"collection":[{"href":"https:\/\/aconteceunovale.com.br\/portal\/index.php?rest_route=\/wp\/v2\/posts"}],"about":[{"href":"https:\/\/aconteceunovale.com.br\/portal\/index.php?rest_route=\/wp\/v2\/types\/post"}],"author":[{"embeddable":true,"href":"https:\/\/aconteceunovale.com.br\/portal\/index.php?rest_route=\/wp\/v2\/users\/4"}],"replies":[{"embeddable":true,"href":"https:\/\/aconteceunovale.com.br\/portal\/index.php?rest_route=%2Fwp%2Fv2%2Fcomments&post=195168"}],"version-history":[{"count":3,"href":"https:\/\/aconteceunovale.com.br\/portal\/index.php?rest_route=\/wp\/v2\/posts\/195168\/revisions"}],"predecessor-version":[{"id":195253,"href":"https:\/\/aconteceunovale.com.br\/portal\/index.php?rest_route=\/wp\/v2\/posts\/195168\/revisions\/195253"}],"wp:featuredmedia":[{"embeddable":true,"href":"https:\/\/aconteceunovale.com.br\/portal\/index.php?rest_route=\/wp\/v2\/media\/195170"}],"wp:attachment":[{"href":"https:\/\/aconteceunovale.com.br\/portal\/index.php?rest_route=%2Fwp%2Fv2%2Fmedia&parent=195168"}],"wp:term":[{"taxonomy":"category","embeddable":true,"href":"https:\/\/aconteceunovale.com.br\/portal\/index.php?rest_route=%2Fwp%2Fv2%2Fcategories&post=195168"},{"taxonomy":"post_tag","embeddable":true,"href":"https:\/\/aconteceunovale.com.br\/portal\/index.php?rest_route=%2Fwp%2Fv2%2Ftags&post=195168"}],"curies":[{"name":"wp","href":"https:\/\/api.w.org\/{rel}","templated":true}]}}