{"id":195166,"date":"2025-01-13T10:34:09","date_gmt":"2025-01-13T13:34:09","guid":{"rendered":"https:\/\/aconteceunovale.com.br\/portal\/?p=195166"},"modified":"2025-01-13T10:34:54","modified_gmt":"2025-01-13T13:34:54","slug":"mercado-financeiro-projeta-inflacao-de-5-em-2025","status":"publish","type":"post","link":"https:\/\/aconteceunovale.com.br\/portal\/?p=195166","title":{"rendered":"Mercado financeiro projeta infla\u00e7\u00e3o de 5% em 2025"},"content":{"rendered":"\n<p class=\"wp-block-paragraph\">O mercado financeiro aumentou ligeiramente a proje\u00e7\u00e3o da infla\u00e7\u00e3o para este ano. \u00a0A edi\u00e7\u00e3o do Boletim Focus desta segunda-feira (13) projeta um \u00edndice, medida pelo \u00cdndice Nacional de Pre\u00e7os ao Consumidor Amplo (IPCA), em 5%, ante os 4,99% da semana passada. H\u00e1 quatro semanas a proje\u00e7\u00e3o era 4,6% para 2025.<\/p>\n\n\n\n<p class=\"wp-block-paragraph\">A pesquisa Focus \u00e9 realizada por economistas do mercado financeiro e divulgada semanalmente pelo Banco Central (BC). Para 2026, o boletim tamb\u00e9m projeta um ligeiro aumento na infla\u00e7\u00e3o para 4,05, ante os 4,03 da semana anterior.<\/p>\n\n\n\n<p class=\"wp-block-paragraph\">No ano passado, o IPCA, que leva em conta a varia\u00e7\u00e3o do custo de vida de fam\u00edlias com rendimento de at\u00e9 40 sal\u00e1rios m\u00ednimos, fechou em 4,83%, acima do teto da meta prevista para 4,5%.<\/p>\n\n\n\n<p class=\"wp-block-paragraph\">Desde 1999, quando o Brasil passou a adotar o regime de metas de infla\u00e7\u00e3o, o IPCA, considerado a infla\u00e7\u00e3o oficial do pa\u00eds,\u00a0ultrapassou oito vezes o limite m\u00e1ximo da meta. A \u00faltimo registro foi no ano passado, segundo dados divulgados\u00a0na \u00faltima sexta-feira (10) pelo Instituto Brasileiro de Geografia e Estat\u00edstica (IBGE).<\/p>\n\n\n\n<p class=\"wp-block-paragraph\">Para 2027, a proje\u00e7\u00e3o do mercado financeiro \u00e9 infla\u00e7\u00e3o de 3,9% e para 2028, de 3,56%.<\/p>\n\n\n\n<p class=\"wp-block-paragraph\">Em rela\u00e7\u00e3o ao Produto Interno Bruto (PIB) &#8211; a soma dos bens e servi\u00e7os produzidos no pa\u00eds \u2013 o boletim manteve a proje\u00e7\u00e3o de crescimento para 2025 da semana passada. Segundo o mercado financeiro, o PIB no pr\u00f3ximo ano deve ficar em 2,02%. Para 2026, a proje\u00e7\u00e3o \u00e9 crescimento de 1,8%. J\u00e1 para 2027 e 2028, a&nbsp;proje\u00e7\u00e3o de expans\u00e3o do PIB \u00e9 2%, para os dois anos.<\/p>\n\n\n\n<h2 class=\"wp-block-heading\">Taxa de juros<\/h2>\n\n\n\n<p class=\"wp-block-paragraph\">Em rela\u00e7\u00e3o \u00e0 taxa b\u00e1sica de juros, a Selic, o Boletim Focus manteve a proje\u00e7\u00e3o da semana passada de 15%, para 2025. H\u00e1 quatro semanas a proje\u00e7\u00e3o era de 14%. Para 2026, a estimativa do mercado financeiro \u00e9 que a Selic fique em 12%. Para 2026 e 2027, as proje\u00e7\u00f5es s\u00e3o de que a taxa fique em 10,25% e 10%, respectivamente.<\/p>\n\n\n\n<p class=\"wp-block-paragraph\">Para alcan\u00e7ar a meta de infla\u00e7\u00e3o, o Banco Central usa como principal instrumento a taxa b\u00e1sica de juros, a Selic, definida em 12,25% ao ano pelo\u00a0Comit\u00ea de Pol\u00edtica Monet\u00e1ria\u00a0(Copom).<\/p>\n\n\n\n<p class=\"wp-block-paragraph\">No final do ano passado, o colegiado aumentou a Selic em 1 ponto percentual (p.p), com a justificativa de que a rea\u00e7\u00e3o do mercado financeiro ao pacote fiscal do governo federal tornou o cen\u00e1rio inflacion\u00e1rio mais adverso, demandando uma pol\u00edtica &#8220;ainda mais contracionista\u201d.<\/p>\n\n\n\n<p class=\"wp-block-paragraph\">As rea\u00e7\u00f5es negativas do mercado financeiro ao pacote de corte de gastos, anunciados pelo governo em novembro do ano passado, fez com que o\u00a0d\u00f3lar\u00a0saltasse, ultrapassando o patamar dos R$ 6 pela primeira vez na hist\u00f3ria.<\/p>\n\n\n\n<p class=\"wp-block-paragraph\">Ainda de acordo com o Copom, o cen\u00e1rio mais adverso para a converg\u00eancia da infla\u00e7\u00e3o \u00e0 meta para 2025, de 3%, com intervalo de toler\u00e2ncia de 1,5% a 4,5% pode demandar novos aumentos de\u00a01 ponto percentual\u00a0na Selic nas pr\u00f3ximas duas reuni\u00f5es do comit\u00ea: em janeiro, nos dias 28 e 29, e em mar\u00e7o, nos dias 18 e 19.<\/p>\n\n\n\n<p class=\"wp-block-paragraph\">Quando o Copom aumenta a taxa b\u00e1sica de juros a finalidade \u00e9 conter a demanda aquecida, e isso causa reflexos nos pre\u00e7os porque os juros mais altos encarecem o cr\u00e9dito e estimulam a poupan\u00e7a.<\/p>\n\n\n\n<p class=\"wp-block-paragraph\">Mas, al\u00e9m da Selic, os bancos consideram outros fatores na hora de definir os juros cobrados dos consumidores, como risco de inadimpl\u00eancia, lucro e despesas administrativas. Desse modo, taxas mais altas tamb\u00e9m podem dificultar a expans\u00e3o da economia.<\/p>\n\n\n\n<p class=\"wp-block-paragraph\">Quando a taxa Selic \u00e9 reduzida, a tend\u00eancia \u00e9 que o cr\u00e9dito fique mais barato, com incentivo \u00e0 produ\u00e7\u00e3o e ao consumo, reduzindo o controle sobre a infla\u00e7\u00e3o e estimulando a atividade econ\u00f4mica.<\/p>\n\n\n\n<h2 class=\"wp-block-heading\">C\u00e2mbio<\/h2>\n\n\n\n<p class=\"wp-block-paragraph\">Em rela\u00e7\u00e3o ao c\u00e2mbio, a previs\u00e3o de cota\u00e7\u00e3o do d\u00f3lar ficou em R$ 6,00 para 2025. No fim de 2026, a previs\u00e3o \u00e9 que a moeda norte-americana tamb\u00e9m fique em R$ 5,40. Para 2026, o c\u00e2mbio tamb\u00e9m deve ficar, de acordo com o Boletim Focus, em R$ 6,00, um aumento em rela\u00e7\u00e3o aos R$ 5,90 projetados na semana passada. Para 2027, a proje\u00e7\u00e3o \u00e9 R$ 5,82 para o d\u00f3lar e R$ 5,88, para 2028.<\/p>\n","protected":false},"excerpt":{"rendered":"<p>O mercado financeiro aumentou ligeiramente a proje\u00e7\u00e3o da infla\u00e7\u00e3o para este ano. \u00a0A edi\u00e7\u00e3o do Boletim Focus desta segunda-feira (13) projeta um \u00edndice, medida pelo \u00cdndice Nacional de Pre\u00e7os ao Consumidor Amplo (IPCA), em 5%, ante os 4,99% da semana passada. H\u00e1 quatro semanas a proje\u00e7\u00e3o era 4,6% para 2025. A pesquisa Focus \u00e9 realizada [&hellip;]<\/p>\n","protected":false},"author":4,"featured_media":141990,"comment_status":"open","ping_status":"closed","sticky":false,"template":"","format":"standard","meta":{"amp_status":"","footnotes":""},"categories":[6,40239],"tags":[22104,60753,1018,6116,13319,21715,269429,269430,267212,49352],"class_list":["post-195166","post","type-post","status-publish","format-standard","has-post-thumbnail","hentry","category-br","category-economia-2","tag-banco-central","tag-bc","tag-destaque","tag-inflacao","tag-ipca","tag-mercado-financeiro","tag-mercado-financeiro-projeta-inflacao-de-5-em-2025","tag-pesquisa-focus","tag-projecao-da-inflacao","tag-taxa-de-juros"],"yoast_head":"<!-- This site is optimized with the Yoast SEO plugin v28.3 - https:\/\/yoast.com\/product\/yoast-seo-wordpress\/ -->\n<title>Mercado financeiro projeta infla\u00e7\u00e3o de 5% em 2025 - Aconteceu no Vale<\/title>\n<meta name=\"robots\" content=\"index, follow, max-snippet:-1, max-image-preview:large, max-video-preview:-1\" \/>\n<link rel=\"canonical\" href=\"https:\/\/aconteceunovale.com.br\/portal\/?p=195166\" \/>\n<meta property=\"og:locale\" content=\"pt_BR\" \/>\n<meta property=\"og:type\" content=\"article\" \/>\n<meta property=\"og:title\" content=\"Mercado financeiro projeta infla\u00e7\u00e3o de 5% em 2025 - Aconteceu no Vale\" \/>\n<meta property=\"og:description\" content=\"O mercado financeiro aumentou ligeiramente a proje\u00e7\u00e3o da infla\u00e7\u00e3o para este ano. \u00a0A edi\u00e7\u00e3o do Boletim Focus desta segunda-feira (13) projeta um \u00edndice, medida pelo \u00cdndice Nacional de Pre\u00e7os ao Consumidor Amplo (IPCA), em 5%, ante os 4,99% da semana passada. H\u00e1 quatro semanas a proje\u00e7\u00e3o era 4,6% para 2025. A pesquisa Focus \u00e9 realizada [&hellip;]\" \/>\n<meta property=\"og:url\" content=\"https:\/\/aconteceunovale.com.br\/portal\/?p=195166\" \/>\n<meta property=\"og:site_name\" content=\"Aconteceu no Vale\" \/>\n<meta property=\"article:publisher\" content=\"https:\/\/www.facebook.com\/aconteceunovale\/\" \/>\n<meta property=\"article:published_time\" content=\"2025-01-13T13:34:09+00:00\" \/>\n<meta property=\"article:modified_time\" content=\"2025-01-13T13:34:54+00:00\" \/>\n<meta property=\"og:image\" content=\"https:\/\/aconteceunovale.com.br\/portal\/wp-content\/uploads\/2019\/01\/bcb.jpg\" \/>\n\t<meta property=\"og:image:width\" content=\"640\" \/>\n\t<meta property=\"og:image:height\" content=\"427\" \/>\n\t<meta property=\"og:image:type\" content=\"image\/jpeg\" \/>\n<meta name=\"author\" content=\"Reda\u00e7\u00e3o Aconteceu no Vale\" \/>\n<meta name=\"twitter:card\" content=\"summary_large_image\" \/>\n<meta name=\"twitter:creator\" content=\"@noticiadosvales\" \/>\n<meta name=\"twitter:site\" content=\"@noticiadosvales\" \/>\n<meta name=\"twitter:label1\" content=\"Escrito por\" \/>\n\t<meta name=\"twitter:data1\" content=\"Reda\u00e7\u00e3o Aconteceu no Vale\" \/>\n\t<meta name=\"twitter:label2\" content=\"Est. tempo de leitura\" \/>\n\t<meta name=\"twitter:data2\" content=\"3 minutos\" \/>\n<script type=\"application\/ld+json\" class=\"yoast-schema-graph\">{\"@context\":\"https:\\\/\\\/schema.org\",\"@graph\":[{\"@type\":\"Article\",\"@id\":\"https:\\\/\\\/aconteceunovale.com.br\\\/portal\\\/?p=195166#article\",\"isPartOf\":{\"@id\":\"https:\\\/\\\/aconteceunovale.com.br\\\/portal\\\/?p=195166\"},\"author\":{\"name\":\"Reda\u00e7\u00e3o Aconteceu no Vale\",\"@id\":\"https:\\\/\\\/aconteceunovale.com.br\\\/portal\\\/#\\\/schema\\\/person\\\/7d2f26d1483f8a63de73da1ee0754d35\"},\"headline\":\"Mercado financeiro projeta infla\u00e7\u00e3o de 5% em 2025\",\"datePublished\":\"2025-01-13T13:34:09+00:00\",\"dateModified\":\"2025-01-13T13:34:54+00:00\",\"mainEntityOfPage\":{\"@id\":\"https:\\\/\\\/aconteceunovale.com.br\\\/portal\\\/?p=195166\"},\"wordCount\":688,\"commentCount\":0,\"image\":{\"@id\":\"https:\\\/\\\/aconteceunovale.com.br\\\/portal\\\/?p=195166#primaryimage\"},\"thumbnailUrl\":\"https:\\\/\\\/aconteceunovale.com.br\\\/portal\\\/wp-content\\\/uploads\\\/2019\\\/01\\\/bcb.jpg\",\"keywords\":[\"banco central\",\"bc\",\"destaque\",\"infla\u00e7\u00e3o\",\"IPCA\",\"mercado financeiro\",\"Mercado financeiro projeta infla\u00e7\u00e3o de 5% em 2025\",\"Pesquisa Focus\",\"Proje\u00e7\u00e3o da infla\u00e7\u00e3o\",\"Taxa de juros\"],\"articleSection\":[\"Brasil\",\"Economia\"],\"inLanguage\":\"pt-BR\",\"potentialAction\":[{\"@type\":\"CommentAction\",\"name\":\"Comment\",\"target\":[\"https:\\\/\\\/aconteceunovale.com.br\\\/portal\\\/?p=195166#respond\"]}]},{\"@type\":\"WebPage\",\"@id\":\"https:\\\/\\\/aconteceunovale.com.br\\\/portal\\\/?p=195166\",\"url\":\"https:\\\/\\\/aconteceunovale.com.br\\\/portal\\\/?p=195166\",\"name\":\"Mercado financeiro projeta infla\u00e7\u00e3o de 5% em 2025 - Aconteceu no Vale\",\"isPartOf\":{\"@id\":\"https:\\\/\\\/aconteceunovale.com.br\\\/portal\\\/#website\"},\"primaryImageOfPage\":{\"@id\":\"https:\\\/\\\/aconteceunovale.com.br\\\/portal\\\/?p=195166#primaryimage\"},\"image\":{\"@id\":\"https:\\\/\\\/aconteceunovale.com.br\\\/portal\\\/?p=195166#primaryimage\"},\"thumbnailUrl\":\"https:\\\/\\\/aconteceunovale.com.br\\\/portal\\\/wp-content\\\/uploads\\\/2019\\\/01\\\/bcb.jpg\",\"datePublished\":\"2025-01-13T13:34:09+00:00\",\"dateModified\":\"2025-01-13T13:34:54+00:00\",\"author\":{\"@id\":\"https:\\\/\\\/aconteceunovale.com.br\\\/portal\\\/#\\\/schema\\\/person\\\/7d2f26d1483f8a63de73da1ee0754d35\"},\"breadcrumb\":{\"@id\":\"https:\\\/\\\/aconteceunovale.com.br\\\/portal\\\/?p=195166#breadcrumb\"},\"inLanguage\":\"pt-BR\",\"potentialAction\":[{\"@type\":\"ReadAction\",\"target\":[\"https:\\\/\\\/aconteceunovale.com.br\\\/portal\\\/?p=195166\"]}]},{\"@type\":\"ImageObject\",\"inLanguage\":\"pt-BR\",\"@id\":\"https:\\\/\\\/aconteceunovale.com.br\\\/portal\\\/?p=195166#primaryimage\",\"url\":\"https:\\\/\\\/aconteceunovale.com.br\\\/portal\\\/wp-content\\\/uploads\\\/2019\\\/01\\\/bcb.jpg\",\"contentUrl\":\"https:\\\/\\\/aconteceunovale.com.br\\\/portal\\\/wp-content\\\/uploads\\\/2019\\\/01\\\/bcb.jpg\",\"width\":640,\"height\":427},{\"@type\":\"BreadcrumbList\",\"@id\":\"https:\\\/\\\/aconteceunovale.com.br\\\/portal\\\/?p=195166#breadcrumb\",\"itemListElement\":[{\"@type\":\"ListItem\",\"position\":1,\"name\":\"In\u00edcio\",\"item\":\"https:\\\/\\\/aconteceunovale.com.br\\\/portal\\\/\"},{\"@type\":\"ListItem\",\"position\":2,\"name\":\"Mercado financeiro projeta infla\u00e7\u00e3o de 5% em 2025\"}]},{\"@type\":\"WebSite\",\"@id\":\"https:\\\/\\\/aconteceunovale.com.br\\\/portal\\\/#website\",\"url\":\"https:\\\/\\\/aconteceunovale.com.br\\\/portal\\\/\",\"name\":\"Aconteceu no Vale\",\"description\":\"Portal de Not\u00edcias\",\"potentialAction\":[{\"@type\":\"SearchAction\",\"target\":{\"@type\":\"EntryPoint\",\"urlTemplate\":\"https:\\\/\\\/aconteceunovale.com.br\\\/portal\\\/?s={search_term_string}\"},\"query-input\":{\"@type\":\"PropertyValueSpecification\",\"valueRequired\":true,\"valueName\":\"search_term_string\"}}],\"inLanguage\":\"pt-BR\"},{\"@type\":\"Person\",\"@id\":\"https:\\\/\\\/aconteceunovale.com.br\\\/portal\\\/#\\\/schema\\\/person\\\/7d2f26d1483f8a63de73da1ee0754d35\",\"name\":\"Reda\u00e7\u00e3o Aconteceu no Vale\",\"description\":\"Equipe de reportagem do Aconteceu no Vale, portal de not\u00edcias do Vale do Jequitinhonha, em Minas Gerais. Cobrimos as 51 cidades do Vale desde 2013. Sugest\u00f5es de pauta e pedidos de corre\u00e7\u00e3o: contato@aconteceunovale.com.br\",\"url\":\"https:\\\/\\\/aconteceunovale.com.br\\\/portal\\\/?author=4\"}]}<\/script>\n<!-- \/ Yoast SEO plugin. -->","yoast_head_json":{"title":"Mercado financeiro projeta infla\u00e7\u00e3o de 5% em 2025 - Aconteceu no Vale","robots":{"index":"index","follow":"follow","max-snippet":"max-snippet:-1","max-image-preview":"max-image-preview:large","max-video-preview":"max-video-preview:-1"},"canonical":"https:\/\/aconteceunovale.com.br\/portal\/?p=195166","og_locale":"pt_BR","og_type":"article","og_title":"Mercado financeiro projeta infla\u00e7\u00e3o de 5% em 2025 - Aconteceu no Vale","og_description":"O mercado financeiro aumentou ligeiramente a proje\u00e7\u00e3o da infla\u00e7\u00e3o para este ano. \u00a0A edi\u00e7\u00e3o do Boletim Focus desta segunda-feira (13) projeta um \u00edndice, medida pelo \u00cdndice Nacional de Pre\u00e7os ao Consumidor Amplo (IPCA), em 5%, ante os 4,99% da semana passada. H\u00e1 quatro semanas a proje\u00e7\u00e3o era 4,6% para 2025. A pesquisa Focus \u00e9 realizada [&hellip;]","og_url":"https:\/\/aconteceunovale.com.br\/portal\/?p=195166","og_site_name":"Aconteceu no Vale","article_publisher":"https:\/\/www.facebook.com\/aconteceunovale\/","article_published_time":"2025-01-13T13:34:09+00:00","article_modified_time":"2025-01-13T13:34:54+00:00","og_image":[{"width":640,"height":427,"url":"https:\/\/aconteceunovale.com.br\/portal\/wp-content\/uploads\/2019\/01\/bcb.jpg","type":"image\/jpeg"}],"author":"Reda\u00e7\u00e3o Aconteceu no Vale","twitter_card":"summary_large_image","twitter_creator":"@noticiadosvales","twitter_site":"@noticiadosvales","twitter_misc":{"Escrito por":"Reda\u00e7\u00e3o Aconteceu no Vale","Est. tempo de leitura":"3 minutos"},"schema":{"@context":"https:\/\/schema.org","@graph":[{"@type":"Article","@id":"https:\/\/aconteceunovale.com.br\/portal\/?p=195166#article","isPartOf":{"@id":"https:\/\/aconteceunovale.com.br\/portal\/?p=195166"},"author":{"name":"Reda\u00e7\u00e3o Aconteceu no Vale","@id":"https:\/\/aconteceunovale.com.br\/portal\/#\/schema\/person\/7d2f26d1483f8a63de73da1ee0754d35"},"headline":"Mercado financeiro projeta infla\u00e7\u00e3o de 5% em 2025","datePublished":"2025-01-13T13:34:09+00:00","dateModified":"2025-01-13T13:34:54+00:00","mainEntityOfPage":{"@id":"https:\/\/aconteceunovale.com.br\/portal\/?p=195166"},"wordCount":688,"commentCount":0,"image":{"@id":"https:\/\/aconteceunovale.com.br\/portal\/?p=195166#primaryimage"},"thumbnailUrl":"https:\/\/aconteceunovale.com.br\/portal\/wp-content\/uploads\/2019\/01\/bcb.jpg","keywords":["banco central","bc","destaque","infla\u00e7\u00e3o","IPCA","mercado financeiro","Mercado financeiro projeta infla\u00e7\u00e3o de 5% em 2025","Pesquisa Focus","Proje\u00e7\u00e3o da infla\u00e7\u00e3o","Taxa de juros"],"articleSection":["Brasil","Economia"],"inLanguage":"pt-BR","potentialAction":[{"@type":"CommentAction","name":"Comment","target":["https:\/\/aconteceunovale.com.br\/portal\/?p=195166#respond"]}]},{"@type":"WebPage","@id":"https:\/\/aconteceunovale.com.br\/portal\/?p=195166","url":"https:\/\/aconteceunovale.com.br\/portal\/?p=195166","name":"Mercado financeiro projeta infla\u00e7\u00e3o de 5% em 2025 - Aconteceu no Vale","isPartOf":{"@id":"https:\/\/aconteceunovale.com.br\/portal\/#website"},"primaryImageOfPage":{"@id":"https:\/\/aconteceunovale.com.br\/portal\/?p=195166#primaryimage"},"image":{"@id":"https:\/\/aconteceunovale.com.br\/portal\/?p=195166#primaryimage"},"thumbnailUrl":"https:\/\/aconteceunovale.com.br\/portal\/wp-content\/uploads\/2019\/01\/bcb.jpg","datePublished":"2025-01-13T13:34:09+00:00","dateModified":"2025-01-13T13:34:54+00:00","author":{"@id":"https:\/\/aconteceunovale.com.br\/portal\/#\/schema\/person\/7d2f26d1483f8a63de73da1ee0754d35"},"breadcrumb":{"@id":"https:\/\/aconteceunovale.com.br\/portal\/?p=195166#breadcrumb"},"inLanguage":"pt-BR","potentialAction":[{"@type":"ReadAction","target":["https:\/\/aconteceunovale.com.br\/portal\/?p=195166"]}]},{"@type":"ImageObject","inLanguage":"pt-BR","@id":"https:\/\/aconteceunovale.com.br\/portal\/?p=195166#primaryimage","url":"https:\/\/aconteceunovale.com.br\/portal\/wp-content\/uploads\/2019\/01\/bcb.jpg","contentUrl":"https:\/\/aconteceunovale.com.br\/portal\/wp-content\/uploads\/2019\/01\/bcb.jpg","width":640,"height":427},{"@type":"BreadcrumbList","@id":"https:\/\/aconteceunovale.com.br\/portal\/?p=195166#breadcrumb","itemListElement":[{"@type":"ListItem","position":1,"name":"In\u00edcio","item":"https:\/\/aconteceunovale.com.br\/portal\/"},{"@type":"ListItem","position":2,"name":"Mercado financeiro projeta infla\u00e7\u00e3o de 5% em 2025"}]},{"@type":"WebSite","@id":"https:\/\/aconteceunovale.com.br\/portal\/#website","url":"https:\/\/aconteceunovale.com.br\/portal\/","name":"Aconteceu no Vale","description":"Portal de Not\u00edcias","potentialAction":[{"@type":"SearchAction","target":{"@type":"EntryPoint","urlTemplate":"https:\/\/aconteceunovale.com.br\/portal\/?s={search_term_string}"},"query-input":{"@type":"PropertyValueSpecification","valueRequired":true,"valueName":"search_term_string"}}],"inLanguage":"pt-BR"},{"@type":"Person","@id":"https:\/\/aconteceunovale.com.br\/portal\/#\/schema\/person\/7d2f26d1483f8a63de73da1ee0754d35","name":"Reda\u00e7\u00e3o Aconteceu no Vale","description":"Equipe de reportagem do Aconteceu no Vale, portal de not\u00edcias do Vale do Jequitinhonha, em Minas Gerais. Cobrimos as 51 cidades do Vale desde 2013. Sugest\u00f5es de pauta e pedidos de corre\u00e7\u00e3o: contato@aconteceunovale.com.br","url":"https:\/\/aconteceunovale.com.br\/portal\/?author=4"}]}},"_links":{"self":[{"href":"https:\/\/aconteceunovale.com.br\/portal\/index.php?rest_route=\/wp\/v2\/posts\/195166","targetHints":{"allow":["GET"]}}],"collection":[{"href":"https:\/\/aconteceunovale.com.br\/portal\/index.php?rest_route=\/wp\/v2\/posts"}],"about":[{"href":"https:\/\/aconteceunovale.com.br\/portal\/index.php?rest_route=\/wp\/v2\/types\/post"}],"author":[{"embeddable":true,"href":"https:\/\/aconteceunovale.com.br\/portal\/index.php?rest_route=\/wp\/v2\/users\/4"}],"replies":[{"embeddable":true,"href":"https:\/\/aconteceunovale.com.br\/portal\/index.php?rest_route=%2Fwp%2Fv2%2Fcomments&post=195166"}],"version-history":[{"count":1,"href":"https:\/\/aconteceunovale.com.br\/portal\/index.php?rest_route=\/wp\/v2\/posts\/195166\/revisions"}],"predecessor-version":[{"id":195167,"href":"https:\/\/aconteceunovale.com.br\/portal\/index.php?rest_route=\/wp\/v2\/posts\/195166\/revisions\/195167"}],"wp:featuredmedia":[{"embeddable":true,"href":"https:\/\/aconteceunovale.com.br\/portal\/index.php?rest_route=\/wp\/v2\/media\/141990"}],"wp:attachment":[{"href":"https:\/\/aconteceunovale.com.br\/portal\/index.php?rest_route=%2Fwp%2Fv2%2Fmedia&parent=195166"}],"wp:term":[{"taxonomy":"category","embeddable":true,"href":"https:\/\/aconteceunovale.com.br\/portal\/index.php?rest_route=%2Fwp%2Fv2%2Fcategories&post=195166"},{"taxonomy":"post_tag","embeddable":true,"href":"https:\/\/aconteceunovale.com.br\/portal\/index.php?rest_route=%2Fwp%2Fv2%2Ftags&post=195166"}],"curies":[{"name":"wp","href":"https:\/\/api.w.org\/{rel}","templated":true}]}}