{"id":195161,"date":"2025-01-13T09:43:52","date_gmt":"2025-01-13T12:43:52","guid":{"rendered":"https:\/\/aconteceunovale.com.br\/portal\/?p=195161"},"modified":"2025-01-13T09:44:16","modified_gmt":"2025-01-13T12:44:16","slug":"chuvas-intensas-causam-mortes-e-prejuizos-em-minas-gerais","status":"publish","type":"post","link":"https:\/\/aconteceunovale.com.br\/portal\/?p=195161","title":{"rendered":"Chuvas intensas causam mortes e preju\u00edzos em Minas Gerais"},"content":{"rendered":"\n<p class=\"wp-block-paragraph\">A madrugada de domingo (12) foi marcada por chuvas intensas em diversas regi\u00f5es de Minas Gerais, resultando em graves ocorr\u00eancias registradas pela Defesa Civil do estado. Os munic\u00edpios de Ipatinga, Santana do Para\u00edso e Espinosa foram severamente afetados, com danos humanos, materiais e interrup\u00e7\u00f5es nos servi\u00e7os essenciais.<\/p>\n\n\n\n<h3 class=\"wp-block-heading\"><strong>Ipatinga: 10 \u00f3bitos e situa\u00e7\u00e3o de emerg\u00eancia<\/strong><\/h3>\n\n\n\n<p class=\"wp-block-paragraph\">Em Ipatinga, as chuvas provocaram alagamentos, deslizamentos de terra e interdi\u00e7\u00e3o de vias devido ao ac\u00famulo de lama e escombros. A Unidade de Pronto Atendimento (UPA) da cidade tamb\u00e9m foi inundada, comprometendo os atendimentos m\u00e9dicos. Dez pessoas perderam a vida, e 40 ficaram desabrigadas. O munic\u00edpio decretou Situa\u00e7\u00e3o de Emerg\u00eancia e est\u00e1 formulando um pedido de ajuda humanit\u00e1ria. Equipes da prefeitura, Defesa Civil, Corpo de Bombeiros e Pol\u00edcia Militar trabalham na limpeza de ruas e no apoio \u00e0s v\u00edtimas.<\/p>\n\n\n\n<h3 class=\"wp-block-heading\"><strong>Santana do Para\u00edso: uma morte e bairros isolados<\/strong><\/h3>\n\n\n\n<p class=\"wp-block-paragraph\">Santana do Para\u00edso tamb\u00e9m enfrentou os impactos das chuvas. Houve deslizamentos, interdi\u00e7\u00e3o de vias e obstru\u00e7\u00e3o de acessos a bairros. Uma pessoa morreu, e o munic\u00edpio anunciou que decretar\u00e1 Situa\u00e7\u00e3o de Emerg\u00eancia. Equipes locais est\u00e3o mobilizadas para desobstruir vias e prestar assist\u00eancia aos afetados.<\/p>\n\n\n\n<h3 class=\"wp-block-heading\"><strong>Espinosa: rompimento de barragem e danos rurais<\/strong><\/h3>\n\n\n\n<p class=\"wp-block-paragraph\">Em Espinosa, o rompimento de uma barragem em uma propriedade particular causou a inunda\u00e7\u00e3o de um povoado na zona rural. Alagamentos atingiram os bairros JK, Bela Vista e Arapongas, al\u00e9m de comprometer pontes e estradas rurais. Dezessete pessoas ficaram desabrigadas, e o munic\u00edpio tamb\u00e9m decretar\u00e1 Situa\u00e7\u00e3o de Emerg\u00eancia. A prefeitura, a Defesa Civil, o Corpo de Bombeiros, a Pol\u00edcia Militar e volunt\u00e1rios est\u00e3o atuando na recupera\u00e7\u00e3o das \u00e1reas afetadas.<\/p>\n\n\n\n<h3 class=\"wp-block-heading\"><strong>Balan\u00e7o estadual do per\u00edodo chuvoso<\/strong><\/h3>\n\n\n\n<p class=\"wp-block-paragraph\">O per\u00edodo chuvoso 2024\/2025 j\u00e1 contabiliza 24 \u00f3bitos e 56 munic\u00edpios em Situa\u00e7\u00e3o de Anormalidade em Minas Gerais. Ao todo, 279 pessoas ficaram desabrigadas, e 1.497 foram desalojadas. Entre os \u00f3bitos registrados, Ipatinga lidera com 10 mortes, seguida por Ipanema (3) e Raul Soares (2).<\/p>\n\n\n\n<h3 class=\"wp-block-heading\"><strong>Previs\u00e3o meteorol\u00f3gica<\/strong><\/h3>\n\n\n\n<p class=\"wp-block-paragraph\">Para esta segunda-feira (13), a previs\u00e3o indica c\u00e9u nublado a parcialmente nublado, com pancadas de chuva e trovoadas isoladas nas regi\u00f5es Noroeste, Norte, Metropolitana, Jequitinhonha, Rio Doce, Mucuri, Central Mineira e Tri\u00e2ngulo Mineiro\/Alto Parana\u00edba. Em Belo Horizonte, s\u00e3o esperadas pancadas de chuva e trovoadas, com temperaturas entre 16\u00b0C e 28\u00b0C.<\/p>\n","protected":false},"excerpt":{"rendered":"<p>A madrugada de domingo (12) foi marcada por chuvas intensas em diversas regi\u00f5es de Minas Gerais, resultando em graves ocorr\u00eancias registradas pela Defesa Civil do estado. Os munic\u00edpios de Ipatinga, Santana do Para\u00edso e Espinosa foram severamente afetados, com danos humanos, materiais e interrup\u00e7\u00f5es nos servi\u00e7os essenciais. Ipatinga: 10 \u00f3bitos e situa\u00e7\u00e3o de emerg\u00eancia Em [&hellip;]<\/p>\n","protected":false},"author":4,"featured_media":195119,"comment_status":"open","ping_status":"closed","sticky":false,"template":"","format":"standard","meta":{"amp_status":"","footnotes":""},"categories":[121,123],"tags":[269395,236767,1899,269424,269392,75744,1018,201,269394,269390,269396,269391,135794,238340,269393,100357],"class_list":["post-195161","post","type-post","status-publish","format-standard","has-post-thumbnail","hentry","category-leste","category-gerais","tag-caos-em-ipatinga","tag-chuvas-em-ipatinga","tag-chuvas-em-minas","tag-chuvas-intensas-causam-mortes-e-prejuizos-em-minas-gerais","tag-chuvas-intensas-causam-tragedia-em-ipatinga-obitos-confirmados-e-upa-interditada","tag-chuvas-intensas-em-minas-gerais","tag-destaque","tag-ipatinga","tag-ipatinga-caos","tag-mortes-causadas-pelas-chuvas-em-ipatinga","tag-noticias-das-chuvas-em-ipatinga","tag-obitos-causados-pelas-chuvas-em-ipatinga","tag-prefeito-de-ipatinga","tag-prefeito-gustavo-nunes","tag-tragedia-causada-pela-chuva-em-ipatinga","tag-tragedia-em-ipatinga"],"yoast_head":"<!-- This site is optimized with the Yoast SEO plugin v28.3 - https:\/\/yoast.com\/product\/yoast-seo-wordpress\/ -->\n<title>Chuvas intensas causam mortes e preju\u00edzos em Minas Gerais - Aconteceu no Vale<\/title>\n<meta name=\"robots\" content=\"index, follow, max-snippet:-1, max-image-preview:large, max-video-preview:-1\" \/>\n<link rel=\"canonical\" href=\"https:\/\/aconteceunovale.com.br\/portal\/?p=195161\" \/>\n<meta property=\"og:locale\" content=\"pt_BR\" \/>\n<meta property=\"og:type\" content=\"article\" \/>\n<meta property=\"og:title\" content=\"Chuvas intensas causam mortes e preju\u00edzos em Minas Gerais - Aconteceu no Vale\" \/>\n<meta property=\"og:description\" content=\"A madrugada de domingo (12) foi marcada por chuvas intensas em diversas regi\u00f5es de Minas Gerais, resultando em graves ocorr\u00eancias registradas pela Defesa Civil do estado. Os munic\u00edpios de Ipatinga, Santana do Para\u00edso e Espinosa foram severamente afetados, com danos humanos, materiais e interrup\u00e7\u00f5es nos servi\u00e7os essenciais. Ipatinga: 10 \u00f3bitos e situa\u00e7\u00e3o de emerg\u00eancia Em [&hellip;]\" \/>\n<meta property=\"og:url\" content=\"https:\/\/aconteceunovale.com.br\/portal\/?p=195161\" \/>\n<meta property=\"og:site_name\" content=\"Aconteceu no Vale\" \/>\n<meta property=\"article:publisher\" content=\"https:\/\/www.facebook.com\/aconteceunovale\/\" \/>\n<meta property=\"article:published_time\" content=\"2025-01-13T12:43:52+00:00\" \/>\n<meta property=\"article:modified_time\" content=\"2025-01-13T12:44:16+00:00\" \/>\n<meta property=\"og:image\" content=\"https:\/\/aconteceunovale.com.br\/portal\/wp-content\/uploads\/2025\/01\/chuva_ipatinga_1.jpeg\" \/>\n\t<meta property=\"og:image:width\" content=\"678\" \/>\n\t<meta property=\"og:image:height\" content=\"415\" \/>\n\t<meta property=\"og:image:type\" content=\"image\/jpeg\" \/>\n<meta name=\"author\" content=\"Reda\u00e7\u00e3o Aconteceu no Vale\" \/>\n<meta name=\"twitter:card\" content=\"summary_large_image\" \/>\n<meta name=\"twitter:creator\" content=\"@noticiadosvales\" \/>\n<meta name=\"twitter:site\" content=\"@noticiadosvales\" \/>\n<meta name=\"twitter:label1\" content=\"Escrito por\" \/>\n\t<meta name=\"twitter:data1\" content=\"Reda\u00e7\u00e3o Aconteceu no Vale\" \/>\n\t<meta name=\"twitter:label2\" content=\"Est. tempo de leitura\" \/>\n\t<meta name=\"twitter:data2\" content=\"2 minutos\" \/>\n<script type=\"application\/ld+json\" class=\"yoast-schema-graph\">{\"@context\":\"https:\\\/\\\/schema.org\",\"@graph\":[{\"@type\":\"Article\",\"@id\":\"https:\\\/\\\/aconteceunovale.com.br\\\/portal\\\/?p=195161#article\",\"isPartOf\":{\"@id\":\"https:\\\/\\\/aconteceunovale.com.br\\\/portal\\\/?p=195161\"},\"author\":{\"name\":\"Reda\u00e7\u00e3o Aconteceu no Vale\",\"@id\":\"https:\\\/\\\/aconteceunovale.com.br\\\/portal\\\/#\\\/schema\\\/person\\\/7d2f26d1483f8a63de73da1ee0754d35\"},\"headline\":\"Chuvas intensas causam mortes e preju\u00edzos em Minas Gerais\",\"datePublished\":\"2025-01-13T12:43:52+00:00\",\"dateModified\":\"2025-01-13T12:44:16+00:00\",\"mainEntityOfPage\":{\"@id\":\"https:\\\/\\\/aconteceunovale.com.br\\\/portal\\\/?p=195161\"},\"wordCount\":413,\"commentCount\":0,\"image\":{\"@id\":\"https:\\\/\\\/aconteceunovale.com.br\\\/portal\\\/?p=195161#primaryimage\"},\"thumbnailUrl\":\"https:\\\/\\\/aconteceunovale.com.br\\\/portal\\\/wp-content\\\/uploads\\\/2025\\\/01\\\/chuva_ipatinga_1.jpeg\",\"keywords\":[\"Caos em Ipatinga\",\"Chuvas em Ipatinga\",\"chuvas em minas\",\"Chuvas intensas causam mortes e preju\u00edzos em Minas Gerais\",\"Chuvas intensas causam trag\u00e9dia em Ipatinga: \u00f3bitos confirmados e UPA interditada\",\"chuvas intensas em minas gerais\",\"destaque\",\"Ipatinga\",\"Ipatinga caos\",\"Mortes causadas pelas chuvas em Ipatinga\",\"Not\u00edcias das chuvas em Ipatinga\",\"\u00d3bitos causados pelas chuvas em Ipatinga\",\"prefeito de Ipatinga\",\"Prefeito Gustavo Nunes\",\"Trag\u00e9dia causada pela chuva em Ipatinga\",\"Trag\u00e9dia em Ipatinga\"],\"articleSection\":[\"Leste de Minas\",\"Minas Gerais\"],\"inLanguage\":\"pt-BR\",\"potentialAction\":[{\"@type\":\"CommentAction\",\"name\":\"Comment\",\"target\":[\"https:\\\/\\\/aconteceunovale.com.br\\\/portal\\\/?p=195161#respond\"]}]},{\"@type\":\"WebPage\",\"@id\":\"https:\\\/\\\/aconteceunovale.com.br\\\/portal\\\/?p=195161\",\"url\":\"https:\\\/\\\/aconteceunovale.com.br\\\/portal\\\/?p=195161\",\"name\":\"Chuvas intensas causam mortes e preju\u00edzos em Minas Gerais - Aconteceu no Vale\",\"isPartOf\":{\"@id\":\"https:\\\/\\\/aconteceunovale.com.br\\\/portal\\\/#website\"},\"primaryImageOfPage\":{\"@id\":\"https:\\\/\\\/aconteceunovale.com.br\\\/portal\\\/?p=195161#primaryimage\"},\"image\":{\"@id\":\"https:\\\/\\\/aconteceunovale.com.br\\\/portal\\\/?p=195161#primaryimage\"},\"thumbnailUrl\":\"https:\\\/\\\/aconteceunovale.com.br\\\/portal\\\/wp-content\\\/uploads\\\/2025\\\/01\\\/chuva_ipatinga_1.jpeg\",\"datePublished\":\"2025-01-13T12:43:52+00:00\",\"dateModified\":\"2025-01-13T12:44:16+00:00\",\"author\":{\"@id\":\"https:\\\/\\\/aconteceunovale.com.br\\\/portal\\\/#\\\/schema\\\/person\\\/7d2f26d1483f8a63de73da1ee0754d35\"},\"breadcrumb\":{\"@id\":\"https:\\\/\\\/aconteceunovale.com.br\\\/portal\\\/?p=195161#breadcrumb\"},\"inLanguage\":\"pt-BR\",\"potentialAction\":[{\"@type\":\"ReadAction\",\"target\":[\"https:\\\/\\\/aconteceunovale.com.br\\\/portal\\\/?p=195161\"]}]},{\"@type\":\"ImageObject\",\"inLanguage\":\"pt-BR\",\"@id\":\"https:\\\/\\\/aconteceunovale.com.br\\\/portal\\\/?p=195161#primaryimage\",\"url\":\"https:\\\/\\\/aconteceunovale.com.br\\\/portal\\\/wp-content\\\/uploads\\\/2025\\\/01\\\/chuva_ipatinga_1.jpeg\",\"contentUrl\":\"https:\\\/\\\/aconteceunovale.com.br\\\/portal\\\/wp-content\\\/uploads\\\/2025\\\/01\\\/chuva_ipatinga_1.jpeg\",\"width\":678,\"height\":415},{\"@type\":\"BreadcrumbList\",\"@id\":\"https:\\\/\\\/aconteceunovale.com.br\\\/portal\\\/?p=195161#breadcrumb\",\"itemListElement\":[{\"@type\":\"ListItem\",\"position\":1,\"name\":\"In\u00edcio\",\"item\":\"https:\\\/\\\/aconteceunovale.com.br\\\/portal\\\/\"},{\"@type\":\"ListItem\",\"position\":2,\"name\":\"Chuvas intensas causam mortes e preju\u00edzos em Minas Gerais\"}]},{\"@type\":\"WebSite\",\"@id\":\"https:\\\/\\\/aconteceunovale.com.br\\\/portal\\\/#website\",\"url\":\"https:\\\/\\\/aconteceunovale.com.br\\\/portal\\\/\",\"name\":\"Aconteceu no Vale\",\"description\":\"Portal de Not\u00edcias\",\"potentialAction\":[{\"@type\":\"SearchAction\",\"target\":{\"@type\":\"EntryPoint\",\"urlTemplate\":\"https:\\\/\\\/aconteceunovale.com.br\\\/portal\\\/?s={search_term_string}\"},\"query-input\":{\"@type\":\"PropertyValueSpecification\",\"valueRequired\":true,\"valueName\":\"search_term_string\"}}],\"inLanguage\":\"pt-BR\"},{\"@type\":\"Person\",\"@id\":\"https:\\\/\\\/aconteceunovale.com.br\\\/portal\\\/#\\\/schema\\\/person\\\/7d2f26d1483f8a63de73da1ee0754d35\",\"name\":\"Reda\u00e7\u00e3o Aconteceu no Vale\",\"description\":\"Equipe de reportagem do Aconteceu no Vale, portal de not\u00edcias do Vale do Jequitinhonha, em Minas Gerais. Cobrimos as 51 cidades do Vale desde 2013. Sugest\u00f5es de pauta e pedidos de corre\u00e7\u00e3o: contato@aconteceunovale.com.br\",\"url\":\"https:\\\/\\\/aconteceunovale.com.br\\\/portal\\\/?author=4\"}]}<\/script>\n<!-- \/ Yoast SEO plugin. -->","yoast_head_json":{"title":"Chuvas intensas causam mortes e preju\u00edzos em Minas Gerais - Aconteceu no Vale","robots":{"index":"index","follow":"follow","max-snippet":"max-snippet:-1","max-image-preview":"max-image-preview:large","max-video-preview":"max-video-preview:-1"},"canonical":"https:\/\/aconteceunovale.com.br\/portal\/?p=195161","og_locale":"pt_BR","og_type":"article","og_title":"Chuvas intensas causam mortes e preju\u00edzos em Minas Gerais - Aconteceu no Vale","og_description":"A madrugada de domingo (12) foi marcada por chuvas intensas em diversas regi\u00f5es de Minas Gerais, resultando em graves ocorr\u00eancias registradas pela Defesa Civil do estado. Os munic\u00edpios de Ipatinga, Santana do Para\u00edso e Espinosa foram severamente afetados, com danos humanos, materiais e interrup\u00e7\u00f5es nos servi\u00e7os essenciais. Ipatinga: 10 \u00f3bitos e situa\u00e7\u00e3o de emerg\u00eancia Em [&hellip;]","og_url":"https:\/\/aconteceunovale.com.br\/portal\/?p=195161","og_site_name":"Aconteceu no Vale","article_publisher":"https:\/\/www.facebook.com\/aconteceunovale\/","article_published_time":"2025-01-13T12:43:52+00:00","article_modified_time":"2025-01-13T12:44:16+00:00","og_image":[{"width":678,"height":415,"url":"https:\/\/aconteceunovale.com.br\/portal\/wp-content\/uploads\/2025\/01\/chuva_ipatinga_1.jpeg","type":"image\/jpeg"}],"author":"Reda\u00e7\u00e3o Aconteceu no Vale","twitter_card":"summary_large_image","twitter_creator":"@noticiadosvales","twitter_site":"@noticiadosvales","twitter_misc":{"Escrito por":"Reda\u00e7\u00e3o Aconteceu no Vale","Est. tempo de leitura":"2 minutos"},"schema":{"@context":"https:\/\/schema.org","@graph":[{"@type":"Article","@id":"https:\/\/aconteceunovale.com.br\/portal\/?p=195161#article","isPartOf":{"@id":"https:\/\/aconteceunovale.com.br\/portal\/?p=195161"},"author":{"name":"Reda\u00e7\u00e3o Aconteceu no Vale","@id":"https:\/\/aconteceunovale.com.br\/portal\/#\/schema\/person\/7d2f26d1483f8a63de73da1ee0754d35"},"headline":"Chuvas intensas causam mortes e preju\u00edzos em Minas Gerais","datePublished":"2025-01-13T12:43:52+00:00","dateModified":"2025-01-13T12:44:16+00:00","mainEntityOfPage":{"@id":"https:\/\/aconteceunovale.com.br\/portal\/?p=195161"},"wordCount":413,"commentCount":0,"image":{"@id":"https:\/\/aconteceunovale.com.br\/portal\/?p=195161#primaryimage"},"thumbnailUrl":"https:\/\/aconteceunovale.com.br\/portal\/wp-content\/uploads\/2025\/01\/chuva_ipatinga_1.jpeg","keywords":["Caos em Ipatinga","Chuvas em Ipatinga","chuvas em minas","Chuvas intensas causam mortes e preju\u00edzos em Minas Gerais","Chuvas intensas causam trag\u00e9dia em Ipatinga: \u00f3bitos confirmados e UPA interditada","chuvas intensas em minas gerais","destaque","Ipatinga","Ipatinga caos","Mortes causadas pelas chuvas em Ipatinga","Not\u00edcias das chuvas em Ipatinga","\u00d3bitos causados pelas chuvas em Ipatinga","prefeito de Ipatinga","Prefeito Gustavo Nunes","Trag\u00e9dia causada pela chuva em Ipatinga","Trag\u00e9dia em Ipatinga"],"articleSection":["Leste de Minas","Minas Gerais"],"inLanguage":"pt-BR","potentialAction":[{"@type":"CommentAction","name":"Comment","target":["https:\/\/aconteceunovale.com.br\/portal\/?p=195161#respond"]}]},{"@type":"WebPage","@id":"https:\/\/aconteceunovale.com.br\/portal\/?p=195161","url":"https:\/\/aconteceunovale.com.br\/portal\/?p=195161","name":"Chuvas intensas causam mortes e preju\u00edzos em Minas Gerais - Aconteceu no Vale","isPartOf":{"@id":"https:\/\/aconteceunovale.com.br\/portal\/#website"},"primaryImageOfPage":{"@id":"https:\/\/aconteceunovale.com.br\/portal\/?p=195161#primaryimage"},"image":{"@id":"https:\/\/aconteceunovale.com.br\/portal\/?p=195161#primaryimage"},"thumbnailUrl":"https:\/\/aconteceunovale.com.br\/portal\/wp-content\/uploads\/2025\/01\/chuva_ipatinga_1.jpeg","datePublished":"2025-01-13T12:43:52+00:00","dateModified":"2025-01-13T12:44:16+00:00","author":{"@id":"https:\/\/aconteceunovale.com.br\/portal\/#\/schema\/person\/7d2f26d1483f8a63de73da1ee0754d35"},"breadcrumb":{"@id":"https:\/\/aconteceunovale.com.br\/portal\/?p=195161#breadcrumb"},"inLanguage":"pt-BR","potentialAction":[{"@type":"ReadAction","target":["https:\/\/aconteceunovale.com.br\/portal\/?p=195161"]}]},{"@type":"ImageObject","inLanguage":"pt-BR","@id":"https:\/\/aconteceunovale.com.br\/portal\/?p=195161#primaryimage","url":"https:\/\/aconteceunovale.com.br\/portal\/wp-content\/uploads\/2025\/01\/chuva_ipatinga_1.jpeg","contentUrl":"https:\/\/aconteceunovale.com.br\/portal\/wp-content\/uploads\/2025\/01\/chuva_ipatinga_1.jpeg","width":678,"height":415},{"@type":"BreadcrumbList","@id":"https:\/\/aconteceunovale.com.br\/portal\/?p=195161#breadcrumb","itemListElement":[{"@type":"ListItem","position":1,"name":"In\u00edcio","item":"https:\/\/aconteceunovale.com.br\/portal\/"},{"@type":"ListItem","position":2,"name":"Chuvas intensas causam mortes e preju\u00edzos em Minas Gerais"}]},{"@type":"WebSite","@id":"https:\/\/aconteceunovale.com.br\/portal\/#website","url":"https:\/\/aconteceunovale.com.br\/portal\/","name":"Aconteceu no Vale","description":"Portal de Not\u00edcias","potentialAction":[{"@type":"SearchAction","target":{"@type":"EntryPoint","urlTemplate":"https:\/\/aconteceunovale.com.br\/portal\/?s={search_term_string}"},"query-input":{"@type":"PropertyValueSpecification","valueRequired":true,"valueName":"search_term_string"}}],"inLanguage":"pt-BR"},{"@type":"Person","@id":"https:\/\/aconteceunovale.com.br\/portal\/#\/schema\/person\/7d2f26d1483f8a63de73da1ee0754d35","name":"Reda\u00e7\u00e3o Aconteceu no Vale","description":"Equipe de reportagem do Aconteceu no Vale, portal de not\u00edcias do Vale do Jequitinhonha, em Minas Gerais. Cobrimos as 51 cidades do Vale desde 2013. Sugest\u00f5es de pauta e pedidos de corre\u00e7\u00e3o: contato@aconteceunovale.com.br","url":"https:\/\/aconteceunovale.com.br\/portal\/?author=4"}]}},"_links":{"self":[{"href":"https:\/\/aconteceunovale.com.br\/portal\/index.php?rest_route=\/wp\/v2\/posts\/195161","targetHints":{"allow":["GET"]}}],"collection":[{"href":"https:\/\/aconteceunovale.com.br\/portal\/index.php?rest_route=\/wp\/v2\/posts"}],"about":[{"href":"https:\/\/aconteceunovale.com.br\/portal\/index.php?rest_route=\/wp\/v2\/types\/post"}],"author":[{"embeddable":true,"href":"https:\/\/aconteceunovale.com.br\/portal\/index.php?rest_route=\/wp\/v2\/users\/4"}],"replies":[{"embeddable":true,"href":"https:\/\/aconteceunovale.com.br\/portal\/index.php?rest_route=%2Fwp%2Fv2%2Fcomments&post=195161"}],"version-history":[{"count":1,"href":"https:\/\/aconteceunovale.com.br\/portal\/index.php?rest_route=\/wp\/v2\/posts\/195161\/revisions"}],"predecessor-version":[{"id":195162,"href":"https:\/\/aconteceunovale.com.br\/portal\/index.php?rest_route=\/wp\/v2\/posts\/195161\/revisions\/195162"}],"wp:featuredmedia":[{"embeddable":true,"href":"https:\/\/aconteceunovale.com.br\/portal\/index.php?rest_route=\/wp\/v2\/media\/195119"}],"wp:attachment":[{"href":"https:\/\/aconteceunovale.com.br\/portal\/index.php?rest_route=%2Fwp%2Fv2%2Fmedia&parent=195161"}],"wp:term":[{"taxonomy":"category","embeddable":true,"href":"https:\/\/aconteceunovale.com.br\/portal\/index.php?rest_route=%2Fwp%2Fv2%2Fcategories&post=195161"},{"taxonomy":"post_tag","embeddable":true,"href":"https:\/\/aconteceunovale.com.br\/portal\/index.php?rest_route=%2Fwp%2Fv2%2Ftags&post=195161"}],"curies":[{"name":"wp","href":"https:\/\/api.w.org\/{rel}","templated":true}]}}