{"id":195086,"date":"2025-01-11T12:40:27","date_gmt":"2025-01-11T15:40:27","guid":{"rendered":"https:\/\/aconteceunovale.com.br\/portal\/?p=195086"},"modified":"2025-01-11T12:41:19","modified_gmt":"2025-01-11T15:41:19","slug":"moraes-exige-comprovacao-de-convite-para-posse-de-trump-em-pedido-de-bolsonaro","status":"publish","type":"post","link":"https:\/\/aconteceunovale.com.br\/portal\/?p=195086","title":{"rendered":"Moraes exige comprova\u00e7\u00e3o de convite para posse de Trump em pedido de Bolsonaro"},"content":{"rendered":"\n<p class=\"wp-block-paragraph\">O ministro do Supremo Tribunal Federal (STF), Alexandre de Moraes, determinou que a defesa do ex-presidente Jair Bolsonaro apresente um documento oficial do governo dos Estados Unidos que comprove o convite formal para que Bolsonaro participe da cerim\u00f4nia de posse do ex-presidente estadunidense Donald Trump, marcada para o dia 20 de janeiro, em Washington.<\/p>\n\n\n\n<figure class=\"wp-block-gallery has-nested-images columns-default is-cropped wp-block-gallery-1 is-layout-flex wp-block-gallery-is-layout-flex\">\n<figure class=\"wp-block-image size-large\"><img loading=\"lazy\" decoding=\"async\" width=\"678\" height=\"406\" data-id=\"195087\" src=\"https:\/\/aconteceunovale.com.br\/portal\/wp-content\/uploads\/2025\/01\/moraes.webp\" alt=\"\" class=\"wp-image-195087\" srcset=\"https:\/\/aconteceunovale.com.br\/portal\/wp-content\/uploads\/2025\/01\/moraes.webp 678w, https:\/\/aconteceunovale.com.br\/portal\/wp-content\/uploads\/2025\/01\/moraes-300x180.webp 300w\" sizes=\"auto, (max-width: 678px) 100vw, 678px\" \/><figcaption class=\"wp-element-caption\"><em>Foto: Marcelo Camargo\/Ag\u00eancia Brasil<\/em><\/figcaption><\/figure>\n<\/figure>\n\n\n\n<p class=\"wp-block-paragraph\">A decis\u00e3o foi anunciada neste s\u00e1bado (11) e \u00e9 uma resposta ao pedido feito pela defesa de Bolsonaro na sexta-feira (10). Os advogados solicitaram a libera\u00e7\u00e3o do passaporte do ex-presidente, apreendido em fevereiro de 2024, para que ele pudesse viajar aos Estados Unidos entre os dias 17 e 22 de janeiro.<\/p>\n\n\n\n<p class=\"wp-block-paragraph\">Na decis\u00e3o, Moraes destacou que o pedido n\u00e3o foi acompanhado de documentos que justifiquem a viagem ao exterior. \u201cAntes da an\u00e1lise [do m\u00e9rito da solicita\u00e7\u00e3o], h\u00e1 necessidade de complementa\u00e7\u00e3o probat\u00f3ria, pois o pedido n\u00e3o veio devidamente instru\u00eddo com os documentos necess\u00e1rios\u201d, afirmou o ministro.<\/p>\n\n\n\n<p class=\"wp-block-paragraph\">O passaporte de Bolsonaro foi retido no \u00e2mbito da Opera\u00e7\u00e3o Tempus Veritatis, conduzida pela Pol\u00edcia Federal, que investiga uma suposta organiza\u00e7\u00e3o criminosa acusada de planejar um golpe de Estado com o objetivo de manter o ex-presidente no poder, em desacordo com o Estado Democr\u00e1tico de Direito. Desde a apreens\u00e3o, a defesa de Bolsonaro j\u00e1 tentou reaver o documento em outras duas ocasi\u00f5es, mas os pedidos foram negados por Moraes.<\/p>\n\n\n\n<p class=\"wp-block-paragraph\">A decis\u00e3o atual mant\u00e9m a exig\u00eancia de comprova\u00e7\u00e3o formal para qualquer avalia\u00e7\u00e3o do pedido, refor\u00e7ando o entendimento de que a libera\u00e7\u00e3o do passaporte depende de evid\u00eancias concretas que justifiquem a necessidade da viagem.<\/p>\n","protected":false},"excerpt":{"rendered":"<p>O ministro do Supremo Tribunal Federal (STF), Alexandre de Moraes, determinou que a defesa do ex-presidente Jair Bolsonaro apresente um documento oficial do governo dos Estados Unidos que comprove o convite formal para que Bolsonaro participe da cerim\u00f4nia de posse do ex-presidente estadunidense Donald Trump, marcada para o dia 20 de janeiro, em Washington. A [&hellip;]<\/p>\n","protected":false},"author":4,"featured_media":195087,"comment_status":"open","ping_status":"closed","sticky":false,"template":"","format":"standard","meta":{"amp_status":"","footnotes":""},"categories":[6,40240],"tags":[35211,100375,1018,79020,26436,269349,269348,135778,269350,28511],"class_list":["post-195086","post","type-post","status-publish","format-standard","has-post-thumbnail","hentry","category-br","category-politica","tag-alexandre-de-moraes","tag-bolsonaro","tag-destaque","tag-donald-trump","tag-jair-bolsonaro","tag-moraes","tag-moraes-exige-comprovacao-de-convite-para-posse-de-trump-em-pedido-de-bolsonaro","tag-posse-de-trump","tag-presenca-de-jair-bolsonaro-na-posse-de-trump","tag-stf"],"yoast_head":"<!-- This site is optimized with the Yoast SEO plugin v28.3 - https:\/\/yoast.com\/product\/yoast-seo-wordpress\/ -->\n<title>Moraes exige comprova\u00e7\u00e3o de convite para posse de Trump em pedido de Bolsonaro - Aconteceu no Vale<\/title>\n<meta name=\"robots\" content=\"index, follow, max-snippet:-1, max-image-preview:large, max-video-preview:-1\" \/>\n<link rel=\"canonical\" href=\"https:\/\/aconteceunovale.com.br\/portal\/?p=195086\" \/>\n<meta property=\"og:locale\" content=\"pt_BR\" \/>\n<meta property=\"og:type\" content=\"article\" \/>\n<meta property=\"og:title\" content=\"Moraes exige comprova\u00e7\u00e3o de convite para posse de Trump em pedido de Bolsonaro - Aconteceu no Vale\" \/>\n<meta property=\"og:description\" content=\"O ministro do Supremo Tribunal Federal (STF), Alexandre de Moraes, determinou que a defesa do ex-presidente Jair Bolsonaro apresente um documento oficial do governo dos Estados Unidos que comprove o convite formal para que Bolsonaro participe da cerim\u00f4nia de posse do ex-presidente estadunidense Donald Trump, marcada para o dia 20 de janeiro, em Washington. A [&hellip;]\" \/>\n<meta property=\"og:url\" content=\"https:\/\/aconteceunovale.com.br\/portal\/?p=195086\" \/>\n<meta property=\"og:site_name\" content=\"Aconteceu no Vale\" \/>\n<meta property=\"article:publisher\" content=\"https:\/\/www.facebook.com\/aconteceunovale\/\" \/>\n<meta property=\"article:published_time\" content=\"2025-01-11T15:40:27+00:00\" \/>\n<meta property=\"article:modified_time\" content=\"2025-01-11T15:41:19+00:00\" \/>\n<meta property=\"og:image\" content=\"https:\/\/aconteceunovale.com.br\/portal\/wp-content\/uploads\/2025\/01\/moraes.webp\" \/>\n\t<meta property=\"og:image:width\" content=\"678\" \/>\n\t<meta property=\"og:image:height\" content=\"406\" \/>\n\t<meta property=\"og:image:type\" content=\"image\/webp\" \/>\n<meta name=\"author\" content=\"Reda\u00e7\u00e3o Aconteceu no Vale\" \/>\n<meta name=\"twitter:card\" content=\"summary_large_image\" \/>\n<meta name=\"twitter:creator\" content=\"@noticiadosvales\" \/>\n<meta name=\"twitter:site\" content=\"@noticiadosvales\" \/>\n<meta name=\"twitter:label1\" content=\"Escrito por\" \/>\n\t<meta name=\"twitter:data1\" content=\"Reda\u00e7\u00e3o Aconteceu no Vale\" \/>\n\t<meta name=\"twitter:label2\" content=\"Est. tempo de leitura\" \/>\n\t<meta name=\"twitter:data2\" content=\"1 minuto\" \/>\n<script type=\"application\/ld+json\" class=\"yoast-schema-graph\">{\"@context\":\"https:\\\/\\\/schema.org\",\"@graph\":[{\"@type\":\"Article\",\"@id\":\"https:\\\/\\\/aconteceunovale.com.br\\\/portal\\\/?p=195086#article\",\"isPartOf\":{\"@id\":\"https:\\\/\\\/aconteceunovale.com.br\\\/portal\\\/?p=195086\"},\"author\":{\"name\":\"Reda\u00e7\u00e3o Aconteceu no Vale\",\"@id\":\"https:\\\/\\\/aconteceunovale.com.br\\\/portal\\\/#\\\/schema\\\/person\\\/7d2f26d1483f8a63de73da1ee0754d35\"},\"headline\":\"Moraes exige comprova\u00e7\u00e3o de convite para posse de Trump em pedido de Bolsonaro\",\"datePublished\":\"2025-01-11T15:40:27+00:00\",\"dateModified\":\"2025-01-11T15:41:19+00:00\",\"mainEntityOfPage\":{\"@id\":\"https:\\\/\\\/aconteceunovale.com.br\\\/portal\\\/?p=195086\"},\"wordCount\":292,\"commentCount\":0,\"image\":{\"@id\":\"https:\\\/\\\/aconteceunovale.com.br\\\/portal\\\/?p=195086#primaryimage\"},\"thumbnailUrl\":\"https:\\\/\\\/aconteceunovale.com.br\\\/portal\\\/wp-content\\\/uploads\\\/2025\\\/01\\\/moraes.webp\",\"keywords\":[\"Alexandre de Moraes\",\"Bolsonaro\",\"destaque\",\"Donald Trump\",\"Jair Bolsonaro\",\"Moraes\",\"Moraes exige comprova\u00e7\u00e3o de convite para posse de Trump em pedido de Bolsonaro\",\"Posse de Trump\",\"Presen\u00e7a de Jair Bolsonaro na posse de Trump\",\"STF\"],\"articleSection\":[\"Brasil\",\"Pol\u00edtica\"],\"inLanguage\":\"pt-BR\",\"potentialAction\":[{\"@type\":\"CommentAction\",\"name\":\"Comment\",\"target\":[\"https:\\\/\\\/aconteceunovale.com.br\\\/portal\\\/?p=195086#respond\"]}]},{\"@type\":\"WebPage\",\"@id\":\"https:\\\/\\\/aconteceunovale.com.br\\\/portal\\\/?p=195086\",\"url\":\"https:\\\/\\\/aconteceunovale.com.br\\\/portal\\\/?p=195086\",\"name\":\"Moraes exige comprova\u00e7\u00e3o de convite para posse de Trump em pedido de Bolsonaro - Aconteceu no Vale\",\"isPartOf\":{\"@id\":\"https:\\\/\\\/aconteceunovale.com.br\\\/portal\\\/#website\"},\"primaryImageOfPage\":{\"@id\":\"https:\\\/\\\/aconteceunovale.com.br\\\/portal\\\/?p=195086#primaryimage\"},\"image\":{\"@id\":\"https:\\\/\\\/aconteceunovale.com.br\\\/portal\\\/?p=195086#primaryimage\"},\"thumbnailUrl\":\"https:\\\/\\\/aconteceunovale.com.br\\\/portal\\\/wp-content\\\/uploads\\\/2025\\\/01\\\/moraes.webp\",\"datePublished\":\"2025-01-11T15:40:27+00:00\",\"dateModified\":\"2025-01-11T15:41:19+00:00\",\"author\":{\"@id\":\"https:\\\/\\\/aconteceunovale.com.br\\\/portal\\\/#\\\/schema\\\/person\\\/7d2f26d1483f8a63de73da1ee0754d35\"},\"breadcrumb\":{\"@id\":\"https:\\\/\\\/aconteceunovale.com.br\\\/portal\\\/?p=195086#breadcrumb\"},\"inLanguage\":\"pt-BR\",\"potentialAction\":[{\"@type\":\"ReadAction\",\"target\":[\"https:\\\/\\\/aconteceunovale.com.br\\\/portal\\\/?p=195086\"]}]},{\"@type\":\"ImageObject\",\"inLanguage\":\"pt-BR\",\"@id\":\"https:\\\/\\\/aconteceunovale.com.br\\\/portal\\\/?p=195086#primaryimage\",\"url\":\"https:\\\/\\\/aconteceunovale.com.br\\\/portal\\\/wp-content\\\/uploads\\\/2025\\\/01\\\/moraes.webp\",\"contentUrl\":\"https:\\\/\\\/aconteceunovale.com.br\\\/portal\\\/wp-content\\\/uploads\\\/2025\\\/01\\\/moraes.webp\",\"width\":678,\"height\":406,\"caption\":\"Foto: Marcelo Camargo\\\/Ag\u00eancia Brasil\"},{\"@type\":\"BreadcrumbList\",\"@id\":\"https:\\\/\\\/aconteceunovale.com.br\\\/portal\\\/?p=195086#breadcrumb\",\"itemListElement\":[{\"@type\":\"ListItem\",\"position\":1,\"name\":\"In\u00edcio\",\"item\":\"https:\\\/\\\/aconteceunovale.com.br\\\/portal\\\/\"},{\"@type\":\"ListItem\",\"position\":2,\"name\":\"Moraes exige comprova\u00e7\u00e3o de convite para posse de Trump em pedido de Bolsonaro\"}]},{\"@type\":\"WebSite\",\"@id\":\"https:\\\/\\\/aconteceunovale.com.br\\\/portal\\\/#website\",\"url\":\"https:\\\/\\\/aconteceunovale.com.br\\\/portal\\\/\",\"name\":\"Aconteceu no Vale\",\"description\":\"Portal de Not\u00edcias\",\"potentialAction\":[{\"@type\":\"SearchAction\",\"target\":{\"@type\":\"EntryPoint\",\"urlTemplate\":\"https:\\\/\\\/aconteceunovale.com.br\\\/portal\\\/?s={search_term_string}\"},\"query-input\":{\"@type\":\"PropertyValueSpecification\",\"valueRequired\":true,\"valueName\":\"search_term_string\"}}],\"inLanguage\":\"pt-BR\"},{\"@type\":\"Person\",\"@id\":\"https:\\\/\\\/aconteceunovale.com.br\\\/portal\\\/#\\\/schema\\\/person\\\/7d2f26d1483f8a63de73da1ee0754d35\",\"name\":\"Reda\u00e7\u00e3o Aconteceu no Vale\",\"description\":\"Equipe de reportagem do Aconteceu no Vale, portal de not\u00edcias do Vale do Jequitinhonha, em Minas Gerais. Cobrimos as 51 cidades do Vale desde 2013. Sugest\u00f5es de pauta e pedidos de corre\u00e7\u00e3o: contato@aconteceunovale.com.br\",\"url\":\"https:\\\/\\\/aconteceunovale.com.br\\\/portal\\\/?author=4\"}]}<\/script>\n<!-- \/ Yoast SEO plugin. -->","yoast_head_json":{"title":"Moraes exige comprova\u00e7\u00e3o de convite para posse de Trump em pedido de Bolsonaro - Aconteceu no Vale","robots":{"index":"index","follow":"follow","max-snippet":"max-snippet:-1","max-image-preview":"max-image-preview:large","max-video-preview":"max-video-preview:-1"},"canonical":"https:\/\/aconteceunovale.com.br\/portal\/?p=195086","og_locale":"pt_BR","og_type":"article","og_title":"Moraes exige comprova\u00e7\u00e3o de convite para posse de Trump em pedido de Bolsonaro - Aconteceu no Vale","og_description":"O ministro do Supremo Tribunal Federal (STF), Alexandre de Moraes, determinou que a defesa do ex-presidente Jair Bolsonaro apresente um documento oficial do governo dos Estados Unidos que comprove o convite formal para que Bolsonaro participe da cerim\u00f4nia de posse do ex-presidente estadunidense Donald Trump, marcada para o dia 20 de janeiro, em Washington. A [&hellip;]","og_url":"https:\/\/aconteceunovale.com.br\/portal\/?p=195086","og_site_name":"Aconteceu no Vale","article_publisher":"https:\/\/www.facebook.com\/aconteceunovale\/","article_published_time":"2025-01-11T15:40:27+00:00","article_modified_time":"2025-01-11T15:41:19+00:00","og_image":[{"width":678,"height":406,"url":"https:\/\/aconteceunovale.com.br\/portal\/wp-content\/uploads\/2025\/01\/moraes.webp","type":"image\/webp"}],"author":"Reda\u00e7\u00e3o Aconteceu no Vale","twitter_card":"summary_large_image","twitter_creator":"@noticiadosvales","twitter_site":"@noticiadosvales","twitter_misc":{"Escrito por":"Reda\u00e7\u00e3o Aconteceu no Vale","Est. tempo de leitura":"1 minuto"},"schema":{"@context":"https:\/\/schema.org","@graph":[{"@type":"Article","@id":"https:\/\/aconteceunovale.com.br\/portal\/?p=195086#article","isPartOf":{"@id":"https:\/\/aconteceunovale.com.br\/portal\/?p=195086"},"author":{"name":"Reda\u00e7\u00e3o Aconteceu no Vale","@id":"https:\/\/aconteceunovale.com.br\/portal\/#\/schema\/person\/7d2f26d1483f8a63de73da1ee0754d35"},"headline":"Moraes exige comprova\u00e7\u00e3o de convite para posse de Trump em pedido de Bolsonaro","datePublished":"2025-01-11T15:40:27+00:00","dateModified":"2025-01-11T15:41:19+00:00","mainEntityOfPage":{"@id":"https:\/\/aconteceunovale.com.br\/portal\/?p=195086"},"wordCount":292,"commentCount":0,"image":{"@id":"https:\/\/aconteceunovale.com.br\/portal\/?p=195086#primaryimage"},"thumbnailUrl":"https:\/\/aconteceunovale.com.br\/portal\/wp-content\/uploads\/2025\/01\/moraes.webp","keywords":["Alexandre de Moraes","Bolsonaro","destaque","Donald Trump","Jair Bolsonaro","Moraes","Moraes exige comprova\u00e7\u00e3o de convite para posse de Trump em pedido de Bolsonaro","Posse de Trump","Presen\u00e7a de Jair Bolsonaro na posse de Trump","STF"],"articleSection":["Brasil","Pol\u00edtica"],"inLanguage":"pt-BR","potentialAction":[{"@type":"CommentAction","name":"Comment","target":["https:\/\/aconteceunovale.com.br\/portal\/?p=195086#respond"]}]},{"@type":"WebPage","@id":"https:\/\/aconteceunovale.com.br\/portal\/?p=195086","url":"https:\/\/aconteceunovale.com.br\/portal\/?p=195086","name":"Moraes exige comprova\u00e7\u00e3o de convite para posse de Trump em pedido de Bolsonaro - Aconteceu no Vale","isPartOf":{"@id":"https:\/\/aconteceunovale.com.br\/portal\/#website"},"primaryImageOfPage":{"@id":"https:\/\/aconteceunovale.com.br\/portal\/?p=195086#primaryimage"},"image":{"@id":"https:\/\/aconteceunovale.com.br\/portal\/?p=195086#primaryimage"},"thumbnailUrl":"https:\/\/aconteceunovale.com.br\/portal\/wp-content\/uploads\/2025\/01\/moraes.webp","datePublished":"2025-01-11T15:40:27+00:00","dateModified":"2025-01-11T15:41:19+00:00","author":{"@id":"https:\/\/aconteceunovale.com.br\/portal\/#\/schema\/person\/7d2f26d1483f8a63de73da1ee0754d35"},"breadcrumb":{"@id":"https:\/\/aconteceunovale.com.br\/portal\/?p=195086#breadcrumb"},"inLanguage":"pt-BR","potentialAction":[{"@type":"ReadAction","target":["https:\/\/aconteceunovale.com.br\/portal\/?p=195086"]}]},{"@type":"ImageObject","inLanguage":"pt-BR","@id":"https:\/\/aconteceunovale.com.br\/portal\/?p=195086#primaryimage","url":"https:\/\/aconteceunovale.com.br\/portal\/wp-content\/uploads\/2025\/01\/moraes.webp","contentUrl":"https:\/\/aconteceunovale.com.br\/portal\/wp-content\/uploads\/2025\/01\/moraes.webp","width":678,"height":406,"caption":"Foto: Marcelo Camargo\/Ag\u00eancia Brasil"},{"@type":"BreadcrumbList","@id":"https:\/\/aconteceunovale.com.br\/portal\/?p=195086#breadcrumb","itemListElement":[{"@type":"ListItem","position":1,"name":"In\u00edcio","item":"https:\/\/aconteceunovale.com.br\/portal\/"},{"@type":"ListItem","position":2,"name":"Moraes exige comprova\u00e7\u00e3o de convite para posse de Trump em pedido de Bolsonaro"}]},{"@type":"WebSite","@id":"https:\/\/aconteceunovale.com.br\/portal\/#website","url":"https:\/\/aconteceunovale.com.br\/portal\/","name":"Aconteceu no Vale","description":"Portal de Not\u00edcias","potentialAction":[{"@type":"SearchAction","target":{"@type":"EntryPoint","urlTemplate":"https:\/\/aconteceunovale.com.br\/portal\/?s={search_term_string}"},"query-input":{"@type":"PropertyValueSpecification","valueRequired":true,"valueName":"search_term_string"}}],"inLanguage":"pt-BR"},{"@type":"Person","@id":"https:\/\/aconteceunovale.com.br\/portal\/#\/schema\/person\/7d2f26d1483f8a63de73da1ee0754d35","name":"Reda\u00e7\u00e3o Aconteceu no Vale","description":"Equipe de reportagem do Aconteceu no Vale, portal de not\u00edcias do Vale do Jequitinhonha, em Minas Gerais. Cobrimos as 51 cidades do Vale desde 2013. Sugest\u00f5es de pauta e pedidos de corre\u00e7\u00e3o: contato@aconteceunovale.com.br","url":"https:\/\/aconteceunovale.com.br\/portal\/?author=4"}]}},"_links":{"self":[{"href":"https:\/\/aconteceunovale.com.br\/portal\/index.php?rest_route=\/wp\/v2\/posts\/195086","targetHints":{"allow":["GET"]}}],"collection":[{"href":"https:\/\/aconteceunovale.com.br\/portal\/index.php?rest_route=\/wp\/v2\/posts"}],"about":[{"href":"https:\/\/aconteceunovale.com.br\/portal\/index.php?rest_route=\/wp\/v2\/types\/post"}],"author":[{"embeddable":true,"href":"https:\/\/aconteceunovale.com.br\/portal\/index.php?rest_route=\/wp\/v2\/users\/4"}],"replies":[{"embeddable":true,"href":"https:\/\/aconteceunovale.com.br\/portal\/index.php?rest_route=%2Fwp%2Fv2%2Fcomments&post=195086"}],"version-history":[{"count":1,"href":"https:\/\/aconteceunovale.com.br\/portal\/index.php?rest_route=\/wp\/v2\/posts\/195086\/revisions"}],"predecessor-version":[{"id":195088,"href":"https:\/\/aconteceunovale.com.br\/portal\/index.php?rest_route=\/wp\/v2\/posts\/195086\/revisions\/195088"}],"wp:featuredmedia":[{"embeddable":true,"href":"https:\/\/aconteceunovale.com.br\/portal\/index.php?rest_route=\/wp\/v2\/media\/195087"}],"wp:attachment":[{"href":"https:\/\/aconteceunovale.com.br\/portal\/index.php?rest_route=%2Fwp%2Fv2%2Fmedia&parent=195086"}],"wp:term":[{"taxonomy":"category","embeddable":true,"href":"https:\/\/aconteceunovale.com.br\/portal\/index.php?rest_route=%2Fwp%2Fv2%2Fcategories&post=195086"},{"taxonomy":"post_tag","embeddable":true,"href":"https:\/\/aconteceunovale.com.br\/portal\/index.php?rest_route=%2Fwp%2Fv2%2Ftags&post=195086"}],"curies":[{"name":"wp","href":"https:\/\/api.w.org\/{rel}","templated":true}]}}