{"id":195074,"date":"2025-01-11T11:28:51","date_gmt":"2025-01-11T14:28:51","guid":{"rendered":"https:\/\/aconteceunovale.com.br\/portal\/?p=195074"},"modified":"2025-01-11T11:29:44","modified_gmt":"2025-01-11T14:29:44","slug":"teto-do-seguro-desemprego-sobe-para-r-2-42411","status":"publish","type":"post","link":"https:\/\/aconteceunovale.com.br\/portal\/?p=195074","title":{"rendered":"Teto do seguro-desemprego sobe para R$ 2.424,11"},"content":{"rendered":"\n<p class=\"wp-block-paragraph\">A partir deste s\u00e1bado (11), trabalhadores demitidos sem justa causa passar\u00e3o a receber valores reajustados no seguro-desemprego. A tabela das faixas salariais utilizada para calcular o valor das parcelas foi atualizada com base no \u00cdndice Nacional de Pre\u00e7os ao Consumidor (INPC) de 2024, que registrou um reajuste de 4,77%.<\/p>\n\n\n\n<p class=\"wp-block-paragraph\">Com a corre\u00e7\u00e3o, o valor m\u00e1ximo do seguro-desemprego aumentou de R$ 2.313,74 para R$ 2.424,11, representando uma diferen\u00e7a de R$ 110,37. O valor m\u00ednimo, que acompanha o sal\u00e1rio m\u00ednimo, subiu de R$ 1.412 para R$ 1.518. Os novos valores ser\u00e3o aplicados tanto para quem j\u00e1 est\u00e1 recebendo o benef\u00edcio quanto para aqueles que ainda ir\u00e3o solicitar o seguro-desemprego.<\/p>\n\n\n\n<p class=\"wp-block-paragraph\">O c\u00e1lculo da parcela do seguro-desemprego \u00e9 feito com base na m\u00e9dia das tr\u00eas \u00faltimas remunera\u00e7\u00f5es do trabalhador antes da demiss\u00e3o. Ap\u00f3s o reajuste das faixas salariais, o benef\u00edcio ser\u00e1 definido da seguinte forma:<\/p>\n\n\n\n<figure class=\"wp-block-table\"><table class=\"has-fixed-layout\"><tbody><tr><td><strong>Sal\u00e1rio M\u00e9dio<\/strong><\/td><td><strong>Valor da parcela<\/strong><\/td><\/tr><tr><td>At\u00e9 R$ 2.138,76<\/td><td>80% do sal\u00e1rio m\u00e9dio ou sal\u00e1rio m\u00ednimo, prevalecendo o maior valor<\/td><\/tr><tr><td>De R$ 2.138,77 a R$ 3.564,96<\/td><td>50% sobre o que ultrapassar R$ 2.138,76 mais valor fixo de R$ 1.711,01<\/td><\/tr><tr><td>Acima de R$ 3.564,96<\/td><td>parcela invari\u00e1vel de R$ 2.424,11<\/td><\/tr><\/tbody><\/table><\/figure>\n\n\n\n<h5 class=\"wp-block-heading\">&nbsp;Fonte: Minist\u00e9rio do Trabalho e Emprego<\/h5>\n\n\n\n<h5 class=\"wp-block-heading\">&nbsp;<\/h5>\n\n\n\n<h2 class=\"wp-block-heading\">Direitos\u00a0<\/h2>\n\n\n\n<p class=\"wp-block-paragraph\">O seguro-desemprego \u00e9 um benef\u00edcio pago ao trabalhador com carteira assinada que foi dispensado sem justa causa. Ele pode ser concedido em tr\u00eas a cinco parcelas, dependendo do n\u00famero de meses trabalhados no emprego anterior e do n\u00famero de vezes que o benef\u00edcio j\u00e1 foi solicitado. O pedido pode ser feito por meio do <em><a href=\"https:\/\/empregabrasil.mte.gov.br\/\" target=\"_blank\" rel=\"noreferrer noopener\">Portal Emprega Brasil<\/a><\/em>, do Minist\u00e9rio do Trabalho e Emprego.<\/p>\n\n\n\n<h3 class=\"wp-block-heading\">Requisitos para receber o seguro-desemprego<\/h3>\n\n\n\n<p class=\"wp-block-paragraph\">Para ter direito ao benef\u00edcio, o trabalhador deve atender aos seguintes crit\u00e9rios:<\/p>\n\n\n\n<ul class=\"wp-block-list\">\n<li>Ter sido dispensado sem justa causa;<\/li>\n\n\n\n<li>Estar desempregado no momento do requerimento do benef\u00edcio;<\/li>\n\n\n\n<li>Ter recebido sal\u00e1rios de pessoa jur\u00eddica ou pessoa f\u00edsica equiparada \u00e0 jur\u00eddica (inscrita em cadastro espec\u00edfico da Previd\u00eancia Social) nos seguintes per\u00edodos:\n<ul class=\"wp-block-list\">\n<li>Pelo menos 12 meses nos \u00faltimos 18 meses imediatamente anteriores \u00e0 data de dispensa, no primeiro pedido;<\/li>\n\n\n\n<li>Pelo menos 9 meses nos \u00faltimos 12 meses imediatamente anteriores \u00e0 data de dispensa, no segundo pedido;<\/li>\n\n\n\n<li>Cada um dos 6 meses imediatamente anteriores \u00e0 data de dispensa, nos demais pedidos.<\/li>\n<\/ul>\n<\/li>\n\n\n\n<li>N\u00e3o possuir renda pr\u00f3pria suficiente para o sustento pr\u00f3prio e de sua fam\u00edlia;<\/li>\n\n\n\n<li>N\u00e3o estar recebendo benef\u00edcio de presta\u00e7\u00e3o continuada da Previd\u00eancia Social, exceto pens\u00e3o por morte ou aux\u00edlio-acidente.<\/li>\n<\/ul>\n\n\n\n<p class=\"wp-block-paragraph\">Al\u00e9m disso, o trabalhador n\u00e3o pode ter outro v\u00ednculo empregat\u00edcio.<\/p>\n\n\n\n<h3 class=\"wp-block-heading\">Prazo para solicitar o benef\u00edcio<\/h3>\n\n\n\n<p class=\"wp-block-paragraph\">O prazo para requerer o seguro-desemprego \u00e9:<\/p>\n\n\n\n<ul class=\"wp-block-list\">\n<li>Entre o 7\u00ba e o 120\u00ba dia ap\u00f3s a demiss\u00e3o, para trabalhadores formais;<\/li>\n\n\n\n<li>Entre o 7\u00ba e o 90\u00ba dia ap\u00f3s a demiss\u00e3o, para empregados dom\u00e9sticos.<\/li>\n<\/ul>\n","protected":false},"excerpt":{"rendered":"<p>A partir deste s\u00e1bado (11), trabalhadores demitidos sem justa causa passar\u00e3o a receber valores reajustados no seguro-desemprego. A tabela das faixas salariais utilizada para calcular o valor das parcelas foi atualizada com base no \u00cdndice Nacional de Pre\u00e7os ao Consumidor (INPC) de 2024, que registrou um reajuste de 4,77%. Com a corre\u00e7\u00e3o, o valor m\u00e1ximo [&hellip;]<\/p>\n","protected":false},"author":4,"featured_media":133149,"comment_status":"open","ping_status":"closed","sticky":false,"template":"","format":"standard","meta":{"amp_status":"","footnotes":""},"categories":[6,40239],"tags":[1018,269339,269338,35500,257261,269336,269337],"class_list":["post-195074","post","type-post","status-publish","format-standard","has-post-thumbnail","hentry","category-br","category-economia-2","tag-destaque","tag-quem-tem-direito-ao-seguro-desemprego","tag-requisitos-para-seguro-desemprego","tag-seguro-desemprego","tag-teto-do-seguro-desemprego","tag-teto-do-seguro-desemprego-sobe-para-r-2-424","tag-valor-maximo-do-seguro-desemprego"],"yoast_head":"<!-- This site is optimized with the Yoast SEO plugin v28.3 - https:\/\/yoast.com\/product\/yoast-seo-wordpress\/ -->\n<title>Teto do seguro-desemprego sobe para R$ 2.424,11 - Aconteceu no Vale<\/title>\n<meta name=\"robots\" content=\"index, follow, max-snippet:-1, max-image-preview:large, max-video-preview:-1\" \/>\n<link rel=\"canonical\" href=\"https:\/\/aconteceunovale.com.br\/portal\/?p=195074\" \/>\n<meta property=\"og:locale\" content=\"pt_BR\" \/>\n<meta property=\"og:type\" content=\"article\" \/>\n<meta property=\"og:title\" content=\"Teto do seguro-desemprego sobe para R$ 2.424,11 - Aconteceu no Vale\" \/>\n<meta property=\"og:description\" content=\"A partir deste s\u00e1bado (11), trabalhadores demitidos sem justa causa passar\u00e3o a receber valores reajustados no seguro-desemprego. A tabela das faixas salariais utilizada para calcular o valor das parcelas foi atualizada com base no \u00cdndice Nacional de Pre\u00e7os ao Consumidor (INPC) de 2024, que registrou um reajuste de 4,77%. Com a corre\u00e7\u00e3o, o valor m\u00e1ximo [&hellip;]\" \/>\n<meta property=\"og:url\" content=\"https:\/\/aconteceunovale.com.br\/portal\/?p=195074\" \/>\n<meta property=\"og:site_name\" content=\"Aconteceu no Vale\" \/>\n<meta property=\"article:publisher\" content=\"https:\/\/www.facebook.com\/aconteceunovale\/\" \/>\n<meta property=\"article:published_time\" content=\"2025-01-11T14:28:51+00:00\" \/>\n<meta property=\"article:modified_time\" content=\"2025-01-11T14:29:44+00:00\" \/>\n<meta property=\"og:image\" content=\"https:\/\/aconteceunovale.com.br\/portal\/wp-content\/uploads\/2018\/06\/ctps_dinheiro.png\" \/>\n\t<meta property=\"og:image:width\" content=\"600\" \/>\n\t<meta property=\"og:image:height\" content=\"314\" \/>\n\t<meta property=\"og:image:type\" content=\"image\/png\" \/>\n<meta name=\"author\" content=\"Reda\u00e7\u00e3o Aconteceu no Vale\" \/>\n<meta name=\"twitter:card\" content=\"summary_large_image\" \/>\n<meta name=\"twitter:creator\" content=\"@noticiadosvales\" \/>\n<meta name=\"twitter:site\" content=\"@noticiadosvales\" \/>\n<meta name=\"twitter:label1\" content=\"Escrito por\" \/>\n\t<meta name=\"twitter:data1\" content=\"Reda\u00e7\u00e3o Aconteceu no Vale\" \/>\n\t<meta name=\"twitter:label2\" content=\"Est. tempo de leitura\" \/>\n\t<meta name=\"twitter:data2\" content=\"2 minutos\" \/>\n<script type=\"application\/ld+json\" class=\"yoast-schema-graph\">{\"@context\":\"https:\\\/\\\/schema.org\",\"@graph\":[{\"@type\":\"Article\",\"@id\":\"https:\\\/\\\/aconteceunovale.com.br\\\/portal\\\/?p=195074#article\",\"isPartOf\":{\"@id\":\"https:\\\/\\\/aconteceunovale.com.br\\\/portal\\\/?p=195074\"},\"author\":{\"name\":\"Reda\u00e7\u00e3o Aconteceu no Vale\",\"@id\":\"https:\\\/\\\/aconteceunovale.com.br\\\/portal\\\/#\\\/schema\\\/person\\\/7d2f26d1483f8a63de73da1ee0754d35\"},\"headline\":\"Teto do seguro-desemprego sobe para R$ 2.424,11\",\"datePublished\":\"2025-01-11T14:28:51+00:00\",\"dateModified\":\"2025-01-11T14:29:44+00:00\",\"mainEntityOfPage\":{\"@id\":\"https:\\\/\\\/aconteceunovale.com.br\\\/portal\\\/?p=195074\"},\"wordCount\":474,\"commentCount\":0,\"image\":{\"@id\":\"https:\\\/\\\/aconteceunovale.com.br\\\/portal\\\/?p=195074#primaryimage\"},\"thumbnailUrl\":\"https:\\\/\\\/aconteceunovale.com.br\\\/portal\\\/wp-content\\\/uploads\\\/2018\\\/06\\\/ctps_dinheiro.png\",\"keywords\":[\"destaque\",\"Quem tem direito ao seguro-desemprego\",\"Requisitos para seguro-desemprego\",\"seguro-desemprego\",\"Teto do seguro-desemprego\",\"Teto do seguro-desemprego sobe para R$ 2.424\",\"Valor m\u00e1ximo do seguro-desemprego\"],\"articleSection\":[\"Brasil\",\"Economia\"],\"inLanguage\":\"pt-BR\",\"potentialAction\":[{\"@type\":\"CommentAction\",\"name\":\"Comment\",\"target\":[\"https:\\\/\\\/aconteceunovale.com.br\\\/portal\\\/?p=195074#respond\"]}]},{\"@type\":\"WebPage\",\"@id\":\"https:\\\/\\\/aconteceunovale.com.br\\\/portal\\\/?p=195074\",\"url\":\"https:\\\/\\\/aconteceunovale.com.br\\\/portal\\\/?p=195074\",\"name\":\"Teto do seguro-desemprego sobe para R$ 2.424,11 - Aconteceu no Vale\",\"isPartOf\":{\"@id\":\"https:\\\/\\\/aconteceunovale.com.br\\\/portal\\\/#website\"},\"primaryImageOfPage\":{\"@id\":\"https:\\\/\\\/aconteceunovale.com.br\\\/portal\\\/?p=195074#primaryimage\"},\"image\":{\"@id\":\"https:\\\/\\\/aconteceunovale.com.br\\\/portal\\\/?p=195074#primaryimage\"},\"thumbnailUrl\":\"https:\\\/\\\/aconteceunovale.com.br\\\/portal\\\/wp-content\\\/uploads\\\/2018\\\/06\\\/ctps_dinheiro.png\",\"datePublished\":\"2025-01-11T14:28:51+00:00\",\"dateModified\":\"2025-01-11T14:29:44+00:00\",\"author\":{\"@id\":\"https:\\\/\\\/aconteceunovale.com.br\\\/portal\\\/#\\\/schema\\\/person\\\/7d2f26d1483f8a63de73da1ee0754d35\"},\"breadcrumb\":{\"@id\":\"https:\\\/\\\/aconteceunovale.com.br\\\/portal\\\/?p=195074#breadcrumb\"},\"inLanguage\":\"pt-BR\",\"potentialAction\":[{\"@type\":\"ReadAction\",\"target\":[\"https:\\\/\\\/aconteceunovale.com.br\\\/portal\\\/?p=195074\"]}]},{\"@type\":\"ImageObject\",\"inLanguage\":\"pt-BR\",\"@id\":\"https:\\\/\\\/aconteceunovale.com.br\\\/portal\\\/?p=195074#primaryimage\",\"url\":\"https:\\\/\\\/aconteceunovale.com.br\\\/portal\\\/wp-content\\\/uploads\\\/2018\\\/06\\\/ctps_dinheiro.png\",\"contentUrl\":\"https:\\\/\\\/aconteceunovale.com.br\\\/portal\\\/wp-content\\\/uploads\\\/2018\\\/06\\\/ctps_dinheiro.png\",\"width\":600,\"height\":314},{\"@type\":\"BreadcrumbList\",\"@id\":\"https:\\\/\\\/aconteceunovale.com.br\\\/portal\\\/?p=195074#breadcrumb\",\"itemListElement\":[{\"@type\":\"ListItem\",\"position\":1,\"name\":\"In\u00edcio\",\"item\":\"https:\\\/\\\/aconteceunovale.com.br\\\/portal\\\/\"},{\"@type\":\"ListItem\",\"position\":2,\"name\":\"Teto do seguro-desemprego sobe para R$ 2.424,11\"}]},{\"@type\":\"WebSite\",\"@id\":\"https:\\\/\\\/aconteceunovale.com.br\\\/portal\\\/#website\",\"url\":\"https:\\\/\\\/aconteceunovale.com.br\\\/portal\\\/\",\"name\":\"Aconteceu no Vale\",\"description\":\"Portal de Not\u00edcias\",\"potentialAction\":[{\"@type\":\"SearchAction\",\"target\":{\"@type\":\"EntryPoint\",\"urlTemplate\":\"https:\\\/\\\/aconteceunovale.com.br\\\/portal\\\/?s={search_term_string}\"},\"query-input\":{\"@type\":\"PropertyValueSpecification\",\"valueRequired\":true,\"valueName\":\"search_term_string\"}}],\"inLanguage\":\"pt-BR\"},{\"@type\":\"Person\",\"@id\":\"https:\\\/\\\/aconteceunovale.com.br\\\/portal\\\/#\\\/schema\\\/person\\\/7d2f26d1483f8a63de73da1ee0754d35\",\"name\":\"Reda\u00e7\u00e3o Aconteceu no Vale\",\"description\":\"Equipe de reportagem do Aconteceu no Vale, portal de not\u00edcias do Vale do Jequitinhonha, em Minas Gerais. Cobrimos as 51 cidades do Vale desde 2013. Sugest\u00f5es de pauta e pedidos de corre\u00e7\u00e3o: contato@aconteceunovale.com.br\",\"url\":\"https:\\\/\\\/aconteceunovale.com.br\\\/portal\\\/?author=4\"}]}<\/script>\n<!-- \/ Yoast SEO plugin. -->","yoast_head_json":{"title":"Teto do seguro-desemprego sobe para R$ 2.424,11 - Aconteceu no Vale","robots":{"index":"index","follow":"follow","max-snippet":"max-snippet:-1","max-image-preview":"max-image-preview:large","max-video-preview":"max-video-preview:-1"},"canonical":"https:\/\/aconteceunovale.com.br\/portal\/?p=195074","og_locale":"pt_BR","og_type":"article","og_title":"Teto do seguro-desemprego sobe para R$ 2.424,11 - Aconteceu no Vale","og_description":"A partir deste s\u00e1bado (11), trabalhadores demitidos sem justa causa passar\u00e3o a receber valores reajustados no seguro-desemprego. A tabela das faixas salariais utilizada para calcular o valor das parcelas foi atualizada com base no \u00cdndice Nacional de Pre\u00e7os ao Consumidor (INPC) de 2024, que registrou um reajuste de 4,77%. Com a corre\u00e7\u00e3o, o valor m\u00e1ximo [&hellip;]","og_url":"https:\/\/aconteceunovale.com.br\/portal\/?p=195074","og_site_name":"Aconteceu no Vale","article_publisher":"https:\/\/www.facebook.com\/aconteceunovale\/","article_published_time":"2025-01-11T14:28:51+00:00","article_modified_time":"2025-01-11T14:29:44+00:00","og_image":[{"width":600,"height":314,"url":"https:\/\/aconteceunovale.com.br\/portal\/wp-content\/uploads\/2018\/06\/ctps_dinheiro.png","type":"image\/png"}],"author":"Reda\u00e7\u00e3o Aconteceu no Vale","twitter_card":"summary_large_image","twitter_creator":"@noticiadosvales","twitter_site":"@noticiadosvales","twitter_misc":{"Escrito por":"Reda\u00e7\u00e3o Aconteceu no Vale","Est. tempo de leitura":"2 minutos"},"schema":{"@context":"https:\/\/schema.org","@graph":[{"@type":"Article","@id":"https:\/\/aconteceunovale.com.br\/portal\/?p=195074#article","isPartOf":{"@id":"https:\/\/aconteceunovale.com.br\/portal\/?p=195074"},"author":{"name":"Reda\u00e7\u00e3o Aconteceu no Vale","@id":"https:\/\/aconteceunovale.com.br\/portal\/#\/schema\/person\/7d2f26d1483f8a63de73da1ee0754d35"},"headline":"Teto do seguro-desemprego sobe para R$ 2.424,11","datePublished":"2025-01-11T14:28:51+00:00","dateModified":"2025-01-11T14:29:44+00:00","mainEntityOfPage":{"@id":"https:\/\/aconteceunovale.com.br\/portal\/?p=195074"},"wordCount":474,"commentCount":0,"image":{"@id":"https:\/\/aconteceunovale.com.br\/portal\/?p=195074#primaryimage"},"thumbnailUrl":"https:\/\/aconteceunovale.com.br\/portal\/wp-content\/uploads\/2018\/06\/ctps_dinheiro.png","keywords":["destaque","Quem tem direito ao seguro-desemprego","Requisitos para seguro-desemprego","seguro-desemprego","Teto do seguro-desemprego","Teto do seguro-desemprego sobe para R$ 2.424","Valor m\u00e1ximo do seguro-desemprego"],"articleSection":["Brasil","Economia"],"inLanguage":"pt-BR","potentialAction":[{"@type":"CommentAction","name":"Comment","target":["https:\/\/aconteceunovale.com.br\/portal\/?p=195074#respond"]}]},{"@type":"WebPage","@id":"https:\/\/aconteceunovale.com.br\/portal\/?p=195074","url":"https:\/\/aconteceunovale.com.br\/portal\/?p=195074","name":"Teto do seguro-desemprego sobe para R$ 2.424,11 - Aconteceu no Vale","isPartOf":{"@id":"https:\/\/aconteceunovale.com.br\/portal\/#website"},"primaryImageOfPage":{"@id":"https:\/\/aconteceunovale.com.br\/portal\/?p=195074#primaryimage"},"image":{"@id":"https:\/\/aconteceunovale.com.br\/portal\/?p=195074#primaryimage"},"thumbnailUrl":"https:\/\/aconteceunovale.com.br\/portal\/wp-content\/uploads\/2018\/06\/ctps_dinheiro.png","datePublished":"2025-01-11T14:28:51+00:00","dateModified":"2025-01-11T14:29:44+00:00","author":{"@id":"https:\/\/aconteceunovale.com.br\/portal\/#\/schema\/person\/7d2f26d1483f8a63de73da1ee0754d35"},"breadcrumb":{"@id":"https:\/\/aconteceunovale.com.br\/portal\/?p=195074#breadcrumb"},"inLanguage":"pt-BR","potentialAction":[{"@type":"ReadAction","target":["https:\/\/aconteceunovale.com.br\/portal\/?p=195074"]}]},{"@type":"ImageObject","inLanguage":"pt-BR","@id":"https:\/\/aconteceunovale.com.br\/portal\/?p=195074#primaryimage","url":"https:\/\/aconteceunovale.com.br\/portal\/wp-content\/uploads\/2018\/06\/ctps_dinheiro.png","contentUrl":"https:\/\/aconteceunovale.com.br\/portal\/wp-content\/uploads\/2018\/06\/ctps_dinheiro.png","width":600,"height":314},{"@type":"BreadcrumbList","@id":"https:\/\/aconteceunovale.com.br\/portal\/?p=195074#breadcrumb","itemListElement":[{"@type":"ListItem","position":1,"name":"In\u00edcio","item":"https:\/\/aconteceunovale.com.br\/portal\/"},{"@type":"ListItem","position":2,"name":"Teto do seguro-desemprego sobe para R$ 2.424,11"}]},{"@type":"WebSite","@id":"https:\/\/aconteceunovale.com.br\/portal\/#website","url":"https:\/\/aconteceunovale.com.br\/portal\/","name":"Aconteceu no Vale","description":"Portal de Not\u00edcias","potentialAction":[{"@type":"SearchAction","target":{"@type":"EntryPoint","urlTemplate":"https:\/\/aconteceunovale.com.br\/portal\/?s={search_term_string}"},"query-input":{"@type":"PropertyValueSpecification","valueRequired":true,"valueName":"search_term_string"}}],"inLanguage":"pt-BR"},{"@type":"Person","@id":"https:\/\/aconteceunovale.com.br\/portal\/#\/schema\/person\/7d2f26d1483f8a63de73da1ee0754d35","name":"Reda\u00e7\u00e3o Aconteceu no Vale","description":"Equipe de reportagem do Aconteceu no Vale, portal de not\u00edcias do Vale do Jequitinhonha, em Minas Gerais. Cobrimos as 51 cidades do Vale desde 2013. Sugest\u00f5es de pauta e pedidos de corre\u00e7\u00e3o: contato@aconteceunovale.com.br","url":"https:\/\/aconteceunovale.com.br\/portal\/?author=4"}]}},"_links":{"self":[{"href":"https:\/\/aconteceunovale.com.br\/portal\/index.php?rest_route=\/wp\/v2\/posts\/195074","targetHints":{"allow":["GET"]}}],"collection":[{"href":"https:\/\/aconteceunovale.com.br\/portal\/index.php?rest_route=\/wp\/v2\/posts"}],"about":[{"href":"https:\/\/aconteceunovale.com.br\/portal\/index.php?rest_route=\/wp\/v2\/types\/post"}],"author":[{"embeddable":true,"href":"https:\/\/aconteceunovale.com.br\/portal\/index.php?rest_route=\/wp\/v2\/users\/4"}],"replies":[{"embeddable":true,"href":"https:\/\/aconteceunovale.com.br\/portal\/index.php?rest_route=%2Fwp%2Fv2%2Fcomments&post=195074"}],"version-history":[{"count":1,"href":"https:\/\/aconteceunovale.com.br\/portal\/index.php?rest_route=\/wp\/v2\/posts\/195074\/revisions"}],"predecessor-version":[{"id":195075,"href":"https:\/\/aconteceunovale.com.br\/portal\/index.php?rest_route=\/wp\/v2\/posts\/195074\/revisions\/195075"}],"wp:featuredmedia":[{"embeddable":true,"href":"https:\/\/aconteceunovale.com.br\/portal\/index.php?rest_route=\/wp\/v2\/media\/133149"}],"wp:attachment":[{"href":"https:\/\/aconteceunovale.com.br\/portal\/index.php?rest_route=%2Fwp%2Fv2%2Fmedia&parent=195074"}],"wp:term":[{"taxonomy":"category","embeddable":true,"href":"https:\/\/aconteceunovale.com.br\/portal\/index.php?rest_route=%2Fwp%2Fv2%2Fcategories&post=195074"},{"taxonomy":"post_tag","embeddable":true,"href":"https:\/\/aconteceunovale.com.br\/portal\/index.php?rest_route=%2Fwp%2Fv2%2Ftags&post=195074"}],"curies":[{"name":"wp","href":"https:\/\/api.w.org\/{rel}","templated":true}]}}