{"id":195056,"date":"2025-01-10T21:44:53","date_gmt":"2025-01-11T00:44:53","guid":{"rendered":"https:\/\/aconteceunovale.com.br\/portal\/?p=195056"},"modified":"2025-01-10T21:45:21","modified_gmt":"2025-01-11T00:45:21","slug":"mg-188-e-liberada-apos-interdicao-devido-a-chuvas","status":"publish","type":"post","link":"https:\/\/aconteceunovale.com.br\/portal\/?p=195056","title":{"rendered":"MG-188 \u00e9 liberada ap\u00f3s interdi\u00e7\u00e3o devido a chuvas"},"content":{"rendered":"\n<p class=\"wp-block-paragraph\">O Departamento de Estradas de Rodagem do Estado de Minas Gerais (DER-MG) anunciou, na noite desta sexta-feira (10\/1\/2025), a libera\u00e7\u00e3o do tr\u00e1fego na MG-188, no trecho entre Una\u00ed e Paracatu, ap\u00f3s menos de 24 horas de interdi\u00e7\u00e3o causada pelo aumento do volume de \u00e1guas do ribeir\u00e3o Forquilha.<\/p>\n\n\n\n<figure class=\"wp-block-gallery has-nested-images columns-default is-cropped wp-block-gallery-1 is-layout-flex wp-block-gallery-is-layout-flex\">\n<figure class=\"wp-block-image size-large\"><img loading=\"lazy\" decoding=\"async\" width=\"650\" height=\"444\" data-id=\"195057\" src=\"https:\/\/aconteceunovale.com.br\/portal\/wp-content\/uploads\/2025\/01\/via_unai.png\" alt=\"\" class=\"wp-image-195057\" srcset=\"https:\/\/aconteceunovale.com.br\/portal\/wp-content\/uploads\/2025\/01\/via_unai.png 650w, https:\/\/aconteceunovale.com.br\/portal\/wp-content\/uploads\/2025\/01\/via_unai-300x205.png 300w, https:\/\/aconteceunovale.com.br\/portal\/wp-content\/uploads\/2025\/01\/via_unai-218x150.png 218w, https:\/\/aconteceunovale.com.br\/portal\/wp-content\/uploads\/2025\/01\/via_unai-615x420.png 615w\" sizes=\"auto, (max-width: 650px) 100vw, 650px\" \/><figcaption class=\"wp-element-caption\"><em>Foto: Divulga\u00e7\u00e3o \/ DER-MG<\/em><\/figcaption><\/figure>\n<\/figure>\n\n\n\n<p class=\"wp-block-paragraph\">A interdi\u00e7\u00e3o ocorreu na altura do km 94, onde o n\u00edvel das \u00e1guas subiu devido \u00e0s intensas chuvas que atingem a regi\u00e3o, comprometendo a passagem pela ponte situada no local. Equipes de manuten\u00e7\u00e3o do DER-MG, sediadas em Paracatu, trabalharam de forma cont\u00ednua desde a quinta-feira (9) e conseguiram restabelecer a liga\u00e7\u00e3o da rodovia \u00e0s 17h desta sexta-feira, antecipando a previs\u00e3o inicial de libera\u00e7\u00e3o, que era para a pr\u00f3xima segunda-feira (13).<\/p>\n\n\n\n<h3 class=\"wp-block-heading\">Recupera\u00e7\u00e3o definitiva<\/h3>\n\n\n\n<p class=\"wp-block-paragraph\">Apesar da libera\u00e7\u00e3o, o DER-MG informou que a recupera\u00e7\u00e3o definitiva da ponte ser\u00e1 realizada assim que as condi\u00e7\u00f5es clim\u00e1ticas permitirem, uma vez que as chuvas constantes dificultam a execu\u00e7\u00e3o de obras permanentes.<\/p>\n\n\n\n<p class=\"wp-block-paragraph\">O \u00f3rg\u00e3o recomenda aten\u00e7\u00e3o redobrada aos motoristas que trafegam pela regi\u00e3o, especialmente em per\u00edodos de chuvas intensas, devido ao risco de novos alagamentos e danos \u00e0 infraestrutura rodovi\u00e1ria.<\/p>\n","protected":false},"excerpt":{"rendered":"<p>O Departamento de Estradas de Rodagem do Estado de Minas Gerais (DER-MG) anunciou, na noite desta sexta-feira (10\/1\/2025), a libera\u00e7\u00e3o do tr\u00e1fego na MG-188, no trecho entre Una\u00ed e Paracatu, ap\u00f3s menos de 24 horas de interdi\u00e7\u00e3o causada pelo aumento do volume de \u00e1guas do ribeir\u00e3o Forquilha. A interdi\u00e7\u00e3o ocorreu na altura do km 94, [&hellip;]<\/p>\n","protected":false},"author":4,"featured_media":195057,"comment_status":"open","ping_status":"closed","sticky":false,"template":"","format":"standard","meta":{"amp_status":"","footnotes":""},"categories":[123],"tags":[1537,1018,269243,269242,269244,178469,269324,212,269241,222],"class_list":["post-195056","post","type-post","status-publish","format-standard","has-post-thumbnail","hentry","category-gerais","tag-bonfinopolis-de-minas","tag-destaque","tag-fechamento-da-mg-188","tag-interdicao-da-mg-188","tag-interdicao-do-trecho-entre-unai-e-paracatu","tag-mg-188","tag-mg-188-e-liberada-apos-interdicao-devido-a-chuvas","tag-paracatu","tag-trecho-da-mg-188-e-interditado","tag-unai"],"yoast_head":"<!-- This site is optimized with the Yoast SEO plugin v28.3 - https:\/\/yoast.com\/product\/yoast-seo-wordpress\/ -->\n<title>MG-188 \u00e9 liberada ap\u00f3s interdi\u00e7\u00e3o devido a chuvas - Aconteceu no Vale<\/title>\n<meta name=\"robots\" content=\"index, follow, max-snippet:-1, max-image-preview:large, max-video-preview:-1\" \/>\n<link rel=\"canonical\" href=\"https:\/\/aconteceunovale.com.br\/portal\/?p=195056\" \/>\n<meta property=\"og:locale\" content=\"pt_BR\" \/>\n<meta property=\"og:type\" content=\"article\" \/>\n<meta property=\"og:title\" content=\"MG-188 \u00e9 liberada ap\u00f3s interdi\u00e7\u00e3o devido a chuvas - Aconteceu no Vale\" \/>\n<meta property=\"og:description\" content=\"O Departamento de Estradas de Rodagem do Estado de Minas Gerais (DER-MG) anunciou, na noite desta sexta-feira (10\/1\/2025), a libera\u00e7\u00e3o do tr\u00e1fego na MG-188, no trecho entre Una\u00ed e Paracatu, ap\u00f3s menos de 24 horas de interdi\u00e7\u00e3o causada pelo aumento do volume de \u00e1guas do ribeir\u00e3o Forquilha. A interdi\u00e7\u00e3o ocorreu na altura do km 94, [&hellip;]\" \/>\n<meta property=\"og:url\" content=\"https:\/\/aconteceunovale.com.br\/portal\/?p=195056\" \/>\n<meta property=\"og:site_name\" content=\"Aconteceu no Vale\" \/>\n<meta property=\"article:publisher\" content=\"https:\/\/www.facebook.com\/aconteceunovale\/\" \/>\n<meta property=\"article:published_time\" content=\"2025-01-11T00:44:53+00:00\" \/>\n<meta property=\"article:modified_time\" content=\"2025-01-11T00:45:21+00:00\" \/>\n<meta property=\"og:image\" content=\"https:\/\/aconteceunovale.com.br\/portal\/wp-content\/uploads\/2025\/01\/via_unai.png\" \/>\n\t<meta property=\"og:image:width\" content=\"650\" \/>\n\t<meta property=\"og:image:height\" content=\"444\" \/>\n\t<meta property=\"og:image:type\" content=\"image\/png\" \/>\n<meta name=\"author\" content=\"Reda\u00e7\u00e3o Aconteceu no Vale\" \/>\n<meta name=\"twitter:card\" content=\"summary_large_image\" \/>\n<meta name=\"twitter:creator\" content=\"@noticiadosvales\" \/>\n<meta name=\"twitter:site\" content=\"@noticiadosvales\" \/>\n<meta name=\"twitter:label1\" content=\"Escrito por\" \/>\n\t<meta name=\"twitter:data1\" content=\"Reda\u00e7\u00e3o Aconteceu no Vale\" \/>\n\t<meta name=\"twitter:label2\" content=\"Est. tempo de leitura\" \/>\n\t<meta name=\"twitter:data2\" content=\"1 minuto\" \/>\n<script type=\"application\/ld+json\" class=\"yoast-schema-graph\">{\"@context\":\"https:\\\/\\\/schema.org\",\"@graph\":[{\"@type\":\"Article\",\"@id\":\"https:\\\/\\\/aconteceunovale.com.br\\\/portal\\\/?p=195056#article\",\"isPartOf\":{\"@id\":\"https:\\\/\\\/aconteceunovale.com.br\\\/portal\\\/?p=195056\"},\"author\":{\"name\":\"Reda\u00e7\u00e3o Aconteceu no Vale\",\"@id\":\"https:\\\/\\\/aconteceunovale.com.br\\\/portal\\\/#\\\/schema\\\/person\\\/7d2f26d1483f8a63de73da1ee0754d35\"},\"headline\":\"MG-188 \u00e9 liberada ap\u00f3s interdi\u00e7\u00e3o devido a chuvas\",\"datePublished\":\"2025-01-11T00:44:53+00:00\",\"dateModified\":\"2025-01-11T00:45:21+00:00\",\"mainEntityOfPage\":{\"@id\":\"https:\\\/\\\/aconteceunovale.com.br\\\/portal\\\/?p=195056\"},\"wordCount\":211,\"commentCount\":0,\"image\":{\"@id\":\"https:\\\/\\\/aconteceunovale.com.br\\\/portal\\\/?p=195056#primaryimage\"},\"thumbnailUrl\":\"https:\\\/\\\/aconteceunovale.com.br\\\/portal\\\/wp-content\\\/uploads\\\/2025\\\/01\\\/via_unai.png\",\"keywords\":[\"Bonfin\u00f3polis de Minas\",\"destaque\",\"Fechamento da MG-188\",\"Interdi\u00e7\u00e3o da MG-188\",\"Interdi\u00e7\u00e3o do trecho entre Una\u00ed e Paracatu\",\"MG 188\",\"MG-188 \u00e9 liberada ap\u00f3s interdi\u00e7\u00e3o devido a chuvas\",\"Paracatu\",\"Trecho da MG-188 \u00e9 interditado\",\"Una\u00ed\"],\"articleSection\":[\"Minas Gerais\"],\"inLanguage\":\"pt-BR\",\"potentialAction\":[{\"@type\":\"CommentAction\",\"name\":\"Comment\",\"target\":[\"https:\\\/\\\/aconteceunovale.com.br\\\/portal\\\/?p=195056#respond\"]}]},{\"@type\":\"WebPage\",\"@id\":\"https:\\\/\\\/aconteceunovale.com.br\\\/portal\\\/?p=195056\",\"url\":\"https:\\\/\\\/aconteceunovale.com.br\\\/portal\\\/?p=195056\",\"name\":\"MG-188 \u00e9 liberada ap\u00f3s interdi\u00e7\u00e3o devido a chuvas - Aconteceu no Vale\",\"isPartOf\":{\"@id\":\"https:\\\/\\\/aconteceunovale.com.br\\\/portal\\\/#website\"},\"primaryImageOfPage\":{\"@id\":\"https:\\\/\\\/aconteceunovale.com.br\\\/portal\\\/?p=195056#primaryimage\"},\"image\":{\"@id\":\"https:\\\/\\\/aconteceunovale.com.br\\\/portal\\\/?p=195056#primaryimage\"},\"thumbnailUrl\":\"https:\\\/\\\/aconteceunovale.com.br\\\/portal\\\/wp-content\\\/uploads\\\/2025\\\/01\\\/via_unai.png\",\"datePublished\":\"2025-01-11T00:44:53+00:00\",\"dateModified\":\"2025-01-11T00:45:21+00:00\",\"author\":{\"@id\":\"https:\\\/\\\/aconteceunovale.com.br\\\/portal\\\/#\\\/schema\\\/person\\\/7d2f26d1483f8a63de73da1ee0754d35\"},\"breadcrumb\":{\"@id\":\"https:\\\/\\\/aconteceunovale.com.br\\\/portal\\\/?p=195056#breadcrumb\"},\"inLanguage\":\"pt-BR\",\"potentialAction\":[{\"@type\":\"ReadAction\",\"target\":[\"https:\\\/\\\/aconteceunovale.com.br\\\/portal\\\/?p=195056\"]}]},{\"@type\":\"ImageObject\",\"inLanguage\":\"pt-BR\",\"@id\":\"https:\\\/\\\/aconteceunovale.com.br\\\/portal\\\/?p=195056#primaryimage\",\"url\":\"https:\\\/\\\/aconteceunovale.com.br\\\/portal\\\/wp-content\\\/uploads\\\/2025\\\/01\\\/via_unai.png\",\"contentUrl\":\"https:\\\/\\\/aconteceunovale.com.br\\\/portal\\\/wp-content\\\/uploads\\\/2025\\\/01\\\/via_unai.png\",\"width\":650,\"height\":444,\"caption\":\"Foto: Divulga\u00e7\u00e3o \\\/ DER-MG\"},{\"@type\":\"BreadcrumbList\",\"@id\":\"https:\\\/\\\/aconteceunovale.com.br\\\/portal\\\/?p=195056#breadcrumb\",\"itemListElement\":[{\"@type\":\"ListItem\",\"position\":1,\"name\":\"In\u00edcio\",\"item\":\"https:\\\/\\\/aconteceunovale.com.br\\\/portal\\\/\"},{\"@type\":\"ListItem\",\"position\":2,\"name\":\"MG-188 \u00e9 liberada ap\u00f3s interdi\u00e7\u00e3o devido a chuvas\"}]},{\"@type\":\"WebSite\",\"@id\":\"https:\\\/\\\/aconteceunovale.com.br\\\/portal\\\/#website\",\"url\":\"https:\\\/\\\/aconteceunovale.com.br\\\/portal\\\/\",\"name\":\"Aconteceu no Vale\",\"description\":\"Portal de Not\u00edcias\",\"potentialAction\":[{\"@type\":\"SearchAction\",\"target\":{\"@type\":\"EntryPoint\",\"urlTemplate\":\"https:\\\/\\\/aconteceunovale.com.br\\\/portal\\\/?s={search_term_string}\"},\"query-input\":{\"@type\":\"PropertyValueSpecification\",\"valueRequired\":true,\"valueName\":\"search_term_string\"}}],\"inLanguage\":\"pt-BR\"},{\"@type\":\"Person\",\"@id\":\"https:\\\/\\\/aconteceunovale.com.br\\\/portal\\\/#\\\/schema\\\/person\\\/7d2f26d1483f8a63de73da1ee0754d35\",\"name\":\"Reda\u00e7\u00e3o Aconteceu no Vale\",\"description\":\"Equipe de reportagem do Aconteceu no Vale, portal de not\u00edcias do Vale do Jequitinhonha, em Minas Gerais. Cobrimos as 51 cidades do Vale desde 2013. Sugest\u00f5es de pauta e pedidos de corre\u00e7\u00e3o: contato@aconteceunovale.com.br\",\"url\":\"https:\\\/\\\/aconteceunovale.com.br\\\/portal\\\/?author=4\"}]}<\/script>\n<!-- \/ Yoast SEO plugin. -->","yoast_head_json":{"title":"MG-188 \u00e9 liberada ap\u00f3s interdi\u00e7\u00e3o devido a chuvas - Aconteceu no Vale","robots":{"index":"index","follow":"follow","max-snippet":"max-snippet:-1","max-image-preview":"max-image-preview:large","max-video-preview":"max-video-preview:-1"},"canonical":"https:\/\/aconteceunovale.com.br\/portal\/?p=195056","og_locale":"pt_BR","og_type":"article","og_title":"MG-188 \u00e9 liberada ap\u00f3s interdi\u00e7\u00e3o devido a chuvas - Aconteceu no Vale","og_description":"O Departamento de Estradas de Rodagem do Estado de Minas Gerais (DER-MG) anunciou, na noite desta sexta-feira (10\/1\/2025), a libera\u00e7\u00e3o do tr\u00e1fego na MG-188, no trecho entre Una\u00ed e Paracatu, ap\u00f3s menos de 24 horas de interdi\u00e7\u00e3o causada pelo aumento do volume de \u00e1guas do ribeir\u00e3o Forquilha. A interdi\u00e7\u00e3o ocorreu na altura do km 94, [&hellip;]","og_url":"https:\/\/aconteceunovale.com.br\/portal\/?p=195056","og_site_name":"Aconteceu no Vale","article_publisher":"https:\/\/www.facebook.com\/aconteceunovale\/","article_published_time":"2025-01-11T00:44:53+00:00","article_modified_time":"2025-01-11T00:45:21+00:00","og_image":[{"width":650,"height":444,"url":"https:\/\/aconteceunovale.com.br\/portal\/wp-content\/uploads\/2025\/01\/via_unai.png","type":"image\/png"}],"author":"Reda\u00e7\u00e3o Aconteceu no Vale","twitter_card":"summary_large_image","twitter_creator":"@noticiadosvales","twitter_site":"@noticiadosvales","twitter_misc":{"Escrito por":"Reda\u00e7\u00e3o Aconteceu no Vale","Est. tempo de leitura":"1 minuto"},"schema":{"@context":"https:\/\/schema.org","@graph":[{"@type":"Article","@id":"https:\/\/aconteceunovale.com.br\/portal\/?p=195056#article","isPartOf":{"@id":"https:\/\/aconteceunovale.com.br\/portal\/?p=195056"},"author":{"name":"Reda\u00e7\u00e3o Aconteceu no Vale","@id":"https:\/\/aconteceunovale.com.br\/portal\/#\/schema\/person\/7d2f26d1483f8a63de73da1ee0754d35"},"headline":"MG-188 \u00e9 liberada ap\u00f3s interdi\u00e7\u00e3o devido a chuvas","datePublished":"2025-01-11T00:44:53+00:00","dateModified":"2025-01-11T00:45:21+00:00","mainEntityOfPage":{"@id":"https:\/\/aconteceunovale.com.br\/portal\/?p=195056"},"wordCount":211,"commentCount":0,"image":{"@id":"https:\/\/aconteceunovale.com.br\/portal\/?p=195056#primaryimage"},"thumbnailUrl":"https:\/\/aconteceunovale.com.br\/portal\/wp-content\/uploads\/2025\/01\/via_unai.png","keywords":["Bonfin\u00f3polis de Minas","destaque","Fechamento da MG-188","Interdi\u00e7\u00e3o da MG-188","Interdi\u00e7\u00e3o do trecho entre Una\u00ed e Paracatu","MG 188","MG-188 \u00e9 liberada ap\u00f3s interdi\u00e7\u00e3o devido a chuvas","Paracatu","Trecho da MG-188 \u00e9 interditado","Una\u00ed"],"articleSection":["Minas Gerais"],"inLanguage":"pt-BR","potentialAction":[{"@type":"CommentAction","name":"Comment","target":["https:\/\/aconteceunovale.com.br\/portal\/?p=195056#respond"]}]},{"@type":"WebPage","@id":"https:\/\/aconteceunovale.com.br\/portal\/?p=195056","url":"https:\/\/aconteceunovale.com.br\/portal\/?p=195056","name":"MG-188 \u00e9 liberada ap\u00f3s interdi\u00e7\u00e3o devido a chuvas - Aconteceu no Vale","isPartOf":{"@id":"https:\/\/aconteceunovale.com.br\/portal\/#website"},"primaryImageOfPage":{"@id":"https:\/\/aconteceunovale.com.br\/portal\/?p=195056#primaryimage"},"image":{"@id":"https:\/\/aconteceunovale.com.br\/portal\/?p=195056#primaryimage"},"thumbnailUrl":"https:\/\/aconteceunovale.com.br\/portal\/wp-content\/uploads\/2025\/01\/via_unai.png","datePublished":"2025-01-11T00:44:53+00:00","dateModified":"2025-01-11T00:45:21+00:00","author":{"@id":"https:\/\/aconteceunovale.com.br\/portal\/#\/schema\/person\/7d2f26d1483f8a63de73da1ee0754d35"},"breadcrumb":{"@id":"https:\/\/aconteceunovale.com.br\/portal\/?p=195056#breadcrumb"},"inLanguage":"pt-BR","potentialAction":[{"@type":"ReadAction","target":["https:\/\/aconteceunovale.com.br\/portal\/?p=195056"]}]},{"@type":"ImageObject","inLanguage":"pt-BR","@id":"https:\/\/aconteceunovale.com.br\/portal\/?p=195056#primaryimage","url":"https:\/\/aconteceunovale.com.br\/portal\/wp-content\/uploads\/2025\/01\/via_unai.png","contentUrl":"https:\/\/aconteceunovale.com.br\/portal\/wp-content\/uploads\/2025\/01\/via_unai.png","width":650,"height":444,"caption":"Foto: Divulga\u00e7\u00e3o \/ DER-MG"},{"@type":"BreadcrumbList","@id":"https:\/\/aconteceunovale.com.br\/portal\/?p=195056#breadcrumb","itemListElement":[{"@type":"ListItem","position":1,"name":"In\u00edcio","item":"https:\/\/aconteceunovale.com.br\/portal\/"},{"@type":"ListItem","position":2,"name":"MG-188 \u00e9 liberada ap\u00f3s interdi\u00e7\u00e3o devido a chuvas"}]},{"@type":"WebSite","@id":"https:\/\/aconteceunovale.com.br\/portal\/#website","url":"https:\/\/aconteceunovale.com.br\/portal\/","name":"Aconteceu no Vale","description":"Portal de Not\u00edcias","potentialAction":[{"@type":"SearchAction","target":{"@type":"EntryPoint","urlTemplate":"https:\/\/aconteceunovale.com.br\/portal\/?s={search_term_string}"},"query-input":{"@type":"PropertyValueSpecification","valueRequired":true,"valueName":"search_term_string"}}],"inLanguage":"pt-BR"},{"@type":"Person","@id":"https:\/\/aconteceunovale.com.br\/portal\/#\/schema\/person\/7d2f26d1483f8a63de73da1ee0754d35","name":"Reda\u00e7\u00e3o Aconteceu no Vale","description":"Equipe de reportagem do Aconteceu no Vale, portal de not\u00edcias do Vale do Jequitinhonha, em Minas Gerais. Cobrimos as 51 cidades do Vale desde 2013. Sugest\u00f5es de pauta e pedidos de corre\u00e7\u00e3o: contato@aconteceunovale.com.br","url":"https:\/\/aconteceunovale.com.br\/portal\/?author=4"}]}},"_links":{"self":[{"href":"https:\/\/aconteceunovale.com.br\/portal\/index.php?rest_route=\/wp\/v2\/posts\/195056","targetHints":{"allow":["GET"]}}],"collection":[{"href":"https:\/\/aconteceunovale.com.br\/portal\/index.php?rest_route=\/wp\/v2\/posts"}],"about":[{"href":"https:\/\/aconteceunovale.com.br\/portal\/index.php?rest_route=\/wp\/v2\/types\/post"}],"author":[{"embeddable":true,"href":"https:\/\/aconteceunovale.com.br\/portal\/index.php?rest_route=\/wp\/v2\/users\/4"}],"replies":[{"embeddable":true,"href":"https:\/\/aconteceunovale.com.br\/portal\/index.php?rest_route=%2Fwp%2Fv2%2Fcomments&post=195056"}],"version-history":[{"count":1,"href":"https:\/\/aconteceunovale.com.br\/portal\/index.php?rest_route=\/wp\/v2\/posts\/195056\/revisions"}],"predecessor-version":[{"id":195058,"href":"https:\/\/aconteceunovale.com.br\/portal\/index.php?rest_route=\/wp\/v2\/posts\/195056\/revisions\/195058"}],"wp:featuredmedia":[{"embeddable":true,"href":"https:\/\/aconteceunovale.com.br\/portal\/index.php?rest_route=\/wp\/v2\/media\/195057"}],"wp:attachment":[{"href":"https:\/\/aconteceunovale.com.br\/portal\/index.php?rest_route=%2Fwp%2Fv2%2Fmedia&parent=195056"}],"wp:term":[{"taxonomy":"category","embeddable":true,"href":"https:\/\/aconteceunovale.com.br\/portal\/index.php?rest_route=%2Fwp%2Fv2%2Fcategories&post=195056"},{"taxonomy":"post_tag","embeddable":true,"href":"https:\/\/aconteceunovale.com.br\/portal\/index.php?rest_route=%2Fwp%2Fv2%2Ftags&post=195056"}],"curies":[{"name":"wp","href":"https:\/\/api.w.org\/{rel}","templated":true}]}}