{"id":195051,"date":"2025-01-10T21:24:33","date_gmt":"2025-01-11T00:24:33","guid":{"rendered":"https:\/\/aconteceunovale.com.br\/portal\/?p=195051"},"modified":"2025-01-10T21:25:12","modified_gmt":"2025-01-11T00:25:12","slug":"suspeito-de-feminicidio-no-norte-de-minas-e-preso-na-bahia","status":"publish","type":"post","link":"https:\/\/aconteceunovale.com.br\/portal\/?p=195051","title":{"rendered":"Suspeito de feminic\u00eddio no Norte de Minas \u00e9 preso na Bahia"},"content":{"rendered":"\n<p class=\"wp-block-paragraph\">Um homem suspeito de assassinar a ex-companheira na frente do pai dela, no Norte de Minas Gerais, foi preso nessa quinta-feira (9\/1\/2025) em Vit\u00f3ria da Conquista (BA). A captura ocorreu oito dias ap\u00f3s o crime, que chocou a cidade de Curral de Dentro (MG).<\/p>\n\n\n\n<figure class=\"wp-block-gallery has-nested-images columns-default is-cropped wp-block-gallery-1 is-layout-flex wp-block-gallery-is-layout-flex\">\n<figure class=\"wp-block-image size-large\"><img loading=\"lazy\" decoding=\"async\" width=\"678\" height=\"327\" data-id=\"195052\" src=\"https:\/\/aconteceunovale.com.br\/portal\/wp-content\/uploads\/2025\/01\/caso_curral_de_dentro.png\" alt=\"\" class=\"wp-image-195052\" srcset=\"https:\/\/aconteceunovale.com.br\/portal\/wp-content\/uploads\/2025\/01\/caso_curral_de_dentro.png 678w, https:\/\/aconteceunovale.com.br\/portal\/wp-content\/uploads\/2025\/01\/caso_curral_de_dentro-300x145.png 300w\" sizes=\"auto, (max-width: 678px) 100vw, 678px\" \/><figcaption class=\"wp-element-caption\"><em>Material apreendido &#8211; Foto: Divulga\u00e7\u00e3o<\/em><\/figcaption><\/figure>\n<\/figure>\n\n\n\n<p class=\"wp-block-paragraph\">De acordo com a Pol\u00edcia Militar (PM), o suspeito foi localizado em um hotel do munic\u00edpio baiano ap\u00f3s informa\u00e7\u00f5es sobre seu paradeiro serem repassadas \u00e0s autoridades. Ao ser abordado, ele confessou o crime. No quarto onde estava hospedado, foram encontrados uma espingarda, notas promiss\u00f3rias, cheques e uma quantia significativa de dinheiro. O ve\u00edculo utilizado na fuga tamb\u00e9m foi apreendido.<\/p>\n\n\n\n<p class=\"wp-block-paragraph\">Ap\u00f3s a pris\u00e3o, o homem foi levado para a delegacia de Vit\u00f3ria da Conquista, junto com os materiais apreendidos.<\/p>\n\n\n\n<h3 class=\"wp-block-heading\">Crime ocorreu ap\u00f3s t\u00e9rmino do relacionamento<\/h3>\n\n\n\n<p class=\"wp-block-paragraph\">Segundo informa\u00e7\u00f5es da PM, o suspeito e a v\u00edtima, Tainara Gomes, de 28 anos, foram casados por 11 anos. O crime aconteceu um m\u00eas ap\u00f3s a mulher decidir encerrar o relacionamento, decis\u00e3o que n\u00e3o era aceita pelo ex-companheiro.<\/p>\n\n\n\n<p class=\"wp-block-paragraph\">No dia 2 de janeiro, Tanaria estava em um carro com o pai, quando ambos foram abordados pelo homem. Ap\u00f3s uma discuss\u00e3o, ele atirou contra a ex-companheira e fugiu. A v\u00edtima chegou a ser socorrida pelo Servi\u00e7o de Atendimento M\u00f3vel de Urg\u00eancia (Samu) e levada a um hospital, mas n\u00e3o resistiu aos ferimentos.<\/p>\n\n\n\n<p class=\"wp-block-paragraph\">A pris\u00e3o do suspeito encerra a busca policial, mas o caso segue em investiga\u00e7\u00e3o.<\/p>\n","protected":false},"excerpt":{"rendered":"<p>Um homem suspeito de assassinar a ex-companheira na frente do pai dela, no Norte de Minas Gerais, foi preso nessa quinta-feira (9\/1\/2025) em Vit\u00f3ria da Conquista (BA). A captura ocorreu oito dias ap\u00f3s o crime, que chocou a cidade de Curral de Dentro (MG). De acordo com a Pol\u00edcia Militar (PM), o suspeito foi localizado [&hellip;]<\/p>\n","protected":false},"author":4,"featured_media":195052,"comment_status":"open","ping_status":"closed","sticky":false,"template":"","format":"standard","meta":{"amp_status":"","footnotes":""},"categories":[1236],"tags":[157852,1702,157846,269321,269320,2842],"class_list":["post-195051","post","type-post","status-publish","format-standard","has-post-thumbnail","hentry","category-norte_de_minas","tag-crime-brutal-em-curral-de-dentro","tag-curral-de-dentro","tag-homicidio-em-curral-de-dentro","tag-suspeito-de-feminicidio-em-curral-de-dentro-e-preso-na-bahia","tag-suspeito-de-feminicidio-no-norte-de-minas-e-preso-na-bahia","tag-vitoria-da-conquista"],"yoast_head":"<!-- This site is optimized with the Yoast SEO plugin v28.3 - https:\/\/yoast.com\/product\/yoast-seo-wordpress\/ -->\n<title>Suspeito de feminic\u00eddio no Norte de Minas \u00e9 preso na Bahia - Aconteceu no Vale<\/title>\n<meta name=\"robots\" content=\"index, follow, max-snippet:-1, max-image-preview:large, max-video-preview:-1\" \/>\n<link rel=\"canonical\" href=\"https:\/\/aconteceunovale.com.br\/portal\/?p=195051\" \/>\n<meta property=\"og:locale\" content=\"pt_BR\" \/>\n<meta property=\"og:type\" content=\"article\" \/>\n<meta property=\"og:title\" content=\"Suspeito de feminic\u00eddio no Norte de Minas \u00e9 preso na Bahia - Aconteceu no Vale\" \/>\n<meta property=\"og:description\" content=\"Um homem suspeito de assassinar a ex-companheira na frente do pai dela, no Norte de Minas Gerais, foi preso nessa quinta-feira (9\/1\/2025) em Vit\u00f3ria da Conquista (BA). A captura ocorreu oito dias ap\u00f3s o crime, que chocou a cidade de Curral de Dentro (MG). De acordo com a Pol\u00edcia Militar (PM), o suspeito foi localizado [&hellip;]\" \/>\n<meta property=\"og:url\" content=\"https:\/\/aconteceunovale.com.br\/portal\/?p=195051\" \/>\n<meta property=\"og:site_name\" content=\"Aconteceu no Vale\" \/>\n<meta property=\"article:publisher\" content=\"https:\/\/www.facebook.com\/aconteceunovale\/\" \/>\n<meta property=\"article:published_time\" content=\"2025-01-11T00:24:33+00:00\" \/>\n<meta property=\"article:modified_time\" content=\"2025-01-11T00:25:12+00:00\" \/>\n<meta property=\"og:image\" content=\"https:\/\/aconteceunovale.com.br\/portal\/wp-content\/uploads\/2025\/01\/caso_curral_de_dentro.png\" \/>\n\t<meta property=\"og:image:width\" content=\"678\" \/>\n\t<meta property=\"og:image:height\" content=\"327\" \/>\n\t<meta property=\"og:image:type\" content=\"image\/png\" \/>\n<meta name=\"author\" content=\"Reda\u00e7\u00e3o Aconteceu no Vale\" \/>\n<meta name=\"twitter:card\" content=\"summary_large_image\" \/>\n<meta name=\"twitter:creator\" content=\"@noticiadosvales\" \/>\n<meta name=\"twitter:site\" content=\"@noticiadosvales\" \/>\n<meta name=\"twitter:label1\" content=\"Escrito por\" \/>\n\t<meta name=\"twitter:data1\" content=\"Reda\u00e7\u00e3o Aconteceu no Vale\" \/>\n\t<meta name=\"twitter:label2\" content=\"Est. tempo de leitura\" \/>\n\t<meta name=\"twitter:data2\" content=\"1 minuto\" \/>\n<script type=\"application\/ld+json\" class=\"yoast-schema-graph\">{\"@context\":\"https:\\\/\\\/schema.org\",\"@graph\":[{\"@type\":\"Article\",\"@id\":\"https:\\\/\\\/aconteceunovale.com.br\\\/portal\\\/?p=195051#article\",\"isPartOf\":{\"@id\":\"https:\\\/\\\/aconteceunovale.com.br\\\/portal\\\/?p=195051\"},\"author\":{\"name\":\"Reda\u00e7\u00e3o Aconteceu no Vale\",\"@id\":\"https:\\\/\\\/aconteceunovale.com.br\\\/portal\\\/#\\\/schema\\\/person\\\/7d2f26d1483f8a63de73da1ee0754d35\"},\"headline\":\"Suspeito de feminic\u00eddio no Norte de Minas \u00e9 preso na Bahia\",\"datePublished\":\"2025-01-11T00:24:33+00:00\",\"dateModified\":\"2025-01-11T00:25:12+00:00\",\"mainEntityOfPage\":{\"@id\":\"https:\\\/\\\/aconteceunovale.com.br\\\/portal\\\/?p=195051\"},\"wordCount\":275,\"commentCount\":0,\"image\":{\"@id\":\"https:\\\/\\\/aconteceunovale.com.br\\\/portal\\\/?p=195051#primaryimage\"},\"thumbnailUrl\":\"https:\\\/\\\/aconteceunovale.com.br\\\/portal\\\/wp-content\\\/uploads\\\/2025\\\/01\\\/caso_curral_de_dentro.png\",\"keywords\":[\"Crime brutal em Curral de Dentro\",\"Curral de Dentro\",\"Homic\u00eddio em Curral de Dentro\",\"Suspeito de feminic\u00eddio em Curral de Dentro \u00e9 preso na Bahia\",\"Suspeito de feminic\u00eddio no Norte de Minas \u00e9 preso na Bahia\",\"Vit\u00f3ria da Conquista\"],\"articleSection\":[\"Norte de Minas\"],\"inLanguage\":\"pt-BR\",\"potentialAction\":[{\"@type\":\"CommentAction\",\"name\":\"Comment\",\"target\":[\"https:\\\/\\\/aconteceunovale.com.br\\\/portal\\\/?p=195051#respond\"]}]},{\"@type\":\"WebPage\",\"@id\":\"https:\\\/\\\/aconteceunovale.com.br\\\/portal\\\/?p=195051\",\"url\":\"https:\\\/\\\/aconteceunovale.com.br\\\/portal\\\/?p=195051\",\"name\":\"Suspeito de feminic\u00eddio no Norte de Minas \u00e9 preso na Bahia - Aconteceu no Vale\",\"isPartOf\":{\"@id\":\"https:\\\/\\\/aconteceunovale.com.br\\\/portal\\\/#website\"},\"primaryImageOfPage\":{\"@id\":\"https:\\\/\\\/aconteceunovale.com.br\\\/portal\\\/?p=195051#primaryimage\"},\"image\":{\"@id\":\"https:\\\/\\\/aconteceunovale.com.br\\\/portal\\\/?p=195051#primaryimage\"},\"thumbnailUrl\":\"https:\\\/\\\/aconteceunovale.com.br\\\/portal\\\/wp-content\\\/uploads\\\/2025\\\/01\\\/caso_curral_de_dentro.png\",\"datePublished\":\"2025-01-11T00:24:33+00:00\",\"dateModified\":\"2025-01-11T00:25:12+00:00\",\"author\":{\"@id\":\"https:\\\/\\\/aconteceunovale.com.br\\\/portal\\\/#\\\/schema\\\/person\\\/7d2f26d1483f8a63de73da1ee0754d35\"},\"breadcrumb\":{\"@id\":\"https:\\\/\\\/aconteceunovale.com.br\\\/portal\\\/?p=195051#breadcrumb\"},\"inLanguage\":\"pt-BR\",\"potentialAction\":[{\"@type\":\"ReadAction\",\"target\":[\"https:\\\/\\\/aconteceunovale.com.br\\\/portal\\\/?p=195051\"]}]},{\"@type\":\"ImageObject\",\"inLanguage\":\"pt-BR\",\"@id\":\"https:\\\/\\\/aconteceunovale.com.br\\\/portal\\\/?p=195051#primaryimage\",\"url\":\"https:\\\/\\\/aconteceunovale.com.br\\\/portal\\\/wp-content\\\/uploads\\\/2025\\\/01\\\/caso_curral_de_dentro.png\",\"contentUrl\":\"https:\\\/\\\/aconteceunovale.com.br\\\/portal\\\/wp-content\\\/uploads\\\/2025\\\/01\\\/caso_curral_de_dentro.png\",\"width\":678,\"height\":327,\"caption\":\"Material apreendido - Foto: Divulga\u00e7\u00e3o\"},{\"@type\":\"BreadcrumbList\",\"@id\":\"https:\\\/\\\/aconteceunovale.com.br\\\/portal\\\/?p=195051#breadcrumb\",\"itemListElement\":[{\"@type\":\"ListItem\",\"position\":1,\"name\":\"In\u00edcio\",\"item\":\"https:\\\/\\\/aconteceunovale.com.br\\\/portal\\\/\"},{\"@type\":\"ListItem\",\"position\":2,\"name\":\"Suspeito de feminic\u00eddio no Norte de Minas \u00e9 preso na Bahia\"}]},{\"@type\":\"WebSite\",\"@id\":\"https:\\\/\\\/aconteceunovale.com.br\\\/portal\\\/#website\",\"url\":\"https:\\\/\\\/aconteceunovale.com.br\\\/portal\\\/\",\"name\":\"Aconteceu no Vale\",\"description\":\"Portal de Not\u00edcias\",\"potentialAction\":[{\"@type\":\"SearchAction\",\"target\":{\"@type\":\"EntryPoint\",\"urlTemplate\":\"https:\\\/\\\/aconteceunovale.com.br\\\/portal\\\/?s={search_term_string}\"},\"query-input\":{\"@type\":\"PropertyValueSpecification\",\"valueRequired\":true,\"valueName\":\"search_term_string\"}}],\"inLanguage\":\"pt-BR\"},{\"@type\":\"Person\",\"@id\":\"https:\\\/\\\/aconteceunovale.com.br\\\/portal\\\/#\\\/schema\\\/person\\\/7d2f26d1483f8a63de73da1ee0754d35\",\"name\":\"Reda\u00e7\u00e3o Aconteceu no Vale\",\"description\":\"Equipe de reportagem do Aconteceu no Vale, portal de not\u00edcias do Vale do Jequitinhonha, em Minas Gerais. Cobrimos as 51 cidades do Vale desde 2013. Sugest\u00f5es de pauta e pedidos de corre\u00e7\u00e3o: contato@aconteceunovale.com.br\",\"url\":\"https:\\\/\\\/aconteceunovale.com.br\\\/portal\\\/?author=4\"}]}<\/script>\n<!-- \/ Yoast SEO plugin. -->","yoast_head_json":{"title":"Suspeito de feminic\u00eddio no Norte de Minas \u00e9 preso na Bahia - Aconteceu no Vale","robots":{"index":"index","follow":"follow","max-snippet":"max-snippet:-1","max-image-preview":"max-image-preview:large","max-video-preview":"max-video-preview:-1"},"canonical":"https:\/\/aconteceunovale.com.br\/portal\/?p=195051","og_locale":"pt_BR","og_type":"article","og_title":"Suspeito de feminic\u00eddio no Norte de Minas \u00e9 preso na Bahia - Aconteceu no Vale","og_description":"Um homem suspeito de assassinar a ex-companheira na frente do pai dela, no Norte de Minas Gerais, foi preso nessa quinta-feira (9\/1\/2025) em Vit\u00f3ria da Conquista (BA). A captura ocorreu oito dias ap\u00f3s o crime, que chocou a cidade de Curral de Dentro (MG). De acordo com a Pol\u00edcia Militar (PM), o suspeito foi localizado [&hellip;]","og_url":"https:\/\/aconteceunovale.com.br\/portal\/?p=195051","og_site_name":"Aconteceu no Vale","article_publisher":"https:\/\/www.facebook.com\/aconteceunovale\/","article_published_time":"2025-01-11T00:24:33+00:00","article_modified_time":"2025-01-11T00:25:12+00:00","og_image":[{"width":678,"height":327,"url":"https:\/\/aconteceunovale.com.br\/portal\/wp-content\/uploads\/2025\/01\/caso_curral_de_dentro.png","type":"image\/png"}],"author":"Reda\u00e7\u00e3o Aconteceu no Vale","twitter_card":"summary_large_image","twitter_creator":"@noticiadosvales","twitter_site":"@noticiadosvales","twitter_misc":{"Escrito por":"Reda\u00e7\u00e3o Aconteceu no Vale","Est. tempo de leitura":"1 minuto"},"schema":{"@context":"https:\/\/schema.org","@graph":[{"@type":"Article","@id":"https:\/\/aconteceunovale.com.br\/portal\/?p=195051#article","isPartOf":{"@id":"https:\/\/aconteceunovale.com.br\/portal\/?p=195051"},"author":{"name":"Reda\u00e7\u00e3o Aconteceu no Vale","@id":"https:\/\/aconteceunovale.com.br\/portal\/#\/schema\/person\/7d2f26d1483f8a63de73da1ee0754d35"},"headline":"Suspeito de feminic\u00eddio no Norte de Minas \u00e9 preso na Bahia","datePublished":"2025-01-11T00:24:33+00:00","dateModified":"2025-01-11T00:25:12+00:00","mainEntityOfPage":{"@id":"https:\/\/aconteceunovale.com.br\/portal\/?p=195051"},"wordCount":275,"commentCount":0,"image":{"@id":"https:\/\/aconteceunovale.com.br\/portal\/?p=195051#primaryimage"},"thumbnailUrl":"https:\/\/aconteceunovale.com.br\/portal\/wp-content\/uploads\/2025\/01\/caso_curral_de_dentro.png","keywords":["Crime brutal em Curral de Dentro","Curral de Dentro","Homic\u00eddio em Curral de Dentro","Suspeito de feminic\u00eddio em Curral de Dentro \u00e9 preso na Bahia","Suspeito de feminic\u00eddio no Norte de Minas \u00e9 preso na Bahia","Vit\u00f3ria da Conquista"],"articleSection":["Norte de Minas"],"inLanguage":"pt-BR","potentialAction":[{"@type":"CommentAction","name":"Comment","target":["https:\/\/aconteceunovale.com.br\/portal\/?p=195051#respond"]}]},{"@type":"WebPage","@id":"https:\/\/aconteceunovale.com.br\/portal\/?p=195051","url":"https:\/\/aconteceunovale.com.br\/portal\/?p=195051","name":"Suspeito de feminic\u00eddio no Norte de Minas \u00e9 preso na Bahia - Aconteceu no Vale","isPartOf":{"@id":"https:\/\/aconteceunovale.com.br\/portal\/#website"},"primaryImageOfPage":{"@id":"https:\/\/aconteceunovale.com.br\/portal\/?p=195051#primaryimage"},"image":{"@id":"https:\/\/aconteceunovale.com.br\/portal\/?p=195051#primaryimage"},"thumbnailUrl":"https:\/\/aconteceunovale.com.br\/portal\/wp-content\/uploads\/2025\/01\/caso_curral_de_dentro.png","datePublished":"2025-01-11T00:24:33+00:00","dateModified":"2025-01-11T00:25:12+00:00","author":{"@id":"https:\/\/aconteceunovale.com.br\/portal\/#\/schema\/person\/7d2f26d1483f8a63de73da1ee0754d35"},"breadcrumb":{"@id":"https:\/\/aconteceunovale.com.br\/portal\/?p=195051#breadcrumb"},"inLanguage":"pt-BR","potentialAction":[{"@type":"ReadAction","target":["https:\/\/aconteceunovale.com.br\/portal\/?p=195051"]}]},{"@type":"ImageObject","inLanguage":"pt-BR","@id":"https:\/\/aconteceunovale.com.br\/portal\/?p=195051#primaryimage","url":"https:\/\/aconteceunovale.com.br\/portal\/wp-content\/uploads\/2025\/01\/caso_curral_de_dentro.png","contentUrl":"https:\/\/aconteceunovale.com.br\/portal\/wp-content\/uploads\/2025\/01\/caso_curral_de_dentro.png","width":678,"height":327,"caption":"Material apreendido - Foto: Divulga\u00e7\u00e3o"},{"@type":"BreadcrumbList","@id":"https:\/\/aconteceunovale.com.br\/portal\/?p=195051#breadcrumb","itemListElement":[{"@type":"ListItem","position":1,"name":"In\u00edcio","item":"https:\/\/aconteceunovale.com.br\/portal\/"},{"@type":"ListItem","position":2,"name":"Suspeito de feminic\u00eddio no Norte de Minas \u00e9 preso na Bahia"}]},{"@type":"WebSite","@id":"https:\/\/aconteceunovale.com.br\/portal\/#website","url":"https:\/\/aconteceunovale.com.br\/portal\/","name":"Aconteceu no Vale","description":"Portal de Not\u00edcias","potentialAction":[{"@type":"SearchAction","target":{"@type":"EntryPoint","urlTemplate":"https:\/\/aconteceunovale.com.br\/portal\/?s={search_term_string}"},"query-input":{"@type":"PropertyValueSpecification","valueRequired":true,"valueName":"search_term_string"}}],"inLanguage":"pt-BR"},{"@type":"Person","@id":"https:\/\/aconteceunovale.com.br\/portal\/#\/schema\/person\/7d2f26d1483f8a63de73da1ee0754d35","name":"Reda\u00e7\u00e3o Aconteceu no Vale","description":"Equipe de reportagem do Aconteceu no Vale, portal de not\u00edcias do Vale do Jequitinhonha, em Minas Gerais. Cobrimos as 51 cidades do Vale desde 2013. Sugest\u00f5es de pauta e pedidos de corre\u00e7\u00e3o: contato@aconteceunovale.com.br","url":"https:\/\/aconteceunovale.com.br\/portal\/?author=4"}]}},"_links":{"self":[{"href":"https:\/\/aconteceunovale.com.br\/portal\/index.php?rest_route=\/wp\/v2\/posts\/195051","targetHints":{"allow":["GET"]}}],"collection":[{"href":"https:\/\/aconteceunovale.com.br\/portal\/index.php?rest_route=\/wp\/v2\/posts"}],"about":[{"href":"https:\/\/aconteceunovale.com.br\/portal\/index.php?rest_route=\/wp\/v2\/types\/post"}],"author":[{"embeddable":true,"href":"https:\/\/aconteceunovale.com.br\/portal\/index.php?rest_route=\/wp\/v2\/users\/4"}],"replies":[{"embeddable":true,"href":"https:\/\/aconteceunovale.com.br\/portal\/index.php?rest_route=%2Fwp%2Fv2%2Fcomments&post=195051"}],"version-history":[{"count":1,"href":"https:\/\/aconteceunovale.com.br\/portal\/index.php?rest_route=\/wp\/v2\/posts\/195051\/revisions"}],"predecessor-version":[{"id":195053,"href":"https:\/\/aconteceunovale.com.br\/portal\/index.php?rest_route=\/wp\/v2\/posts\/195051\/revisions\/195053"}],"wp:featuredmedia":[{"embeddable":true,"href":"https:\/\/aconteceunovale.com.br\/portal\/index.php?rest_route=\/wp\/v2\/media\/195052"}],"wp:attachment":[{"href":"https:\/\/aconteceunovale.com.br\/portal\/index.php?rest_route=%2Fwp%2Fv2%2Fmedia&parent=195051"}],"wp:term":[{"taxonomy":"category","embeddable":true,"href":"https:\/\/aconteceunovale.com.br\/portal\/index.php?rest_route=%2Fwp%2Fv2%2Fcategories&post=195051"},{"taxonomy":"post_tag","embeddable":true,"href":"https:\/\/aconteceunovale.com.br\/portal\/index.php?rest_route=%2Fwp%2Fv2%2Ftags&post=195051"}],"curies":[{"name":"wp","href":"https:\/\/api.w.org\/{rel}","templated":true}]}}