{"id":195049,"date":"2025-01-10T21:13:52","date_gmt":"2025-01-11T00:13:52","guid":{"rendered":"https:\/\/aconteceunovale.com.br\/portal\/?p=195049"},"modified":"2025-01-10T21:15:55","modified_gmt":"2025-01-11T00:15:55","slug":"homicidios-sao-registrados-em-ipatinga-e-governador-valadares","status":"publish","type":"post","link":"https:\/\/aconteceunovale.com.br\/portal\/?p=195049","title":{"rendered":"Homic\u00eddios s\u00e3o registrados em Ipatinga e Governador Valadares"},"content":{"rendered":"\n<p class=\"wp-block-paragraph\">A sexta-feira (10\/1\/2025) foi marcada por homic\u00eddios nas duas principais cidades do Leste de Minas Gerais. Em Ipatinga, durante a tarde, um homem foi morto a tiros dentro de um supermercado. J\u00e1 em Governador Valadares, no final da manh\u00e3, um jovem de 25 anos tamb\u00e9m foi assassinado a tiros.<\/p>\n\n\n\n<h3 class=\"wp-block-heading\">Homic\u00eddio em Ipatinga<\/h3>\n\n\n\n<p class=\"wp-block-paragraph\">Em Ipatinga, um jovem de 28 anos foi morto a tiros dentro de um supermercado durante a tarde. Segundo informa\u00e7\u00f5es da Pol\u00edcia Militar, Willian Silva Santana caminhava pela cal\u00e7ada com a namorada quando foi surpreendido por dois homens em uma moto.<\/p>\n\n\n\n<p class=\"wp-block-paragraph\">Os criminosos pararam em frente ao supermercado e come\u00e7aram a atirar contra Willian ainda do lado de fora. Tentando escapar, a v\u00edtima correu para dentro do estabelecimento, mas foi seguida pelos suspeitos, que continuaram os disparos no interior do local.<\/p>\n\n\n\n<p class=\"wp-block-paragraph\">A per\u00edcia foi acionada e realizou os procedimentos no local do crime. A motiva\u00e7\u00e3o e a autoria ainda s\u00e3o desconhecidas, e o caso est\u00e1 sob investiga\u00e7\u00e3o.<\/p>\n\n\n\n<h3 class=\"wp-block-heading\">Homic\u00eddio em Governador Valadares<\/h3>\n\n\n\n<p class=\"wp-block-paragraph\">Em Governador Valadares, um jovem de 25 anos foi assassinado a tiros no bairro Jardim Primavera, no final da manh\u00e3. Gabriel Henrique da Silva foi baleado em plena via p\u00fablica e chegou a ser socorrido e levado ao Hospital Municipal, mas n\u00e3o resistiu aos ferimentos e j\u00e1 deu entrada na unidade sem vida.<\/p>\n\n\n\n<p class=\"wp-block-paragraph\">De acordo com a Pol\u00edcia Militar, Gabriel tinha diversas passagens pela pol\u00edcia. Este foi o sexto homic\u00eddio registrado em Governador Valadares em 2025.<\/p>\n\n\n\n<p class=\"wp-block-paragraph\">At\u00e9 o momento, ningu\u00e9m foi preso em rela\u00e7\u00e3o aos dois casos, que permanecem sob investiga\u00e7\u00e3o pelas respectivas pol\u00edcias locais.<\/p>\n","protected":false},"excerpt":{"rendered":"<p>A sexta-feira (10\/1\/2025) foi marcada por homic\u00eddios nas duas principais cidades do Leste de Minas Gerais. Em Ipatinga, durante a tarde, um homem foi morto a tiros dentro de um supermercado. J\u00e1 em Governador Valadares, no final da manh\u00e3, um jovem de 25 anos tamb\u00e9m foi assassinado a tiros. Homic\u00eddio em Ipatinga Em Ipatinga, um [&hellip;]<\/p>\n","protected":false},"author":4,"featured_media":180925,"comment_status":"open","ping_status":"closed","sticky":false,"template":"","format":"standard","meta":{"amp_status":"","footnotes":""},"categories":[121],"tags":[269319,247,269317,142792,8180,269316,201,44656,269318],"class_list":["post-195049","post","type-post","status-publish","format-standard","has-post-thumbnail","hentry","category-leste","tag-gabriel-henrique-da-silva","tag-governador-valadares","tag-homem-morto-dentro-de-supermercado-em-ipatinga","tag-homem-morto-em-governador-valadares","tag-homicidio-em-governador-valadares","tag-homicidios-sao-registrados-em-ipatinga-e-governador-valadares","tag-ipatinga","tag-violencia-em-governador-valadares","tag-willian-silva-santana"],"yoast_head":"<!-- This site is optimized with the Yoast SEO plugin v28.3 - https:\/\/yoast.com\/product\/yoast-seo-wordpress\/ -->\n<title>Homic\u00eddios s\u00e3o registrados em Ipatinga e Governador Valadares - Aconteceu no Vale<\/title>\n<meta name=\"robots\" content=\"index, follow, max-snippet:-1, max-image-preview:large, max-video-preview:-1\" \/>\n<link rel=\"canonical\" href=\"https:\/\/aconteceunovale.com.br\/portal\/?p=195049\" \/>\n<meta property=\"og:locale\" content=\"pt_BR\" \/>\n<meta property=\"og:type\" content=\"article\" \/>\n<meta property=\"og:title\" content=\"Homic\u00eddios s\u00e3o registrados em Ipatinga e Governador Valadares - Aconteceu no Vale\" \/>\n<meta property=\"og:description\" content=\"A sexta-feira (10\/1\/2025) foi marcada por homic\u00eddios nas duas principais cidades do Leste de Minas Gerais. Em Ipatinga, durante a tarde, um homem foi morto a tiros dentro de um supermercado. J\u00e1 em Governador Valadares, no final da manh\u00e3, um jovem de 25 anos tamb\u00e9m foi assassinado a tiros. Homic\u00eddio em Ipatinga Em Ipatinga, um [&hellip;]\" \/>\n<meta property=\"og:url\" content=\"https:\/\/aconteceunovale.com.br\/portal\/?p=195049\" \/>\n<meta property=\"og:site_name\" content=\"Aconteceu no Vale\" \/>\n<meta property=\"article:publisher\" content=\"https:\/\/www.facebook.com\/aconteceunovale\/\" \/>\n<meta property=\"article:published_time\" content=\"2025-01-11T00:13:52+00:00\" \/>\n<meta property=\"article:modified_time\" content=\"2025-01-11T00:15:55+00:00\" \/>\n<meta property=\"og:image\" content=\"https:\/\/aconteceunovale.com.br\/portal\/wp-content\/uploads\/2021\/08\/plantao_sirene_policial.jpg\" \/>\n\t<meta property=\"og:image:width\" content=\"678\" \/>\n\t<meta property=\"og:image:height\" content=\"440\" \/>\n\t<meta property=\"og:image:type\" content=\"image\/jpeg\" \/>\n<meta name=\"author\" content=\"Reda\u00e7\u00e3o Aconteceu no Vale\" \/>\n<meta name=\"twitter:card\" content=\"summary_large_image\" \/>\n<meta name=\"twitter:creator\" content=\"@noticiadosvales\" \/>\n<meta name=\"twitter:site\" content=\"@noticiadosvales\" \/>\n<meta name=\"twitter:label1\" content=\"Escrito por\" \/>\n\t<meta name=\"twitter:data1\" content=\"Reda\u00e7\u00e3o Aconteceu no Vale\" \/>\n\t<meta name=\"twitter:label2\" content=\"Est. tempo de leitura\" \/>\n\t<meta name=\"twitter:data2\" content=\"1 minuto\" \/>\n<script type=\"application\/ld+json\" class=\"yoast-schema-graph\">{\"@context\":\"https:\\\/\\\/schema.org\",\"@graph\":[{\"@type\":\"Article\",\"@id\":\"https:\\\/\\\/aconteceunovale.com.br\\\/portal\\\/?p=195049#article\",\"isPartOf\":{\"@id\":\"https:\\\/\\\/aconteceunovale.com.br\\\/portal\\\/?p=195049\"},\"author\":{\"name\":\"Reda\u00e7\u00e3o Aconteceu no Vale\",\"@id\":\"https:\\\/\\\/aconteceunovale.com.br\\\/portal\\\/#\\\/schema\\\/person\\\/7d2f26d1483f8a63de73da1ee0754d35\"},\"headline\":\"Homic\u00eddios s\u00e3o registrados em Ipatinga e Governador Valadares\",\"datePublished\":\"2025-01-11T00:13:52+00:00\",\"dateModified\":\"2025-01-11T00:15:55+00:00\",\"mainEntityOfPage\":{\"@id\":\"https:\\\/\\\/aconteceunovale.com.br\\\/portal\\\/?p=195049\"},\"wordCount\":285,\"commentCount\":0,\"image\":{\"@id\":\"https:\\\/\\\/aconteceunovale.com.br\\\/portal\\\/?p=195049#primaryimage\"},\"thumbnailUrl\":\"https:\\\/\\\/aconteceunovale.com.br\\\/portal\\\/wp-content\\\/uploads\\\/2021\\\/08\\\/plantao_sirene_policial.jpg\",\"keywords\":[\"Gabriel Henrique da Silva\",\"Governador Valadares\",\"Homem morto dentro de supermercado em Ipatinga\",\"Homem morto em Governador Valadares\",\"homic\u00eddio em governador valadares\",\"Homic\u00eddios s\u00e3o registrados em Ipatinga e Governador Valadares\",\"Ipatinga\",\"viol\u00eancia em Governador Valadares\",\"Willian Silva Santana\"],\"articleSection\":[\"Leste de Minas\"],\"inLanguage\":\"pt-BR\",\"potentialAction\":[{\"@type\":\"CommentAction\",\"name\":\"Comment\",\"target\":[\"https:\\\/\\\/aconteceunovale.com.br\\\/portal\\\/?p=195049#respond\"]}]},{\"@type\":\"WebPage\",\"@id\":\"https:\\\/\\\/aconteceunovale.com.br\\\/portal\\\/?p=195049\",\"url\":\"https:\\\/\\\/aconteceunovale.com.br\\\/portal\\\/?p=195049\",\"name\":\"Homic\u00eddios s\u00e3o registrados em Ipatinga e Governador Valadares - Aconteceu no Vale\",\"isPartOf\":{\"@id\":\"https:\\\/\\\/aconteceunovale.com.br\\\/portal\\\/#website\"},\"primaryImageOfPage\":{\"@id\":\"https:\\\/\\\/aconteceunovale.com.br\\\/portal\\\/?p=195049#primaryimage\"},\"image\":{\"@id\":\"https:\\\/\\\/aconteceunovale.com.br\\\/portal\\\/?p=195049#primaryimage\"},\"thumbnailUrl\":\"https:\\\/\\\/aconteceunovale.com.br\\\/portal\\\/wp-content\\\/uploads\\\/2021\\\/08\\\/plantao_sirene_policial.jpg\",\"datePublished\":\"2025-01-11T00:13:52+00:00\",\"dateModified\":\"2025-01-11T00:15:55+00:00\",\"author\":{\"@id\":\"https:\\\/\\\/aconteceunovale.com.br\\\/portal\\\/#\\\/schema\\\/person\\\/7d2f26d1483f8a63de73da1ee0754d35\"},\"breadcrumb\":{\"@id\":\"https:\\\/\\\/aconteceunovale.com.br\\\/portal\\\/?p=195049#breadcrumb\"},\"inLanguage\":\"pt-BR\",\"potentialAction\":[{\"@type\":\"ReadAction\",\"target\":[\"https:\\\/\\\/aconteceunovale.com.br\\\/portal\\\/?p=195049\"]}]},{\"@type\":\"ImageObject\",\"inLanguage\":\"pt-BR\",\"@id\":\"https:\\\/\\\/aconteceunovale.com.br\\\/portal\\\/?p=195049#primaryimage\",\"url\":\"https:\\\/\\\/aconteceunovale.com.br\\\/portal\\\/wp-content\\\/uploads\\\/2021\\\/08\\\/plantao_sirene_policial.jpg\",\"contentUrl\":\"https:\\\/\\\/aconteceunovale.com.br\\\/portal\\\/wp-content\\\/uploads\\\/2021\\\/08\\\/plantao_sirene_policial.jpg\",\"width\":678,\"height\":440},{\"@type\":\"BreadcrumbList\",\"@id\":\"https:\\\/\\\/aconteceunovale.com.br\\\/portal\\\/?p=195049#breadcrumb\",\"itemListElement\":[{\"@type\":\"ListItem\",\"position\":1,\"name\":\"In\u00edcio\",\"item\":\"https:\\\/\\\/aconteceunovale.com.br\\\/portal\\\/\"},{\"@type\":\"ListItem\",\"position\":2,\"name\":\"Homic\u00eddios s\u00e3o registrados em Ipatinga e Governador Valadares\"}]},{\"@type\":\"WebSite\",\"@id\":\"https:\\\/\\\/aconteceunovale.com.br\\\/portal\\\/#website\",\"url\":\"https:\\\/\\\/aconteceunovale.com.br\\\/portal\\\/\",\"name\":\"Aconteceu no Vale\",\"description\":\"Portal de Not\u00edcias\",\"potentialAction\":[{\"@type\":\"SearchAction\",\"target\":{\"@type\":\"EntryPoint\",\"urlTemplate\":\"https:\\\/\\\/aconteceunovale.com.br\\\/portal\\\/?s={search_term_string}\"},\"query-input\":{\"@type\":\"PropertyValueSpecification\",\"valueRequired\":true,\"valueName\":\"search_term_string\"}}],\"inLanguage\":\"pt-BR\"},{\"@type\":\"Person\",\"@id\":\"https:\\\/\\\/aconteceunovale.com.br\\\/portal\\\/#\\\/schema\\\/person\\\/7d2f26d1483f8a63de73da1ee0754d35\",\"name\":\"Reda\u00e7\u00e3o Aconteceu no Vale\",\"description\":\"Equipe de reportagem do Aconteceu no Vale, portal de not\u00edcias do Vale do Jequitinhonha, em Minas Gerais. Cobrimos as 51 cidades do Vale desde 2013. Sugest\u00f5es de pauta e pedidos de corre\u00e7\u00e3o: contato@aconteceunovale.com.br\",\"url\":\"https:\\\/\\\/aconteceunovale.com.br\\\/portal\\\/?author=4\"}]}<\/script>\n<!-- \/ Yoast SEO plugin. -->","yoast_head_json":{"title":"Homic\u00eddios s\u00e3o registrados em Ipatinga e Governador Valadares - Aconteceu no Vale","robots":{"index":"index","follow":"follow","max-snippet":"max-snippet:-1","max-image-preview":"max-image-preview:large","max-video-preview":"max-video-preview:-1"},"canonical":"https:\/\/aconteceunovale.com.br\/portal\/?p=195049","og_locale":"pt_BR","og_type":"article","og_title":"Homic\u00eddios s\u00e3o registrados em Ipatinga e Governador Valadares - Aconteceu no Vale","og_description":"A sexta-feira (10\/1\/2025) foi marcada por homic\u00eddios nas duas principais cidades do Leste de Minas Gerais. Em Ipatinga, durante a tarde, um homem foi morto a tiros dentro de um supermercado. J\u00e1 em Governador Valadares, no final da manh\u00e3, um jovem de 25 anos tamb\u00e9m foi assassinado a tiros. Homic\u00eddio em Ipatinga Em Ipatinga, um [&hellip;]","og_url":"https:\/\/aconteceunovale.com.br\/portal\/?p=195049","og_site_name":"Aconteceu no Vale","article_publisher":"https:\/\/www.facebook.com\/aconteceunovale\/","article_published_time":"2025-01-11T00:13:52+00:00","article_modified_time":"2025-01-11T00:15:55+00:00","og_image":[{"width":678,"height":440,"url":"https:\/\/aconteceunovale.com.br\/portal\/wp-content\/uploads\/2021\/08\/plantao_sirene_policial.jpg","type":"image\/jpeg"}],"author":"Reda\u00e7\u00e3o Aconteceu no Vale","twitter_card":"summary_large_image","twitter_creator":"@noticiadosvales","twitter_site":"@noticiadosvales","twitter_misc":{"Escrito por":"Reda\u00e7\u00e3o Aconteceu no Vale","Est. tempo de leitura":"1 minuto"},"schema":{"@context":"https:\/\/schema.org","@graph":[{"@type":"Article","@id":"https:\/\/aconteceunovale.com.br\/portal\/?p=195049#article","isPartOf":{"@id":"https:\/\/aconteceunovale.com.br\/portal\/?p=195049"},"author":{"name":"Reda\u00e7\u00e3o Aconteceu no Vale","@id":"https:\/\/aconteceunovale.com.br\/portal\/#\/schema\/person\/7d2f26d1483f8a63de73da1ee0754d35"},"headline":"Homic\u00eddios s\u00e3o registrados em Ipatinga e Governador Valadares","datePublished":"2025-01-11T00:13:52+00:00","dateModified":"2025-01-11T00:15:55+00:00","mainEntityOfPage":{"@id":"https:\/\/aconteceunovale.com.br\/portal\/?p=195049"},"wordCount":285,"commentCount":0,"image":{"@id":"https:\/\/aconteceunovale.com.br\/portal\/?p=195049#primaryimage"},"thumbnailUrl":"https:\/\/aconteceunovale.com.br\/portal\/wp-content\/uploads\/2021\/08\/plantao_sirene_policial.jpg","keywords":["Gabriel Henrique da Silva","Governador Valadares","Homem morto dentro de supermercado em Ipatinga","Homem morto em Governador Valadares","homic\u00eddio em governador valadares","Homic\u00eddios s\u00e3o registrados em Ipatinga e Governador Valadares","Ipatinga","viol\u00eancia em Governador Valadares","Willian Silva Santana"],"articleSection":["Leste de Minas"],"inLanguage":"pt-BR","potentialAction":[{"@type":"CommentAction","name":"Comment","target":["https:\/\/aconteceunovale.com.br\/portal\/?p=195049#respond"]}]},{"@type":"WebPage","@id":"https:\/\/aconteceunovale.com.br\/portal\/?p=195049","url":"https:\/\/aconteceunovale.com.br\/portal\/?p=195049","name":"Homic\u00eddios s\u00e3o registrados em Ipatinga e Governador Valadares - Aconteceu no Vale","isPartOf":{"@id":"https:\/\/aconteceunovale.com.br\/portal\/#website"},"primaryImageOfPage":{"@id":"https:\/\/aconteceunovale.com.br\/portal\/?p=195049#primaryimage"},"image":{"@id":"https:\/\/aconteceunovale.com.br\/portal\/?p=195049#primaryimage"},"thumbnailUrl":"https:\/\/aconteceunovale.com.br\/portal\/wp-content\/uploads\/2021\/08\/plantao_sirene_policial.jpg","datePublished":"2025-01-11T00:13:52+00:00","dateModified":"2025-01-11T00:15:55+00:00","author":{"@id":"https:\/\/aconteceunovale.com.br\/portal\/#\/schema\/person\/7d2f26d1483f8a63de73da1ee0754d35"},"breadcrumb":{"@id":"https:\/\/aconteceunovale.com.br\/portal\/?p=195049#breadcrumb"},"inLanguage":"pt-BR","potentialAction":[{"@type":"ReadAction","target":["https:\/\/aconteceunovale.com.br\/portal\/?p=195049"]}]},{"@type":"ImageObject","inLanguage":"pt-BR","@id":"https:\/\/aconteceunovale.com.br\/portal\/?p=195049#primaryimage","url":"https:\/\/aconteceunovale.com.br\/portal\/wp-content\/uploads\/2021\/08\/plantao_sirene_policial.jpg","contentUrl":"https:\/\/aconteceunovale.com.br\/portal\/wp-content\/uploads\/2021\/08\/plantao_sirene_policial.jpg","width":678,"height":440},{"@type":"BreadcrumbList","@id":"https:\/\/aconteceunovale.com.br\/portal\/?p=195049#breadcrumb","itemListElement":[{"@type":"ListItem","position":1,"name":"In\u00edcio","item":"https:\/\/aconteceunovale.com.br\/portal\/"},{"@type":"ListItem","position":2,"name":"Homic\u00eddios s\u00e3o registrados em Ipatinga e Governador Valadares"}]},{"@type":"WebSite","@id":"https:\/\/aconteceunovale.com.br\/portal\/#website","url":"https:\/\/aconteceunovale.com.br\/portal\/","name":"Aconteceu no Vale","description":"Portal de Not\u00edcias","potentialAction":[{"@type":"SearchAction","target":{"@type":"EntryPoint","urlTemplate":"https:\/\/aconteceunovale.com.br\/portal\/?s={search_term_string}"},"query-input":{"@type":"PropertyValueSpecification","valueRequired":true,"valueName":"search_term_string"}}],"inLanguage":"pt-BR"},{"@type":"Person","@id":"https:\/\/aconteceunovale.com.br\/portal\/#\/schema\/person\/7d2f26d1483f8a63de73da1ee0754d35","name":"Reda\u00e7\u00e3o Aconteceu no Vale","description":"Equipe de reportagem do Aconteceu no Vale, portal de not\u00edcias do Vale do Jequitinhonha, em Minas Gerais. Cobrimos as 51 cidades do Vale desde 2013. Sugest\u00f5es de pauta e pedidos de corre\u00e7\u00e3o: contato@aconteceunovale.com.br","url":"https:\/\/aconteceunovale.com.br\/portal\/?author=4"}]}},"_links":{"self":[{"href":"https:\/\/aconteceunovale.com.br\/portal\/index.php?rest_route=\/wp\/v2\/posts\/195049","targetHints":{"allow":["GET"]}}],"collection":[{"href":"https:\/\/aconteceunovale.com.br\/portal\/index.php?rest_route=\/wp\/v2\/posts"}],"about":[{"href":"https:\/\/aconteceunovale.com.br\/portal\/index.php?rest_route=\/wp\/v2\/types\/post"}],"author":[{"embeddable":true,"href":"https:\/\/aconteceunovale.com.br\/portal\/index.php?rest_route=\/wp\/v2\/users\/4"}],"replies":[{"embeddable":true,"href":"https:\/\/aconteceunovale.com.br\/portal\/index.php?rest_route=%2Fwp%2Fv2%2Fcomments&post=195049"}],"version-history":[{"count":1,"href":"https:\/\/aconteceunovale.com.br\/portal\/index.php?rest_route=\/wp\/v2\/posts\/195049\/revisions"}],"predecessor-version":[{"id":195050,"href":"https:\/\/aconteceunovale.com.br\/portal\/index.php?rest_route=\/wp\/v2\/posts\/195049\/revisions\/195050"}],"wp:featuredmedia":[{"embeddable":true,"href":"https:\/\/aconteceunovale.com.br\/portal\/index.php?rest_route=\/wp\/v2\/media\/180925"}],"wp:attachment":[{"href":"https:\/\/aconteceunovale.com.br\/portal\/index.php?rest_route=%2Fwp%2Fv2%2Fmedia&parent=195049"}],"wp:term":[{"taxonomy":"category","embeddable":true,"href":"https:\/\/aconteceunovale.com.br\/portal\/index.php?rest_route=%2Fwp%2Fv2%2Fcategories&post=195049"},{"taxonomy":"post_tag","embeddable":true,"href":"https:\/\/aconteceunovale.com.br\/portal\/index.php?rest_route=%2Fwp%2Fv2%2Ftags&post=195049"}],"curies":[{"name":"wp","href":"https:\/\/api.w.org\/{rel}","templated":true}]}}