{"id":195044,"date":"2025-01-10T21:04:20","date_gmt":"2025-01-11T00:04:20","guid":{"rendered":"https:\/\/aconteceunovale.com.br\/portal\/?p=195044"},"modified":"2025-01-10T21:05:13","modified_gmt":"2025-01-11T00:05:13","slug":"carreta-tanque-com-50-mil-litros-de-etanol-tomba-na-br-365","status":"publish","type":"post","link":"https:\/\/aconteceunovale.com.br\/portal\/?p=195044","title":{"rendered":"Carreta-tanque com 50 mil litros de etanol tomba na BR-365"},"content":{"rendered":"\n<p class=\"wp-block-paragraph\">Na madrugada de quinta-feira (9\/1\/2025), uma carreta-tanque carregada com cerca de 50 mil litros de etanol anidro tombou na BR-365, pr\u00f3ximo ao km 60, ap\u00f3s o trevo de Claro dos Po\u00e7\u00f5es, no Norte de Minas Gerais. O acidente mobilizou o Corpo de Bombeiros Militar de Montes Claros, a Pol\u00edcia Rodovi\u00e1ria Federal (PRF) e t\u00e9cnicos da Ambipar devido ao risco iminente de inc\u00eandio e explos\u00e3o.<\/p>\n\n\n\n<figure class=\"wp-block-gallery has-nested-images columns-default is-cropped wp-block-gallery-1 is-layout-flex wp-block-gallery-is-layout-flex\">\n<figure class=\"wp-block-image size-large\"><img loading=\"lazy\" decoding=\"async\" width=\"678\" height=\"441\" data-id=\"195045\" src=\"https:\/\/aconteceunovale.com.br\/portal\/wp-content\/uploads\/2025\/01\/acidente_carreta_365_1.png\" alt=\"\" class=\"wp-image-195045\" srcset=\"https:\/\/aconteceunovale.com.br\/portal\/wp-content\/uploads\/2025\/01\/acidente_carreta_365_1.png 678w, https:\/\/aconteceunovale.com.br\/portal\/wp-content\/uploads\/2025\/01\/acidente_carreta_365_1-300x195.png 300w, https:\/\/aconteceunovale.com.br\/portal\/wp-content\/uploads\/2025\/01\/acidente_carreta_365_1-646x420.png 646w\" sizes=\"auto, (max-width: 678px) 100vw, 678px\" \/><figcaption class=\"wp-element-caption\"><em>Foto: Divulga\u00e7\u00e3o \/ Corpo de Bombeiros<\/em><\/figcaption><\/figure>\n<\/figure>\n\n\n\n<h3 class=\"wp-block-heading\">Din\u00e2mica do acidente<\/h3>\n\n\n\n<p class=\"wp-block-paragraph\">O ve\u00edculo, que seguia de Buritizal (SP) para S\u00e3o Francisco do Conde (BA), tombou por volta das 2h da madrugada ap\u00f3s o motorista perder o controle da dire\u00e7\u00e3o. Ele sofreu apenas um ferimento na perna direita e foi atendido no local. Inicialmente, n\u00e3o houve vazamento do combust\u00edvel. Contudo, \u00e0s 11h, foi constatado um derramamento de etanol pela escotilha do tanque, elevando significativamente os riscos.<\/p>\n\n\n\n<h3 class=\"wp-block-heading\">A\u00e7\u00f5es de emerg\u00eancia<\/h3>\n\n\n\n<p class=\"wp-block-paragraph\">As equipes de resgate realizaram o isolamento de um raio de seguran\u00e7a, seguindo protocolos para acidentes com produtos perigosos, e interromperam totalmente o tr\u00e1fego na rodovia. Para conter os riscos, foram montados dois pontos de combate a inc\u00eandio, com uso de l\u00edquido gerador de espuma para inertizar os gases inflam\u00e1veis. Equipamentos de prote\u00e7\u00e3o individual espec\u00edficos e monitoramento de gases inflam\u00e1veis tamb\u00e9m foram empregados.<\/p>\n\n\n\n<p class=\"wp-block-paragraph\">Por volta das 18h, iniciou-se o transbordo do etanol para outro ve\u00edculo, seguido pelo destombamento da carreta. A opera\u00e7\u00e3o foi conclu\u00edda \u00e0s 3h da madrugada desta sexta-feira (10), com a libera\u00e7\u00e3o da rodovia e a restaura\u00e7\u00e3o completa da seguran\u00e7a no local.<\/p>\n\n\n\n<h3 class=\"wp-block-heading\">Integra\u00e7\u00e3o das equipes<\/h3>\n\n\n\n<p class=\"wp-block-paragraph\">A ocorr\u00eancia foi conduzida de forma integrada entre o Corpo de Bombeiros Militar, a PRF e a equipe t\u00e9cnica da Ambipar, garantindo a neutraliza\u00e7\u00e3o dos riscos e a seguran\u00e7a da popula\u00e7\u00e3o e do meio ambiente.<\/p>\n\n\n\n<figure class=\"wp-block-gallery has-nested-images columns-1 is-cropped wp-block-gallery-2 is-layout-flex wp-block-gallery-is-layout-flex\">\n<figure class=\"wp-block-image size-large\"><img loading=\"lazy\" decoding=\"async\" width=\"678\" height=\"438\" data-id=\"195046\" src=\"https:\/\/aconteceunovale.com.br\/portal\/wp-content\/uploads\/2025\/01\/acidente_carreta_365_3.png\" alt=\"\" class=\"wp-image-195046\" srcset=\"https:\/\/aconteceunovale.com.br\/portal\/wp-content\/uploads\/2025\/01\/acidente_carreta_365_3.png 678w, https:\/\/aconteceunovale.com.br\/portal\/wp-content\/uploads\/2025\/01\/acidente_carreta_365_3-300x194.png 300w, https:\/\/aconteceunovale.com.br\/portal\/wp-content\/uploads\/2025\/01\/acidente_carreta_365_3-650x420.png 650w\" sizes=\"auto, (max-width: 678px) 100vw, 678px\" \/><figcaption class=\"wp-element-caption\"><em>Foto: Divulga\u00e7\u00e3o \/ Corpo de Bombeiros<\/em><\/figcaption><\/figure>\n\n\n\n<figure class=\"wp-block-image size-large\"><img loading=\"lazy\" decoding=\"async\" width=\"673\" height=\"450\" data-id=\"195047\" src=\"https:\/\/aconteceunovale.com.br\/portal\/wp-content\/uploads\/2025\/01\/acidente_carreta_365_2.png\" alt=\"\" class=\"wp-image-195047\" srcset=\"https:\/\/aconteceunovale.com.br\/portal\/wp-content\/uploads\/2025\/01\/acidente_carreta_365_2.png 673w, https:\/\/aconteceunovale.com.br\/portal\/wp-content\/uploads\/2025\/01\/acidente_carreta_365_2-300x201.png 300w, https:\/\/aconteceunovale.com.br\/portal\/wp-content\/uploads\/2025\/01\/acidente_carreta_365_2-628x420.png 628w\" sizes=\"auto, (max-width: 673px) 100vw, 673px\" \/><figcaption class=\"wp-element-caption\"><em>Foto: Divulga\u00e7\u00e3o \/ Corpo de Bombeiros<\/em><\/figcaption><\/figure>\n<\/figure>\n","protected":false},"excerpt":{"rendered":"<p>Na madrugada de quinta-feira (9\/1\/2025), uma carreta-tanque carregada com cerca de 50 mil litros de etanol anidro tombou na BR-365, pr\u00f3ximo ao km 60, ap\u00f3s o trevo de Claro dos Po\u00e7\u00f5es, no Norte de Minas Gerais. O acidente mobilizou o Corpo de Bombeiros Militar de Montes Claros, a Pol\u00edcia Rodovi\u00e1ria Federal (PRF) e t\u00e9cnicos da [&hellip;]<\/p>\n","protected":false},"author":4,"featured_media":195045,"comment_status":"open","ping_status":"closed","sticky":false,"template":"","format":"standard","meta":{"amp_status":"","footnotes":""},"categories":[1236],"tags":[269315,207970,162900,207894,269314],"class_list":["post-195044","post","type-post","status-publish","format-standard","has-post-thumbnail","hentry","category-norte_de_minas","tag-acidente-com-carreta-tanque-na-br-365","tag-acidente-na-br-365-2","tag-acidente-na-br-365-em-claro-dos-pocoes","tag-br-365-2","tag-carreta-tanque-com-50-mil-litros-de-etanol-tomba-na-br-365"],"yoast_head":"<!-- This site is optimized with the Yoast SEO plugin v28.3 - https:\/\/yoast.com\/product\/yoast-seo-wordpress\/ -->\n<title>Carreta-tanque com 50 mil litros de etanol tomba na BR-365 - Aconteceu no Vale<\/title>\n<meta name=\"robots\" content=\"index, follow, max-snippet:-1, max-image-preview:large, max-video-preview:-1\" \/>\n<link rel=\"canonical\" href=\"https:\/\/aconteceunovale.com.br\/portal\/?p=195044\" \/>\n<meta property=\"og:locale\" content=\"pt_BR\" \/>\n<meta property=\"og:type\" content=\"article\" \/>\n<meta property=\"og:title\" content=\"Carreta-tanque com 50 mil litros de etanol tomba na BR-365 - Aconteceu no Vale\" \/>\n<meta property=\"og:description\" content=\"Na madrugada de quinta-feira (9\/1\/2025), uma carreta-tanque carregada com cerca de 50 mil litros de etanol anidro tombou na BR-365, pr\u00f3ximo ao km 60, ap\u00f3s o trevo de Claro dos Po\u00e7\u00f5es, no Norte de Minas Gerais. O acidente mobilizou o Corpo de Bombeiros Militar de Montes Claros, a Pol\u00edcia Rodovi\u00e1ria Federal (PRF) e t\u00e9cnicos da [&hellip;]\" \/>\n<meta property=\"og:url\" content=\"https:\/\/aconteceunovale.com.br\/portal\/?p=195044\" \/>\n<meta property=\"og:site_name\" content=\"Aconteceu no Vale\" \/>\n<meta property=\"article:publisher\" content=\"https:\/\/www.facebook.com\/aconteceunovale\/\" \/>\n<meta property=\"article:published_time\" content=\"2025-01-11T00:04:20+00:00\" \/>\n<meta property=\"article:modified_time\" content=\"2025-01-11T00:05:13+00:00\" \/>\n<meta property=\"og:image\" content=\"https:\/\/aconteceunovale.com.br\/portal\/wp-content\/uploads\/2025\/01\/acidente_carreta_365_1.png\" \/>\n\t<meta property=\"og:image:width\" content=\"678\" \/>\n\t<meta property=\"og:image:height\" content=\"441\" \/>\n\t<meta property=\"og:image:type\" content=\"image\/png\" \/>\n<meta name=\"author\" content=\"Reda\u00e7\u00e3o Aconteceu no Vale\" \/>\n<meta name=\"twitter:card\" content=\"summary_large_image\" \/>\n<meta name=\"twitter:creator\" content=\"@noticiadosvales\" \/>\n<meta name=\"twitter:site\" content=\"@noticiadosvales\" \/>\n<meta name=\"twitter:label1\" content=\"Escrito por\" \/>\n\t<meta name=\"twitter:data1\" content=\"Reda\u00e7\u00e3o Aconteceu no Vale\" \/>\n\t<meta name=\"twitter:label2\" content=\"Est. tempo de leitura\" \/>\n\t<meta name=\"twitter:data2\" content=\"2 minutos\" \/>\n<script type=\"application\/ld+json\" class=\"yoast-schema-graph\">{\"@context\":\"https:\\\/\\\/schema.org\",\"@graph\":[{\"@type\":\"Article\",\"@id\":\"https:\\\/\\\/aconteceunovale.com.br\\\/portal\\\/?p=195044#article\",\"isPartOf\":{\"@id\":\"https:\\\/\\\/aconteceunovale.com.br\\\/portal\\\/?p=195044\"},\"author\":{\"name\":\"Reda\u00e7\u00e3o Aconteceu no Vale\",\"@id\":\"https:\\\/\\\/aconteceunovale.com.br\\\/portal\\\/#\\\/schema\\\/person\\\/7d2f26d1483f8a63de73da1ee0754d35\"},\"headline\":\"Carreta-tanque com 50 mil litros de etanol tomba na BR-365\",\"datePublished\":\"2025-01-11T00:04:20+00:00\",\"dateModified\":\"2025-01-11T00:05:13+00:00\",\"mainEntityOfPage\":{\"@id\":\"https:\\\/\\\/aconteceunovale.com.br\\\/portal\\\/?p=195044\"},\"wordCount\":337,\"commentCount\":0,\"image\":{\"@id\":\"https:\\\/\\\/aconteceunovale.com.br\\\/portal\\\/?p=195044#primaryimage\"},\"thumbnailUrl\":\"https:\\\/\\\/aconteceunovale.com.br\\\/portal\\\/wp-content\\\/uploads\\\/2025\\\/01\\\/acidente_carreta_365_1.png\",\"keywords\":[\"Acidente com carreta-tanque na BR-365\",\"Acidente na BR-365\",\"Acidente na BR-365 em Claro dos Po\u00e7\u00f5es\",\"BR-365\",\"Carreta-tanque com 50 mil litros de etanol tomba na BR-365\"],\"articleSection\":[\"Norte de Minas\"],\"inLanguage\":\"pt-BR\",\"potentialAction\":[{\"@type\":\"CommentAction\",\"name\":\"Comment\",\"target\":[\"https:\\\/\\\/aconteceunovale.com.br\\\/portal\\\/?p=195044#respond\"]}]},{\"@type\":\"WebPage\",\"@id\":\"https:\\\/\\\/aconteceunovale.com.br\\\/portal\\\/?p=195044\",\"url\":\"https:\\\/\\\/aconteceunovale.com.br\\\/portal\\\/?p=195044\",\"name\":\"Carreta-tanque com 50 mil litros de etanol tomba na BR-365 - Aconteceu no Vale\",\"isPartOf\":{\"@id\":\"https:\\\/\\\/aconteceunovale.com.br\\\/portal\\\/#website\"},\"primaryImageOfPage\":{\"@id\":\"https:\\\/\\\/aconteceunovale.com.br\\\/portal\\\/?p=195044#primaryimage\"},\"image\":{\"@id\":\"https:\\\/\\\/aconteceunovale.com.br\\\/portal\\\/?p=195044#primaryimage\"},\"thumbnailUrl\":\"https:\\\/\\\/aconteceunovale.com.br\\\/portal\\\/wp-content\\\/uploads\\\/2025\\\/01\\\/acidente_carreta_365_1.png\",\"datePublished\":\"2025-01-11T00:04:20+00:00\",\"dateModified\":\"2025-01-11T00:05:13+00:00\",\"author\":{\"@id\":\"https:\\\/\\\/aconteceunovale.com.br\\\/portal\\\/#\\\/schema\\\/person\\\/7d2f26d1483f8a63de73da1ee0754d35\"},\"breadcrumb\":{\"@id\":\"https:\\\/\\\/aconteceunovale.com.br\\\/portal\\\/?p=195044#breadcrumb\"},\"inLanguage\":\"pt-BR\",\"potentialAction\":[{\"@type\":\"ReadAction\",\"target\":[\"https:\\\/\\\/aconteceunovale.com.br\\\/portal\\\/?p=195044\"]}]},{\"@type\":\"ImageObject\",\"inLanguage\":\"pt-BR\",\"@id\":\"https:\\\/\\\/aconteceunovale.com.br\\\/portal\\\/?p=195044#primaryimage\",\"url\":\"https:\\\/\\\/aconteceunovale.com.br\\\/portal\\\/wp-content\\\/uploads\\\/2025\\\/01\\\/acidente_carreta_365_1.png\",\"contentUrl\":\"https:\\\/\\\/aconteceunovale.com.br\\\/portal\\\/wp-content\\\/uploads\\\/2025\\\/01\\\/acidente_carreta_365_1.png\",\"width\":678,\"height\":441,\"caption\":\"Foto: Divulga\u00e7\u00e3o \\\/ Corpo de Bombeiros\"},{\"@type\":\"BreadcrumbList\",\"@id\":\"https:\\\/\\\/aconteceunovale.com.br\\\/portal\\\/?p=195044#breadcrumb\",\"itemListElement\":[{\"@type\":\"ListItem\",\"position\":1,\"name\":\"In\u00edcio\",\"item\":\"https:\\\/\\\/aconteceunovale.com.br\\\/portal\\\/\"},{\"@type\":\"ListItem\",\"position\":2,\"name\":\"Carreta-tanque com 50 mil litros de etanol tomba na BR-365\"}]},{\"@type\":\"WebSite\",\"@id\":\"https:\\\/\\\/aconteceunovale.com.br\\\/portal\\\/#website\",\"url\":\"https:\\\/\\\/aconteceunovale.com.br\\\/portal\\\/\",\"name\":\"Aconteceu no Vale\",\"description\":\"Portal de Not\u00edcias\",\"potentialAction\":[{\"@type\":\"SearchAction\",\"target\":{\"@type\":\"EntryPoint\",\"urlTemplate\":\"https:\\\/\\\/aconteceunovale.com.br\\\/portal\\\/?s={search_term_string}\"},\"query-input\":{\"@type\":\"PropertyValueSpecification\",\"valueRequired\":true,\"valueName\":\"search_term_string\"}}],\"inLanguage\":\"pt-BR\"},{\"@type\":\"Person\",\"@id\":\"https:\\\/\\\/aconteceunovale.com.br\\\/portal\\\/#\\\/schema\\\/person\\\/7d2f26d1483f8a63de73da1ee0754d35\",\"name\":\"Reda\u00e7\u00e3o Aconteceu no Vale\",\"description\":\"Equipe de reportagem do Aconteceu no Vale, portal de not\u00edcias do Vale do Jequitinhonha, em Minas Gerais. Cobrimos as 51 cidades do Vale desde 2013. Sugest\u00f5es de pauta e pedidos de corre\u00e7\u00e3o: contato@aconteceunovale.com.br\",\"url\":\"https:\\\/\\\/aconteceunovale.com.br\\\/portal\\\/?author=4\"}]}<\/script>\n<!-- \/ Yoast SEO plugin. -->","yoast_head_json":{"title":"Carreta-tanque com 50 mil litros de etanol tomba na BR-365 - Aconteceu no Vale","robots":{"index":"index","follow":"follow","max-snippet":"max-snippet:-1","max-image-preview":"max-image-preview:large","max-video-preview":"max-video-preview:-1"},"canonical":"https:\/\/aconteceunovale.com.br\/portal\/?p=195044","og_locale":"pt_BR","og_type":"article","og_title":"Carreta-tanque com 50 mil litros de etanol tomba na BR-365 - Aconteceu no Vale","og_description":"Na madrugada de quinta-feira (9\/1\/2025), uma carreta-tanque carregada com cerca de 50 mil litros de etanol anidro tombou na BR-365, pr\u00f3ximo ao km 60, ap\u00f3s o trevo de Claro dos Po\u00e7\u00f5es, no Norte de Minas Gerais. O acidente mobilizou o Corpo de Bombeiros Militar de Montes Claros, a Pol\u00edcia Rodovi\u00e1ria Federal (PRF) e t\u00e9cnicos da [&hellip;]","og_url":"https:\/\/aconteceunovale.com.br\/portal\/?p=195044","og_site_name":"Aconteceu no Vale","article_publisher":"https:\/\/www.facebook.com\/aconteceunovale\/","article_published_time":"2025-01-11T00:04:20+00:00","article_modified_time":"2025-01-11T00:05:13+00:00","og_image":[{"width":678,"height":441,"url":"https:\/\/aconteceunovale.com.br\/portal\/wp-content\/uploads\/2025\/01\/acidente_carreta_365_1.png","type":"image\/png"}],"author":"Reda\u00e7\u00e3o Aconteceu no Vale","twitter_card":"summary_large_image","twitter_creator":"@noticiadosvales","twitter_site":"@noticiadosvales","twitter_misc":{"Escrito por":"Reda\u00e7\u00e3o Aconteceu no Vale","Est. tempo de leitura":"2 minutos"},"schema":{"@context":"https:\/\/schema.org","@graph":[{"@type":"Article","@id":"https:\/\/aconteceunovale.com.br\/portal\/?p=195044#article","isPartOf":{"@id":"https:\/\/aconteceunovale.com.br\/portal\/?p=195044"},"author":{"name":"Reda\u00e7\u00e3o Aconteceu no Vale","@id":"https:\/\/aconteceunovale.com.br\/portal\/#\/schema\/person\/7d2f26d1483f8a63de73da1ee0754d35"},"headline":"Carreta-tanque com 50 mil litros de etanol tomba na BR-365","datePublished":"2025-01-11T00:04:20+00:00","dateModified":"2025-01-11T00:05:13+00:00","mainEntityOfPage":{"@id":"https:\/\/aconteceunovale.com.br\/portal\/?p=195044"},"wordCount":337,"commentCount":0,"image":{"@id":"https:\/\/aconteceunovale.com.br\/portal\/?p=195044#primaryimage"},"thumbnailUrl":"https:\/\/aconteceunovale.com.br\/portal\/wp-content\/uploads\/2025\/01\/acidente_carreta_365_1.png","keywords":["Acidente com carreta-tanque na BR-365","Acidente na BR-365","Acidente na BR-365 em Claro dos Po\u00e7\u00f5es","BR-365","Carreta-tanque com 50 mil litros de etanol tomba na BR-365"],"articleSection":["Norte de Minas"],"inLanguage":"pt-BR","potentialAction":[{"@type":"CommentAction","name":"Comment","target":["https:\/\/aconteceunovale.com.br\/portal\/?p=195044#respond"]}]},{"@type":"WebPage","@id":"https:\/\/aconteceunovale.com.br\/portal\/?p=195044","url":"https:\/\/aconteceunovale.com.br\/portal\/?p=195044","name":"Carreta-tanque com 50 mil litros de etanol tomba na BR-365 - Aconteceu no Vale","isPartOf":{"@id":"https:\/\/aconteceunovale.com.br\/portal\/#website"},"primaryImageOfPage":{"@id":"https:\/\/aconteceunovale.com.br\/portal\/?p=195044#primaryimage"},"image":{"@id":"https:\/\/aconteceunovale.com.br\/portal\/?p=195044#primaryimage"},"thumbnailUrl":"https:\/\/aconteceunovale.com.br\/portal\/wp-content\/uploads\/2025\/01\/acidente_carreta_365_1.png","datePublished":"2025-01-11T00:04:20+00:00","dateModified":"2025-01-11T00:05:13+00:00","author":{"@id":"https:\/\/aconteceunovale.com.br\/portal\/#\/schema\/person\/7d2f26d1483f8a63de73da1ee0754d35"},"breadcrumb":{"@id":"https:\/\/aconteceunovale.com.br\/portal\/?p=195044#breadcrumb"},"inLanguage":"pt-BR","potentialAction":[{"@type":"ReadAction","target":["https:\/\/aconteceunovale.com.br\/portal\/?p=195044"]}]},{"@type":"ImageObject","inLanguage":"pt-BR","@id":"https:\/\/aconteceunovale.com.br\/portal\/?p=195044#primaryimage","url":"https:\/\/aconteceunovale.com.br\/portal\/wp-content\/uploads\/2025\/01\/acidente_carreta_365_1.png","contentUrl":"https:\/\/aconteceunovale.com.br\/portal\/wp-content\/uploads\/2025\/01\/acidente_carreta_365_1.png","width":678,"height":441,"caption":"Foto: Divulga\u00e7\u00e3o \/ Corpo de Bombeiros"},{"@type":"BreadcrumbList","@id":"https:\/\/aconteceunovale.com.br\/portal\/?p=195044#breadcrumb","itemListElement":[{"@type":"ListItem","position":1,"name":"In\u00edcio","item":"https:\/\/aconteceunovale.com.br\/portal\/"},{"@type":"ListItem","position":2,"name":"Carreta-tanque com 50 mil litros de etanol tomba na BR-365"}]},{"@type":"WebSite","@id":"https:\/\/aconteceunovale.com.br\/portal\/#website","url":"https:\/\/aconteceunovale.com.br\/portal\/","name":"Aconteceu no Vale","description":"Portal de Not\u00edcias","potentialAction":[{"@type":"SearchAction","target":{"@type":"EntryPoint","urlTemplate":"https:\/\/aconteceunovale.com.br\/portal\/?s={search_term_string}"},"query-input":{"@type":"PropertyValueSpecification","valueRequired":true,"valueName":"search_term_string"}}],"inLanguage":"pt-BR"},{"@type":"Person","@id":"https:\/\/aconteceunovale.com.br\/portal\/#\/schema\/person\/7d2f26d1483f8a63de73da1ee0754d35","name":"Reda\u00e7\u00e3o Aconteceu no Vale","description":"Equipe de reportagem do Aconteceu no Vale, portal de not\u00edcias do Vale do Jequitinhonha, em Minas Gerais. Cobrimos as 51 cidades do Vale desde 2013. Sugest\u00f5es de pauta e pedidos de corre\u00e7\u00e3o: contato@aconteceunovale.com.br","url":"https:\/\/aconteceunovale.com.br\/portal\/?author=4"}]}},"_links":{"self":[{"href":"https:\/\/aconteceunovale.com.br\/portal\/index.php?rest_route=\/wp\/v2\/posts\/195044","targetHints":{"allow":["GET"]}}],"collection":[{"href":"https:\/\/aconteceunovale.com.br\/portal\/index.php?rest_route=\/wp\/v2\/posts"}],"about":[{"href":"https:\/\/aconteceunovale.com.br\/portal\/index.php?rest_route=\/wp\/v2\/types\/post"}],"author":[{"embeddable":true,"href":"https:\/\/aconteceunovale.com.br\/portal\/index.php?rest_route=\/wp\/v2\/users\/4"}],"replies":[{"embeddable":true,"href":"https:\/\/aconteceunovale.com.br\/portal\/index.php?rest_route=%2Fwp%2Fv2%2Fcomments&post=195044"}],"version-history":[{"count":1,"href":"https:\/\/aconteceunovale.com.br\/portal\/index.php?rest_route=\/wp\/v2\/posts\/195044\/revisions"}],"predecessor-version":[{"id":195048,"href":"https:\/\/aconteceunovale.com.br\/portal\/index.php?rest_route=\/wp\/v2\/posts\/195044\/revisions\/195048"}],"wp:featuredmedia":[{"embeddable":true,"href":"https:\/\/aconteceunovale.com.br\/portal\/index.php?rest_route=\/wp\/v2\/media\/195045"}],"wp:attachment":[{"href":"https:\/\/aconteceunovale.com.br\/portal\/index.php?rest_route=%2Fwp%2Fv2%2Fmedia&parent=195044"}],"wp:term":[{"taxonomy":"category","embeddable":true,"href":"https:\/\/aconteceunovale.com.br\/portal\/index.php?rest_route=%2Fwp%2Fv2%2Fcategories&post=195044"},{"taxonomy":"post_tag","embeddable":true,"href":"https:\/\/aconteceunovale.com.br\/portal\/index.php?rest_route=%2Fwp%2Fv2%2Ftags&post=195044"}],"curies":[{"name":"wp","href":"https:\/\/api.w.org\/{rel}","templated":true}]}}