{"id":195029,"date":"2025-01-10T18:33:11","date_gmt":"2025-01-10T21:33:11","guid":{"rendered":"https:\/\/aconteceunovale.com.br\/portal\/?p=195029"},"modified":"2025-01-11T10:21:54","modified_gmt":"2025-01-11T13:21:54","slug":"homem-e-indiciado-por-importunacao-sexual-e-perseguicao-em-pedra-azul","status":"publish","type":"post","link":"https:\/\/aconteceunovale.com.br\/portal\/?p=195029","title":{"rendered":"Homem \u00e9 indiciado por importuna\u00e7\u00e3o sexual e persegui\u00e7\u00e3o no Vale do Jequitinhonha"},"content":{"rendered":"\n<p class=\"wp-block-paragraph\">A Delegacia Regional da Pol\u00edcia Civil de Minas Gerais (PCMG) em Pedra Azul, no Vale do Jequitinhonha, concluiu as investiga\u00e7\u00f5es e indiciou um homem de 52 anos pelos crimes de importuna\u00e7\u00e3o sexual e persegui\u00e7\u00e3o na cidade de Cachoeira de Paje\u00fa, na mesma regi\u00e3o. A v\u00edtima \u00e9 uma enfermeira.<\/p>\n\n\n\n<figure class=\"wp-block-gallery has-nested-images columns-default is-cropped wp-block-gallery-1 is-layout-flex wp-block-gallery-is-layout-flex\">\n<figure class=\"wp-block-image size-large\"><img loading=\"lazy\" decoding=\"async\" width=\"678\" height=\"408\" data-id=\"195030\" src=\"https:\/\/aconteceunovale.com.br\/portal\/wp-content\/uploads\/2025\/01\/pcmg_pedra_azul.png\" alt=\"\" class=\"wp-image-195030\" srcset=\"https:\/\/aconteceunovale.com.br\/portal\/wp-content\/uploads\/2025\/01\/pcmg_pedra_azul.png 678w, https:\/\/aconteceunovale.com.br\/portal\/wp-content\/uploads\/2025\/01\/pcmg_pedra_azul-300x181.png 300w\" sizes=\"auto, (max-width: 678px) 100vw, 678px\" \/><figcaption class=\"wp-element-caption\"><em>Foto: Divulga\u00e7\u00e3o \/ PCMG<\/em><\/figcaption><\/figure>\n<\/figure>\n\n\n\n<h3 class=\"wp-block-heading\">Entenda o caso<\/h3>\n\n\n\n<p class=\"wp-block-paragraph\">Na semana passada, a enfermeira procurou a Pol\u00edcia Civil para denunciar que estava sendo perseguida pelo suspeito, tanto em seu local de trabalho quanto em sua resid\u00eancia. A v\u00edtima relatou ainda que, em outra ocasi\u00e3o, o homem compareceu ao estabelecimento onde ela presta servi\u00e7os, solicitando que sua press\u00e3o arterial fosse aferida, momento em que aproveitou para assedi\u00e1-la.<\/p>\n\n\n\n<h3 class=\"wp-block-heading\">Pris\u00e3o do suspeito<\/h3>\n\n\n\n<p class=\"wp-block-paragraph\">Com apoio da Pol\u00edcia Militar, a PCMG localizou o homem em Cachoeira de Paje\u00fa, munic\u00edpio situado a 31 quil\u00f4metros de Pedra Azul. Ele foi conduzido \u00e0 delegacia, autuado em flagrante e encaminhado ao sistema prisional.<\/p>\n\n\n\n<h3 class=\"wp-block-heading\">Hist\u00f3rico de comportamento<\/h3>\n\n\n\n<p class=\"wp-block-paragraph\">De acordo com o delegado Thiago Carvalho, o investigado j\u00e1 havia cometido atos semelhantes contra outras mulheres na cidade, inclusive em estabelecimentos comerciais. \u201cEssas a\u00e7\u00f5es vinham gerando bastante temor na popula\u00e7\u00e3o local\u201d, afirmou o delegado.<\/p>\n\n\n\n<h3 class=\"wp-block-heading\">Medidas judiciais<\/h3>\n\n\n\n<p class=\"wp-block-paragraph\">Diante da gravidade das acusa\u00e7\u00f5es e da reincid\u00eancia dos atos, a Pol\u00edcia Civil representou pela pris\u00e3o preventiva do suspeito, medida que foi deferida pelo Poder Judici\u00e1rio.<\/p>\n\n\n\n<p class=\"wp-block-paragraph\"><\/p>\n\n\n\n<p class=\"wp-block-paragraph\"><sub><em><strong>ERRATA: <\/strong>A Assessoria de Comunica\u00e7\u00e3o (ASCOM) da Pol\u00edcia Civil de Minas Gerais (PCMG) divulgou, \u00e0s 15h10 do dia 10\/1\/2025, no site oficial da institui\u00e7\u00e3o, que o caso teria ocorrido no hospital de Pedra Azul. No entanto, em contato com o delegado Thiago Carvalho, foi esclarecido que os crimes foram cometidos em Cachoeira de Paje\u00fa e que a investiga\u00e7\u00e3o foi conduzida pela Delegacia Regional de Pedra Azul. O Aconteceu no Vale pede desculpas pelos transtornos e refor\u00e7a seu compromisso de levar informa\u00e7\u00e3o precisa e de qualidade aos seus leitores.<\/em><\/sub><\/p>\n","protected":false},"excerpt":{"rendered":"<p>A Delegacia Regional da Pol\u00edcia Civil de Minas Gerais (PCMG) em Pedra Azul, no Vale do Jequitinhonha, concluiu as investiga\u00e7\u00f5es e indiciou um homem de 52 anos pelos crimes de importuna\u00e7\u00e3o sexual e persegui\u00e7\u00e3o na cidade de Cachoeira de Paje\u00fa, na mesma regi\u00e3o. A v\u00edtima \u00e9 uma enfermeira. Entenda o caso Na semana passada, a [&hellip;]<\/p>\n","protected":false},"author":4,"featured_media":195030,"comment_status":"open","ping_status":"closed","sticky":false,"template":"","format":"standard","meta":{"amp_status":"","footnotes":""},"categories":[120],"tags":[5258,269304,94808,269328,269330,604,252710,455,243953,269329],"class_list":["post-195029","post","type-post","status-publish","format-standard","has-post-thumbnail","hentry","category-jequi","tag-cachoeira-de-pajeu","tag-delegado-de-pedra-azul","tag-delegado-thiago-carvalho","tag-homem-e-indiciado-por-importunacao-sexual-e-perseguicao-em-cachoeira-de-pajeu","tag-homem-e-indiciado-por-importunacao-sexual-e-perseguicao-no-vale-do-jequitinhonha","tag-pcmg","tag-pcmg-em-pedra-azul","tag-pedra-azul","tag-policia-civil-em-pedra-azul","tag-preso-em-cachoeira-de-pajeu"],"yoast_head":"<!-- This site is optimized with the Yoast SEO plugin v28.3 - https:\/\/yoast.com\/product\/yoast-seo-wordpress\/ -->\n<title>Homem \u00e9 indiciado por importuna\u00e7\u00e3o sexual e persegui\u00e7\u00e3o no Vale do Jequitinhonha - Aconteceu no Vale<\/title>\n<meta name=\"robots\" content=\"index, follow, max-snippet:-1, max-image-preview:large, max-video-preview:-1\" \/>\n<link rel=\"canonical\" href=\"https:\/\/aconteceunovale.com.br\/portal\/?p=195029\" \/>\n<meta property=\"og:locale\" content=\"pt_BR\" \/>\n<meta property=\"og:type\" content=\"article\" \/>\n<meta property=\"og:title\" content=\"Homem \u00e9 indiciado por importuna\u00e7\u00e3o sexual e persegui\u00e7\u00e3o no Vale do Jequitinhonha - Aconteceu no Vale\" \/>\n<meta property=\"og:description\" content=\"A Delegacia Regional da Pol\u00edcia Civil de Minas Gerais (PCMG) em Pedra Azul, no Vale do Jequitinhonha, concluiu as investiga\u00e7\u00f5es e indiciou um homem de 52 anos pelos crimes de importuna\u00e7\u00e3o sexual e persegui\u00e7\u00e3o na cidade de Cachoeira de Paje\u00fa, na mesma regi\u00e3o. A v\u00edtima \u00e9 uma enfermeira. Entenda o caso Na semana passada, a [&hellip;]\" \/>\n<meta property=\"og:url\" content=\"https:\/\/aconteceunovale.com.br\/portal\/?p=195029\" \/>\n<meta property=\"og:site_name\" content=\"Aconteceu no Vale\" \/>\n<meta property=\"article:publisher\" content=\"https:\/\/www.facebook.com\/aconteceunovale\/\" \/>\n<meta property=\"article:published_time\" content=\"2025-01-10T21:33:11+00:00\" \/>\n<meta property=\"article:modified_time\" content=\"2025-01-11T13:21:54+00:00\" \/>\n<meta property=\"og:image\" content=\"https:\/\/aconteceunovale.com.br\/portal\/wp-content\/uploads\/2025\/01\/pcmg_pedra_azul.png\" \/>\n\t<meta property=\"og:image:width\" content=\"678\" \/>\n\t<meta property=\"og:image:height\" content=\"408\" \/>\n\t<meta property=\"og:image:type\" content=\"image\/png\" \/>\n<meta name=\"author\" content=\"Reda\u00e7\u00e3o Aconteceu no Vale\" \/>\n<meta name=\"twitter:card\" content=\"summary_large_image\" \/>\n<meta name=\"twitter:creator\" content=\"@noticiadosvales\" \/>\n<meta name=\"twitter:site\" content=\"@noticiadosvales\" \/>\n<meta name=\"twitter:label1\" content=\"Escrito por\" \/>\n\t<meta name=\"twitter:data1\" content=\"Reda\u00e7\u00e3o Aconteceu no Vale\" \/>\n\t<meta name=\"twitter:label2\" content=\"Est. tempo de leitura\" \/>\n\t<meta name=\"twitter:data2\" content=\"2 minutos\" \/>\n<script type=\"application\/ld+json\" class=\"yoast-schema-graph\">{\"@context\":\"https:\\\/\\\/schema.org\",\"@graph\":[{\"@type\":\"Article\",\"@id\":\"https:\\\/\\\/aconteceunovale.com.br\\\/portal\\\/?p=195029#article\",\"isPartOf\":{\"@id\":\"https:\\\/\\\/aconteceunovale.com.br\\\/portal\\\/?p=195029\"},\"author\":{\"name\":\"Reda\u00e7\u00e3o Aconteceu no Vale\",\"@id\":\"https:\\\/\\\/aconteceunovale.com.br\\\/portal\\\/#\\\/schema\\\/person\\\/7d2f26d1483f8a63de73da1ee0754d35\"},\"headline\":\"Homem \u00e9 indiciado por importuna\u00e7\u00e3o sexual e persegui\u00e7\u00e3o no Vale do Jequitinhonha\",\"datePublished\":\"2025-01-10T21:33:11+00:00\",\"dateModified\":\"2025-01-11T13:21:54+00:00\",\"mainEntityOfPage\":{\"@id\":\"https:\\\/\\\/aconteceunovale.com.br\\\/portal\\\/?p=195029\"},\"wordCount\":343,\"commentCount\":0,\"image\":{\"@id\":\"https:\\\/\\\/aconteceunovale.com.br\\\/portal\\\/?p=195029#primaryimage\"},\"thumbnailUrl\":\"https:\\\/\\\/aconteceunovale.com.br\\\/portal\\\/wp-content\\\/uploads\\\/2025\\\/01\\\/pcmg_pedra_azul.png\",\"keywords\":[\"Cachoeira de Paje\u00fa\",\"Delegado de Pedra Azul\",\"Delegado Thiago Carvalho\",\"Homem \u00e9 indiciado por importuna\u00e7\u00e3o sexual e persegui\u00e7\u00e3o em Cachoeira de Paje\u00fa\",\"Homem \u00e9 indiciado por importuna\u00e7\u00e3o sexual e persegui\u00e7\u00e3o no Vale do Jequitinhonha\",\"PCMG\",\"PCMG em Pedra Azul\",\"Pedra Azul\",\"Pol\u00edcia Civil em Pedra Azul\",\"preso em Cachoeira de Paje\u00fa\"],\"articleSection\":[\"Vale do Jequitinhonha\"],\"inLanguage\":\"pt-BR\",\"potentialAction\":[{\"@type\":\"CommentAction\",\"name\":\"Comment\",\"target\":[\"https:\\\/\\\/aconteceunovale.com.br\\\/portal\\\/?p=195029#respond\"]}]},{\"@type\":\"WebPage\",\"@id\":\"https:\\\/\\\/aconteceunovale.com.br\\\/portal\\\/?p=195029\",\"url\":\"https:\\\/\\\/aconteceunovale.com.br\\\/portal\\\/?p=195029\",\"name\":\"Homem \u00e9 indiciado por importuna\u00e7\u00e3o sexual e persegui\u00e7\u00e3o no Vale do Jequitinhonha - Aconteceu no Vale\",\"isPartOf\":{\"@id\":\"https:\\\/\\\/aconteceunovale.com.br\\\/portal\\\/#website\"},\"primaryImageOfPage\":{\"@id\":\"https:\\\/\\\/aconteceunovale.com.br\\\/portal\\\/?p=195029#primaryimage\"},\"image\":{\"@id\":\"https:\\\/\\\/aconteceunovale.com.br\\\/portal\\\/?p=195029#primaryimage\"},\"thumbnailUrl\":\"https:\\\/\\\/aconteceunovale.com.br\\\/portal\\\/wp-content\\\/uploads\\\/2025\\\/01\\\/pcmg_pedra_azul.png\",\"datePublished\":\"2025-01-10T21:33:11+00:00\",\"dateModified\":\"2025-01-11T13:21:54+00:00\",\"author\":{\"@id\":\"https:\\\/\\\/aconteceunovale.com.br\\\/portal\\\/#\\\/schema\\\/person\\\/7d2f26d1483f8a63de73da1ee0754d35\"},\"breadcrumb\":{\"@id\":\"https:\\\/\\\/aconteceunovale.com.br\\\/portal\\\/?p=195029#breadcrumb\"},\"inLanguage\":\"pt-BR\",\"potentialAction\":[{\"@type\":\"ReadAction\",\"target\":[\"https:\\\/\\\/aconteceunovale.com.br\\\/portal\\\/?p=195029\"]}]},{\"@type\":\"ImageObject\",\"inLanguage\":\"pt-BR\",\"@id\":\"https:\\\/\\\/aconteceunovale.com.br\\\/portal\\\/?p=195029#primaryimage\",\"url\":\"https:\\\/\\\/aconteceunovale.com.br\\\/portal\\\/wp-content\\\/uploads\\\/2025\\\/01\\\/pcmg_pedra_azul.png\",\"contentUrl\":\"https:\\\/\\\/aconteceunovale.com.br\\\/portal\\\/wp-content\\\/uploads\\\/2025\\\/01\\\/pcmg_pedra_azul.png\",\"width\":678,\"height\":408,\"caption\":\"Foto: Divulga\u00e7\u00e3o \\\/ PCMG\"},{\"@type\":\"BreadcrumbList\",\"@id\":\"https:\\\/\\\/aconteceunovale.com.br\\\/portal\\\/?p=195029#breadcrumb\",\"itemListElement\":[{\"@type\":\"ListItem\",\"position\":1,\"name\":\"In\u00edcio\",\"item\":\"https:\\\/\\\/aconteceunovale.com.br\\\/portal\\\/\"},{\"@type\":\"ListItem\",\"position\":2,\"name\":\"Homem \u00e9 indiciado por importuna\u00e7\u00e3o sexual e persegui\u00e7\u00e3o no Vale do Jequitinhonha\"}]},{\"@type\":\"WebSite\",\"@id\":\"https:\\\/\\\/aconteceunovale.com.br\\\/portal\\\/#website\",\"url\":\"https:\\\/\\\/aconteceunovale.com.br\\\/portal\\\/\",\"name\":\"Aconteceu no Vale\",\"description\":\"Portal de Not\u00edcias\",\"potentialAction\":[{\"@type\":\"SearchAction\",\"target\":{\"@type\":\"EntryPoint\",\"urlTemplate\":\"https:\\\/\\\/aconteceunovale.com.br\\\/portal\\\/?s={search_term_string}\"},\"query-input\":{\"@type\":\"PropertyValueSpecification\",\"valueRequired\":true,\"valueName\":\"search_term_string\"}}],\"inLanguage\":\"pt-BR\"},{\"@type\":\"Person\",\"@id\":\"https:\\\/\\\/aconteceunovale.com.br\\\/portal\\\/#\\\/schema\\\/person\\\/7d2f26d1483f8a63de73da1ee0754d35\",\"name\":\"Reda\u00e7\u00e3o Aconteceu no Vale\",\"description\":\"Equipe de reportagem do Aconteceu no Vale, portal de not\u00edcias do Vale do Jequitinhonha, em Minas Gerais. Cobrimos as 51 cidades do Vale desde 2013. Sugest\u00f5es de pauta e pedidos de corre\u00e7\u00e3o: contato@aconteceunovale.com.br\",\"url\":\"https:\\\/\\\/aconteceunovale.com.br\\\/portal\\\/?author=4\"}]}<\/script>\n<!-- \/ Yoast SEO plugin. -->","yoast_head_json":{"title":"Homem \u00e9 indiciado por importuna\u00e7\u00e3o sexual e persegui\u00e7\u00e3o no Vale do Jequitinhonha - Aconteceu no Vale","robots":{"index":"index","follow":"follow","max-snippet":"max-snippet:-1","max-image-preview":"max-image-preview:large","max-video-preview":"max-video-preview:-1"},"canonical":"https:\/\/aconteceunovale.com.br\/portal\/?p=195029","og_locale":"pt_BR","og_type":"article","og_title":"Homem \u00e9 indiciado por importuna\u00e7\u00e3o sexual e persegui\u00e7\u00e3o no Vale do Jequitinhonha - Aconteceu no Vale","og_description":"A Delegacia Regional da Pol\u00edcia Civil de Minas Gerais (PCMG) em Pedra Azul, no Vale do Jequitinhonha, concluiu as investiga\u00e7\u00f5es e indiciou um homem de 52 anos pelos crimes de importuna\u00e7\u00e3o sexual e persegui\u00e7\u00e3o na cidade de Cachoeira de Paje\u00fa, na mesma regi\u00e3o. A v\u00edtima \u00e9 uma enfermeira. Entenda o caso Na semana passada, a [&hellip;]","og_url":"https:\/\/aconteceunovale.com.br\/portal\/?p=195029","og_site_name":"Aconteceu no Vale","article_publisher":"https:\/\/www.facebook.com\/aconteceunovale\/","article_published_time":"2025-01-10T21:33:11+00:00","article_modified_time":"2025-01-11T13:21:54+00:00","og_image":[{"width":678,"height":408,"url":"https:\/\/aconteceunovale.com.br\/portal\/wp-content\/uploads\/2025\/01\/pcmg_pedra_azul.png","type":"image\/png"}],"author":"Reda\u00e7\u00e3o Aconteceu no Vale","twitter_card":"summary_large_image","twitter_creator":"@noticiadosvales","twitter_site":"@noticiadosvales","twitter_misc":{"Escrito por":"Reda\u00e7\u00e3o Aconteceu no Vale","Est. tempo de leitura":"2 minutos"},"schema":{"@context":"https:\/\/schema.org","@graph":[{"@type":"Article","@id":"https:\/\/aconteceunovale.com.br\/portal\/?p=195029#article","isPartOf":{"@id":"https:\/\/aconteceunovale.com.br\/portal\/?p=195029"},"author":{"name":"Reda\u00e7\u00e3o Aconteceu no Vale","@id":"https:\/\/aconteceunovale.com.br\/portal\/#\/schema\/person\/7d2f26d1483f8a63de73da1ee0754d35"},"headline":"Homem \u00e9 indiciado por importuna\u00e7\u00e3o sexual e persegui\u00e7\u00e3o no Vale do Jequitinhonha","datePublished":"2025-01-10T21:33:11+00:00","dateModified":"2025-01-11T13:21:54+00:00","mainEntityOfPage":{"@id":"https:\/\/aconteceunovale.com.br\/portal\/?p=195029"},"wordCount":343,"commentCount":0,"image":{"@id":"https:\/\/aconteceunovale.com.br\/portal\/?p=195029#primaryimage"},"thumbnailUrl":"https:\/\/aconteceunovale.com.br\/portal\/wp-content\/uploads\/2025\/01\/pcmg_pedra_azul.png","keywords":["Cachoeira de Paje\u00fa","Delegado de Pedra Azul","Delegado Thiago Carvalho","Homem \u00e9 indiciado por importuna\u00e7\u00e3o sexual e persegui\u00e7\u00e3o em Cachoeira de Paje\u00fa","Homem \u00e9 indiciado por importuna\u00e7\u00e3o sexual e persegui\u00e7\u00e3o no Vale do Jequitinhonha","PCMG","PCMG em Pedra Azul","Pedra Azul","Pol\u00edcia Civil em Pedra Azul","preso em Cachoeira de Paje\u00fa"],"articleSection":["Vale do Jequitinhonha"],"inLanguage":"pt-BR","potentialAction":[{"@type":"CommentAction","name":"Comment","target":["https:\/\/aconteceunovale.com.br\/portal\/?p=195029#respond"]}]},{"@type":"WebPage","@id":"https:\/\/aconteceunovale.com.br\/portal\/?p=195029","url":"https:\/\/aconteceunovale.com.br\/portal\/?p=195029","name":"Homem \u00e9 indiciado por importuna\u00e7\u00e3o sexual e persegui\u00e7\u00e3o no Vale do Jequitinhonha - Aconteceu no Vale","isPartOf":{"@id":"https:\/\/aconteceunovale.com.br\/portal\/#website"},"primaryImageOfPage":{"@id":"https:\/\/aconteceunovale.com.br\/portal\/?p=195029#primaryimage"},"image":{"@id":"https:\/\/aconteceunovale.com.br\/portal\/?p=195029#primaryimage"},"thumbnailUrl":"https:\/\/aconteceunovale.com.br\/portal\/wp-content\/uploads\/2025\/01\/pcmg_pedra_azul.png","datePublished":"2025-01-10T21:33:11+00:00","dateModified":"2025-01-11T13:21:54+00:00","author":{"@id":"https:\/\/aconteceunovale.com.br\/portal\/#\/schema\/person\/7d2f26d1483f8a63de73da1ee0754d35"},"breadcrumb":{"@id":"https:\/\/aconteceunovale.com.br\/portal\/?p=195029#breadcrumb"},"inLanguage":"pt-BR","potentialAction":[{"@type":"ReadAction","target":["https:\/\/aconteceunovale.com.br\/portal\/?p=195029"]}]},{"@type":"ImageObject","inLanguage":"pt-BR","@id":"https:\/\/aconteceunovale.com.br\/portal\/?p=195029#primaryimage","url":"https:\/\/aconteceunovale.com.br\/portal\/wp-content\/uploads\/2025\/01\/pcmg_pedra_azul.png","contentUrl":"https:\/\/aconteceunovale.com.br\/portal\/wp-content\/uploads\/2025\/01\/pcmg_pedra_azul.png","width":678,"height":408,"caption":"Foto: Divulga\u00e7\u00e3o \/ PCMG"},{"@type":"BreadcrumbList","@id":"https:\/\/aconteceunovale.com.br\/portal\/?p=195029#breadcrumb","itemListElement":[{"@type":"ListItem","position":1,"name":"In\u00edcio","item":"https:\/\/aconteceunovale.com.br\/portal\/"},{"@type":"ListItem","position":2,"name":"Homem \u00e9 indiciado por importuna\u00e7\u00e3o sexual e persegui\u00e7\u00e3o no Vale do Jequitinhonha"}]},{"@type":"WebSite","@id":"https:\/\/aconteceunovale.com.br\/portal\/#website","url":"https:\/\/aconteceunovale.com.br\/portal\/","name":"Aconteceu no Vale","description":"Portal de Not\u00edcias","potentialAction":[{"@type":"SearchAction","target":{"@type":"EntryPoint","urlTemplate":"https:\/\/aconteceunovale.com.br\/portal\/?s={search_term_string}"},"query-input":{"@type":"PropertyValueSpecification","valueRequired":true,"valueName":"search_term_string"}}],"inLanguage":"pt-BR"},{"@type":"Person","@id":"https:\/\/aconteceunovale.com.br\/portal\/#\/schema\/person\/7d2f26d1483f8a63de73da1ee0754d35","name":"Reda\u00e7\u00e3o Aconteceu no Vale","description":"Equipe de reportagem do Aconteceu no Vale, portal de not\u00edcias do Vale do Jequitinhonha, em Minas Gerais. Cobrimos as 51 cidades do Vale desde 2013. Sugest\u00f5es de pauta e pedidos de corre\u00e7\u00e3o: contato@aconteceunovale.com.br","url":"https:\/\/aconteceunovale.com.br\/portal\/?author=4"}]}},"_links":{"self":[{"href":"https:\/\/aconteceunovale.com.br\/portal\/index.php?rest_route=\/wp\/v2\/posts\/195029","targetHints":{"allow":["GET"]}}],"collection":[{"href":"https:\/\/aconteceunovale.com.br\/portal\/index.php?rest_route=\/wp\/v2\/posts"}],"about":[{"href":"https:\/\/aconteceunovale.com.br\/portal\/index.php?rest_route=\/wp\/v2\/types\/post"}],"author":[{"embeddable":true,"href":"https:\/\/aconteceunovale.com.br\/portal\/index.php?rest_route=\/wp\/v2\/users\/4"}],"replies":[{"embeddable":true,"href":"https:\/\/aconteceunovale.com.br\/portal\/index.php?rest_route=%2Fwp%2Fv2%2Fcomments&post=195029"}],"version-history":[{"count":3,"href":"https:\/\/aconteceunovale.com.br\/portal\/index.php?rest_route=\/wp\/v2\/posts\/195029\/revisions"}],"predecessor-version":[{"id":195065,"href":"https:\/\/aconteceunovale.com.br\/portal\/index.php?rest_route=\/wp\/v2\/posts\/195029\/revisions\/195065"}],"wp:featuredmedia":[{"embeddable":true,"href":"https:\/\/aconteceunovale.com.br\/portal\/index.php?rest_route=\/wp\/v2\/media\/195030"}],"wp:attachment":[{"href":"https:\/\/aconteceunovale.com.br\/portal\/index.php?rest_route=%2Fwp%2Fv2%2Fmedia&parent=195029"}],"wp:term":[{"taxonomy":"category","embeddable":true,"href":"https:\/\/aconteceunovale.com.br\/portal\/index.php?rest_route=%2Fwp%2Fv2%2Fcategories&post=195029"},{"taxonomy":"post_tag","embeddable":true,"href":"https:\/\/aconteceunovale.com.br\/portal\/index.php?rest_route=%2Fwp%2Fv2%2Ftags&post=195029"}],"curies":[{"name":"wp","href":"https:\/\/api.w.org\/{rel}","templated":true}]}}