{"id":195021,"date":"2025-01-10T18:11:56","date_gmt":"2025-01-10T21:11:56","guid":{"rendered":"https:\/\/aconteceunovale.com.br\/portal\/?p=195021"},"modified":"2025-01-10T18:12:32","modified_gmt":"2025-01-10T21:12:32","slug":"defesa-civil-monitora-nivel-do-rio-doce-em-governador-valadares","status":"publish","type":"post","link":"https:\/\/aconteceunovale.com.br\/portal\/?p=195021","title":{"rendered":"Defesa Civil monitora n\u00edvel do Rio Doce em Governador Valadares"},"content":{"rendered":"\n<p class=\"wp-block-paragraph\">A Defesa Civil de Governador Valadares informou nesta sexta-feira (10\/1\/2025) que o n\u00edvel do Rio Doce permanece est\u00e1vel, registrando 1,57 metro \u00e0s 16h. A cidade est\u00e1 na Cota de Aten\u00e7\u00e3o, e uma poss\u00edvel enchente s\u00f3 ocorrer\u00e1 se o n\u00edvel do rio ultrapassar 2,10 metros.<\/p>\n\n\n\n<figure class=\"wp-block-gallery has-nested-images columns-default is-cropped wp-block-gallery-1 is-layout-flex wp-block-gallery-is-layout-flex\">\n<figure class=\"wp-block-image size-large\"><img loading=\"lazy\" decoding=\"async\" width=\"675\" height=\"450\" data-id=\"195022\" src=\"https:\/\/aconteceunovale.com.br\/portal\/wp-content\/uploads\/2025\/01\/rio_doce_gv.jpg\" alt=\"\" class=\"wp-image-195022\" srcset=\"https:\/\/aconteceunovale.com.br\/portal\/wp-content\/uploads\/2025\/01\/rio_doce_gv.jpg 675w, https:\/\/aconteceunovale.com.br\/portal\/wp-content\/uploads\/2025\/01\/rio_doce_gv-300x200.jpg 300w, https:\/\/aconteceunovale.com.br\/portal\/wp-content\/uploads\/2025\/01\/rio_doce_gv-630x420.jpg 630w\" sizes=\"auto, (max-width: 675px) 100vw, 675px\" \/><figcaption class=\"wp-element-caption\"><em>Foto: Leonardo Morais \/ Divulga\u00e7\u00e3o \/ Prefeitura de Governador Valadares<\/em><\/figcaption><\/figure>\n<\/figure>\n\n\n\n<p class=\"wp-block-paragraph\">De acordo com o diretor da Defesa Civil, Coronel Marinho, o monitoramento \u00e9 constante, especialmente devido \u00e0 previs\u00e3o de chuvas para o fim de semana. \u201cA situa\u00e7\u00e3o no momento est\u00e1 tranquila, mas estamos atentos \u00e0s \u00e1reas mais vulner\u00e1veis, como a Baixa do Quiabo, no Santa Rita, e o bairro S\u00e3o Tarc\u00edsio\u201d, destacou.<\/p>\n\n\n\n<h3 class=\"wp-block-heading\">N\u00edveis de alerta<\/h3>\n\n\n\n<p class=\"wp-block-paragraph\">Caso o Rio Doce atinja 1,93 metro, o munic\u00edpio entrar\u00e1 na Cota de Alerta, e medidas preventivas come\u00e7ar\u00e3o a ser tomadas. A Defesa Civil refor\u00e7a que est\u00e1 preparada para agir rapidamente caso o n\u00edvel do rio suba e representa risco \u00e0 popula\u00e7\u00e3o.<\/p>\n\n\n\n<h3 class=\"wp-block-heading\">Orienta\u00e7\u00e3o \u00e0 comunidade<\/h3>\n\n\n\n<p class=\"wp-block-paragraph\">A Defesa Civil orienta a popula\u00e7\u00e3o a entrar em contato pelo telefone 199 para relatar problemas relacionados \u00e0s chuvas, como transbordamentos, deslizamentos ou outras situa\u00e7\u00f5es de risco. O acompanhamento das condi\u00e7\u00f5es do rio e a comunica\u00e7\u00e3o com os moradores ser\u00e3o intensificados para garantir a seguran\u00e7a de todos.<\/p>\n\n\n\n<p class=\"wp-block-paragraph\">A Prefeitura de Governador Valadares promete manter a comunidade informada sobre qualquer altera\u00e7\u00e3o significativa nos n\u00edveis do Rio Doce e poss\u00edveis medidas de emerg\u00eancia.<\/p>\n","protected":false},"excerpt":{"rendered":"<p>A Defesa Civil de Governador Valadares informou nesta sexta-feira (10\/1\/2025) que o n\u00edvel do Rio Doce permanece est\u00e1vel, registrando 1,57 metro \u00e0s 16h. A cidade est\u00e1 na Cota de Aten\u00e7\u00e3o, e uma poss\u00edvel enchente s\u00f3 ocorrer\u00e1 se o n\u00edvel do rio ultrapassar 2,10 metros. De acordo com o diretor da Defesa Civil, Coronel Marinho, o [&hellip;]<\/p>\n","protected":false},"author":4,"featured_media":195022,"comment_status":"open","ping_status":"closed","sticky":false,"template":"","format":"standard","meta":{"amp_status":"","footnotes":""},"categories":[121],"tags":[269291,1018,257898,247,269293,269292,62684],"class_list":["post-195021","post","type-post","status-publish","format-standard","has-post-thumbnail","hentry","category-leste","tag-defesa-civil-monitora-nivel-do-rio-doce-em-governador-valadares","tag-destaque","tag-enchente-do-rio-doce-em-governador-valadares","tag-governador-valadares","tag-monitoramento-do-rio-doce-governador-valadares","tag-nivel-do-rio-doce-governador-valadares","tag-rio-doce-em-governador-valadares"],"yoast_head":"<!-- This site is optimized with the Yoast SEO plugin v28.3 - https:\/\/yoast.com\/product\/yoast-seo-wordpress\/ -->\n<title>Defesa Civil monitora n\u00edvel do Rio Doce em Governador Valadares - Aconteceu no Vale<\/title>\n<meta name=\"robots\" content=\"index, follow, max-snippet:-1, max-image-preview:large, max-video-preview:-1\" \/>\n<link rel=\"canonical\" href=\"https:\/\/aconteceunovale.com.br\/portal\/?p=195021\" \/>\n<meta property=\"og:locale\" content=\"pt_BR\" \/>\n<meta property=\"og:type\" content=\"article\" \/>\n<meta property=\"og:title\" content=\"Defesa Civil monitora n\u00edvel do Rio Doce em Governador Valadares - Aconteceu no Vale\" \/>\n<meta property=\"og:description\" content=\"A Defesa Civil de Governador Valadares informou nesta sexta-feira (10\/1\/2025) que o n\u00edvel do Rio Doce permanece est\u00e1vel, registrando 1,57 metro \u00e0s 16h. A cidade est\u00e1 na Cota de Aten\u00e7\u00e3o, e uma poss\u00edvel enchente s\u00f3 ocorrer\u00e1 se o n\u00edvel do rio ultrapassar 2,10 metros. De acordo com o diretor da Defesa Civil, Coronel Marinho, o [&hellip;]\" \/>\n<meta property=\"og:url\" content=\"https:\/\/aconteceunovale.com.br\/portal\/?p=195021\" \/>\n<meta property=\"og:site_name\" content=\"Aconteceu no Vale\" \/>\n<meta property=\"article:publisher\" content=\"https:\/\/www.facebook.com\/aconteceunovale\/\" \/>\n<meta property=\"article:published_time\" content=\"2025-01-10T21:11:56+00:00\" \/>\n<meta property=\"article:modified_time\" content=\"2025-01-10T21:12:32+00:00\" \/>\n<meta property=\"og:image\" content=\"https:\/\/aconteceunovale.com.br\/portal\/wp-content\/uploads\/2025\/01\/rio_doce_gv.jpg\" \/>\n\t<meta property=\"og:image:width\" content=\"675\" \/>\n\t<meta property=\"og:image:height\" content=\"450\" \/>\n\t<meta property=\"og:image:type\" content=\"image\/jpeg\" \/>\n<meta name=\"author\" content=\"Reda\u00e7\u00e3o Aconteceu no Vale\" \/>\n<meta name=\"twitter:card\" content=\"summary_large_image\" \/>\n<meta name=\"twitter:creator\" content=\"@noticiadosvales\" \/>\n<meta name=\"twitter:site\" content=\"@noticiadosvales\" \/>\n<meta name=\"twitter:label1\" content=\"Escrito por\" \/>\n\t<meta name=\"twitter:data1\" content=\"Reda\u00e7\u00e3o Aconteceu no Vale\" \/>\n\t<meta name=\"twitter:label2\" content=\"Est. tempo de leitura\" \/>\n\t<meta name=\"twitter:data2\" content=\"1 minuto\" \/>\n<script type=\"application\/ld+json\" class=\"yoast-schema-graph\">{\"@context\":\"https:\\\/\\\/schema.org\",\"@graph\":[{\"@type\":\"Article\",\"@id\":\"https:\\\/\\\/aconteceunovale.com.br\\\/portal\\\/?p=195021#article\",\"isPartOf\":{\"@id\":\"https:\\\/\\\/aconteceunovale.com.br\\\/portal\\\/?p=195021\"},\"author\":{\"name\":\"Reda\u00e7\u00e3o Aconteceu no Vale\",\"@id\":\"https:\\\/\\\/aconteceunovale.com.br\\\/portal\\\/#\\\/schema\\\/person\\\/7d2f26d1483f8a63de73da1ee0754d35\"},\"headline\":\"Defesa Civil monitora n\u00edvel do Rio Doce em Governador Valadares\",\"datePublished\":\"2025-01-10T21:11:56+00:00\",\"dateModified\":\"2025-01-10T21:12:32+00:00\",\"mainEntityOfPage\":{\"@id\":\"https:\\\/\\\/aconteceunovale.com.br\\\/portal\\\/?p=195021\"},\"wordCount\":254,\"commentCount\":0,\"image\":{\"@id\":\"https:\\\/\\\/aconteceunovale.com.br\\\/portal\\\/?p=195021#primaryimage\"},\"thumbnailUrl\":\"https:\\\/\\\/aconteceunovale.com.br\\\/portal\\\/wp-content\\\/uploads\\\/2025\\\/01\\\/rio_doce_gv.jpg\",\"keywords\":[\"Defesa Civil monitora n\u00edvel do Rio Doce em Governador Valadares\",\"destaque\",\"Enchente do Rio Doce em Governador Valadares\",\"Governador Valadares\",\"Monitoramento do Rio Doce Governador Valadares\",\"N\u00edvel do Rio Doce Governador Valadares\",\"Rio Doce em Governador Valadares\"],\"articleSection\":[\"Leste de Minas\"],\"inLanguage\":\"pt-BR\",\"potentialAction\":[{\"@type\":\"CommentAction\",\"name\":\"Comment\",\"target\":[\"https:\\\/\\\/aconteceunovale.com.br\\\/portal\\\/?p=195021#respond\"]}]},{\"@type\":\"WebPage\",\"@id\":\"https:\\\/\\\/aconteceunovale.com.br\\\/portal\\\/?p=195021\",\"url\":\"https:\\\/\\\/aconteceunovale.com.br\\\/portal\\\/?p=195021\",\"name\":\"Defesa Civil monitora n\u00edvel do Rio Doce em Governador Valadares - Aconteceu no Vale\",\"isPartOf\":{\"@id\":\"https:\\\/\\\/aconteceunovale.com.br\\\/portal\\\/#website\"},\"primaryImageOfPage\":{\"@id\":\"https:\\\/\\\/aconteceunovale.com.br\\\/portal\\\/?p=195021#primaryimage\"},\"image\":{\"@id\":\"https:\\\/\\\/aconteceunovale.com.br\\\/portal\\\/?p=195021#primaryimage\"},\"thumbnailUrl\":\"https:\\\/\\\/aconteceunovale.com.br\\\/portal\\\/wp-content\\\/uploads\\\/2025\\\/01\\\/rio_doce_gv.jpg\",\"datePublished\":\"2025-01-10T21:11:56+00:00\",\"dateModified\":\"2025-01-10T21:12:32+00:00\",\"author\":{\"@id\":\"https:\\\/\\\/aconteceunovale.com.br\\\/portal\\\/#\\\/schema\\\/person\\\/7d2f26d1483f8a63de73da1ee0754d35\"},\"breadcrumb\":{\"@id\":\"https:\\\/\\\/aconteceunovale.com.br\\\/portal\\\/?p=195021#breadcrumb\"},\"inLanguage\":\"pt-BR\",\"potentialAction\":[{\"@type\":\"ReadAction\",\"target\":[\"https:\\\/\\\/aconteceunovale.com.br\\\/portal\\\/?p=195021\"]}]},{\"@type\":\"ImageObject\",\"inLanguage\":\"pt-BR\",\"@id\":\"https:\\\/\\\/aconteceunovale.com.br\\\/portal\\\/?p=195021#primaryimage\",\"url\":\"https:\\\/\\\/aconteceunovale.com.br\\\/portal\\\/wp-content\\\/uploads\\\/2025\\\/01\\\/rio_doce_gv.jpg\",\"contentUrl\":\"https:\\\/\\\/aconteceunovale.com.br\\\/portal\\\/wp-content\\\/uploads\\\/2025\\\/01\\\/rio_doce_gv.jpg\",\"width\":675,\"height\":450,\"caption\":\"Foto: Leonardo Morais \\\/ Divulga\u00e7\u00e3o \\\/ Prefeitura de Governador Valadares\"},{\"@type\":\"BreadcrumbList\",\"@id\":\"https:\\\/\\\/aconteceunovale.com.br\\\/portal\\\/?p=195021#breadcrumb\",\"itemListElement\":[{\"@type\":\"ListItem\",\"position\":1,\"name\":\"In\u00edcio\",\"item\":\"https:\\\/\\\/aconteceunovale.com.br\\\/portal\\\/\"},{\"@type\":\"ListItem\",\"position\":2,\"name\":\"Defesa Civil monitora n\u00edvel do Rio Doce em Governador Valadares\"}]},{\"@type\":\"WebSite\",\"@id\":\"https:\\\/\\\/aconteceunovale.com.br\\\/portal\\\/#website\",\"url\":\"https:\\\/\\\/aconteceunovale.com.br\\\/portal\\\/\",\"name\":\"Aconteceu no Vale\",\"description\":\"Portal de Not\u00edcias\",\"potentialAction\":[{\"@type\":\"SearchAction\",\"target\":{\"@type\":\"EntryPoint\",\"urlTemplate\":\"https:\\\/\\\/aconteceunovale.com.br\\\/portal\\\/?s={search_term_string}\"},\"query-input\":{\"@type\":\"PropertyValueSpecification\",\"valueRequired\":true,\"valueName\":\"search_term_string\"}}],\"inLanguage\":\"pt-BR\"},{\"@type\":\"Person\",\"@id\":\"https:\\\/\\\/aconteceunovale.com.br\\\/portal\\\/#\\\/schema\\\/person\\\/7d2f26d1483f8a63de73da1ee0754d35\",\"name\":\"Reda\u00e7\u00e3o Aconteceu no Vale\",\"description\":\"Equipe de reportagem do Aconteceu no Vale, portal de not\u00edcias do Vale do Jequitinhonha, em Minas Gerais. Cobrimos as 51 cidades do Vale desde 2013. Sugest\u00f5es de pauta e pedidos de corre\u00e7\u00e3o: contato@aconteceunovale.com.br\",\"url\":\"https:\\\/\\\/aconteceunovale.com.br\\\/portal\\\/?author=4\"}]}<\/script>\n<!-- \/ Yoast SEO plugin. -->","yoast_head_json":{"title":"Defesa Civil monitora n\u00edvel do Rio Doce em Governador Valadares - Aconteceu no Vale","robots":{"index":"index","follow":"follow","max-snippet":"max-snippet:-1","max-image-preview":"max-image-preview:large","max-video-preview":"max-video-preview:-1"},"canonical":"https:\/\/aconteceunovale.com.br\/portal\/?p=195021","og_locale":"pt_BR","og_type":"article","og_title":"Defesa Civil monitora n\u00edvel do Rio Doce em Governador Valadares - Aconteceu no Vale","og_description":"A Defesa Civil de Governador Valadares informou nesta sexta-feira (10\/1\/2025) que o n\u00edvel do Rio Doce permanece est\u00e1vel, registrando 1,57 metro \u00e0s 16h. A cidade est\u00e1 na Cota de Aten\u00e7\u00e3o, e uma poss\u00edvel enchente s\u00f3 ocorrer\u00e1 se o n\u00edvel do rio ultrapassar 2,10 metros. De acordo com o diretor da Defesa Civil, Coronel Marinho, o [&hellip;]","og_url":"https:\/\/aconteceunovale.com.br\/portal\/?p=195021","og_site_name":"Aconteceu no Vale","article_publisher":"https:\/\/www.facebook.com\/aconteceunovale\/","article_published_time":"2025-01-10T21:11:56+00:00","article_modified_time":"2025-01-10T21:12:32+00:00","og_image":[{"width":675,"height":450,"url":"https:\/\/aconteceunovale.com.br\/portal\/wp-content\/uploads\/2025\/01\/rio_doce_gv.jpg","type":"image\/jpeg"}],"author":"Reda\u00e7\u00e3o Aconteceu no Vale","twitter_card":"summary_large_image","twitter_creator":"@noticiadosvales","twitter_site":"@noticiadosvales","twitter_misc":{"Escrito por":"Reda\u00e7\u00e3o Aconteceu no Vale","Est. tempo de leitura":"1 minuto"},"schema":{"@context":"https:\/\/schema.org","@graph":[{"@type":"Article","@id":"https:\/\/aconteceunovale.com.br\/portal\/?p=195021#article","isPartOf":{"@id":"https:\/\/aconteceunovale.com.br\/portal\/?p=195021"},"author":{"name":"Reda\u00e7\u00e3o Aconteceu no Vale","@id":"https:\/\/aconteceunovale.com.br\/portal\/#\/schema\/person\/7d2f26d1483f8a63de73da1ee0754d35"},"headline":"Defesa Civil monitora n\u00edvel do Rio Doce em Governador Valadares","datePublished":"2025-01-10T21:11:56+00:00","dateModified":"2025-01-10T21:12:32+00:00","mainEntityOfPage":{"@id":"https:\/\/aconteceunovale.com.br\/portal\/?p=195021"},"wordCount":254,"commentCount":0,"image":{"@id":"https:\/\/aconteceunovale.com.br\/portal\/?p=195021#primaryimage"},"thumbnailUrl":"https:\/\/aconteceunovale.com.br\/portal\/wp-content\/uploads\/2025\/01\/rio_doce_gv.jpg","keywords":["Defesa Civil monitora n\u00edvel do Rio Doce em Governador Valadares","destaque","Enchente do Rio Doce em Governador Valadares","Governador Valadares","Monitoramento do Rio Doce Governador Valadares","N\u00edvel do Rio Doce Governador Valadares","Rio Doce em Governador Valadares"],"articleSection":["Leste de Minas"],"inLanguage":"pt-BR","potentialAction":[{"@type":"CommentAction","name":"Comment","target":["https:\/\/aconteceunovale.com.br\/portal\/?p=195021#respond"]}]},{"@type":"WebPage","@id":"https:\/\/aconteceunovale.com.br\/portal\/?p=195021","url":"https:\/\/aconteceunovale.com.br\/portal\/?p=195021","name":"Defesa Civil monitora n\u00edvel do Rio Doce em Governador Valadares - Aconteceu no Vale","isPartOf":{"@id":"https:\/\/aconteceunovale.com.br\/portal\/#website"},"primaryImageOfPage":{"@id":"https:\/\/aconteceunovale.com.br\/portal\/?p=195021#primaryimage"},"image":{"@id":"https:\/\/aconteceunovale.com.br\/portal\/?p=195021#primaryimage"},"thumbnailUrl":"https:\/\/aconteceunovale.com.br\/portal\/wp-content\/uploads\/2025\/01\/rio_doce_gv.jpg","datePublished":"2025-01-10T21:11:56+00:00","dateModified":"2025-01-10T21:12:32+00:00","author":{"@id":"https:\/\/aconteceunovale.com.br\/portal\/#\/schema\/person\/7d2f26d1483f8a63de73da1ee0754d35"},"breadcrumb":{"@id":"https:\/\/aconteceunovale.com.br\/portal\/?p=195021#breadcrumb"},"inLanguage":"pt-BR","potentialAction":[{"@type":"ReadAction","target":["https:\/\/aconteceunovale.com.br\/portal\/?p=195021"]}]},{"@type":"ImageObject","inLanguage":"pt-BR","@id":"https:\/\/aconteceunovale.com.br\/portal\/?p=195021#primaryimage","url":"https:\/\/aconteceunovale.com.br\/portal\/wp-content\/uploads\/2025\/01\/rio_doce_gv.jpg","contentUrl":"https:\/\/aconteceunovale.com.br\/portal\/wp-content\/uploads\/2025\/01\/rio_doce_gv.jpg","width":675,"height":450,"caption":"Foto: Leonardo Morais \/ Divulga\u00e7\u00e3o \/ Prefeitura de Governador Valadares"},{"@type":"BreadcrumbList","@id":"https:\/\/aconteceunovale.com.br\/portal\/?p=195021#breadcrumb","itemListElement":[{"@type":"ListItem","position":1,"name":"In\u00edcio","item":"https:\/\/aconteceunovale.com.br\/portal\/"},{"@type":"ListItem","position":2,"name":"Defesa Civil monitora n\u00edvel do Rio Doce em Governador Valadares"}]},{"@type":"WebSite","@id":"https:\/\/aconteceunovale.com.br\/portal\/#website","url":"https:\/\/aconteceunovale.com.br\/portal\/","name":"Aconteceu no Vale","description":"Portal de Not\u00edcias","potentialAction":[{"@type":"SearchAction","target":{"@type":"EntryPoint","urlTemplate":"https:\/\/aconteceunovale.com.br\/portal\/?s={search_term_string}"},"query-input":{"@type":"PropertyValueSpecification","valueRequired":true,"valueName":"search_term_string"}}],"inLanguage":"pt-BR"},{"@type":"Person","@id":"https:\/\/aconteceunovale.com.br\/portal\/#\/schema\/person\/7d2f26d1483f8a63de73da1ee0754d35","name":"Reda\u00e7\u00e3o Aconteceu no Vale","description":"Equipe de reportagem do Aconteceu no Vale, portal de not\u00edcias do Vale do Jequitinhonha, em Minas Gerais. Cobrimos as 51 cidades do Vale desde 2013. Sugest\u00f5es de pauta e pedidos de corre\u00e7\u00e3o: contato@aconteceunovale.com.br","url":"https:\/\/aconteceunovale.com.br\/portal\/?author=4"}]}},"_links":{"self":[{"href":"https:\/\/aconteceunovale.com.br\/portal\/index.php?rest_route=\/wp\/v2\/posts\/195021","targetHints":{"allow":["GET"]}}],"collection":[{"href":"https:\/\/aconteceunovale.com.br\/portal\/index.php?rest_route=\/wp\/v2\/posts"}],"about":[{"href":"https:\/\/aconteceunovale.com.br\/portal\/index.php?rest_route=\/wp\/v2\/types\/post"}],"author":[{"embeddable":true,"href":"https:\/\/aconteceunovale.com.br\/portal\/index.php?rest_route=\/wp\/v2\/users\/4"}],"replies":[{"embeddable":true,"href":"https:\/\/aconteceunovale.com.br\/portal\/index.php?rest_route=%2Fwp%2Fv2%2Fcomments&post=195021"}],"version-history":[{"count":1,"href":"https:\/\/aconteceunovale.com.br\/portal\/index.php?rest_route=\/wp\/v2\/posts\/195021\/revisions"}],"predecessor-version":[{"id":195023,"href":"https:\/\/aconteceunovale.com.br\/portal\/index.php?rest_route=\/wp\/v2\/posts\/195021\/revisions\/195023"}],"wp:featuredmedia":[{"embeddable":true,"href":"https:\/\/aconteceunovale.com.br\/portal\/index.php?rest_route=\/wp\/v2\/media\/195022"}],"wp:attachment":[{"href":"https:\/\/aconteceunovale.com.br\/portal\/index.php?rest_route=%2Fwp%2Fv2%2Fmedia&parent=195021"}],"wp:term":[{"taxonomy":"category","embeddable":true,"href":"https:\/\/aconteceunovale.com.br\/portal\/index.php?rest_route=%2Fwp%2Fv2%2Fcategories&post=195021"},{"taxonomy":"post_tag","embeddable":true,"href":"https:\/\/aconteceunovale.com.br\/portal\/index.php?rest_route=%2Fwp%2Fv2%2Ftags&post=195021"}],"curies":[{"name":"wp","href":"https:\/\/api.w.org\/{rel}","templated":true}]}}