{"id":195018,"date":"2025-01-10T17:34:31","date_gmt":"2025-01-10T20:34:31","guid":{"rendered":"https:\/\/aconteceunovale.com.br\/portal\/?p=195018"},"modified":"2025-01-10T17:35:08","modified_gmt":"2025-01-10T20:35:08","slug":"teto-do-inss-sobe-para-r-8-15740","status":"publish","type":"post","link":"https:\/\/aconteceunovale.com.br\/portal\/?p=195018","title":{"rendered":"Teto do INSS sobe para R$ 8.157,40"},"content":{"rendered":"\n<p class=\"wp-block-paragraph\">A partir de fevereiro, os aposentados e pensionistas do Instituto Nacional do Seguro Social (INSS) ter\u00e3o aumento de 4,77%. Com a corre\u00e7\u00e3o, o teto dos benef\u00edcios da Previd\u00eancia Social sobe para R$ 8.157,40 em 2025, contra R$ 7.786,01 em 2024.<\/p>\n\n\n\n<p class=\"wp-block-paragraph\">A varia\u00e7\u00e3o equivale ao\u00a0\u00cdndice Nacional de Pre\u00e7os ao Consumidor (INPC) de 2024, divulgado nesta sexta-feira\u00a0(10) pelo Instituto Brasileiro de Geografia e Estat\u00edstica (IBGE). O indicador mede a infla\u00e7\u00e3o para fam\u00edlias com renda de at\u00e9 cinco sal\u00e1rios m\u00ednimos.<\/p>\n\n\n\n<p class=\"wp-block-paragraph\">O reajuste de 4,77% ser\u00e1 pago integralmente aos segurados que j\u00e1 recebiam as aposentadorias e pens\u00f5es do INSS acima de um sal\u00e1rio m\u00ednimo em 1\u00ba de fevereiro de 2024. Quem come\u00e7ou a receber o benef\u00edcio ap\u00f3s essa data ter\u00e1 aumento proporcional ao n\u00famero de meses em que o benef\u00edcio foi pago.<\/p>\n\n\n\n<p class=\"wp-block-paragraph\">Segundo o INSS, atualmente 12,2 milh\u00f5es de benefici\u00e1rios recebem acima do piso nacional, dos quais 10,6 mil ganham o teto da Previd\u00eancia Social. Um total de 40,7 milh\u00f5es de pessoas, cerca de 70% do total dos aposentados e pensionistas, ganham o sal\u00e1rio m\u00ednimo, que subiu de R$ 1.412 para R$ 1.580.<\/p>\n\n\n\n<p class=\"wp-block-paragraph\">Para quem recebe o sal\u00e1rio m\u00ednimo, o pagamento das aposentadorias e pens\u00f5es com reajuste vai de 27 de janeiro a 7 de fevereiro. O pagamento dos benef\u00edcios do INSS acima do m\u00ednimo com a corre\u00e7\u00e3o de 4,77% vai de 3 a 7 de fevereiro. A data de pagamento varia conforme o n\u00famero final do cart\u00e3o de benef\u00edcio, desconsiderando o d\u00edgito verificador, que aparece ap\u00f3s o tra\u00e7o.<\/p>\n\n\n\n<p class=\"wp-block-paragraph\">Por mais um ano, os aposentados e pensionistas que ganham al\u00e9m do m\u00ednimo n\u00e3o ter\u00e3o aumento real (acima da infla\u00e7\u00e3o), recebendo o equivalente ao INPC do ano anterior. Quem recebe o m\u00ednimo teve reajuste real de 2,5%, segundo a pol\u00edtica aprovada pelo Congresso no fim do ano passado, que restringe o aumento real ao teto de crescimento de gastos do arcabou\u00e7o fiscal.<\/p>\n\n\n\n<h2 class=\"wp-block-heading\">Tabela<\/h2>\n\n\n\n<p class=\"wp-block-paragraph\">A corre\u00e7\u00e3o de 4,77% tamb\u00e9m incidir\u00e1 sobre a tabela do INSS, por meio da qual os trabalhadores da iniciativa privada com carteira assinada e de empresas estatais recolhem as contribui\u00e7\u00f5es mensais \u00e0 Previd\u00eancia Social. As al\u00edquotas e as faixas de dedu\u00e7\u00e3o v\u00e3o incidir sobre as seguintes faixas:<br>&nbsp;<\/p>\n\n\n\n<figure class=\"wp-block-table\"><table class=\"has-fixed-layout\"><tbody><tr><td><strong>Sal\u00e1rio de Contribui\u00e7\u00f5es<\/strong><\/td><td><strong>Al\u00edquota<\/strong><\/td><td><strong>Parcela a deduzir do INSS<\/strong><\/td><\/tr><tr><td>At\u00e9 R$ 1.518<\/td><td>7,5%<\/td><td>R$ 0,00<\/td><\/tr><tr><td>De R$ 1.518,01 a R$ 2.793,88<\/td><td>9%<\/td><td>R$ 22,77<\/td><\/tr><tr><td>De R$ 2.793,89 a R$ 4.190,83<\/td><td>12%<\/td><td>R$ 106,59<\/td><\/tr><tr><td>De R$ 4.190,84 a R$ 8.157,41<\/td><td>14%<\/td><td>R$ 190,40<\/td><\/tr><\/tbody><\/table><\/figure>\n\n\n\n<h5 class=\"wp-block-heading\"><strong>Fonte: INSS<\/strong><\/h5>\n\n\n\n<h2 class=\"wp-block-heading\"><br>Consulta<\/h2>\n\n\n\n<p class=\"wp-block-paragraph\">Nas pr\u00f3ximas semanas, o INSS fornecer\u00e1 o extrato com os novos valores das aposentadorias e das pens\u00f5es. As informa\u00e7\u00f5es est\u00e3o dispon\u00edveis no site&nbsp;<a href=\"https:\/\/meu.inss.gov.br\/\">Meu INSS<\/a>&nbsp;e no aplicativo de mesmo nome. A consulta exige login e senha do&nbsp;<a href=\"https:\/\/www.gov.br\/pt-br\">Portal Gov.br<\/a>.<\/p>\n\n\n\n<p class=\"wp-block-paragraph\">Quem n\u00e3o tem acesso \u00e0 internet pode consultar o valor por meio do telefone 135. O segurado que ligar para esse n\u00famero deve informar o n\u00famero do Cadastro de Pessoa F\u00edsica (CPF) e confirmar alguns dados cadastrais para evitar fraudes.<\/p>\n","protected":false},"excerpt":{"rendered":"<p>A partir de fevereiro, os aposentados e pensionistas do Instituto Nacional do Seguro Social (INSS) ter\u00e3o aumento de 4,77%. Com a corre\u00e7\u00e3o, o teto dos benef\u00edcios da Previd\u00eancia Social sobe para R$ 8.157,40 em 2025, contra R$ 7.786,01 em 2024. A varia\u00e7\u00e3o equivale ao\u00a0\u00cdndice Nacional de Pre\u00e7os ao Consumidor (INPC) de 2024, divulgado nesta sexta-feira\u00a0(10) [&hellip;]<\/p>\n","protected":false},"author":4,"featured_media":195019,"comment_status":"open","ping_status":"closed","sticky":false,"template":"","format":"standard","meta":{"amp_status":"","footnotes":""},"categories":[6,40239],"tags":[25201,1018,6528,51098,269290,59559,269289,269288],"class_list":["post-195018","post","type-post","status-publish","format-standard","has-post-thumbnail","hentry","category-br","category-economia-2","tag-aposentadoria","tag-destaque","tag-inss","tag-instituto-nacional-do-seguro-social","tag-novo-teto-do-inss","tag-previdencia","tag-teto-do-inss","tag-teto-do-inss-sobe-para-r-8-157"],"yoast_head":"<!-- This site is optimized with the Yoast SEO plugin v28.3 - https:\/\/yoast.com\/product\/yoast-seo-wordpress\/ -->\n<title>Teto do INSS sobe para R$ 8.157,40 - Aconteceu no Vale<\/title>\n<meta name=\"robots\" content=\"index, follow, max-snippet:-1, max-image-preview:large, max-video-preview:-1\" \/>\n<link rel=\"canonical\" href=\"https:\/\/aconteceunovale.com.br\/portal\/?p=195018\" \/>\n<meta property=\"og:locale\" content=\"pt_BR\" \/>\n<meta property=\"og:type\" content=\"article\" \/>\n<meta property=\"og:title\" content=\"Teto do INSS sobe para R$ 8.157,40 - Aconteceu no Vale\" \/>\n<meta property=\"og:description\" content=\"A partir de fevereiro, os aposentados e pensionistas do Instituto Nacional do Seguro Social (INSS) ter\u00e3o aumento de 4,77%. Com a corre\u00e7\u00e3o, o teto dos benef\u00edcios da Previd\u00eancia Social sobe para R$ 8.157,40 em 2025, contra R$ 7.786,01 em 2024. A varia\u00e7\u00e3o equivale ao\u00a0\u00cdndice Nacional de Pre\u00e7os ao Consumidor (INPC) de 2024, divulgado nesta sexta-feira\u00a0(10) [&hellip;]\" \/>\n<meta property=\"og:url\" content=\"https:\/\/aconteceunovale.com.br\/portal\/?p=195018\" \/>\n<meta property=\"og:site_name\" content=\"Aconteceu no Vale\" \/>\n<meta property=\"article:publisher\" content=\"https:\/\/www.facebook.com\/aconteceunovale\/\" \/>\n<meta property=\"article:published_time\" content=\"2025-01-10T20:34:31+00:00\" \/>\n<meta property=\"article:modified_time\" content=\"2025-01-10T20:35:08+00:00\" \/>\n<meta property=\"og:image\" content=\"https:\/\/aconteceunovale.com.br\/portal\/wp-content\/uploads\/2025\/01\/inss.png\" \/>\n\t<meta property=\"og:image:width\" content=\"678\" \/>\n\t<meta property=\"og:image:height\" content=\"406\" \/>\n\t<meta property=\"og:image:type\" content=\"image\/png\" \/>\n<meta name=\"author\" content=\"Reda\u00e7\u00e3o Aconteceu no Vale\" \/>\n<meta name=\"twitter:card\" content=\"summary_large_image\" \/>\n<meta name=\"twitter:creator\" content=\"@noticiadosvales\" \/>\n<meta name=\"twitter:site\" content=\"@noticiadosvales\" \/>\n<meta name=\"twitter:label1\" content=\"Escrito por\" \/>\n\t<meta name=\"twitter:data1\" content=\"Reda\u00e7\u00e3o Aconteceu no Vale\" \/>\n\t<meta name=\"twitter:label2\" content=\"Est. tempo de leitura\" \/>\n\t<meta name=\"twitter:data2\" content=\"3 minutos\" \/>\n<script type=\"application\/ld+json\" class=\"yoast-schema-graph\">{\"@context\":\"https:\\\/\\\/schema.org\",\"@graph\":[{\"@type\":\"Article\",\"@id\":\"https:\\\/\\\/aconteceunovale.com.br\\\/portal\\\/?p=195018#article\",\"isPartOf\":{\"@id\":\"https:\\\/\\\/aconteceunovale.com.br\\\/portal\\\/?p=195018\"},\"author\":{\"name\":\"Reda\u00e7\u00e3o Aconteceu no Vale\",\"@id\":\"https:\\\/\\\/aconteceunovale.com.br\\\/portal\\\/#\\\/schema\\\/person\\\/7d2f26d1483f8a63de73da1ee0754d35\"},\"headline\":\"Teto do INSS sobe para R$ 8.157,40\",\"datePublished\":\"2025-01-10T20:34:31+00:00\",\"dateModified\":\"2025-01-10T20:35:08+00:00\",\"mainEntityOfPage\":{\"@id\":\"https:\\\/\\\/aconteceunovale.com.br\\\/portal\\\/?p=195018\"},\"wordCount\":516,\"commentCount\":0,\"image\":{\"@id\":\"https:\\\/\\\/aconteceunovale.com.br\\\/portal\\\/?p=195018#primaryimage\"},\"thumbnailUrl\":\"https:\\\/\\\/aconteceunovale.com.br\\\/portal\\\/wp-content\\\/uploads\\\/2025\\\/01\\\/inss.png\",\"keywords\":[\"aposentadoria\",\"destaque\",\"INSS\",\"Instituto Nacional do Seguro Social\",\"Novo teto do INSS\",\"Previd\u00eancia\",\"Teto do INSS\",\"Teto do INSS sobe para R$ 8.157\"],\"articleSection\":[\"Brasil\",\"Economia\"],\"inLanguage\":\"pt-BR\",\"potentialAction\":[{\"@type\":\"CommentAction\",\"name\":\"Comment\",\"target\":[\"https:\\\/\\\/aconteceunovale.com.br\\\/portal\\\/?p=195018#respond\"]}]},{\"@type\":\"WebPage\",\"@id\":\"https:\\\/\\\/aconteceunovale.com.br\\\/portal\\\/?p=195018\",\"url\":\"https:\\\/\\\/aconteceunovale.com.br\\\/portal\\\/?p=195018\",\"name\":\"Teto do INSS sobe para R$ 8.157,40 - Aconteceu no Vale\",\"isPartOf\":{\"@id\":\"https:\\\/\\\/aconteceunovale.com.br\\\/portal\\\/#website\"},\"primaryImageOfPage\":{\"@id\":\"https:\\\/\\\/aconteceunovale.com.br\\\/portal\\\/?p=195018#primaryimage\"},\"image\":{\"@id\":\"https:\\\/\\\/aconteceunovale.com.br\\\/portal\\\/?p=195018#primaryimage\"},\"thumbnailUrl\":\"https:\\\/\\\/aconteceunovale.com.br\\\/portal\\\/wp-content\\\/uploads\\\/2025\\\/01\\\/inss.png\",\"datePublished\":\"2025-01-10T20:34:31+00:00\",\"dateModified\":\"2025-01-10T20:35:08+00:00\",\"author\":{\"@id\":\"https:\\\/\\\/aconteceunovale.com.br\\\/portal\\\/#\\\/schema\\\/person\\\/7d2f26d1483f8a63de73da1ee0754d35\"},\"breadcrumb\":{\"@id\":\"https:\\\/\\\/aconteceunovale.com.br\\\/portal\\\/?p=195018#breadcrumb\"},\"inLanguage\":\"pt-BR\",\"potentialAction\":[{\"@type\":\"ReadAction\",\"target\":[\"https:\\\/\\\/aconteceunovale.com.br\\\/portal\\\/?p=195018\"]}]},{\"@type\":\"ImageObject\",\"inLanguage\":\"pt-BR\",\"@id\":\"https:\\\/\\\/aconteceunovale.com.br\\\/portal\\\/?p=195018#primaryimage\",\"url\":\"https:\\\/\\\/aconteceunovale.com.br\\\/portal\\\/wp-content\\\/uploads\\\/2025\\\/01\\\/inss.png\",\"contentUrl\":\"https:\\\/\\\/aconteceunovale.com.br\\\/portal\\\/wp-content\\\/uploads\\\/2025\\\/01\\\/inss.png\",\"width\":678,\"height\":406},{\"@type\":\"BreadcrumbList\",\"@id\":\"https:\\\/\\\/aconteceunovale.com.br\\\/portal\\\/?p=195018#breadcrumb\",\"itemListElement\":[{\"@type\":\"ListItem\",\"position\":1,\"name\":\"In\u00edcio\",\"item\":\"https:\\\/\\\/aconteceunovale.com.br\\\/portal\\\/\"},{\"@type\":\"ListItem\",\"position\":2,\"name\":\"Teto do INSS sobe para R$ 8.157,40\"}]},{\"@type\":\"WebSite\",\"@id\":\"https:\\\/\\\/aconteceunovale.com.br\\\/portal\\\/#website\",\"url\":\"https:\\\/\\\/aconteceunovale.com.br\\\/portal\\\/\",\"name\":\"Aconteceu no Vale\",\"description\":\"Portal de Not\u00edcias\",\"potentialAction\":[{\"@type\":\"SearchAction\",\"target\":{\"@type\":\"EntryPoint\",\"urlTemplate\":\"https:\\\/\\\/aconteceunovale.com.br\\\/portal\\\/?s={search_term_string}\"},\"query-input\":{\"@type\":\"PropertyValueSpecification\",\"valueRequired\":true,\"valueName\":\"search_term_string\"}}],\"inLanguage\":\"pt-BR\"},{\"@type\":\"Person\",\"@id\":\"https:\\\/\\\/aconteceunovale.com.br\\\/portal\\\/#\\\/schema\\\/person\\\/7d2f26d1483f8a63de73da1ee0754d35\",\"name\":\"Reda\u00e7\u00e3o Aconteceu no Vale\",\"description\":\"Equipe de reportagem do Aconteceu no Vale, portal de not\u00edcias do Vale do Jequitinhonha, em Minas Gerais. Cobrimos as 51 cidades do Vale desde 2013. Sugest\u00f5es de pauta e pedidos de corre\u00e7\u00e3o: contato@aconteceunovale.com.br\",\"url\":\"https:\\\/\\\/aconteceunovale.com.br\\\/portal\\\/?author=4\"}]}<\/script>\n<!-- \/ Yoast SEO plugin. -->","yoast_head_json":{"title":"Teto do INSS sobe para R$ 8.157,40 - Aconteceu no Vale","robots":{"index":"index","follow":"follow","max-snippet":"max-snippet:-1","max-image-preview":"max-image-preview:large","max-video-preview":"max-video-preview:-1"},"canonical":"https:\/\/aconteceunovale.com.br\/portal\/?p=195018","og_locale":"pt_BR","og_type":"article","og_title":"Teto do INSS sobe para R$ 8.157,40 - Aconteceu no Vale","og_description":"A partir de fevereiro, os aposentados e pensionistas do Instituto Nacional do Seguro Social (INSS) ter\u00e3o aumento de 4,77%. Com a corre\u00e7\u00e3o, o teto dos benef\u00edcios da Previd\u00eancia Social sobe para R$ 8.157,40 em 2025, contra R$ 7.786,01 em 2024. A varia\u00e7\u00e3o equivale ao\u00a0\u00cdndice Nacional de Pre\u00e7os ao Consumidor (INPC) de 2024, divulgado nesta sexta-feira\u00a0(10) [&hellip;]","og_url":"https:\/\/aconteceunovale.com.br\/portal\/?p=195018","og_site_name":"Aconteceu no Vale","article_publisher":"https:\/\/www.facebook.com\/aconteceunovale\/","article_published_time":"2025-01-10T20:34:31+00:00","article_modified_time":"2025-01-10T20:35:08+00:00","og_image":[{"width":678,"height":406,"url":"https:\/\/aconteceunovale.com.br\/portal\/wp-content\/uploads\/2025\/01\/inss.png","type":"image\/png"}],"author":"Reda\u00e7\u00e3o Aconteceu no Vale","twitter_card":"summary_large_image","twitter_creator":"@noticiadosvales","twitter_site":"@noticiadosvales","twitter_misc":{"Escrito por":"Reda\u00e7\u00e3o Aconteceu no Vale","Est. tempo de leitura":"3 minutos"},"schema":{"@context":"https:\/\/schema.org","@graph":[{"@type":"Article","@id":"https:\/\/aconteceunovale.com.br\/portal\/?p=195018#article","isPartOf":{"@id":"https:\/\/aconteceunovale.com.br\/portal\/?p=195018"},"author":{"name":"Reda\u00e7\u00e3o Aconteceu no Vale","@id":"https:\/\/aconteceunovale.com.br\/portal\/#\/schema\/person\/7d2f26d1483f8a63de73da1ee0754d35"},"headline":"Teto do INSS sobe para R$ 8.157,40","datePublished":"2025-01-10T20:34:31+00:00","dateModified":"2025-01-10T20:35:08+00:00","mainEntityOfPage":{"@id":"https:\/\/aconteceunovale.com.br\/portal\/?p=195018"},"wordCount":516,"commentCount":0,"image":{"@id":"https:\/\/aconteceunovale.com.br\/portal\/?p=195018#primaryimage"},"thumbnailUrl":"https:\/\/aconteceunovale.com.br\/portal\/wp-content\/uploads\/2025\/01\/inss.png","keywords":["aposentadoria","destaque","INSS","Instituto Nacional do Seguro Social","Novo teto do INSS","Previd\u00eancia","Teto do INSS","Teto do INSS sobe para R$ 8.157"],"articleSection":["Brasil","Economia"],"inLanguage":"pt-BR","potentialAction":[{"@type":"CommentAction","name":"Comment","target":["https:\/\/aconteceunovale.com.br\/portal\/?p=195018#respond"]}]},{"@type":"WebPage","@id":"https:\/\/aconteceunovale.com.br\/portal\/?p=195018","url":"https:\/\/aconteceunovale.com.br\/portal\/?p=195018","name":"Teto do INSS sobe para R$ 8.157,40 - Aconteceu no Vale","isPartOf":{"@id":"https:\/\/aconteceunovale.com.br\/portal\/#website"},"primaryImageOfPage":{"@id":"https:\/\/aconteceunovale.com.br\/portal\/?p=195018#primaryimage"},"image":{"@id":"https:\/\/aconteceunovale.com.br\/portal\/?p=195018#primaryimage"},"thumbnailUrl":"https:\/\/aconteceunovale.com.br\/portal\/wp-content\/uploads\/2025\/01\/inss.png","datePublished":"2025-01-10T20:34:31+00:00","dateModified":"2025-01-10T20:35:08+00:00","author":{"@id":"https:\/\/aconteceunovale.com.br\/portal\/#\/schema\/person\/7d2f26d1483f8a63de73da1ee0754d35"},"breadcrumb":{"@id":"https:\/\/aconteceunovale.com.br\/portal\/?p=195018#breadcrumb"},"inLanguage":"pt-BR","potentialAction":[{"@type":"ReadAction","target":["https:\/\/aconteceunovale.com.br\/portal\/?p=195018"]}]},{"@type":"ImageObject","inLanguage":"pt-BR","@id":"https:\/\/aconteceunovale.com.br\/portal\/?p=195018#primaryimage","url":"https:\/\/aconteceunovale.com.br\/portal\/wp-content\/uploads\/2025\/01\/inss.png","contentUrl":"https:\/\/aconteceunovale.com.br\/portal\/wp-content\/uploads\/2025\/01\/inss.png","width":678,"height":406},{"@type":"BreadcrumbList","@id":"https:\/\/aconteceunovale.com.br\/portal\/?p=195018#breadcrumb","itemListElement":[{"@type":"ListItem","position":1,"name":"In\u00edcio","item":"https:\/\/aconteceunovale.com.br\/portal\/"},{"@type":"ListItem","position":2,"name":"Teto do INSS sobe para R$ 8.157,40"}]},{"@type":"WebSite","@id":"https:\/\/aconteceunovale.com.br\/portal\/#website","url":"https:\/\/aconteceunovale.com.br\/portal\/","name":"Aconteceu no Vale","description":"Portal de Not\u00edcias","potentialAction":[{"@type":"SearchAction","target":{"@type":"EntryPoint","urlTemplate":"https:\/\/aconteceunovale.com.br\/portal\/?s={search_term_string}"},"query-input":{"@type":"PropertyValueSpecification","valueRequired":true,"valueName":"search_term_string"}}],"inLanguage":"pt-BR"},{"@type":"Person","@id":"https:\/\/aconteceunovale.com.br\/portal\/#\/schema\/person\/7d2f26d1483f8a63de73da1ee0754d35","name":"Reda\u00e7\u00e3o Aconteceu no Vale","description":"Equipe de reportagem do Aconteceu no Vale, portal de not\u00edcias do Vale do Jequitinhonha, em Minas Gerais. Cobrimos as 51 cidades do Vale desde 2013. Sugest\u00f5es de pauta e pedidos de corre\u00e7\u00e3o: contato@aconteceunovale.com.br","url":"https:\/\/aconteceunovale.com.br\/portal\/?author=4"}]}},"_links":{"self":[{"href":"https:\/\/aconteceunovale.com.br\/portal\/index.php?rest_route=\/wp\/v2\/posts\/195018","targetHints":{"allow":["GET"]}}],"collection":[{"href":"https:\/\/aconteceunovale.com.br\/portal\/index.php?rest_route=\/wp\/v2\/posts"}],"about":[{"href":"https:\/\/aconteceunovale.com.br\/portal\/index.php?rest_route=\/wp\/v2\/types\/post"}],"author":[{"embeddable":true,"href":"https:\/\/aconteceunovale.com.br\/portal\/index.php?rest_route=\/wp\/v2\/users\/4"}],"replies":[{"embeddable":true,"href":"https:\/\/aconteceunovale.com.br\/portal\/index.php?rest_route=%2Fwp%2Fv2%2Fcomments&post=195018"}],"version-history":[{"count":1,"href":"https:\/\/aconteceunovale.com.br\/portal\/index.php?rest_route=\/wp\/v2\/posts\/195018\/revisions"}],"predecessor-version":[{"id":195020,"href":"https:\/\/aconteceunovale.com.br\/portal\/index.php?rest_route=\/wp\/v2\/posts\/195018\/revisions\/195020"}],"wp:featuredmedia":[{"embeddable":true,"href":"https:\/\/aconteceunovale.com.br\/portal\/index.php?rest_route=\/wp\/v2\/media\/195019"}],"wp:attachment":[{"href":"https:\/\/aconteceunovale.com.br\/portal\/index.php?rest_route=%2Fwp%2Fv2%2Fmedia&parent=195018"}],"wp:term":[{"taxonomy":"category","embeddable":true,"href":"https:\/\/aconteceunovale.com.br\/portal\/index.php?rest_route=%2Fwp%2Fv2%2Fcategories&post=195018"},{"taxonomy":"post_tag","embeddable":true,"href":"https:\/\/aconteceunovale.com.br\/portal\/index.php?rest_route=%2Fwp%2Fv2%2Ftags&post=195018"}],"curies":[{"name":"wp","href":"https:\/\/api.w.org\/{rel}","templated":true}]}}