{"id":195015,"date":"2025-01-10T17:19:07","date_gmt":"2025-01-10T20:19:07","guid":{"rendered":"https:\/\/aconteceunovale.com.br\/portal\/?p=195015"},"modified":"2025-01-10T20:47:56","modified_gmt":"2025-01-10T23:47:56","slug":"carreta-carregada-com-bois-tomba-na-br-381-saqueadores-abatem-animais-no-local","status":"publish","type":"post","link":"https:\/\/aconteceunovale.com.br\/portal\/?p=195015","title":{"rendered":"Carreta carregada com bois tomba na BR-381; saqueadores abatem animais no local"},"content":{"rendered":"\n<p class=\"wp-block-paragraph\">Uma carreta carregada com 58 bois da ra\u00e7a Nelore tombou no km 321 da BR-381, na localidade conhecida como Baixada Pimenta, munic\u00edpio de Nova Era (MG), na manh\u00e3 desta sexta-feira (10\/1\/2025). O ve\u00edculo seguia de Te\u00f3filo Otoni para S\u00e3o Paulo. Apesar do impacto, o motorista, de 43 anos, n\u00e3o sofreu ferimentos.<\/p>\n\n\n\n<figure class=\"wp-block-gallery has-nested-images columns-default is-cropped wp-block-gallery-1 is-layout-flex wp-block-gallery-is-layout-flex\">\n<figure class=\"wp-block-image size-large\"><img loading=\"lazy\" decoding=\"async\" width=\"667\" height=\"432\" data-id=\"195016\" src=\"https:\/\/aconteceunovale.com.br\/portal\/wp-content\/uploads\/2025\/01\/acidente_381_bois_1.png\" alt=\"\" class=\"wp-image-195016\" srcset=\"https:\/\/aconteceunovale.com.br\/portal\/wp-content\/uploads\/2025\/01\/acidente_381_bois_1.png 667w, https:\/\/aconteceunovale.com.br\/portal\/wp-content\/uploads\/2025\/01\/acidente_381_bois_1-300x194.png 300w, https:\/\/aconteceunovale.com.br\/portal\/wp-content\/uploads\/2025\/01\/acidente_381_bois_1-648x420.png 648w\" sizes=\"auto, (max-width: 667px) 100vw, 667px\" \/><figcaption class=\"wp-element-caption\"><em>Foto: Divulga\u00e7\u00e3o \/ GAVE<\/em><\/figcaption><\/figure>\n<\/figure>\n\n\n\n<p class=\"wp-block-paragraph\">De acordo com o relato do condutor, o acidente ocorreu quando ele tentou desviar para o acostamento a fim de evitar uma colis\u00e3o frontal com um caminh\u00e3o que invadiu a contram\u00e3o. O outro ve\u00edculo, segundo o motorista, desviava de buracos sob o viaduto da regi\u00e3o.<\/p>\n\n\n\n<h3 class=\"wp-block-heading\">Consequ\u00eancias do acidente<\/h3>\n\n\n\n<p class=\"wp-block-paragraph\">Com o tombamento, parte do \u00f3leo do tanque da carreta vazou sobre o asfalto, e uma equipe de resgate do GAVE (Grupo de Atendimento Volunt\u00e1rio de Emerg\u00eancia) de Nova Era foi acionada para conter o derramamento utilizando serragem. O incidente causou lentid\u00e3o no tr\u00e1fego nos dois sentidos da rodovia.<\/p>\n\n\n\n<p class=\"wp-block-paragraph\">Embora nenhum dos animais tenha morrido no momento do acidente, alguns ficaram presos e outros sofreram fraturas, como patas quebradas. Testemunhas relataram que saqueadores aproveitaram a situa\u00e7\u00e3o para arrombar os compartimentos da carreta e abater os bois no local, causando indigna\u00e7\u00e3o entre motoristas que passavam pela rodovia.<\/p>\n","protected":false},"excerpt":{"rendered":"<p>Uma carreta carregada com 58 bois da ra\u00e7a Nelore tombou no km 321 da BR-381, na localidade conhecida como Baixada Pimenta, munic\u00edpio de Nova Era (MG), na manh\u00e3 desta sexta-feira (10\/1\/2025). O ve\u00edculo seguia de Te\u00f3filo Otoni para S\u00e3o Paulo. Apesar do impacto, o motorista, de 43 anos, n\u00e3o sofreu ferimentos. De acordo com o [&hellip;]<\/p>\n","protected":false},"author":4,"featured_media":195016,"comment_status":"open","ping_status":"closed","sticky":false,"template":"","format":"standard","meta":{"amp_status":"","footnotes":""},"categories":[123,122],"tags":[269287,8237,209677,269286,201,1103,2382,164],"class_list":["post-195015","post","type-post","status-publish","format-standard","has-post-thumbnail","hentry","category-gerais","category-mucuri","tag-acidente-com-caminhao-de-bois-na-br-381","tag-acidente-na-br-381","tag-br-381-2","tag-carreta-carregada-com-bois-tomba-na-br-381-saqueadores-abatem-animais-no-local","tag-ipatinga","tag-nova-era","tag-sao-paulo","tag-teofilo-otoni"],"yoast_head":"<!-- This site is optimized with the Yoast SEO plugin v28.3 - https:\/\/yoast.com\/product\/yoast-seo-wordpress\/ -->\n<title>Carreta carregada com bois tomba na BR-381; saqueadores abatem animais no local - Aconteceu no Vale<\/title>\n<meta name=\"robots\" content=\"index, follow, max-snippet:-1, max-image-preview:large, max-video-preview:-1\" \/>\n<link rel=\"canonical\" href=\"https:\/\/aconteceunovale.com.br\/portal\/?p=195015\" \/>\n<meta property=\"og:locale\" content=\"pt_BR\" \/>\n<meta property=\"og:type\" content=\"article\" \/>\n<meta property=\"og:title\" content=\"Carreta carregada com bois tomba na BR-381; saqueadores abatem animais no local - Aconteceu no Vale\" \/>\n<meta property=\"og:description\" content=\"Uma carreta carregada com 58 bois da ra\u00e7a Nelore tombou no km 321 da BR-381, na localidade conhecida como Baixada Pimenta, munic\u00edpio de Nova Era (MG), na manh\u00e3 desta sexta-feira (10\/1\/2025). O ve\u00edculo seguia de Te\u00f3filo Otoni para S\u00e3o Paulo. Apesar do impacto, o motorista, de 43 anos, n\u00e3o sofreu ferimentos. De acordo com o [&hellip;]\" \/>\n<meta property=\"og:url\" content=\"https:\/\/aconteceunovale.com.br\/portal\/?p=195015\" \/>\n<meta property=\"og:site_name\" content=\"Aconteceu no Vale\" \/>\n<meta property=\"article:publisher\" content=\"https:\/\/www.facebook.com\/aconteceunovale\/\" \/>\n<meta property=\"article:published_time\" content=\"2025-01-10T20:19:07+00:00\" \/>\n<meta property=\"article:modified_time\" content=\"2025-01-10T23:47:56+00:00\" \/>\n<meta property=\"og:image\" content=\"https:\/\/aconteceunovale.com.br\/portal\/wp-content\/uploads\/2025\/01\/acidente_381_bois_1.png\" \/>\n\t<meta property=\"og:image:width\" content=\"667\" \/>\n\t<meta property=\"og:image:height\" content=\"432\" \/>\n\t<meta property=\"og:image:type\" content=\"image\/png\" \/>\n<meta name=\"author\" content=\"Reda\u00e7\u00e3o Aconteceu no Vale\" \/>\n<meta name=\"twitter:card\" content=\"summary_large_image\" \/>\n<meta name=\"twitter:creator\" content=\"@noticiadosvales\" \/>\n<meta name=\"twitter:site\" content=\"@noticiadosvales\" \/>\n<meta name=\"twitter:label1\" content=\"Escrito por\" \/>\n\t<meta name=\"twitter:data1\" content=\"Reda\u00e7\u00e3o Aconteceu no Vale\" \/>\n\t<meta name=\"twitter:label2\" content=\"Est. tempo de leitura\" \/>\n\t<meta name=\"twitter:data2\" content=\"1 minuto\" \/>\n<script type=\"application\/ld+json\" class=\"yoast-schema-graph\">{\"@context\":\"https:\\\/\\\/schema.org\",\"@graph\":[{\"@type\":\"Article\",\"@id\":\"https:\\\/\\\/aconteceunovale.com.br\\\/portal\\\/?p=195015#article\",\"isPartOf\":{\"@id\":\"https:\\\/\\\/aconteceunovale.com.br\\\/portal\\\/?p=195015\"},\"author\":{\"name\":\"Reda\u00e7\u00e3o Aconteceu no Vale\",\"@id\":\"https:\\\/\\\/aconteceunovale.com.br\\\/portal\\\/#\\\/schema\\\/person\\\/7d2f26d1483f8a63de73da1ee0754d35\"},\"headline\":\"Carreta carregada com bois tomba na BR-381; saqueadores abatem animais no local\",\"datePublished\":\"2025-01-10T20:19:07+00:00\",\"dateModified\":\"2025-01-10T23:47:56+00:00\",\"mainEntityOfPage\":{\"@id\":\"https:\\\/\\\/aconteceunovale.com.br\\\/portal\\\/?p=195015\"},\"wordCount\":225,\"commentCount\":0,\"image\":{\"@id\":\"https:\\\/\\\/aconteceunovale.com.br\\\/portal\\\/?p=195015#primaryimage\"},\"thumbnailUrl\":\"https:\\\/\\\/aconteceunovale.com.br\\\/portal\\\/wp-content\\\/uploads\\\/2025\\\/01\\\/acidente_381_bois_1.png\",\"keywords\":[\"Acidente com caminh\u00e3o de bois na BR-381\",\"acidente na BR-381\",\"BR-381\",\"Carreta carregada com bois tomba na BR-381; saqueadores abatem animais no local\",\"Ipatinga\",\"Nova Era\",\"S\u00e3o Paulo\",\"Te\u00f3filo Otoni\"],\"articleSection\":[\"Minas Gerais\",\"Vale do Mucuri\"],\"inLanguage\":\"pt-BR\",\"potentialAction\":[{\"@type\":\"CommentAction\",\"name\":\"Comment\",\"target\":[\"https:\\\/\\\/aconteceunovale.com.br\\\/portal\\\/?p=195015#respond\"]}]},{\"@type\":\"WebPage\",\"@id\":\"https:\\\/\\\/aconteceunovale.com.br\\\/portal\\\/?p=195015\",\"url\":\"https:\\\/\\\/aconteceunovale.com.br\\\/portal\\\/?p=195015\",\"name\":\"Carreta carregada com bois tomba na BR-381; saqueadores abatem animais no local - Aconteceu no Vale\",\"isPartOf\":{\"@id\":\"https:\\\/\\\/aconteceunovale.com.br\\\/portal\\\/#website\"},\"primaryImageOfPage\":{\"@id\":\"https:\\\/\\\/aconteceunovale.com.br\\\/portal\\\/?p=195015#primaryimage\"},\"image\":{\"@id\":\"https:\\\/\\\/aconteceunovale.com.br\\\/portal\\\/?p=195015#primaryimage\"},\"thumbnailUrl\":\"https:\\\/\\\/aconteceunovale.com.br\\\/portal\\\/wp-content\\\/uploads\\\/2025\\\/01\\\/acidente_381_bois_1.png\",\"datePublished\":\"2025-01-10T20:19:07+00:00\",\"dateModified\":\"2025-01-10T23:47:56+00:00\",\"author\":{\"@id\":\"https:\\\/\\\/aconteceunovale.com.br\\\/portal\\\/#\\\/schema\\\/person\\\/7d2f26d1483f8a63de73da1ee0754d35\"},\"breadcrumb\":{\"@id\":\"https:\\\/\\\/aconteceunovale.com.br\\\/portal\\\/?p=195015#breadcrumb\"},\"inLanguage\":\"pt-BR\",\"potentialAction\":[{\"@type\":\"ReadAction\",\"target\":[\"https:\\\/\\\/aconteceunovale.com.br\\\/portal\\\/?p=195015\"]}]},{\"@type\":\"ImageObject\",\"inLanguage\":\"pt-BR\",\"@id\":\"https:\\\/\\\/aconteceunovale.com.br\\\/portal\\\/?p=195015#primaryimage\",\"url\":\"https:\\\/\\\/aconteceunovale.com.br\\\/portal\\\/wp-content\\\/uploads\\\/2025\\\/01\\\/acidente_381_bois_1.png\",\"contentUrl\":\"https:\\\/\\\/aconteceunovale.com.br\\\/portal\\\/wp-content\\\/uploads\\\/2025\\\/01\\\/acidente_381_bois_1.png\",\"width\":667,\"height\":432,\"caption\":\"Foto: Divulga\u00e7\u00e3o \\\/ GAVE\"},{\"@type\":\"BreadcrumbList\",\"@id\":\"https:\\\/\\\/aconteceunovale.com.br\\\/portal\\\/?p=195015#breadcrumb\",\"itemListElement\":[{\"@type\":\"ListItem\",\"position\":1,\"name\":\"In\u00edcio\",\"item\":\"https:\\\/\\\/aconteceunovale.com.br\\\/portal\\\/\"},{\"@type\":\"ListItem\",\"position\":2,\"name\":\"Carreta carregada com bois tomba na BR-381; saqueadores abatem animais no local\"}]},{\"@type\":\"WebSite\",\"@id\":\"https:\\\/\\\/aconteceunovale.com.br\\\/portal\\\/#website\",\"url\":\"https:\\\/\\\/aconteceunovale.com.br\\\/portal\\\/\",\"name\":\"Aconteceu no Vale\",\"description\":\"Portal de Not\u00edcias\",\"potentialAction\":[{\"@type\":\"SearchAction\",\"target\":{\"@type\":\"EntryPoint\",\"urlTemplate\":\"https:\\\/\\\/aconteceunovale.com.br\\\/portal\\\/?s={search_term_string}\"},\"query-input\":{\"@type\":\"PropertyValueSpecification\",\"valueRequired\":true,\"valueName\":\"search_term_string\"}}],\"inLanguage\":\"pt-BR\"},{\"@type\":\"Person\",\"@id\":\"https:\\\/\\\/aconteceunovale.com.br\\\/portal\\\/#\\\/schema\\\/person\\\/7d2f26d1483f8a63de73da1ee0754d35\",\"name\":\"Reda\u00e7\u00e3o Aconteceu no Vale\",\"description\":\"Equipe de reportagem do Aconteceu no Vale, portal de not\u00edcias do Vale do Jequitinhonha, em Minas Gerais. Cobrimos as 51 cidades do Vale desde 2013. Sugest\u00f5es de pauta e pedidos de corre\u00e7\u00e3o: contato@aconteceunovale.com.br\",\"url\":\"https:\\\/\\\/aconteceunovale.com.br\\\/portal\\\/?author=4\"}]}<\/script>\n<!-- \/ Yoast SEO plugin. -->","yoast_head_json":{"title":"Carreta carregada com bois tomba na BR-381; saqueadores abatem animais no local - Aconteceu no Vale","robots":{"index":"index","follow":"follow","max-snippet":"max-snippet:-1","max-image-preview":"max-image-preview:large","max-video-preview":"max-video-preview:-1"},"canonical":"https:\/\/aconteceunovale.com.br\/portal\/?p=195015","og_locale":"pt_BR","og_type":"article","og_title":"Carreta carregada com bois tomba na BR-381; saqueadores abatem animais no local - Aconteceu no Vale","og_description":"Uma carreta carregada com 58 bois da ra\u00e7a Nelore tombou no km 321 da BR-381, na localidade conhecida como Baixada Pimenta, munic\u00edpio de Nova Era (MG), na manh\u00e3 desta sexta-feira (10\/1\/2025). O ve\u00edculo seguia de Te\u00f3filo Otoni para S\u00e3o Paulo. Apesar do impacto, o motorista, de 43 anos, n\u00e3o sofreu ferimentos. De acordo com o [&hellip;]","og_url":"https:\/\/aconteceunovale.com.br\/portal\/?p=195015","og_site_name":"Aconteceu no Vale","article_publisher":"https:\/\/www.facebook.com\/aconteceunovale\/","article_published_time":"2025-01-10T20:19:07+00:00","article_modified_time":"2025-01-10T23:47:56+00:00","og_image":[{"width":667,"height":432,"url":"https:\/\/aconteceunovale.com.br\/portal\/wp-content\/uploads\/2025\/01\/acidente_381_bois_1.png","type":"image\/png"}],"author":"Reda\u00e7\u00e3o Aconteceu no Vale","twitter_card":"summary_large_image","twitter_creator":"@noticiadosvales","twitter_site":"@noticiadosvales","twitter_misc":{"Escrito por":"Reda\u00e7\u00e3o Aconteceu no Vale","Est. tempo de leitura":"1 minuto"},"schema":{"@context":"https:\/\/schema.org","@graph":[{"@type":"Article","@id":"https:\/\/aconteceunovale.com.br\/portal\/?p=195015#article","isPartOf":{"@id":"https:\/\/aconteceunovale.com.br\/portal\/?p=195015"},"author":{"name":"Reda\u00e7\u00e3o Aconteceu no Vale","@id":"https:\/\/aconteceunovale.com.br\/portal\/#\/schema\/person\/7d2f26d1483f8a63de73da1ee0754d35"},"headline":"Carreta carregada com bois tomba na BR-381; saqueadores abatem animais no local","datePublished":"2025-01-10T20:19:07+00:00","dateModified":"2025-01-10T23:47:56+00:00","mainEntityOfPage":{"@id":"https:\/\/aconteceunovale.com.br\/portal\/?p=195015"},"wordCount":225,"commentCount":0,"image":{"@id":"https:\/\/aconteceunovale.com.br\/portal\/?p=195015#primaryimage"},"thumbnailUrl":"https:\/\/aconteceunovale.com.br\/portal\/wp-content\/uploads\/2025\/01\/acidente_381_bois_1.png","keywords":["Acidente com caminh\u00e3o de bois na BR-381","acidente na BR-381","BR-381","Carreta carregada com bois tomba na BR-381; saqueadores abatem animais no local","Ipatinga","Nova Era","S\u00e3o Paulo","Te\u00f3filo Otoni"],"articleSection":["Minas Gerais","Vale do Mucuri"],"inLanguage":"pt-BR","potentialAction":[{"@type":"CommentAction","name":"Comment","target":["https:\/\/aconteceunovale.com.br\/portal\/?p=195015#respond"]}]},{"@type":"WebPage","@id":"https:\/\/aconteceunovale.com.br\/portal\/?p=195015","url":"https:\/\/aconteceunovale.com.br\/portal\/?p=195015","name":"Carreta carregada com bois tomba na BR-381; saqueadores abatem animais no local - Aconteceu no Vale","isPartOf":{"@id":"https:\/\/aconteceunovale.com.br\/portal\/#website"},"primaryImageOfPage":{"@id":"https:\/\/aconteceunovale.com.br\/portal\/?p=195015#primaryimage"},"image":{"@id":"https:\/\/aconteceunovale.com.br\/portal\/?p=195015#primaryimage"},"thumbnailUrl":"https:\/\/aconteceunovale.com.br\/portal\/wp-content\/uploads\/2025\/01\/acidente_381_bois_1.png","datePublished":"2025-01-10T20:19:07+00:00","dateModified":"2025-01-10T23:47:56+00:00","author":{"@id":"https:\/\/aconteceunovale.com.br\/portal\/#\/schema\/person\/7d2f26d1483f8a63de73da1ee0754d35"},"breadcrumb":{"@id":"https:\/\/aconteceunovale.com.br\/portal\/?p=195015#breadcrumb"},"inLanguage":"pt-BR","potentialAction":[{"@type":"ReadAction","target":["https:\/\/aconteceunovale.com.br\/portal\/?p=195015"]}]},{"@type":"ImageObject","inLanguage":"pt-BR","@id":"https:\/\/aconteceunovale.com.br\/portal\/?p=195015#primaryimage","url":"https:\/\/aconteceunovale.com.br\/portal\/wp-content\/uploads\/2025\/01\/acidente_381_bois_1.png","contentUrl":"https:\/\/aconteceunovale.com.br\/portal\/wp-content\/uploads\/2025\/01\/acidente_381_bois_1.png","width":667,"height":432,"caption":"Foto: Divulga\u00e7\u00e3o \/ GAVE"},{"@type":"BreadcrumbList","@id":"https:\/\/aconteceunovale.com.br\/portal\/?p=195015#breadcrumb","itemListElement":[{"@type":"ListItem","position":1,"name":"In\u00edcio","item":"https:\/\/aconteceunovale.com.br\/portal\/"},{"@type":"ListItem","position":2,"name":"Carreta carregada com bois tomba na BR-381; saqueadores abatem animais no local"}]},{"@type":"WebSite","@id":"https:\/\/aconteceunovale.com.br\/portal\/#website","url":"https:\/\/aconteceunovale.com.br\/portal\/","name":"Aconteceu no Vale","description":"Portal de Not\u00edcias","potentialAction":[{"@type":"SearchAction","target":{"@type":"EntryPoint","urlTemplate":"https:\/\/aconteceunovale.com.br\/portal\/?s={search_term_string}"},"query-input":{"@type":"PropertyValueSpecification","valueRequired":true,"valueName":"search_term_string"}}],"inLanguage":"pt-BR"},{"@type":"Person","@id":"https:\/\/aconteceunovale.com.br\/portal\/#\/schema\/person\/7d2f26d1483f8a63de73da1ee0754d35","name":"Reda\u00e7\u00e3o Aconteceu no Vale","description":"Equipe de reportagem do Aconteceu no Vale, portal de not\u00edcias do Vale do Jequitinhonha, em Minas Gerais. Cobrimos as 51 cidades do Vale desde 2013. Sugest\u00f5es de pauta e pedidos de corre\u00e7\u00e3o: contato@aconteceunovale.com.br","url":"https:\/\/aconteceunovale.com.br\/portal\/?author=4"}]}},"_links":{"self":[{"href":"https:\/\/aconteceunovale.com.br\/portal\/index.php?rest_route=\/wp\/v2\/posts\/195015","targetHints":{"allow":["GET"]}}],"collection":[{"href":"https:\/\/aconteceunovale.com.br\/portal\/index.php?rest_route=\/wp\/v2\/posts"}],"about":[{"href":"https:\/\/aconteceunovale.com.br\/portal\/index.php?rest_route=\/wp\/v2\/types\/post"}],"author":[{"embeddable":true,"href":"https:\/\/aconteceunovale.com.br\/portal\/index.php?rest_route=\/wp\/v2\/users\/4"}],"replies":[{"embeddable":true,"href":"https:\/\/aconteceunovale.com.br\/portal\/index.php?rest_route=%2Fwp%2Fv2%2Fcomments&post=195015"}],"version-history":[{"count":2,"href":"https:\/\/aconteceunovale.com.br\/portal\/index.php?rest_route=\/wp\/v2\/posts\/195015\/revisions"}],"predecessor-version":[{"id":195043,"href":"https:\/\/aconteceunovale.com.br\/portal\/index.php?rest_route=\/wp\/v2\/posts\/195015\/revisions\/195043"}],"wp:featuredmedia":[{"embeddable":true,"href":"https:\/\/aconteceunovale.com.br\/portal\/index.php?rest_route=\/wp\/v2\/media\/195016"}],"wp:attachment":[{"href":"https:\/\/aconteceunovale.com.br\/portal\/index.php?rest_route=%2Fwp%2Fv2%2Fmedia&parent=195015"}],"wp:term":[{"taxonomy":"category","embeddable":true,"href":"https:\/\/aconteceunovale.com.br\/portal\/index.php?rest_route=%2Fwp%2Fv2%2Fcategories&post=195015"},{"taxonomy":"post_tag","embeddable":true,"href":"https:\/\/aconteceunovale.com.br\/portal\/index.php?rest_route=%2Fwp%2Fv2%2Ftags&post=195015"}],"curies":[{"name":"wp","href":"https:\/\/api.w.org\/{rel}","templated":true}]}}