{"id":194993,"date":"2025-01-10T16:05:03","date_gmt":"2025-01-10T19:05:03","guid":{"rendered":"https:\/\/aconteceunovale.com.br\/portal\/?p=194993"},"modified":"2025-01-10T16:06:37","modified_gmt":"2025-01-10T19:06:37","slug":"policia-civil-conclui-identificacao-das-39-vitimas-de-acidente-no-municipio-de-teofilo-otoni","status":"publish","type":"post","link":"https:\/\/aconteceunovale.com.br\/portal\/?p=194993","title":{"rendered":"Pol\u00edcia Civil conclui identifica\u00e7\u00e3o das 39 v\u00edtimas de acidente no munic\u00edpio de Te\u00f3filo Otoni"},"content":{"rendered":"\n<p class=\"wp-block-paragraph\">A Pol\u00edcia Civil de Minas Gerais (PCMG) finalizou, nessa quinta-feira (9\/1\/2025), a identifica\u00e7\u00e3o das v\u00edtimas do grav\u00edssimo acidente envolvendo um \u00f4nibus, uma carreta e um carro na BR-116, em Te\u00f3filo Otoni, no Vale do Mucuri. O acidente, registrado em 21 de dezembro de 2024, deixou 39 mortos, todos ocupantes do \u00f4nibus que seguia de S\u00e3o Paulo para a Bahia.<\/p>\n\n\n\n<figure class=\"wp-block-gallery has-nested-images columns-default is-cropped wp-block-gallery-1 is-layout-flex wp-block-gallery-is-layout-flex\">\n<figure class=\"wp-block-image size-large\"><img loading=\"lazy\" decoding=\"async\" width=\"678\" height=\"437\" data-id=\"194994\" src=\"https:\/\/aconteceunovale.com.br\/portal\/wp-content\/uploads\/2025\/01\/acidente_teo_1.png\" alt=\"\" class=\"wp-image-194994\" srcset=\"https:\/\/aconteceunovale.com.br\/portal\/wp-content\/uploads\/2025\/01\/acidente_teo_1.png 678w, https:\/\/aconteceunovale.com.br\/portal\/wp-content\/uploads\/2025\/01\/acidente_teo_1-300x193.png 300w, https:\/\/aconteceunovale.com.br\/portal\/wp-content\/uploads\/2025\/01\/acidente_teo_1-652x420.png 652w\" sizes=\"auto, (max-width: 678px) 100vw, 678px\" \/><figcaption class=\"wp-element-caption\"><em>Foto: Divulga\u00e7\u00e3o \/ Corpo de Bombeiros<\/em><\/figcaption><\/figure>\n<\/figure>\n\n\n\n<p class=\"wp-block-paragraph\">Segundo a PCMG, 37 corpos j\u00e1 foram liberados para as fam\u00edlias, enquanto os parentes das duas \u00faltimas pessoas identificadas est\u00e3o sendo comunicados. As v\u00edtimas tinham idades entre 1 ano e dois meses e 64 anos, sendo a maioria naturais da Bahia e S\u00e3o Paulo, al\u00e9m de uma de Minas Gerais e outra da Para\u00edba.<\/p>\n\n\n\n<h3 class=\"wp-block-heading\">Identifica\u00e7\u00e3o das v\u00edtimas<\/h3>\n\n\n\n<p class=\"wp-block-paragraph\">O trabalho pericial foi realizado no Instituto M\u00e9dico Legal (IML) em Belo Horizonte, com o apoio de equipes das pol\u00edcias civis da Bahia, Paran\u00e1 e S\u00e3o Paulo. Os m\u00e9todos utilizados inclu\u00edram papiloscopia (an\u00e1lise de impress\u00f5es digitais), odontologia-legal e testes de DNA. Segundo o m\u00e9dico-legista Thales Bittencourt, o exame de DNA foi essencial nos casos de carboniza\u00e7\u00e3o ou les\u00f5es que impossibilitaram outras formas de identifica\u00e7\u00e3o.<\/p>\n\n\n\n<h3 class=\"wp-block-heading\">Investiga\u00e7\u00e3o do acidente<\/h3>\n\n\n\n<p class=\"wp-block-paragraph\">No local do acidente, peritos coletaram vest\u00edgios e utilizaram tecnologias avan\u00e7adas, como o Laser Scanner 3D, que permite a simula\u00e7\u00e3o do evento para determinar a din\u00e2mica do fato. O material biol\u00f3gico dos motoristas do \u00f4nibus e da carreta foi coletado para exames toxicol\u00f3gicos e de teor alco\u00f3lico, cujos resultados foram enviados \u00e0 delegacia respons\u00e1vel pela apura\u00e7\u00e3o.<\/p>\n\n\n\n<h3 class=\"wp-block-heading\">Atendimento \u00e0s fam\u00edlias<\/h3>\n\n\n\n<p class=\"wp-block-paragraph\">Desde o in\u00edcio, a PCMG ofereceu suporte humanizado \u00e0s fam\u00edlias das v\u00edtimas, com assist\u00eancia de psic\u00f3logos e assistentes sociais. Segundo a institui\u00e7\u00e3o, a experi\u00eancia adquirida em trag\u00e9dias anteriores, como o rompimento da barragem em Brumadinho e um acidente em Jo\u00e3o Monlevade, foi fundamental para conduzir os trabalhos.<\/p>\n\n\n\n<h3 class=\"wp-block-heading\">Maior trag\u00e9dia em estradas federais desde 2007<\/h3>\n\n\n\n<p class=\"wp-block-paragraph\">De acordo com a Pol\u00edcia Rodovi\u00e1ria Federal (PRF), o acidente \u00e9 a maior trag\u00e9dia registrada em rodovias federais desde 2007, in\u00edcio da s\u00e9rie hist\u00f3rica. Inicialmente, foi divulgado que o n\u00famero de mortos seria 41, devido \u00e0 chegada de 41 sacos com restos mortais ao IML. No entanto, ap\u00f3s an\u00e1lises detalhadas, constatou-se que o total de v\u00edtimas fatais era de 39.<\/p>\n\n\n\n<p class=\"wp-block-paragraph\">As investiga\u00e7\u00f5es sobre as causas do acidente continuam.<\/p>\n\n\n\n<figure class=\"wp-block-gallery has-nested-images columns-1 is-cropped wp-block-gallery-2 is-layout-flex wp-block-gallery-is-layout-flex\">\n<figure class=\"wp-block-image size-large\"><img loading=\"lazy\" decoding=\"async\" width=\"678\" height=\"450\" data-id=\"194995\" src=\"https:\/\/aconteceunovale.com.br\/portal\/wp-content\/uploads\/2025\/01\/acidente_teo_5.png\" alt=\"\" class=\"wp-image-194995\" srcset=\"https:\/\/aconteceunovale.com.br\/portal\/wp-content\/uploads\/2025\/01\/acidente_teo_5.png 678w, https:\/\/aconteceunovale.com.br\/portal\/wp-content\/uploads\/2025\/01\/acidente_teo_5-300x199.png 300w, https:\/\/aconteceunovale.com.br\/portal\/wp-content\/uploads\/2025\/01\/acidente_teo_5-633x420.png 633w\" sizes=\"auto, (max-width: 678px) 100vw, 678px\" \/><figcaption class=\"wp-element-caption\"><em>Foto: Divulga\u00e7\u00e3o \/ Corpo de Bombeiros<\/em><\/figcaption><\/figure>\n\n\n\n<figure class=\"wp-block-image size-large\"><img loading=\"lazy\" decoding=\"async\" width=\"653\" height=\"450\" data-id=\"194996\" src=\"https:\/\/aconteceunovale.com.br\/portal\/wp-content\/uploads\/2025\/01\/acidente_teo_4.png\" alt=\"\" class=\"wp-image-194996\" srcset=\"https:\/\/aconteceunovale.com.br\/portal\/wp-content\/uploads\/2025\/01\/acidente_teo_4.png 653w, https:\/\/aconteceunovale.com.br\/portal\/wp-content\/uploads\/2025\/01\/acidente_teo_4-300x207.png 300w, https:\/\/aconteceunovale.com.br\/portal\/wp-content\/uploads\/2025\/01\/acidente_teo_4-100x70.png 100w, https:\/\/aconteceunovale.com.br\/portal\/wp-content\/uploads\/2025\/01\/acidente_teo_4-218x150.png 218w, https:\/\/aconteceunovale.com.br\/portal\/wp-content\/uploads\/2025\/01\/acidente_teo_4-609x420.png 609w\" sizes=\"auto, (max-width: 653px) 100vw, 653px\" \/><figcaption class=\"wp-element-caption\"><em>Foto: Divulga\u00e7\u00e3o \/ Corpo de Bombeiros<\/em><\/figcaption><\/figure>\n\n\n\n<figure class=\"wp-block-image size-large\"><img loading=\"lazy\" decoding=\"async\" width=\"678\" height=\"450\" data-id=\"194997\" src=\"https:\/\/aconteceunovale.com.br\/portal\/wp-content\/uploads\/2025\/01\/acidente_teo_3.png\" alt=\"\" class=\"wp-image-194997\" srcset=\"https:\/\/aconteceunovale.com.br\/portal\/wp-content\/uploads\/2025\/01\/acidente_teo_3.png 678w, https:\/\/aconteceunovale.com.br\/portal\/wp-content\/uploads\/2025\/01\/acidente_teo_3-300x199.png 300w, https:\/\/aconteceunovale.com.br\/portal\/wp-content\/uploads\/2025\/01\/acidente_teo_3-633x420.png 633w\" sizes=\"auto, (max-width: 678px) 100vw, 678px\" \/><figcaption class=\"wp-element-caption\"><em>Foto: Divulga\u00e7\u00e3o \/ Corpo de Bombeiros<\/em><\/figcaption><\/figure>\n\n\n\n<figure class=\"wp-block-image size-large\"><img loading=\"lazy\" decoding=\"async\" width=\"678\" height=\"381\" data-id=\"194998\" src=\"https:\/\/aconteceunovale.com.br\/portal\/wp-content\/uploads\/2025\/01\/acidente_teo_6.jpg\" alt=\"\" class=\"wp-image-194998\" srcset=\"https:\/\/aconteceunovale.com.br\/portal\/wp-content\/uploads\/2025\/01\/acidente_teo_6.jpg 678w, https:\/\/aconteceunovale.com.br\/portal\/wp-content\/uploads\/2025\/01\/acidente_teo_6-300x169.jpg 300w\" sizes=\"auto, (max-width: 678px) 100vw, 678px\" \/><figcaption class=\"wp-element-caption\"><em>Foto: Divulga\u00e7\u00e3o \/ PCMG<\/em><\/figcaption><\/figure>\n\n\n\n<figure class=\"wp-block-image size-large\"><img loading=\"lazy\" decoding=\"async\" width=\"678\" height=\"381\" data-id=\"194999\" src=\"https:\/\/aconteceunovale.com.br\/portal\/wp-content\/uploads\/2025\/01\/acidente_teo_7.jpeg\" alt=\"\" class=\"wp-image-194999\" srcset=\"https:\/\/aconteceunovale.com.br\/portal\/wp-content\/uploads\/2025\/01\/acidente_teo_7.jpeg 678w, https:\/\/aconteceunovale.com.br\/portal\/wp-content\/uploads\/2025\/01\/acidente_teo_7-300x169.jpeg 300w\" sizes=\"auto, (max-width: 678px) 100vw, 678px\" \/><figcaption class=\"wp-element-caption\"><em>Foto: Divulga\u00e7\u00e3o \/ PCMG<\/em><\/figcaption><\/figure>\n<\/figure>\n","protected":false},"excerpt":{"rendered":"<p>A Pol\u00edcia Civil de Minas Gerais (PCMG) finalizou, nessa quinta-feira (9\/1\/2025), a identifica\u00e7\u00e3o das v\u00edtimas do grav\u00edssimo acidente envolvendo um \u00f4nibus, uma carreta e um carro na BR-116, em Te\u00f3filo Otoni, no Vale do Mucuri. O acidente, registrado em 21 de dezembro de 2024, deixou 39 mortos, todos ocupantes do \u00f4nibus que seguia de S\u00e3o [&hellip;]<\/p>\n","protected":false},"author":4,"featured_media":194999,"comment_status":"open","ping_status":"closed","sticky":false,"template":"","format":"standard","meta":{"amp_status":"","footnotes":""},"categories":[6,122],"tags":[269270,251618,269271,13880,31846,3945,269275,182,1018,604,269269,164,174176,269273,93350,269274,269272],"class_list":["post-194993","post","type-post","status-publish","format-standard","has-post-thumbnail","hentry","category-br","category-mucuri","tag-acidente-com-onibus-da-emtran","tag-acidente-com-onibus-que-seguia-de-sao-paulo-para-a-bahia","tag-acidente-com-onibus-que-seguia-para-a-bahia","tag-acidente-em-teofilo-otoni","tag-acidente-na-br-116-em-teofilo-otoni","tag-acidente-na-br-116","tag-acidente-viacao-emtran","tag-br-116","tag-destaque","tag-pcmg","tag-policia-civil-conclui-identificacao-das-39-vitimas-de-acidente-no-municipio-de-teofilo-otoni","tag-teofilo-otoni","tag-tragedia-em-teofilo-otoni","tag-tragedia-emtran","tag-tragedia-na-br-116","tag-tragedia-viacao-emtran","tag-viacao-emtran"],"yoast_head":"<!-- This site is optimized with the Yoast SEO plugin v28.3 - https:\/\/yoast.com\/product\/yoast-seo-wordpress\/ -->\n<title>Pol\u00edcia Civil conclui identifica\u00e7\u00e3o das 39 v\u00edtimas de acidente no munic\u00edpio de Te\u00f3filo Otoni - Aconteceu no Vale<\/title>\n<meta name=\"robots\" content=\"index, follow, max-snippet:-1, max-image-preview:large, max-video-preview:-1\" \/>\n<link rel=\"canonical\" href=\"https:\/\/aconteceunovale.com.br\/portal\/?p=194993\" \/>\n<meta property=\"og:locale\" content=\"pt_BR\" \/>\n<meta property=\"og:type\" content=\"article\" \/>\n<meta property=\"og:title\" content=\"Pol\u00edcia Civil conclui identifica\u00e7\u00e3o das 39 v\u00edtimas de acidente no munic\u00edpio de Te\u00f3filo Otoni - Aconteceu no Vale\" \/>\n<meta property=\"og:description\" content=\"A Pol\u00edcia Civil de Minas Gerais (PCMG) finalizou, nessa quinta-feira (9\/1\/2025), a identifica\u00e7\u00e3o das v\u00edtimas do grav\u00edssimo acidente envolvendo um \u00f4nibus, uma carreta e um carro na BR-116, em Te\u00f3filo Otoni, no Vale do Mucuri. O acidente, registrado em 21 de dezembro de 2024, deixou 39 mortos, todos ocupantes do \u00f4nibus que seguia de S\u00e3o [&hellip;]\" \/>\n<meta property=\"og:url\" content=\"https:\/\/aconteceunovale.com.br\/portal\/?p=194993\" \/>\n<meta property=\"og:site_name\" content=\"Aconteceu no Vale\" \/>\n<meta property=\"article:publisher\" content=\"https:\/\/www.facebook.com\/aconteceunovale\/\" \/>\n<meta property=\"article:published_time\" content=\"2025-01-10T19:05:03+00:00\" \/>\n<meta property=\"article:modified_time\" content=\"2025-01-10T19:06:37+00:00\" \/>\n<meta property=\"og:image\" content=\"https:\/\/aconteceunovale.com.br\/portal\/wp-content\/uploads\/2025\/01\/acidente_teo_7.jpeg\" \/>\n\t<meta property=\"og:image:width\" content=\"678\" \/>\n\t<meta property=\"og:image:height\" content=\"381\" \/>\n\t<meta property=\"og:image:type\" content=\"image\/jpeg\" \/>\n<meta name=\"author\" content=\"Reda\u00e7\u00e3o Aconteceu no Vale\" \/>\n<meta name=\"twitter:card\" content=\"summary_large_image\" \/>\n<meta name=\"twitter:creator\" content=\"@noticiadosvales\" \/>\n<meta name=\"twitter:site\" content=\"@noticiadosvales\" \/>\n<meta name=\"twitter:label1\" content=\"Escrito por\" \/>\n\t<meta name=\"twitter:data1\" content=\"Reda\u00e7\u00e3o Aconteceu no Vale\" \/>\n\t<meta name=\"twitter:label2\" content=\"Est. tempo de leitura\" \/>\n\t<meta name=\"twitter:data2\" content=\"2 minutos\" \/>\n<script type=\"application\/ld+json\" class=\"yoast-schema-graph\">{\"@context\":\"https:\\\/\\\/schema.org\",\"@graph\":[{\"@type\":\"Article\",\"@id\":\"https:\\\/\\\/aconteceunovale.com.br\\\/portal\\\/?p=194993#article\",\"isPartOf\":{\"@id\":\"https:\\\/\\\/aconteceunovale.com.br\\\/portal\\\/?p=194993\"},\"author\":{\"name\":\"Reda\u00e7\u00e3o Aconteceu no Vale\",\"@id\":\"https:\\\/\\\/aconteceunovale.com.br\\\/portal\\\/#\\\/schema\\\/person\\\/7d2f26d1483f8a63de73da1ee0754d35\"},\"headline\":\"Pol\u00edcia Civil conclui identifica\u00e7\u00e3o das 39 v\u00edtimas de acidente no munic\u00edpio de Te\u00f3filo Otoni\",\"datePublished\":\"2025-01-10T19:05:03+00:00\",\"dateModified\":\"2025-01-10T19:06:37+00:00\",\"mainEntityOfPage\":{\"@id\":\"https:\\\/\\\/aconteceunovale.com.br\\\/portal\\\/?p=194993\"},\"wordCount\":456,\"commentCount\":0,\"image\":{\"@id\":\"https:\\\/\\\/aconteceunovale.com.br\\\/portal\\\/?p=194993#primaryimage\"},\"thumbnailUrl\":\"https:\\\/\\\/aconteceunovale.com.br\\\/portal\\\/wp-content\\\/uploads\\\/2025\\\/01\\\/acidente_teo_7.jpeg\",\"keywords\":[\"Acidente com \u00f4nibus da Emtran\",\"Acidente com \u00f4nibus que seguia de S\u00e3o Paulo para a Bahia\",\"Acidente com \u00f4nibus que seguia para a Bahia\",\"acidente em Te\u00f3filo Otoni\",\"acidente na br 116 em te\u00f3filo otoni\",\"acidente na br-116\",\"Acidente Via\u00e7\u00e3o Emtran\",\"BR-116\",\"destaque\",\"PCMG\",\"Pol\u00edcia Civil conclui identifica\u00e7\u00e3o das 39 v\u00edtimas de acidente no munic\u00edpio de Te\u00f3filo Otoni\",\"Te\u00f3filo Otoni\",\"Trag\u00e9dia em Te\u00f3filo Otoni\",\"Trag\u00e9dia Emtran\",\"trag\u00e9dia na BR-116\",\"Trag\u00e9dia Via\u00e7\u00e3o Emtran\",\"Via\u00e7\u00e3o Emtran\"],\"articleSection\":[\"Brasil\",\"Vale do Mucuri\"],\"inLanguage\":\"pt-BR\",\"potentialAction\":[{\"@type\":\"CommentAction\",\"name\":\"Comment\",\"target\":[\"https:\\\/\\\/aconteceunovale.com.br\\\/portal\\\/?p=194993#respond\"]}]},{\"@type\":\"WebPage\",\"@id\":\"https:\\\/\\\/aconteceunovale.com.br\\\/portal\\\/?p=194993\",\"url\":\"https:\\\/\\\/aconteceunovale.com.br\\\/portal\\\/?p=194993\",\"name\":\"Pol\u00edcia Civil conclui identifica\u00e7\u00e3o das 39 v\u00edtimas de acidente no munic\u00edpio de Te\u00f3filo Otoni - Aconteceu no Vale\",\"isPartOf\":{\"@id\":\"https:\\\/\\\/aconteceunovale.com.br\\\/portal\\\/#website\"},\"primaryImageOfPage\":{\"@id\":\"https:\\\/\\\/aconteceunovale.com.br\\\/portal\\\/?p=194993#primaryimage\"},\"image\":{\"@id\":\"https:\\\/\\\/aconteceunovale.com.br\\\/portal\\\/?p=194993#primaryimage\"},\"thumbnailUrl\":\"https:\\\/\\\/aconteceunovale.com.br\\\/portal\\\/wp-content\\\/uploads\\\/2025\\\/01\\\/acidente_teo_7.jpeg\",\"datePublished\":\"2025-01-10T19:05:03+00:00\",\"dateModified\":\"2025-01-10T19:06:37+00:00\",\"author\":{\"@id\":\"https:\\\/\\\/aconteceunovale.com.br\\\/portal\\\/#\\\/schema\\\/person\\\/7d2f26d1483f8a63de73da1ee0754d35\"},\"breadcrumb\":{\"@id\":\"https:\\\/\\\/aconteceunovale.com.br\\\/portal\\\/?p=194993#breadcrumb\"},\"inLanguage\":\"pt-BR\",\"potentialAction\":[{\"@type\":\"ReadAction\",\"target\":[\"https:\\\/\\\/aconteceunovale.com.br\\\/portal\\\/?p=194993\"]}]},{\"@type\":\"ImageObject\",\"inLanguage\":\"pt-BR\",\"@id\":\"https:\\\/\\\/aconteceunovale.com.br\\\/portal\\\/?p=194993#primaryimage\",\"url\":\"https:\\\/\\\/aconteceunovale.com.br\\\/portal\\\/wp-content\\\/uploads\\\/2025\\\/01\\\/acidente_teo_7.jpeg\",\"contentUrl\":\"https:\\\/\\\/aconteceunovale.com.br\\\/portal\\\/wp-content\\\/uploads\\\/2025\\\/01\\\/acidente_teo_7.jpeg\",\"width\":678,\"height\":381,\"caption\":\"Foto: Divulga\u00e7\u00e3o \\\/ PCMG\"},{\"@type\":\"BreadcrumbList\",\"@id\":\"https:\\\/\\\/aconteceunovale.com.br\\\/portal\\\/?p=194993#breadcrumb\",\"itemListElement\":[{\"@type\":\"ListItem\",\"position\":1,\"name\":\"In\u00edcio\",\"item\":\"https:\\\/\\\/aconteceunovale.com.br\\\/portal\\\/\"},{\"@type\":\"ListItem\",\"position\":2,\"name\":\"Pol\u00edcia Civil conclui identifica\u00e7\u00e3o das 39 v\u00edtimas de acidente no munic\u00edpio de Te\u00f3filo Otoni\"}]},{\"@type\":\"WebSite\",\"@id\":\"https:\\\/\\\/aconteceunovale.com.br\\\/portal\\\/#website\",\"url\":\"https:\\\/\\\/aconteceunovale.com.br\\\/portal\\\/\",\"name\":\"Aconteceu no Vale\",\"description\":\"Portal de Not\u00edcias\",\"potentialAction\":[{\"@type\":\"SearchAction\",\"target\":{\"@type\":\"EntryPoint\",\"urlTemplate\":\"https:\\\/\\\/aconteceunovale.com.br\\\/portal\\\/?s={search_term_string}\"},\"query-input\":{\"@type\":\"PropertyValueSpecification\",\"valueRequired\":true,\"valueName\":\"search_term_string\"}}],\"inLanguage\":\"pt-BR\"},{\"@type\":\"Person\",\"@id\":\"https:\\\/\\\/aconteceunovale.com.br\\\/portal\\\/#\\\/schema\\\/person\\\/7d2f26d1483f8a63de73da1ee0754d35\",\"name\":\"Reda\u00e7\u00e3o Aconteceu no Vale\",\"description\":\"Equipe de reportagem do Aconteceu no Vale, portal de not\u00edcias do Vale do Jequitinhonha, em Minas Gerais. Cobrimos as 51 cidades do Vale desde 2013. Sugest\u00f5es de pauta e pedidos de corre\u00e7\u00e3o: contato@aconteceunovale.com.br\",\"url\":\"https:\\\/\\\/aconteceunovale.com.br\\\/portal\\\/?author=4\"}]}<\/script>\n<!-- \/ Yoast SEO plugin. -->","yoast_head_json":{"title":"Pol\u00edcia Civil conclui identifica\u00e7\u00e3o das 39 v\u00edtimas de acidente no munic\u00edpio de Te\u00f3filo Otoni - Aconteceu no Vale","robots":{"index":"index","follow":"follow","max-snippet":"max-snippet:-1","max-image-preview":"max-image-preview:large","max-video-preview":"max-video-preview:-1"},"canonical":"https:\/\/aconteceunovale.com.br\/portal\/?p=194993","og_locale":"pt_BR","og_type":"article","og_title":"Pol\u00edcia Civil conclui identifica\u00e7\u00e3o das 39 v\u00edtimas de acidente no munic\u00edpio de Te\u00f3filo Otoni - Aconteceu no Vale","og_description":"A Pol\u00edcia Civil de Minas Gerais (PCMG) finalizou, nessa quinta-feira (9\/1\/2025), a identifica\u00e7\u00e3o das v\u00edtimas do grav\u00edssimo acidente envolvendo um \u00f4nibus, uma carreta e um carro na BR-116, em Te\u00f3filo Otoni, no Vale do Mucuri. O acidente, registrado em 21 de dezembro de 2024, deixou 39 mortos, todos ocupantes do \u00f4nibus que seguia de S\u00e3o [&hellip;]","og_url":"https:\/\/aconteceunovale.com.br\/portal\/?p=194993","og_site_name":"Aconteceu no Vale","article_publisher":"https:\/\/www.facebook.com\/aconteceunovale\/","article_published_time":"2025-01-10T19:05:03+00:00","article_modified_time":"2025-01-10T19:06:37+00:00","og_image":[{"width":678,"height":381,"url":"https:\/\/aconteceunovale.com.br\/portal\/wp-content\/uploads\/2025\/01\/acidente_teo_7.jpeg","type":"image\/jpeg"}],"author":"Reda\u00e7\u00e3o Aconteceu no Vale","twitter_card":"summary_large_image","twitter_creator":"@noticiadosvales","twitter_site":"@noticiadosvales","twitter_misc":{"Escrito por":"Reda\u00e7\u00e3o Aconteceu no Vale","Est. tempo de leitura":"2 minutos"},"schema":{"@context":"https:\/\/schema.org","@graph":[{"@type":"Article","@id":"https:\/\/aconteceunovale.com.br\/portal\/?p=194993#article","isPartOf":{"@id":"https:\/\/aconteceunovale.com.br\/portal\/?p=194993"},"author":{"name":"Reda\u00e7\u00e3o Aconteceu no Vale","@id":"https:\/\/aconteceunovale.com.br\/portal\/#\/schema\/person\/7d2f26d1483f8a63de73da1ee0754d35"},"headline":"Pol\u00edcia Civil conclui identifica\u00e7\u00e3o das 39 v\u00edtimas de acidente no munic\u00edpio de Te\u00f3filo Otoni","datePublished":"2025-01-10T19:05:03+00:00","dateModified":"2025-01-10T19:06:37+00:00","mainEntityOfPage":{"@id":"https:\/\/aconteceunovale.com.br\/portal\/?p=194993"},"wordCount":456,"commentCount":0,"image":{"@id":"https:\/\/aconteceunovale.com.br\/portal\/?p=194993#primaryimage"},"thumbnailUrl":"https:\/\/aconteceunovale.com.br\/portal\/wp-content\/uploads\/2025\/01\/acidente_teo_7.jpeg","keywords":["Acidente com \u00f4nibus da Emtran","Acidente com \u00f4nibus que seguia de S\u00e3o Paulo para a Bahia","Acidente com \u00f4nibus que seguia para a Bahia","acidente em Te\u00f3filo Otoni","acidente na br 116 em te\u00f3filo otoni","acidente na br-116","Acidente Via\u00e7\u00e3o Emtran","BR-116","destaque","PCMG","Pol\u00edcia Civil conclui identifica\u00e7\u00e3o das 39 v\u00edtimas de acidente no munic\u00edpio de Te\u00f3filo Otoni","Te\u00f3filo Otoni","Trag\u00e9dia em Te\u00f3filo Otoni","Trag\u00e9dia Emtran","trag\u00e9dia na BR-116","Trag\u00e9dia Via\u00e7\u00e3o Emtran","Via\u00e7\u00e3o Emtran"],"articleSection":["Brasil","Vale do Mucuri"],"inLanguage":"pt-BR","potentialAction":[{"@type":"CommentAction","name":"Comment","target":["https:\/\/aconteceunovale.com.br\/portal\/?p=194993#respond"]}]},{"@type":"WebPage","@id":"https:\/\/aconteceunovale.com.br\/portal\/?p=194993","url":"https:\/\/aconteceunovale.com.br\/portal\/?p=194993","name":"Pol\u00edcia Civil conclui identifica\u00e7\u00e3o das 39 v\u00edtimas de acidente no munic\u00edpio de Te\u00f3filo Otoni - Aconteceu no Vale","isPartOf":{"@id":"https:\/\/aconteceunovale.com.br\/portal\/#website"},"primaryImageOfPage":{"@id":"https:\/\/aconteceunovale.com.br\/portal\/?p=194993#primaryimage"},"image":{"@id":"https:\/\/aconteceunovale.com.br\/portal\/?p=194993#primaryimage"},"thumbnailUrl":"https:\/\/aconteceunovale.com.br\/portal\/wp-content\/uploads\/2025\/01\/acidente_teo_7.jpeg","datePublished":"2025-01-10T19:05:03+00:00","dateModified":"2025-01-10T19:06:37+00:00","author":{"@id":"https:\/\/aconteceunovale.com.br\/portal\/#\/schema\/person\/7d2f26d1483f8a63de73da1ee0754d35"},"breadcrumb":{"@id":"https:\/\/aconteceunovale.com.br\/portal\/?p=194993#breadcrumb"},"inLanguage":"pt-BR","potentialAction":[{"@type":"ReadAction","target":["https:\/\/aconteceunovale.com.br\/portal\/?p=194993"]}]},{"@type":"ImageObject","inLanguage":"pt-BR","@id":"https:\/\/aconteceunovale.com.br\/portal\/?p=194993#primaryimage","url":"https:\/\/aconteceunovale.com.br\/portal\/wp-content\/uploads\/2025\/01\/acidente_teo_7.jpeg","contentUrl":"https:\/\/aconteceunovale.com.br\/portal\/wp-content\/uploads\/2025\/01\/acidente_teo_7.jpeg","width":678,"height":381,"caption":"Foto: Divulga\u00e7\u00e3o \/ PCMG"},{"@type":"BreadcrumbList","@id":"https:\/\/aconteceunovale.com.br\/portal\/?p=194993#breadcrumb","itemListElement":[{"@type":"ListItem","position":1,"name":"In\u00edcio","item":"https:\/\/aconteceunovale.com.br\/portal\/"},{"@type":"ListItem","position":2,"name":"Pol\u00edcia Civil conclui identifica\u00e7\u00e3o das 39 v\u00edtimas de acidente no munic\u00edpio de Te\u00f3filo Otoni"}]},{"@type":"WebSite","@id":"https:\/\/aconteceunovale.com.br\/portal\/#website","url":"https:\/\/aconteceunovale.com.br\/portal\/","name":"Aconteceu no Vale","description":"Portal de Not\u00edcias","potentialAction":[{"@type":"SearchAction","target":{"@type":"EntryPoint","urlTemplate":"https:\/\/aconteceunovale.com.br\/portal\/?s={search_term_string}"},"query-input":{"@type":"PropertyValueSpecification","valueRequired":true,"valueName":"search_term_string"}}],"inLanguage":"pt-BR"},{"@type":"Person","@id":"https:\/\/aconteceunovale.com.br\/portal\/#\/schema\/person\/7d2f26d1483f8a63de73da1ee0754d35","name":"Reda\u00e7\u00e3o Aconteceu no Vale","description":"Equipe de reportagem do Aconteceu no Vale, portal de not\u00edcias do Vale do Jequitinhonha, em Minas Gerais. Cobrimos as 51 cidades do Vale desde 2013. Sugest\u00f5es de pauta e pedidos de corre\u00e7\u00e3o: contato@aconteceunovale.com.br","url":"https:\/\/aconteceunovale.com.br\/portal\/?author=4"}]}},"_links":{"self":[{"href":"https:\/\/aconteceunovale.com.br\/portal\/index.php?rest_route=\/wp\/v2\/posts\/194993","targetHints":{"allow":["GET"]}}],"collection":[{"href":"https:\/\/aconteceunovale.com.br\/portal\/index.php?rest_route=\/wp\/v2\/posts"}],"about":[{"href":"https:\/\/aconteceunovale.com.br\/portal\/index.php?rest_route=\/wp\/v2\/types\/post"}],"author":[{"embeddable":true,"href":"https:\/\/aconteceunovale.com.br\/portal\/index.php?rest_route=\/wp\/v2\/users\/4"}],"replies":[{"embeddable":true,"href":"https:\/\/aconteceunovale.com.br\/portal\/index.php?rest_route=%2Fwp%2Fv2%2Fcomments&post=194993"}],"version-history":[{"count":1,"href":"https:\/\/aconteceunovale.com.br\/portal\/index.php?rest_route=\/wp\/v2\/posts\/194993\/revisions"}],"predecessor-version":[{"id":195000,"href":"https:\/\/aconteceunovale.com.br\/portal\/index.php?rest_route=\/wp\/v2\/posts\/194993\/revisions\/195000"}],"wp:featuredmedia":[{"embeddable":true,"href":"https:\/\/aconteceunovale.com.br\/portal\/index.php?rest_route=\/wp\/v2\/media\/194999"}],"wp:attachment":[{"href":"https:\/\/aconteceunovale.com.br\/portal\/index.php?rest_route=%2Fwp%2Fv2%2Fmedia&parent=194993"}],"wp:term":[{"taxonomy":"category","embeddable":true,"href":"https:\/\/aconteceunovale.com.br\/portal\/index.php?rest_route=%2Fwp%2Fv2%2Fcategories&post=194993"},{"taxonomy":"post_tag","embeddable":true,"href":"https:\/\/aconteceunovale.com.br\/portal\/index.php?rest_route=%2Fwp%2Fv2%2Ftags&post=194993"}],"curies":[{"name":"wp","href":"https:\/\/api.w.org\/{rel}","templated":true}]}}