{"id":194981,"date":"2025-01-10T13:24:56","date_gmt":"2025-01-10T16:24:56","guid":{"rendered":"https:\/\/aconteceunovale.com.br\/portal\/?p=194981"},"modified":"2025-01-10T13:25:32","modified_gmt":"2025-01-10T16:25:32","slug":"escolas-nao-podem-exigir-material-de-uso-coletivo-informa-procon-assembleia","status":"publish","type":"post","link":"https:\/\/aconteceunovale.com.br\/portal\/?p=194981","title":{"rendered":"Escolas n\u00e3o podem exigir material de uso coletivo, informa Procon Assembleia"},"content":{"rendered":"\n<p class=\"wp-block-paragraph\">A devolu\u00e7\u00e3o de itens da lista de material escolar n\u00e3o utilizados durante o ano letivo \u00e9 um direito garantido pela Lei Estadual 16.669\/07, que regulamenta a ado\u00e7\u00e3o de materiais did\u00e1tico-escolares em escolas da rede particular de educa\u00e7\u00e3o b\u00e1sica. A medida visa beneficiar os pais e respons\u00e1veis, permitindo economia na aquisi\u00e7\u00e3o de materiais para o ano seguinte.<\/p>\n\n\n\n<figure class=\"wp-block-gallery has-nested-images columns-default is-cropped wp-block-gallery-1 is-layout-flex wp-block-gallery-is-layout-flex\">\n<figure class=\"wp-block-image size-large\"><img loading=\"lazy\" decoding=\"async\" width=\"640\" height=\"427\" data-id=\"194982\" src=\"https:\/\/aconteceunovale.com.br\/portal\/wp-content\/uploads\/2025\/01\/escolas_material.png\" alt=\"\" class=\"wp-image-194982\" srcset=\"https:\/\/aconteceunovale.com.br\/portal\/wp-content\/uploads\/2025\/01\/escolas_material.png 640w, https:\/\/aconteceunovale.com.br\/portal\/wp-content\/uploads\/2025\/01\/escolas_material-300x200.png 300w, https:\/\/aconteceunovale.com.br\/portal\/wp-content\/uploads\/2025\/01\/escolas_material-630x420.png 630w\" sizes=\"auto, (max-width: 640px) 100vw, 640px\" \/><figcaption class=\"wp-element-caption\"><em>Foto: Ricardo Barbosa \/ Arquivo ALMG<\/em><\/figcaption><\/figure>\n<\/figure>\n\n\n\n<p class=\"wp-block-paragraph\">A lista de material escolar, fornecida no ato da matr\u00edcula, inclui itens de uso individual do aluno, como cartolina, tinta guache e papel crepom. A legisla\u00e7\u00e3o estadual pro\u00edbe a inclus\u00e3o de materiais de limpeza e de expediente, como giz, papel higi\u00eanico e \u00e1lcool. Complementando a norma estadual, a Lei Federal 9.870\/99 impede a exig\u00eancia de materiais de uso coletivo, destinados a toda a sala ou \u00e0 comunidade escolar.<\/p>\n\n\n\n<p class=\"wp-block-paragraph\">Segundo Marcelo Barbosa, coordenador do Procon Assembleia, as escolas devem controlar o uso dos materiais ao longo do ano e devolver aos alunos os itens que n\u00e3o forem consumidos. &#8220;Esses artigos devolvidos provavelmente ser\u00e3o exigidos na lista do ano seguinte, o que pode gerar economia para os pais&#8221;, destacou Barbosa.<\/p>\n\n\n\n<p class=\"wp-block-paragraph\">A legisla\u00e7\u00e3o tamb\u00e9m assegura aos pais o direito de escolher como adquirir os materiais. Eles podem pagar uma taxa para que a escola compre os itens ou realizar a compra por conta pr\u00f3pria, respeitando o cronograma de utiliza\u00e7\u00e3o apresentado pela institui\u00e7\u00e3o. Al\u00e9m disso, as escolas n\u00e3o podem impor marcas de produtos, exceto no caso de livros did\u00e1ticos.<\/p>\n\n\n\n<p class=\"wp-block-paragraph\">Outro ponto importante da Lei 16.669 \u00e9 a limita\u00e7\u00e3o de altera\u00e7\u00f5es na lista de materiais durante o ano letivo. Mudan\u00e7as s\u00e3o permitidas, desde que n\u00e3o excedam 30% do total originalmente solicitado. Caso esse limite seja ultrapassado, a escola deve arcar com os custos adicionais.<\/p>\n\n\n\n<p class=\"wp-block-paragraph\">Marcelo Barbosa tamb\u00e9m recomenda pesquisa de pre\u00e7os para economizar. &#8220;Visitar diferentes papelarias pode revelar varia\u00e7\u00f5es significativas nos valores dos itens escolares, resultando em economia para os pais e respons\u00e1veis&#8221;, concluiu o coordenador do Procon Assembleia.<\/p>\n","protected":false},"excerpt":{"rendered":"<p>A devolu\u00e7\u00e3o de itens da lista de material escolar n\u00e3o utilizados durante o ano letivo \u00e9 um direito garantido pela Lei Estadual 16.669\/07, que regulamenta a ado\u00e7\u00e3o de materiais did\u00e1tico-escolares em escolas da rede particular de educa\u00e7\u00e3o b\u00e1sica. A medida visa beneficiar os pais e respons\u00e1veis, permitindo economia na aquisi\u00e7\u00e3o de materiais para o ano [&hellip;]<\/p>\n","protected":false},"author":4,"featured_media":194982,"comment_status":"open","ping_status":"closed","sticky":false,"template":"","format":"standard","meta":{"amp_status":"","footnotes":""},"categories":[40238,123],"tags":[752,269259,269260,167485,25295,23224],"class_list":["post-194981","post","type-post","status-publish","format-standard","has-post-thumbnail","hentry","category-educacao-2","category-gerais","tag-almg","tag-escolas-nao-podem-exigir-material-de-uso-coletivo","tag-lei-16-669","tag-lista-de-material-escolar","tag-material-escolar","tag-procon-assembleia"],"yoast_head":"<!-- This site is optimized with the Yoast SEO plugin v28.3 - https:\/\/yoast.com\/product\/yoast-seo-wordpress\/ -->\n<title>Escolas n\u00e3o podem exigir material de uso coletivo, informa Procon Assembleia - Aconteceu no Vale<\/title>\n<meta name=\"robots\" content=\"index, follow, max-snippet:-1, max-image-preview:large, max-video-preview:-1\" \/>\n<link rel=\"canonical\" href=\"https:\/\/aconteceunovale.com.br\/portal\/?p=194981\" \/>\n<meta property=\"og:locale\" content=\"pt_BR\" \/>\n<meta property=\"og:type\" content=\"article\" \/>\n<meta property=\"og:title\" content=\"Escolas n\u00e3o podem exigir material de uso coletivo, informa Procon Assembleia - Aconteceu no Vale\" \/>\n<meta property=\"og:description\" content=\"A devolu\u00e7\u00e3o de itens da lista de material escolar n\u00e3o utilizados durante o ano letivo \u00e9 um direito garantido pela Lei Estadual 16.669\/07, que regulamenta a ado\u00e7\u00e3o de materiais did\u00e1tico-escolares em escolas da rede particular de educa\u00e7\u00e3o b\u00e1sica. A medida visa beneficiar os pais e respons\u00e1veis, permitindo economia na aquisi\u00e7\u00e3o de materiais para o ano [&hellip;]\" \/>\n<meta property=\"og:url\" content=\"https:\/\/aconteceunovale.com.br\/portal\/?p=194981\" \/>\n<meta property=\"og:site_name\" content=\"Aconteceu no Vale\" \/>\n<meta property=\"article:publisher\" content=\"https:\/\/www.facebook.com\/aconteceunovale\/\" \/>\n<meta property=\"article:published_time\" content=\"2025-01-10T16:24:56+00:00\" \/>\n<meta property=\"article:modified_time\" content=\"2025-01-10T16:25:32+00:00\" \/>\n<meta property=\"og:image\" content=\"https:\/\/aconteceunovale.com.br\/portal\/wp-content\/uploads\/2025\/01\/escolas_material.png\" \/>\n\t<meta property=\"og:image:width\" content=\"640\" \/>\n\t<meta property=\"og:image:height\" content=\"427\" \/>\n\t<meta property=\"og:image:type\" content=\"image\/png\" \/>\n<meta name=\"author\" content=\"Reda\u00e7\u00e3o Aconteceu no Vale\" \/>\n<meta name=\"twitter:card\" content=\"summary_large_image\" \/>\n<meta name=\"twitter:creator\" content=\"@noticiadosvales\" \/>\n<meta name=\"twitter:site\" content=\"@noticiadosvales\" \/>\n<meta name=\"twitter:label1\" content=\"Escrito por\" \/>\n\t<meta name=\"twitter:data1\" content=\"Reda\u00e7\u00e3o Aconteceu no Vale\" \/>\n\t<meta name=\"twitter:label2\" content=\"Est. tempo de leitura\" \/>\n\t<meta name=\"twitter:data2\" content=\"2 minutos\" \/>\n<script type=\"application\/ld+json\" class=\"yoast-schema-graph\">{\"@context\":\"https:\\\/\\\/schema.org\",\"@graph\":[{\"@type\":\"Article\",\"@id\":\"https:\\\/\\\/aconteceunovale.com.br\\\/portal\\\/?p=194981#article\",\"isPartOf\":{\"@id\":\"https:\\\/\\\/aconteceunovale.com.br\\\/portal\\\/?p=194981\"},\"author\":{\"name\":\"Reda\u00e7\u00e3o Aconteceu no Vale\",\"@id\":\"https:\\\/\\\/aconteceunovale.com.br\\\/portal\\\/#\\\/schema\\\/person\\\/7d2f26d1483f8a63de73da1ee0754d35\"},\"headline\":\"Escolas n\u00e3o podem exigir material de uso coletivo, informa Procon Assembleia\",\"datePublished\":\"2025-01-10T16:24:56+00:00\",\"dateModified\":\"2025-01-10T16:25:32+00:00\",\"mainEntityOfPage\":{\"@id\":\"https:\\\/\\\/aconteceunovale.com.br\\\/portal\\\/?p=194981\"},\"wordCount\":353,\"commentCount\":0,\"image\":{\"@id\":\"https:\\\/\\\/aconteceunovale.com.br\\\/portal\\\/?p=194981#primaryimage\"},\"thumbnailUrl\":\"https:\\\/\\\/aconteceunovale.com.br\\\/portal\\\/wp-content\\\/uploads\\\/2025\\\/01\\\/escolas_material.png\",\"keywords\":[\"ALMG\",\"Escolas n\u00e3o podem exigir material de uso coletivo\",\"Lei 16.669\",\"Lista de material escolar\",\"material escolar\",\"Procon Assembleia\"],\"articleSection\":[\"Educa\u00e7\u00e3o\",\"Minas Gerais\"],\"inLanguage\":\"pt-BR\",\"potentialAction\":[{\"@type\":\"CommentAction\",\"name\":\"Comment\",\"target\":[\"https:\\\/\\\/aconteceunovale.com.br\\\/portal\\\/?p=194981#respond\"]}]},{\"@type\":\"WebPage\",\"@id\":\"https:\\\/\\\/aconteceunovale.com.br\\\/portal\\\/?p=194981\",\"url\":\"https:\\\/\\\/aconteceunovale.com.br\\\/portal\\\/?p=194981\",\"name\":\"Escolas n\u00e3o podem exigir material de uso coletivo, informa Procon Assembleia - Aconteceu no Vale\",\"isPartOf\":{\"@id\":\"https:\\\/\\\/aconteceunovale.com.br\\\/portal\\\/#website\"},\"primaryImageOfPage\":{\"@id\":\"https:\\\/\\\/aconteceunovale.com.br\\\/portal\\\/?p=194981#primaryimage\"},\"image\":{\"@id\":\"https:\\\/\\\/aconteceunovale.com.br\\\/portal\\\/?p=194981#primaryimage\"},\"thumbnailUrl\":\"https:\\\/\\\/aconteceunovale.com.br\\\/portal\\\/wp-content\\\/uploads\\\/2025\\\/01\\\/escolas_material.png\",\"datePublished\":\"2025-01-10T16:24:56+00:00\",\"dateModified\":\"2025-01-10T16:25:32+00:00\",\"author\":{\"@id\":\"https:\\\/\\\/aconteceunovale.com.br\\\/portal\\\/#\\\/schema\\\/person\\\/7d2f26d1483f8a63de73da1ee0754d35\"},\"breadcrumb\":{\"@id\":\"https:\\\/\\\/aconteceunovale.com.br\\\/portal\\\/?p=194981#breadcrumb\"},\"inLanguage\":\"pt-BR\",\"potentialAction\":[{\"@type\":\"ReadAction\",\"target\":[\"https:\\\/\\\/aconteceunovale.com.br\\\/portal\\\/?p=194981\"]}]},{\"@type\":\"ImageObject\",\"inLanguage\":\"pt-BR\",\"@id\":\"https:\\\/\\\/aconteceunovale.com.br\\\/portal\\\/?p=194981#primaryimage\",\"url\":\"https:\\\/\\\/aconteceunovale.com.br\\\/portal\\\/wp-content\\\/uploads\\\/2025\\\/01\\\/escolas_material.png\",\"contentUrl\":\"https:\\\/\\\/aconteceunovale.com.br\\\/portal\\\/wp-content\\\/uploads\\\/2025\\\/01\\\/escolas_material.png\",\"width\":640,\"height\":427,\"caption\":\"Foto: Ricardo Barbosa \\\/ Arquivo ALMG\"},{\"@type\":\"BreadcrumbList\",\"@id\":\"https:\\\/\\\/aconteceunovale.com.br\\\/portal\\\/?p=194981#breadcrumb\",\"itemListElement\":[{\"@type\":\"ListItem\",\"position\":1,\"name\":\"In\u00edcio\",\"item\":\"https:\\\/\\\/aconteceunovale.com.br\\\/portal\\\/\"},{\"@type\":\"ListItem\",\"position\":2,\"name\":\"Escolas n\u00e3o podem exigir material de uso coletivo, informa Procon Assembleia\"}]},{\"@type\":\"WebSite\",\"@id\":\"https:\\\/\\\/aconteceunovale.com.br\\\/portal\\\/#website\",\"url\":\"https:\\\/\\\/aconteceunovale.com.br\\\/portal\\\/\",\"name\":\"Aconteceu no Vale\",\"description\":\"Portal de Not\u00edcias\",\"potentialAction\":[{\"@type\":\"SearchAction\",\"target\":{\"@type\":\"EntryPoint\",\"urlTemplate\":\"https:\\\/\\\/aconteceunovale.com.br\\\/portal\\\/?s={search_term_string}\"},\"query-input\":{\"@type\":\"PropertyValueSpecification\",\"valueRequired\":true,\"valueName\":\"search_term_string\"}}],\"inLanguage\":\"pt-BR\"},{\"@type\":\"Person\",\"@id\":\"https:\\\/\\\/aconteceunovale.com.br\\\/portal\\\/#\\\/schema\\\/person\\\/7d2f26d1483f8a63de73da1ee0754d35\",\"name\":\"Reda\u00e7\u00e3o Aconteceu no Vale\",\"description\":\"Equipe de reportagem do Aconteceu no Vale, portal de not\u00edcias do Vale do Jequitinhonha, em Minas Gerais. Cobrimos as 51 cidades do Vale desde 2013. Sugest\u00f5es de pauta e pedidos de corre\u00e7\u00e3o: contato@aconteceunovale.com.br\",\"url\":\"https:\\\/\\\/aconteceunovale.com.br\\\/portal\\\/?author=4\"}]}<\/script>\n<!-- \/ Yoast SEO plugin. -->","yoast_head_json":{"title":"Escolas n\u00e3o podem exigir material de uso coletivo, informa Procon Assembleia - Aconteceu no Vale","robots":{"index":"index","follow":"follow","max-snippet":"max-snippet:-1","max-image-preview":"max-image-preview:large","max-video-preview":"max-video-preview:-1"},"canonical":"https:\/\/aconteceunovale.com.br\/portal\/?p=194981","og_locale":"pt_BR","og_type":"article","og_title":"Escolas n\u00e3o podem exigir material de uso coletivo, informa Procon Assembleia - Aconteceu no Vale","og_description":"A devolu\u00e7\u00e3o de itens da lista de material escolar n\u00e3o utilizados durante o ano letivo \u00e9 um direito garantido pela Lei Estadual 16.669\/07, que regulamenta a ado\u00e7\u00e3o de materiais did\u00e1tico-escolares em escolas da rede particular de educa\u00e7\u00e3o b\u00e1sica. A medida visa beneficiar os pais e respons\u00e1veis, permitindo economia na aquisi\u00e7\u00e3o de materiais para o ano [&hellip;]","og_url":"https:\/\/aconteceunovale.com.br\/portal\/?p=194981","og_site_name":"Aconteceu no Vale","article_publisher":"https:\/\/www.facebook.com\/aconteceunovale\/","article_published_time":"2025-01-10T16:24:56+00:00","article_modified_time":"2025-01-10T16:25:32+00:00","og_image":[{"width":640,"height":427,"url":"https:\/\/aconteceunovale.com.br\/portal\/wp-content\/uploads\/2025\/01\/escolas_material.png","type":"image\/png"}],"author":"Reda\u00e7\u00e3o Aconteceu no Vale","twitter_card":"summary_large_image","twitter_creator":"@noticiadosvales","twitter_site":"@noticiadosvales","twitter_misc":{"Escrito por":"Reda\u00e7\u00e3o Aconteceu no Vale","Est. tempo de leitura":"2 minutos"},"schema":{"@context":"https:\/\/schema.org","@graph":[{"@type":"Article","@id":"https:\/\/aconteceunovale.com.br\/portal\/?p=194981#article","isPartOf":{"@id":"https:\/\/aconteceunovale.com.br\/portal\/?p=194981"},"author":{"name":"Reda\u00e7\u00e3o Aconteceu no Vale","@id":"https:\/\/aconteceunovale.com.br\/portal\/#\/schema\/person\/7d2f26d1483f8a63de73da1ee0754d35"},"headline":"Escolas n\u00e3o podem exigir material de uso coletivo, informa Procon Assembleia","datePublished":"2025-01-10T16:24:56+00:00","dateModified":"2025-01-10T16:25:32+00:00","mainEntityOfPage":{"@id":"https:\/\/aconteceunovale.com.br\/portal\/?p=194981"},"wordCount":353,"commentCount":0,"image":{"@id":"https:\/\/aconteceunovale.com.br\/portal\/?p=194981#primaryimage"},"thumbnailUrl":"https:\/\/aconteceunovale.com.br\/portal\/wp-content\/uploads\/2025\/01\/escolas_material.png","keywords":["ALMG","Escolas n\u00e3o podem exigir material de uso coletivo","Lei 16.669","Lista de material escolar","material escolar","Procon Assembleia"],"articleSection":["Educa\u00e7\u00e3o","Minas Gerais"],"inLanguage":"pt-BR","potentialAction":[{"@type":"CommentAction","name":"Comment","target":["https:\/\/aconteceunovale.com.br\/portal\/?p=194981#respond"]}]},{"@type":"WebPage","@id":"https:\/\/aconteceunovale.com.br\/portal\/?p=194981","url":"https:\/\/aconteceunovale.com.br\/portal\/?p=194981","name":"Escolas n\u00e3o podem exigir material de uso coletivo, informa Procon Assembleia - Aconteceu no Vale","isPartOf":{"@id":"https:\/\/aconteceunovale.com.br\/portal\/#website"},"primaryImageOfPage":{"@id":"https:\/\/aconteceunovale.com.br\/portal\/?p=194981#primaryimage"},"image":{"@id":"https:\/\/aconteceunovale.com.br\/portal\/?p=194981#primaryimage"},"thumbnailUrl":"https:\/\/aconteceunovale.com.br\/portal\/wp-content\/uploads\/2025\/01\/escolas_material.png","datePublished":"2025-01-10T16:24:56+00:00","dateModified":"2025-01-10T16:25:32+00:00","author":{"@id":"https:\/\/aconteceunovale.com.br\/portal\/#\/schema\/person\/7d2f26d1483f8a63de73da1ee0754d35"},"breadcrumb":{"@id":"https:\/\/aconteceunovale.com.br\/portal\/?p=194981#breadcrumb"},"inLanguage":"pt-BR","potentialAction":[{"@type":"ReadAction","target":["https:\/\/aconteceunovale.com.br\/portal\/?p=194981"]}]},{"@type":"ImageObject","inLanguage":"pt-BR","@id":"https:\/\/aconteceunovale.com.br\/portal\/?p=194981#primaryimage","url":"https:\/\/aconteceunovale.com.br\/portal\/wp-content\/uploads\/2025\/01\/escolas_material.png","contentUrl":"https:\/\/aconteceunovale.com.br\/portal\/wp-content\/uploads\/2025\/01\/escolas_material.png","width":640,"height":427,"caption":"Foto: Ricardo Barbosa \/ Arquivo ALMG"},{"@type":"BreadcrumbList","@id":"https:\/\/aconteceunovale.com.br\/portal\/?p=194981#breadcrumb","itemListElement":[{"@type":"ListItem","position":1,"name":"In\u00edcio","item":"https:\/\/aconteceunovale.com.br\/portal\/"},{"@type":"ListItem","position":2,"name":"Escolas n\u00e3o podem exigir material de uso coletivo, informa Procon Assembleia"}]},{"@type":"WebSite","@id":"https:\/\/aconteceunovale.com.br\/portal\/#website","url":"https:\/\/aconteceunovale.com.br\/portal\/","name":"Aconteceu no Vale","description":"Portal de Not\u00edcias","potentialAction":[{"@type":"SearchAction","target":{"@type":"EntryPoint","urlTemplate":"https:\/\/aconteceunovale.com.br\/portal\/?s={search_term_string}"},"query-input":{"@type":"PropertyValueSpecification","valueRequired":true,"valueName":"search_term_string"}}],"inLanguage":"pt-BR"},{"@type":"Person","@id":"https:\/\/aconteceunovale.com.br\/portal\/#\/schema\/person\/7d2f26d1483f8a63de73da1ee0754d35","name":"Reda\u00e7\u00e3o Aconteceu no Vale","description":"Equipe de reportagem do Aconteceu no Vale, portal de not\u00edcias do Vale do Jequitinhonha, em Minas Gerais. Cobrimos as 51 cidades do Vale desde 2013. Sugest\u00f5es de pauta e pedidos de corre\u00e7\u00e3o: contato@aconteceunovale.com.br","url":"https:\/\/aconteceunovale.com.br\/portal\/?author=4"}]}},"_links":{"self":[{"href":"https:\/\/aconteceunovale.com.br\/portal\/index.php?rest_route=\/wp\/v2\/posts\/194981","targetHints":{"allow":["GET"]}}],"collection":[{"href":"https:\/\/aconteceunovale.com.br\/portal\/index.php?rest_route=\/wp\/v2\/posts"}],"about":[{"href":"https:\/\/aconteceunovale.com.br\/portal\/index.php?rest_route=\/wp\/v2\/types\/post"}],"author":[{"embeddable":true,"href":"https:\/\/aconteceunovale.com.br\/portal\/index.php?rest_route=\/wp\/v2\/users\/4"}],"replies":[{"embeddable":true,"href":"https:\/\/aconteceunovale.com.br\/portal\/index.php?rest_route=%2Fwp%2Fv2%2Fcomments&post=194981"}],"version-history":[{"count":1,"href":"https:\/\/aconteceunovale.com.br\/portal\/index.php?rest_route=\/wp\/v2\/posts\/194981\/revisions"}],"predecessor-version":[{"id":194983,"href":"https:\/\/aconteceunovale.com.br\/portal\/index.php?rest_route=\/wp\/v2\/posts\/194981\/revisions\/194983"}],"wp:featuredmedia":[{"embeddable":true,"href":"https:\/\/aconteceunovale.com.br\/portal\/index.php?rest_route=\/wp\/v2\/media\/194982"}],"wp:attachment":[{"href":"https:\/\/aconteceunovale.com.br\/portal\/index.php?rest_route=%2Fwp%2Fv2%2Fmedia&parent=194981"}],"wp:term":[{"taxonomy":"category","embeddable":true,"href":"https:\/\/aconteceunovale.com.br\/portal\/index.php?rest_route=%2Fwp%2Fv2%2Fcategories&post=194981"},{"taxonomy":"post_tag","embeddable":true,"href":"https:\/\/aconteceunovale.com.br\/portal\/index.php?rest_route=%2Fwp%2Fv2%2Ftags&post=194981"}],"curies":[{"name":"wp","href":"https:\/\/api.w.org\/{rel}","templated":true}]}}