{"id":194978,"date":"2025-01-10T12:46:30","date_gmt":"2025-01-10T15:46:30","guid":{"rendered":"https:\/\/aconteceunovale.com.br\/portal\/?p=194978"},"modified":"2025-01-10T12:46:59","modified_gmt":"2025-01-10T15:46:59","slug":"acidente-envolvendo-tres-veiculos-deixa-quatro-feridos-em-curvelo","status":"publish","type":"post","link":"https:\/\/aconteceunovale.com.br\/portal\/?p=194978","title":{"rendered":"Acidente envolvendo tr\u00eas ve\u00edculos deixa quatro feridos em Curvelo"},"content":{"rendered":"\n<p class=\"wp-block-paragraph\">Quatro pessoas da mesma fam\u00edlia ficaram feridas em um acidente envolvendo tr\u00eas ve\u00edculos na BR-135, na altura do km 608, em Curvelo, nessa quinta-feira (9\/1\/2025). A colis\u00e3o ocorreu durante a tarde, em meio a uma forte chuva que dificultava as condi\u00e7\u00f5es de visibilidade e seguran\u00e7a na rodovia.<\/p>\n\n\n\n<figure class=\"wp-block-gallery has-nested-images columns-default is-cropped wp-block-gallery-1 is-layout-flex wp-block-gallery-is-layout-flex\">\n<figure class=\"wp-block-image size-large\"><img loading=\"lazy\" decoding=\"async\" width=\"678\" height=\"445\" data-id=\"194979\" src=\"https:\/\/aconteceunovale.com.br\/portal\/wp-content\/uploads\/2025\/01\/acidente_curvelo.png\" alt=\"\" class=\"wp-image-194979\" srcset=\"https:\/\/aconteceunovale.com.br\/portal\/wp-content\/uploads\/2025\/01\/acidente_curvelo.png 678w, https:\/\/aconteceunovale.com.br\/portal\/wp-content\/uploads\/2025\/01\/acidente_curvelo-300x197.png 300w, https:\/\/aconteceunovale.com.br\/portal\/wp-content\/uploads\/2025\/01\/acidente_curvelo-640x420.png 640w\" sizes=\"auto, (max-width: 678px) 100vw, 678px\" \/><figcaption class=\"wp-element-caption\"><em>Foto: Divulga\u00e7\u00e3o \/ Pol\u00edcia Militar Rodovi\u00e1ria<\/em><\/figcaption><\/figure>\n<\/figure>\n\n\n\n<p class=\"wp-block-paragraph\">De acordo com a Pol\u00edcia Militar Rodovi\u00e1ria, o motorista de um dos carros relatou que trafegava no sentido Curvelo quando seu ve\u00edculo aquaplanou ao passar por uma enxurrada que cruzava a pista. Ele perdeu o controle da dire\u00e7\u00e3o, e o carro rodou, atravessando o canteiro central e parando na pista contr\u00e1ria.<\/p>\n\n\n\n<p class=\"wp-block-paragraph\">O condutor de uma carreta, de 74 anos, que seguia no sentido oposto, afirmou que testemunhou o momento em que o carro invadiu sua pista. Ao estacionar para prestar socorro, um terceiro ve\u00edculo, tamb\u00e9m no sentido Curvelo, perdeu o controle, capotou ao passar pelo canteiro central e colidiu com a carreta.<\/p>\n\n\n\n<p class=\"wp-block-paragraph\">No terceiro autom\u00f3vel estavam uma motorista de 44 anos, seu marido, de 48, e seus dois filhos, de 20 e 14 anos. Todos foram socorridos com ferimentos leves e encaminhados ao hospital de Curvelo pela concession\u00e1ria Eco135 e pelo Samu. Os motoristas dos outros dois ve\u00edculos n\u00e3o sofreram ferimentos.<\/p>\n\n\n\n<p class=\"wp-block-paragraph\">A pista no sentido Norte da rodovia ficou interditada por cerca de tr\u00eas horas para o resgate das v\u00edtimas e os trabalhos da per\u00edcia. O tr\u00e2nsito foi normalizado no in\u00edcio da noite. <\/p>\n","protected":false},"excerpt":{"rendered":"<p>Quatro pessoas da mesma fam\u00edlia ficaram feridas em um acidente envolvendo tr\u00eas ve\u00edculos na BR-135, na altura do km 608, em Curvelo, nessa quinta-feira (9\/1\/2025). A colis\u00e3o ocorreu durante a tarde, em meio a uma forte chuva que dificultava as condi\u00e7\u00f5es de visibilidade e seguran\u00e7a na rodovia. De acordo com a Pol\u00edcia Militar Rodovi\u00e1ria, o [&hellip;]<\/p>\n","protected":false},"author":4,"featured_media":194979,"comment_status":"open","ping_status":"closed","sticky":false,"template":"","format":"standard","meta":{"amp_status":"","footnotes":""},"categories":[123],"tags":[19375,269258,208582,207131,197],"class_list":["post-194978","post","type-post","status-publish","format-standard","has-post-thumbnail","hentry","category-gerais","tag-acidente-em-curvelo","tag-acidente-envolvendo-tres-veiculos-deixa-quatro-feridos-em-curvelo","tag-acidente-na-br-135-em-curvelo-2","tag-br-135-2","tag-curvelo"],"yoast_head":"<!-- This site is optimized with the Yoast SEO plugin v28.3 - https:\/\/yoast.com\/product\/yoast-seo-wordpress\/ -->\n<title>Acidente envolvendo tr\u00eas ve\u00edculos deixa quatro feridos em Curvelo - Aconteceu no Vale<\/title>\n<meta name=\"robots\" content=\"index, follow, max-snippet:-1, max-image-preview:large, max-video-preview:-1\" \/>\n<link rel=\"canonical\" href=\"https:\/\/aconteceunovale.com.br\/portal\/?p=194978\" \/>\n<meta property=\"og:locale\" content=\"pt_BR\" \/>\n<meta property=\"og:type\" content=\"article\" \/>\n<meta property=\"og:title\" content=\"Acidente envolvendo tr\u00eas ve\u00edculos deixa quatro feridos em Curvelo - Aconteceu no Vale\" \/>\n<meta property=\"og:description\" content=\"Quatro pessoas da mesma fam\u00edlia ficaram feridas em um acidente envolvendo tr\u00eas ve\u00edculos na BR-135, na altura do km 608, em Curvelo, nessa quinta-feira (9\/1\/2025). A colis\u00e3o ocorreu durante a tarde, em meio a uma forte chuva que dificultava as condi\u00e7\u00f5es de visibilidade e seguran\u00e7a na rodovia. De acordo com a Pol\u00edcia Militar Rodovi\u00e1ria, o [&hellip;]\" \/>\n<meta property=\"og:url\" content=\"https:\/\/aconteceunovale.com.br\/portal\/?p=194978\" \/>\n<meta property=\"og:site_name\" content=\"Aconteceu no Vale\" \/>\n<meta property=\"article:publisher\" content=\"https:\/\/www.facebook.com\/aconteceunovale\/\" \/>\n<meta property=\"article:published_time\" content=\"2025-01-10T15:46:30+00:00\" \/>\n<meta property=\"article:modified_time\" content=\"2025-01-10T15:46:59+00:00\" \/>\n<meta property=\"og:image\" content=\"https:\/\/aconteceunovale.com.br\/portal\/wp-content\/uploads\/2025\/01\/acidente_curvelo.png\" \/>\n\t<meta property=\"og:image:width\" content=\"678\" \/>\n\t<meta property=\"og:image:height\" content=\"445\" \/>\n\t<meta property=\"og:image:type\" content=\"image\/png\" \/>\n<meta name=\"author\" content=\"Reda\u00e7\u00e3o Aconteceu no Vale\" \/>\n<meta name=\"twitter:card\" content=\"summary_large_image\" \/>\n<meta name=\"twitter:creator\" content=\"@noticiadosvales\" \/>\n<meta name=\"twitter:site\" content=\"@noticiadosvales\" \/>\n<meta name=\"twitter:label1\" content=\"Escrito por\" \/>\n\t<meta name=\"twitter:data1\" content=\"Reda\u00e7\u00e3o Aconteceu no Vale\" \/>\n\t<meta name=\"twitter:label2\" content=\"Est. tempo de leitura\" \/>\n\t<meta name=\"twitter:data2\" content=\"1 minuto\" \/>\n<script type=\"application\/ld+json\" class=\"yoast-schema-graph\">{\"@context\":\"https:\\\/\\\/schema.org\",\"@graph\":[{\"@type\":\"Article\",\"@id\":\"https:\\\/\\\/aconteceunovale.com.br\\\/portal\\\/?p=194978#article\",\"isPartOf\":{\"@id\":\"https:\\\/\\\/aconteceunovale.com.br\\\/portal\\\/?p=194978\"},\"author\":{\"name\":\"Reda\u00e7\u00e3o Aconteceu no Vale\",\"@id\":\"https:\\\/\\\/aconteceunovale.com.br\\\/portal\\\/#\\\/schema\\\/person\\\/7d2f26d1483f8a63de73da1ee0754d35\"},\"headline\":\"Acidente envolvendo tr\u00eas ve\u00edculos deixa quatro feridos em Curvelo\",\"datePublished\":\"2025-01-10T15:46:30+00:00\",\"dateModified\":\"2025-01-10T15:46:59+00:00\",\"mainEntityOfPage\":{\"@id\":\"https:\\\/\\\/aconteceunovale.com.br\\\/portal\\\/?p=194978\"},\"wordCount\":264,\"commentCount\":0,\"image\":{\"@id\":\"https:\\\/\\\/aconteceunovale.com.br\\\/portal\\\/?p=194978#primaryimage\"},\"thumbnailUrl\":\"https:\\\/\\\/aconteceunovale.com.br\\\/portal\\\/wp-content\\\/uploads\\\/2025\\\/01\\\/acidente_curvelo.png\",\"keywords\":[\"acidente em curvelo\",\"Acidente envolvendo tr\u00eas ve\u00edculos deixa quatro feridos em Curvelo\",\"Acidente na BR-135 em Curvelo\",\"BR-135\",\"Curvelo\"],\"articleSection\":[\"Minas Gerais\"],\"inLanguage\":\"pt-BR\",\"potentialAction\":[{\"@type\":\"CommentAction\",\"name\":\"Comment\",\"target\":[\"https:\\\/\\\/aconteceunovale.com.br\\\/portal\\\/?p=194978#respond\"]}]},{\"@type\":\"WebPage\",\"@id\":\"https:\\\/\\\/aconteceunovale.com.br\\\/portal\\\/?p=194978\",\"url\":\"https:\\\/\\\/aconteceunovale.com.br\\\/portal\\\/?p=194978\",\"name\":\"Acidente envolvendo tr\u00eas ve\u00edculos deixa quatro feridos em Curvelo - Aconteceu no Vale\",\"isPartOf\":{\"@id\":\"https:\\\/\\\/aconteceunovale.com.br\\\/portal\\\/#website\"},\"primaryImageOfPage\":{\"@id\":\"https:\\\/\\\/aconteceunovale.com.br\\\/portal\\\/?p=194978#primaryimage\"},\"image\":{\"@id\":\"https:\\\/\\\/aconteceunovale.com.br\\\/portal\\\/?p=194978#primaryimage\"},\"thumbnailUrl\":\"https:\\\/\\\/aconteceunovale.com.br\\\/portal\\\/wp-content\\\/uploads\\\/2025\\\/01\\\/acidente_curvelo.png\",\"datePublished\":\"2025-01-10T15:46:30+00:00\",\"dateModified\":\"2025-01-10T15:46:59+00:00\",\"author\":{\"@id\":\"https:\\\/\\\/aconteceunovale.com.br\\\/portal\\\/#\\\/schema\\\/person\\\/7d2f26d1483f8a63de73da1ee0754d35\"},\"breadcrumb\":{\"@id\":\"https:\\\/\\\/aconteceunovale.com.br\\\/portal\\\/?p=194978#breadcrumb\"},\"inLanguage\":\"pt-BR\",\"potentialAction\":[{\"@type\":\"ReadAction\",\"target\":[\"https:\\\/\\\/aconteceunovale.com.br\\\/portal\\\/?p=194978\"]}]},{\"@type\":\"ImageObject\",\"inLanguage\":\"pt-BR\",\"@id\":\"https:\\\/\\\/aconteceunovale.com.br\\\/portal\\\/?p=194978#primaryimage\",\"url\":\"https:\\\/\\\/aconteceunovale.com.br\\\/portal\\\/wp-content\\\/uploads\\\/2025\\\/01\\\/acidente_curvelo.png\",\"contentUrl\":\"https:\\\/\\\/aconteceunovale.com.br\\\/portal\\\/wp-content\\\/uploads\\\/2025\\\/01\\\/acidente_curvelo.png\",\"width\":678,\"height\":445,\"caption\":\"Foto: Divulga\u00e7\u00e3o \\\/ Pol\u00edcia Militar Rodovi\u00e1ria\"},{\"@type\":\"BreadcrumbList\",\"@id\":\"https:\\\/\\\/aconteceunovale.com.br\\\/portal\\\/?p=194978#breadcrumb\",\"itemListElement\":[{\"@type\":\"ListItem\",\"position\":1,\"name\":\"In\u00edcio\",\"item\":\"https:\\\/\\\/aconteceunovale.com.br\\\/portal\\\/\"},{\"@type\":\"ListItem\",\"position\":2,\"name\":\"Acidente envolvendo tr\u00eas ve\u00edculos deixa quatro feridos em Curvelo\"}]},{\"@type\":\"WebSite\",\"@id\":\"https:\\\/\\\/aconteceunovale.com.br\\\/portal\\\/#website\",\"url\":\"https:\\\/\\\/aconteceunovale.com.br\\\/portal\\\/\",\"name\":\"Aconteceu no Vale\",\"description\":\"Portal de Not\u00edcias\",\"potentialAction\":[{\"@type\":\"SearchAction\",\"target\":{\"@type\":\"EntryPoint\",\"urlTemplate\":\"https:\\\/\\\/aconteceunovale.com.br\\\/portal\\\/?s={search_term_string}\"},\"query-input\":{\"@type\":\"PropertyValueSpecification\",\"valueRequired\":true,\"valueName\":\"search_term_string\"}}],\"inLanguage\":\"pt-BR\"},{\"@type\":\"Person\",\"@id\":\"https:\\\/\\\/aconteceunovale.com.br\\\/portal\\\/#\\\/schema\\\/person\\\/7d2f26d1483f8a63de73da1ee0754d35\",\"name\":\"Reda\u00e7\u00e3o Aconteceu no Vale\",\"description\":\"Equipe de reportagem do Aconteceu no Vale, portal de not\u00edcias do Vale do Jequitinhonha, em Minas Gerais. Cobrimos as 51 cidades do Vale desde 2013. Sugest\u00f5es de pauta e pedidos de corre\u00e7\u00e3o: contato@aconteceunovale.com.br\",\"url\":\"https:\\\/\\\/aconteceunovale.com.br\\\/portal\\\/?author=4\"}]}<\/script>\n<!-- \/ Yoast SEO plugin. -->","yoast_head_json":{"title":"Acidente envolvendo tr\u00eas ve\u00edculos deixa quatro feridos em Curvelo - Aconteceu no Vale","robots":{"index":"index","follow":"follow","max-snippet":"max-snippet:-1","max-image-preview":"max-image-preview:large","max-video-preview":"max-video-preview:-1"},"canonical":"https:\/\/aconteceunovale.com.br\/portal\/?p=194978","og_locale":"pt_BR","og_type":"article","og_title":"Acidente envolvendo tr\u00eas ve\u00edculos deixa quatro feridos em Curvelo - Aconteceu no Vale","og_description":"Quatro pessoas da mesma fam\u00edlia ficaram feridas em um acidente envolvendo tr\u00eas ve\u00edculos na BR-135, na altura do km 608, em Curvelo, nessa quinta-feira (9\/1\/2025). A colis\u00e3o ocorreu durante a tarde, em meio a uma forte chuva que dificultava as condi\u00e7\u00f5es de visibilidade e seguran\u00e7a na rodovia. De acordo com a Pol\u00edcia Militar Rodovi\u00e1ria, o [&hellip;]","og_url":"https:\/\/aconteceunovale.com.br\/portal\/?p=194978","og_site_name":"Aconteceu no Vale","article_publisher":"https:\/\/www.facebook.com\/aconteceunovale\/","article_published_time":"2025-01-10T15:46:30+00:00","article_modified_time":"2025-01-10T15:46:59+00:00","og_image":[{"width":678,"height":445,"url":"https:\/\/aconteceunovale.com.br\/portal\/wp-content\/uploads\/2025\/01\/acidente_curvelo.png","type":"image\/png"}],"author":"Reda\u00e7\u00e3o Aconteceu no Vale","twitter_card":"summary_large_image","twitter_creator":"@noticiadosvales","twitter_site":"@noticiadosvales","twitter_misc":{"Escrito por":"Reda\u00e7\u00e3o Aconteceu no Vale","Est. tempo de leitura":"1 minuto"},"schema":{"@context":"https:\/\/schema.org","@graph":[{"@type":"Article","@id":"https:\/\/aconteceunovale.com.br\/portal\/?p=194978#article","isPartOf":{"@id":"https:\/\/aconteceunovale.com.br\/portal\/?p=194978"},"author":{"name":"Reda\u00e7\u00e3o Aconteceu no Vale","@id":"https:\/\/aconteceunovale.com.br\/portal\/#\/schema\/person\/7d2f26d1483f8a63de73da1ee0754d35"},"headline":"Acidente envolvendo tr\u00eas ve\u00edculos deixa quatro feridos em Curvelo","datePublished":"2025-01-10T15:46:30+00:00","dateModified":"2025-01-10T15:46:59+00:00","mainEntityOfPage":{"@id":"https:\/\/aconteceunovale.com.br\/portal\/?p=194978"},"wordCount":264,"commentCount":0,"image":{"@id":"https:\/\/aconteceunovale.com.br\/portal\/?p=194978#primaryimage"},"thumbnailUrl":"https:\/\/aconteceunovale.com.br\/portal\/wp-content\/uploads\/2025\/01\/acidente_curvelo.png","keywords":["acidente em curvelo","Acidente envolvendo tr\u00eas ve\u00edculos deixa quatro feridos em Curvelo","Acidente na BR-135 em Curvelo","BR-135","Curvelo"],"articleSection":["Minas Gerais"],"inLanguage":"pt-BR","potentialAction":[{"@type":"CommentAction","name":"Comment","target":["https:\/\/aconteceunovale.com.br\/portal\/?p=194978#respond"]}]},{"@type":"WebPage","@id":"https:\/\/aconteceunovale.com.br\/portal\/?p=194978","url":"https:\/\/aconteceunovale.com.br\/portal\/?p=194978","name":"Acidente envolvendo tr\u00eas ve\u00edculos deixa quatro feridos em Curvelo - Aconteceu no Vale","isPartOf":{"@id":"https:\/\/aconteceunovale.com.br\/portal\/#website"},"primaryImageOfPage":{"@id":"https:\/\/aconteceunovale.com.br\/portal\/?p=194978#primaryimage"},"image":{"@id":"https:\/\/aconteceunovale.com.br\/portal\/?p=194978#primaryimage"},"thumbnailUrl":"https:\/\/aconteceunovale.com.br\/portal\/wp-content\/uploads\/2025\/01\/acidente_curvelo.png","datePublished":"2025-01-10T15:46:30+00:00","dateModified":"2025-01-10T15:46:59+00:00","author":{"@id":"https:\/\/aconteceunovale.com.br\/portal\/#\/schema\/person\/7d2f26d1483f8a63de73da1ee0754d35"},"breadcrumb":{"@id":"https:\/\/aconteceunovale.com.br\/portal\/?p=194978#breadcrumb"},"inLanguage":"pt-BR","potentialAction":[{"@type":"ReadAction","target":["https:\/\/aconteceunovale.com.br\/portal\/?p=194978"]}]},{"@type":"ImageObject","inLanguage":"pt-BR","@id":"https:\/\/aconteceunovale.com.br\/portal\/?p=194978#primaryimage","url":"https:\/\/aconteceunovale.com.br\/portal\/wp-content\/uploads\/2025\/01\/acidente_curvelo.png","contentUrl":"https:\/\/aconteceunovale.com.br\/portal\/wp-content\/uploads\/2025\/01\/acidente_curvelo.png","width":678,"height":445,"caption":"Foto: Divulga\u00e7\u00e3o \/ Pol\u00edcia Militar Rodovi\u00e1ria"},{"@type":"BreadcrumbList","@id":"https:\/\/aconteceunovale.com.br\/portal\/?p=194978#breadcrumb","itemListElement":[{"@type":"ListItem","position":1,"name":"In\u00edcio","item":"https:\/\/aconteceunovale.com.br\/portal\/"},{"@type":"ListItem","position":2,"name":"Acidente envolvendo tr\u00eas ve\u00edculos deixa quatro feridos em Curvelo"}]},{"@type":"WebSite","@id":"https:\/\/aconteceunovale.com.br\/portal\/#website","url":"https:\/\/aconteceunovale.com.br\/portal\/","name":"Aconteceu no Vale","description":"Portal de Not\u00edcias","potentialAction":[{"@type":"SearchAction","target":{"@type":"EntryPoint","urlTemplate":"https:\/\/aconteceunovale.com.br\/portal\/?s={search_term_string}"},"query-input":{"@type":"PropertyValueSpecification","valueRequired":true,"valueName":"search_term_string"}}],"inLanguage":"pt-BR"},{"@type":"Person","@id":"https:\/\/aconteceunovale.com.br\/portal\/#\/schema\/person\/7d2f26d1483f8a63de73da1ee0754d35","name":"Reda\u00e7\u00e3o Aconteceu no Vale","description":"Equipe de reportagem do Aconteceu no Vale, portal de not\u00edcias do Vale do Jequitinhonha, em Minas Gerais. Cobrimos as 51 cidades do Vale desde 2013. Sugest\u00f5es de pauta e pedidos de corre\u00e7\u00e3o: contato@aconteceunovale.com.br","url":"https:\/\/aconteceunovale.com.br\/portal\/?author=4"}]}},"_links":{"self":[{"href":"https:\/\/aconteceunovale.com.br\/portal\/index.php?rest_route=\/wp\/v2\/posts\/194978","targetHints":{"allow":["GET"]}}],"collection":[{"href":"https:\/\/aconteceunovale.com.br\/portal\/index.php?rest_route=\/wp\/v2\/posts"}],"about":[{"href":"https:\/\/aconteceunovale.com.br\/portal\/index.php?rest_route=\/wp\/v2\/types\/post"}],"author":[{"embeddable":true,"href":"https:\/\/aconteceunovale.com.br\/portal\/index.php?rest_route=\/wp\/v2\/users\/4"}],"replies":[{"embeddable":true,"href":"https:\/\/aconteceunovale.com.br\/portal\/index.php?rest_route=%2Fwp%2Fv2%2Fcomments&post=194978"}],"version-history":[{"count":1,"href":"https:\/\/aconteceunovale.com.br\/portal\/index.php?rest_route=\/wp\/v2\/posts\/194978\/revisions"}],"predecessor-version":[{"id":194980,"href":"https:\/\/aconteceunovale.com.br\/portal\/index.php?rest_route=\/wp\/v2\/posts\/194978\/revisions\/194980"}],"wp:featuredmedia":[{"embeddable":true,"href":"https:\/\/aconteceunovale.com.br\/portal\/index.php?rest_route=\/wp\/v2\/media\/194979"}],"wp:attachment":[{"href":"https:\/\/aconteceunovale.com.br\/portal\/index.php?rest_route=%2Fwp%2Fv2%2Fmedia&parent=194978"}],"wp:term":[{"taxonomy":"category","embeddable":true,"href":"https:\/\/aconteceunovale.com.br\/portal\/index.php?rest_route=%2Fwp%2Fv2%2Fcategories&post=194978"},{"taxonomy":"post_tag","embeddable":true,"href":"https:\/\/aconteceunovale.com.br\/portal\/index.php?rest_route=%2Fwp%2Fv2%2Ftags&post=194978"}],"curies":[{"name":"wp","href":"https:\/\/api.w.org\/{rel}","templated":true}]}}