{"id":194959,"date":"2025-01-10T11:15:39","date_gmt":"2025-01-10T14:15:39","guid":{"rendered":"https:\/\/aconteceunovale.com.br\/portal\/?p=194959"},"modified":"2025-01-10T11:16:27","modified_gmt":"2025-01-10T14:16:27","slug":"projetos-dos-vales-do-jequitinhonha-e-mucuri-podem-se-inscrever-ate-31-de-janeiro-no-premio-bdmg-de-empreendedorismo-social","status":"publish","type":"post","link":"https:\/\/aconteceunovale.com.br\/portal\/?p=194959","title":{"rendered":"Projetos dos vales do Jequitinhonha e Mucuri podem se inscrever at\u00e9 31 de janeiro no &#8220;Pr\u00eamio BDMG de Empreendedorismo Social&#8221;"},"content":{"rendered":"\n<p class=\"wp-block-paragraph\">O Banco de Desenvolvimento de Minas Gerais (BDMG) estendeu at\u00e9 31 de janeiro as inscri\u00e7\u00f5es para a primeira edi\u00e7\u00e3o do &#8220;Pr\u00eamio BDMG de Empreendedorismo Social&#8221;, que objetiva reconhecer projetos de&nbsp; empreendedorismo social realizados em cidades do Vale do Mucuri, do Vale do Jequitinhonha e demais regi\u00f5es do Estado. O novo prazo foi publicado no Di\u00e1rio Oficial &#8220;Minas Gerais&#8221; desta ter\u00e7a-feira (7\/1). O edital prev\u00ea a valoriza\u00e7\u00e3o de a\u00e7\u00f5es que promovem impacto social positivo para grupos e\/ou comunidades em situa\u00e7\u00e3o de vulnerabilidade social.<\/p>\n\n\n\n<p class=\"wp-block-paragraph\">Nesta primeira edi\u00e7\u00e3o ser\u00e3o selecionados dez projetos sociais que ir\u00e3o receber uma premia\u00e7\u00e3o no valor de R$ 14 mil cada, al\u00e9m de acessar capacita\u00e7\u00e3o em gest\u00e3o de organiza\u00e7\u00f5es sociais. A medida visa apoiar a estrutura\u00e7\u00e3o organizacional, a elabora\u00e7\u00e3o e a gest\u00e3o de projetos sociais, al\u00e9m de captar&nbsp; recursos, \u00e9tica e integridade, promovendo a sustentabilidade de suas atividades.&nbsp;O resultado final dos premiados est\u00e1 previsto para junho.<\/p>\n\n\n\n<p class=\"wp-block-paragraph\">&#8220;Nosso objetivo com esse pr\u00eamio \u00e9 reconhecer e apoiar as organiza\u00e7\u00f5es sociais que impactam a sociedade mineira. \u00c9 uma iniciativa alinhada com a miss\u00e3o, a vis\u00e3o e os valores que guiam a atua\u00e7\u00e3o do BDMG em Minas Gerais&#8221;, afirma o presidente do Banco, Gabriel Vi\u00e9gas Neto.<\/p>\n\n\n\n<p class=\"wp-block-paragraph\"><strong>Regras<\/strong><\/p>\n\n\n\n<p class=\"wp-block-paragraph\">Para contemplar a diversidade de Minas Gerais, ser\u00e1 premiado um projeto de cada uma das dez macrorregi\u00f5es do Estado. O pr\u00eamio \u00e9 destinado a pessoa jur\u00eddica sem finalidade lucrativa e que tenha executado iniciativa voltada ao desenvolvimento do empreendedorismo social com sede em Minas Gerais, al\u00e9m de receita anual em 2023 de at\u00e9 R$ 500 mil. \u00c9 necess\u00e1rio, ainda, estar com a documenta\u00e7\u00e3o regular.<\/p>\n\n\n\n<p class=\"wp-block-paragraph\">Para que o projeto possa concorrer \u00e0 premia\u00e7\u00e3o, tamb\u00e9m \u00e9 preciso que tenha resultados mensurados e comprovados entre 1\u00ba de julho de 2022 e 30 de junho de 2024, al\u00e9m de se enquadrar na tem\u00e1tica de empreendedorismo social, ou seja, projetos que buscam a autossustentabilidade de uma pessoa ou de um grupo social por meio de neg\u00f3cios locais, capacita\u00e7\u00f5es em educa\u00e7\u00e3o e gest\u00e3o financeira, incentivo ao empreendedorismo. Outro crit\u00e9rio \u00e9 ter como p\u00fablico-alvo mulheres e\/ou jovens entre 14 e 29 anos, sendo limitada a inscri\u00e7\u00e3o de um projeto por concorrente.<\/p>\n\n\n\n<p class=\"wp-block-paragraph\">Para o julgamento dos projetos, ser\u00e1 formada comiss\u00e3o de sele\u00e7\u00e3o composta por integrantes do BDMG e do&nbsp;Instituto de Cidadania dos Empregados do BDMG (Indec), que atua na frente social do Banco.<\/p>\n\n\n\n<p class=\"wp-block-paragraph\">Confira o cronograma atualizado e os detalhes completos do pr\u00eamio no edital que pode ser acessado em&nbsp;<a href=\"http:\/\/www.bdmg.mg.gov.br\/premioempreendedorismosocial\/\" target=\"_blank\" rel=\"noreferrer noopener\">www.bdmg.mg.gov.br\/premioempreendedorismosocial\/<\/a>.<\/p>\n","protected":false},"excerpt":{"rendered":"<p>O Banco de Desenvolvimento de Minas Gerais (BDMG) estendeu at\u00e9 31 de janeiro as inscri\u00e7\u00f5es para a primeira edi\u00e7\u00e3o do &#8220;Pr\u00eamio BDMG de Empreendedorismo Social&#8221;, que objetiva reconhecer projetos de&nbsp; empreendedorismo social realizados em cidades do Vale do Mucuri, do Vale do Jequitinhonha e demais regi\u00f5es do Estado. O novo prazo foi publicado no Di\u00e1rio [&hellip;]<\/p>\n","protected":false},"author":4,"featured_media":194960,"comment_status":"open","ping_status":"closed","sticky":false,"template":"","format":"standard","meta":{"amp_status":"","footnotes":""},"categories":[120,122],"tags":[2543,2544,269247,269246,269245],"class_list":["post-194959","post","type-post","status-publish","format-standard","has-post-thumbnail","hentry","category-jequi","category-mucuri","tag-banco-de-desenvolvimento-de-minas-gerais","tag-bdmg","tag-empreendedorismo-social","tag-premio-bdmg-de-empreendedorismo-social","tag-projetos-dos-vales-do-jequitinhonha-e-mucuri-podem-se-inscrever-ate-31-de-janeiro-no-premio-bdmg-de-empreendedorismo-social"],"yoast_head":"<!-- This site is optimized with the Yoast SEO plugin v28.3 - https:\/\/yoast.com\/product\/yoast-seo-wordpress\/ -->\n<title>Projetos dos vales do Jequitinhonha e Mucuri podem se inscrever at\u00e9 31 de janeiro no &quot;Pr\u00eamio BDMG de Empreendedorismo Social&quot; - Aconteceu no Vale<\/title>\n<meta name=\"robots\" content=\"index, follow, max-snippet:-1, max-image-preview:large, max-video-preview:-1\" \/>\n<link rel=\"canonical\" href=\"https:\/\/aconteceunovale.com.br\/portal\/?p=194959\" \/>\n<meta property=\"og:locale\" content=\"pt_BR\" \/>\n<meta property=\"og:type\" content=\"article\" \/>\n<meta property=\"og:title\" content=\"Projetos dos vales do Jequitinhonha e Mucuri podem se inscrever at\u00e9 31 de janeiro no &quot;Pr\u00eamio BDMG de Empreendedorismo Social&quot; - Aconteceu no Vale\" \/>\n<meta property=\"og:description\" content=\"O Banco de Desenvolvimento de Minas Gerais (BDMG) estendeu at\u00e9 31 de janeiro as inscri\u00e7\u00f5es para a primeira edi\u00e7\u00e3o do &#8220;Pr\u00eamio BDMG de Empreendedorismo Social&#8221;, que objetiva reconhecer projetos de&nbsp; empreendedorismo social realizados em cidades do Vale do Mucuri, do Vale do Jequitinhonha e demais regi\u00f5es do Estado. O novo prazo foi publicado no Di\u00e1rio [&hellip;]\" \/>\n<meta property=\"og:url\" content=\"https:\/\/aconteceunovale.com.br\/portal\/?p=194959\" \/>\n<meta property=\"og:site_name\" content=\"Aconteceu no Vale\" \/>\n<meta property=\"article:publisher\" content=\"https:\/\/www.facebook.com\/aconteceunovale\/\" \/>\n<meta property=\"article:published_time\" content=\"2025-01-10T14:15:39+00:00\" \/>\n<meta property=\"article:modified_time\" content=\"2025-01-10T14:16:27+00:00\" \/>\n<meta property=\"og:image\" content=\"https:\/\/aconteceunovale.com.br\/portal\/wp-content\/uploads\/2025\/01\/bdmg_social.png\" \/>\n\t<meta property=\"og:image:width\" content=\"678\" \/>\n\t<meta property=\"og:image:height\" content=\"331\" \/>\n\t<meta property=\"og:image:type\" content=\"image\/png\" \/>\n<meta name=\"author\" content=\"Reda\u00e7\u00e3o Aconteceu no Vale\" \/>\n<meta name=\"twitter:card\" content=\"summary_large_image\" \/>\n<meta name=\"twitter:creator\" content=\"@noticiadosvales\" \/>\n<meta name=\"twitter:site\" content=\"@noticiadosvales\" \/>\n<meta name=\"twitter:label1\" content=\"Escrito por\" \/>\n\t<meta name=\"twitter:data1\" content=\"Reda\u00e7\u00e3o Aconteceu no Vale\" \/>\n\t<meta name=\"twitter:label2\" content=\"Est. tempo de leitura\" \/>\n\t<meta name=\"twitter:data2\" content=\"2 minutos\" \/>\n<script type=\"application\/ld+json\" class=\"yoast-schema-graph\">{\"@context\":\"https:\\\/\\\/schema.org\",\"@graph\":[{\"@type\":\"Article\",\"@id\":\"https:\\\/\\\/aconteceunovale.com.br\\\/portal\\\/?p=194959#article\",\"isPartOf\":{\"@id\":\"https:\\\/\\\/aconteceunovale.com.br\\\/portal\\\/?p=194959\"},\"author\":{\"name\":\"Reda\u00e7\u00e3o Aconteceu no Vale\",\"@id\":\"https:\\\/\\\/aconteceunovale.com.br\\\/portal\\\/#\\\/schema\\\/person\\\/7d2f26d1483f8a63de73da1ee0754d35\"},\"headline\":\"Projetos dos vales do Jequitinhonha e Mucuri podem se inscrever at\u00e9 31 de janeiro no &#8220;Pr\u00eamio BDMG de Empreendedorismo Social&#8221;\",\"datePublished\":\"2025-01-10T14:15:39+00:00\",\"dateModified\":\"2025-01-10T14:16:27+00:00\",\"mainEntityOfPage\":{\"@id\":\"https:\\\/\\\/aconteceunovale.com.br\\\/portal\\\/?p=194959\"},\"wordCount\":460,\"commentCount\":0,\"image\":{\"@id\":\"https:\\\/\\\/aconteceunovale.com.br\\\/portal\\\/?p=194959#primaryimage\"},\"thumbnailUrl\":\"https:\\\/\\\/aconteceunovale.com.br\\\/portal\\\/wp-content\\\/uploads\\\/2025\\\/01\\\/bdmg_social.png\",\"keywords\":[\"Banco de Desenvolvimento de Minas Gerais\",\"BDMG\",\"Empreendedorismo Social\",\"Pr\u00eamio BDMG de Empreendedorismo Social\",\"Projetos dos vales do Jequitinhonha e Mucuri podem se inscrever at\u00e9 31 de janeiro no Pr\u00eamio BDMG de Empreendedorismo Social\"],\"articleSection\":[\"Vale do Jequitinhonha\",\"Vale do Mucuri\"],\"inLanguage\":\"pt-BR\",\"potentialAction\":[{\"@type\":\"CommentAction\",\"name\":\"Comment\",\"target\":[\"https:\\\/\\\/aconteceunovale.com.br\\\/portal\\\/?p=194959#respond\"]}]},{\"@type\":\"WebPage\",\"@id\":\"https:\\\/\\\/aconteceunovale.com.br\\\/portal\\\/?p=194959\",\"url\":\"https:\\\/\\\/aconteceunovale.com.br\\\/portal\\\/?p=194959\",\"name\":\"Projetos dos vales do Jequitinhonha e Mucuri podem se inscrever at\u00e9 31 de janeiro no \\\"Pr\u00eamio BDMG de Empreendedorismo Social\\\" - Aconteceu no Vale\",\"isPartOf\":{\"@id\":\"https:\\\/\\\/aconteceunovale.com.br\\\/portal\\\/#website\"},\"primaryImageOfPage\":{\"@id\":\"https:\\\/\\\/aconteceunovale.com.br\\\/portal\\\/?p=194959#primaryimage\"},\"image\":{\"@id\":\"https:\\\/\\\/aconteceunovale.com.br\\\/portal\\\/?p=194959#primaryimage\"},\"thumbnailUrl\":\"https:\\\/\\\/aconteceunovale.com.br\\\/portal\\\/wp-content\\\/uploads\\\/2025\\\/01\\\/bdmg_social.png\",\"datePublished\":\"2025-01-10T14:15:39+00:00\",\"dateModified\":\"2025-01-10T14:16:27+00:00\",\"author\":{\"@id\":\"https:\\\/\\\/aconteceunovale.com.br\\\/portal\\\/#\\\/schema\\\/person\\\/7d2f26d1483f8a63de73da1ee0754d35\"},\"breadcrumb\":{\"@id\":\"https:\\\/\\\/aconteceunovale.com.br\\\/portal\\\/?p=194959#breadcrumb\"},\"inLanguage\":\"pt-BR\",\"potentialAction\":[{\"@type\":\"ReadAction\",\"target\":[\"https:\\\/\\\/aconteceunovale.com.br\\\/portal\\\/?p=194959\"]}]},{\"@type\":\"ImageObject\",\"inLanguage\":\"pt-BR\",\"@id\":\"https:\\\/\\\/aconteceunovale.com.br\\\/portal\\\/?p=194959#primaryimage\",\"url\":\"https:\\\/\\\/aconteceunovale.com.br\\\/portal\\\/wp-content\\\/uploads\\\/2025\\\/01\\\/bdmg_social.png\",\"contentUrl\":\"https:\\\/\\\/aconteceunovale.com.br\\\/portal\\\/wp-content\\\/uploads\\\/2025\\\/01\\\/bdmg_social.png\",\"width\":678,\"height\":331},{\"@type\":\"BreadcrumbList\",\"@id\":\"https:\\\/\\\/aconteceunovale.com.br\\\/portal\\\/?p=194959#breadcrumb\",\"itemListElement\":[{\"@type\":\"ListItem\",\"position\":1,\"name\":\"In\u00edcio\",\"item\":\"https:\\\/\\\/aconteceunovale.com.br\\\/portal\\\/\"},{\"@type\":\"ListItem\",\"position\":2,\"name\":\"Projetos dos vales do Jequitinhonha e Mucuri podem se inscrever at\u00e9 31 de janeiro no &#8220;Pr\u00eamio BDMG de Empreendedorismo Social&#8221;\"}]},{\"@type\":\"WebSite\",\"@id\":\"https:\\\/\\\/aconteceunovale.com.br\\\/portal\\\/#website\",\"url\":\"https:\\\/\\\/aconteceunovale.com.br\\\/portal\\\/\",\"name\":\"Aconteceu no Vale\",\"description\":\"Portal de Not\u00edcias\",\"potentialAction\":[{\"@type\":\"SearchAction\",\"target\":{\"@type\":\"EntryPoint\",\"urlTemplate\":\"https:\\\/\\\/aconteceunovale.com.br\\\/portal\\\/?s={search_term_string}\"},\"query-input\":{\"@type\":\"PropertyValueSpecification\",\"valueRequired\":true,\"valueName\":\"search_term_string\"}}],\"inLanguage\":\"pt-BR\"},{\"@type\":\"Person\",\"@id\":\"https:\\\/\\\/aconteceunovale.com.br\\\/portal\\\/#\\\/schema\\\/person\\\/7d2f26d1483f8a63de73da1ee0754d35\",\"name\":\"Reda\u00e7\u00e3o Aconteceu no Vale\",\"description\":\"Equipe de reportagem do Aconteceu no Vale, portal de not\u00edcias do Vale do Jequitinhonha, em Minas Gerais. Cobrimos as 51 cidades do Vale desde 2013. Sugest\u00f5es de pauta e pedidos de corre\u00e7\u00e3o: contato@aconteceunovale.com.br\",\"url\":\"https:\\\/\\\/aconteceunovale.com.br\\\/portal\\\/?author=4\"}]}<\/script>\n<!-- \/ Yoast SEO plugin. -->","yoast_head_json":{"title":"Projetos dos vales do Jequitinhonha e Mucuri podem se inscrever at\u00e9 31 de janeiro no \"Pr\u00eamio BDMG de Empreendedorismo Social\" - Aconteceu no Vale","robots":{"index":"index","follow":"follow","max-snippet":"max-snippet:-1","max-image-preview":"max-image-preview:large","max-video-preview":"max-video-preview:-1"},"canonical":"https:\/\/aconteceunovale.com.br\/portal\/?p=194959","og_locale":"pt_BR","og_type":"article","og_title":"Projetos dos vales do Jequitinhonha e Mucuri podem se inscrever at\u00e9 31 de janeiro no \"Pr\u00eamio BDMG de Empreendedorismo Social\" - Aconteceu no Vale","og_description":"O Banco de Desenvolvimento de Minas Gerais (BDMG) estendeu at\u00e9 31 de janeiro as inscri\u00e7\u00f5es para a primeira edi\u00e7\u00e3o do &#8220;Pr\u00eamio BDMG de Empreendedorismo Social&#8221;, que objetiva reconhecer projetos de&nbsp; empreendedorismo social realizados em cidades do Vale do Mucuri, do Vale do Jequitinhonha e demais regi\u00f5es do Estado. O novo prazo foi publicado no Di\u00e1rio [&hellip;]","og_url":"https:\/\/aconteceunovale.com.br\/portal\/?p=194959","og_site_name":"Aconteceu no Vale","article_publisher":"https:\/\/www.facebook.com\/aconteceunovale\/","article_published_time":"2025-01-10T14:15:39+00:00","article_modified_time":"2025-01-10T14:16:27+00:00","og_image":[{"width":678,"height":331,"url":"https:\/\/aconteceunovale.com.br\/portal\/wp-content\/uploads\/2025\/01\/bdmg_social.png","type":"image\/png"}],"author":"Reda\u00e7\u00e3o Aconteceu no Vale","twitter_card":"summary_large_image","twitter_creator":"@noticiadosvales","twitter_site":"@noticiadosvales","twitter_misc":{"Escrito por":"Reda\u00e7\u00e3o Aconteceu no Vale","Est. tempo de leitura":"2 minutos"},"schema":{"@context":"https:\/\/schema.org","@graph":[{"@type":"Article","@id":"https:\/\/aconteceunovale.com.br\/portal\/?p=194959#article","isPartOf":{"@id":"https:\/\/aconteceunovale.com.br\/portal\/?p=194959"},"author":{"name":"Reda\u00e7\u00e3o Aconteceu no Vale","@id":"https:\/\/aconteceunovale.com.br\/portal\/#\/schema\/person\/7d2f26d1483f8a63de73da1ee0754d35"},"headline":"Projetos dos vales do Jequitinhonha e Mucuri podem se inscrever at\u00e9 31 de janeiro no &#8220;Pr\u00eamio BDMG de Empreendedorismo Social&#8221;","datePublished":"2025-01-10T14:15:39+00:00","dateModified":"2025-01-10T14:16:27+00:00","mainEntityOfPage":{"@id":"https:\/\/aconteceunovale.com.br\/portal\/?p=194959"},"wordCount":460,"commentCount":0,"image":{"@id":"https:\/\/aconteceunovale.com.br\/portal\/?p=194959#primaryimage"},"thumbnailUrl":"https:\/\/aconteceunovale.com.br\/portal\/wp-content\/uploads\/2025\/01\/bdmg_social.png","keywords":["Banco de Desenvolvimento de Minas Gerais","BDMG","Empreendedorismo Social","Pr\u00eamio BDMG de Empreendedorismo Social","Projetos dos vales do Jequitinhonha e Mucuri podem se inscrever at\u00e9 31 de janeiro no Pr\u00eamio BDMG de Empreendedorismo Social"],"articleSection":["Vale do Jequitinhonha","Vale do Mucuri"],"inLanguage":"pt-BR","potentialAction":[{"@type":"CommentAction","name":"Comment","target":["https:\/\/aconteceunovale.com.br\/portal\/?p=194959#respond"]}]},{"@type":"WebPage","@id":"https:\/\/aconteceunovale.com.br\/portal\/?p=194959","url":"https:\/\/aconteceunovale.com.br\/portal\/?p=194959","name":"Projetos dos vales do Jequitinhonha e Mucuri podem se inscrever at\u00e9 31 de janeiro no \"Pr\u00eamio BDMG de Empreendedorismo Social\" - Aconteceu no Vale","isPartOf":{"@id":"https:\/\/aconteceunovale.com.br\/portal\/#website"},"primaryImageOfPage":{"@id":"https:\/\/aconteceunovale.com.br\/portal\/?p=194959#primaryimage"},"image":{"@id":"https:\/\/aconteceunovale.com.br\/portal\/?p=194959#primaryimage"},"thumbnailUrl":"https:\/\/aconteceunovale.com.br\/portal\/wp-content\/uploads\/2025\/01\/bdmg_social.png","datePublished":"2025-01-10T14:15:39+00:00","dateModified":"2025-01-10T14:16:27+00:00","author":{"@id":"https:\/\/aconteceunovale.com.br\/portal\/#\/schema\/person\/7d2f26d1483f8a63de73da1ee0754d35"},"breadcrumb":{"@id":"https:\/\/aconteceunovale.com.br\/portal\/?p=194959#breadcrumb"},"inLanguage":"pt-BR","potentialAction":[{"@type":"ReadAction","target":["https:\/\/aconteceunovale.com.br\/portal\/?p=194959"]}]},{"@type":"ImageObject","inLanguage":"pt-BR","@id":"https:\/\/aconteceunovale.com.br\/portal\/?p=194959#primaryimage","url":"https:\/\/aconteceunovale.com.br\/portal\/wp-content\/uploads\/2025\/01\/bdmg_social.png","contentUrl":"https:\/\/aconteceunovale.com.br\/portal\/wp-content\/uploads\/2025\/01\/bdmg_social.png","width":678,"height":331},{"@type":"BreadcrumbList","@id":"https:\/\/aconteceunovale.com.br\/portal\/?p=194959#breadcrumb","itemListElement":[{"@type":"ListItem","position":1,"name":"In\u00edcio","item":"https:\/\/aconteceunovale.com.br\/portal\/"},{"@type":"ListItem","position":2,"name":"Projetos dos vales do Jequitinhonha e Mucuri podem se inscrever at\u00e9 31 de janeiro no &#8220;Pr\u00eamio BDMG de Empreendedorismo Social&#8221;"}]},{"@type":"WebSite","@id":"https:\/\/aconteceunovale.com.br\/portal\/#website","url":"https:\/\/aconteceunovale.com.br\/portal\/","name":"Aconteceu no Vale","description":"Portal de Not\u00edcias","potentialAction":[{"@type":"SearchAction","target":{"@type":"EntryPoint","urlTemplate":"https:\/\/aconteceunovale.com.br\/portal\/?s={search_term_string}"},"query-input":{"@type":"PropertyValueSpecification","valueRequired":true,"valueName":"search_term_string"}}],"inLanguage":"pt-BR"},{"@type":"Person","@id":"https:\/\/aconteceunovale.com.br\/portal\/#\/schema\/person\/7d2f26d1483f8a63de73da1ee0754d35","name":"Reda\u00e7\u00e3o Aconteceu no Vale","description":"Equipe de reportagem do Aconteceu no Vale, portal de not\u00edcias do Vale do Jequitinhonha, em Minas Gerais. Cobrimos as 51 cidades do Vale desde 2013. Sugest\u00f5es de pauta e pedidos de corre\u00e7\u00e3o: contato@aconteceunovale.com.br","url":"https:\/\/aconteceunovale.com.br\/portal\/?author=4"}]}},"_links":{"self":[{"href":"https:\/\/aconteceunovale.com.br\/portal\/index.php?rest_route=\/wp\/v2\/posts\/194959","targetHints":{"allow":["GET"]}}],"collection":[{"href":"https:\/\/aconteceunovale.com.br\/portal\/index.php?rest_route=\/wp\/v2\/posts"}],"about":[{"href":"https:\/\/aconteceunovale.com.br\/portal\/index.php?rest_route=\/wp\/v2\/types\/post"}],"author":[{"embeddable":true,"href":"https:\/\/aconteceunovale.com.br\/portal\/index.php?rest_route=\/wp\/v2\/users\/4"}],"replies":[{"embeddable":true,"href":"https:\/\/aconteceunovale.com.br\/portal\/index.php?rest_route=%2Fwp%2Fv2%2Fcomments&post=194959"}],"version-history":[{"count":1,"href":"https:\/\/aconteceunovale.com.br\/portal\/index.php?rest_route=\/wp\/v2\/posts\/194959\/revisions"}],"predecessor-version":[{"id":194961,"href":"https:\/\/aconteceunovale.com.br\/portal\/index.php?rest_route=\/wp\/v2\/posts\/194959\/revisions\/194961"}],"wp:featuredmedia":[{"embeddable":true,"href":"https:\/\/aconteceunovale.com.br\/portal\/index.php?rest_route=\/wp\/v2\/media\/194960"}],"wp:attachment":[{"href":"https:\/\/aconteceunovale.com.br\/portal\/index.php?rest_route=%2Fwp%2Fv2%2Fmedia&parent=194959"}],"wp:term":[{"taxonomy":"category","embeddable":true,"href":"https:\/\/aconteceunovale.com.br\/portal\/index.php?rest_route=%2Fwp%2Fv2%2Fcategories&post=194959"},{"taxonomy":"post_tag","embeddable":true,"href":"https:\/\/aconteceunovale.com.br\/portal\/index.php?rest_route=%2Fwp%2Fv2%2Ftags&post=194959"}],"curies":[{"name":"wp","href":"https:\/\/api.w.org\/{rel}","templated":true}]}}